{"id":32689,"date":"2014-09-30T00:00:24","date_gmt":"2014-09-30T06:00:24","guid":{"rendered":"http:\/\/www.eloriente.net\/home\/?p=32689"},"modified":"2014-09-29T12:31:09","modified_gmt":"2014-09-29T18:31:09","slug":"quien-dijo-estres-un-articulo-de-la-dra-hirery-dominguez","status":"publish","type":"post","link":"http:\/\/www.eloriente.net\/home\/2014\/09\/30\/quien-dijo-estres-un-articulo-de-la-dra-hirery-dominguez\/","title":{"rendered":"\u00bfQui\u00e9n dijo estr\u00e9s? un art\u00edculo de la Dra. Hirery Dom\u00ednguez"},"content":{"rendered":"<p>eloriente.net<\/p>\n<p>29\/septiembre\/2014<\/p>\n<p>Una de las problem\u00e1ticas m\u00e1s relevantes en la actualidad, es nada m\u00e1s y nada menos que el estr\u00e9s, pero \u00bfqu\u00e9 es? y \u00bfc\u00f3mo se come?<\/p>\n<p>Es importante mencionar que el estr\u00e9s, ya sea en los adultos o en los peque\u00f1os, es una serie de mecanismos corporales que se activan como respuesta a ciertas demandas del medio, ello es como una reacci\u00f3n de defensa. Nuestros antepasados lo utilizaban para reaccionar y atacar o huir en el caso que fuera, hoy en d\u00eda nosotros lo utilizamos para pensar y actuar m\u00e1s r\u00e1pidamente, quiz\u00e1s en situaciones laborales o del hogar.<\/p>\n<p>Como te dar\u00e1s cuenta, se trata de ese mont\u00f3n de sensaciones que te auxilia para \u201csalir airoso\u201d, si observas no es tan malo como muchas personas piensan, \u00bfy entonces cuando se vuelve \u201cmalo\u201d? Al ser un mecanismo que tensa los m\u00fasculos y acelera las pulsaciones as\u00ed como la respiraci\u00f3n, todo ello para reaccionar y responder mejor, si es mantenido durante mucho tiempo tiende a desgastar al organismo, y por ende este se debilita; recuerda que no somos m\u00e1quinas, los eruditos en la materia le han puesto para diferenciar a este tipo de estr\u00e9s sostenido el nombre de diestr\u00e9s, y sus s\u00edntomas son el cansancio cr\u00f3nico, el insomnio, el car\u00e1cter irritable, la falta de concentraci\u00f3n, la impulsividad al reaccionar, ansiedad, ira, frustraci\u00f3n, impaciencia, indecisi\u00f3n, pensamientos acelerados, nerviosismo, p\u00e9rdida del sentido del humor e incluso si es mantenido durante largos per\u00edodos puede ser un activador de la depresi\u00f3n, y esto por mencionar unos cuantos s\u00edntomas entre muchos otros, es preciso ver que todas estas reacciones fisiol\u00f3gicas, conductuales y hasta emocionales solo son en realidad consecuencias de mantener este mecanismo activo durante mucho tiempo.<\/p>\n<p>\u00bfQu\u00e9 hacer para controlar o disminuir el estr\u00e9s?<\/p>\n<ul>\n<li>Masticar chicle o comer dulces duros<\/li>\n<li>Respiraci\u00f3n diafragm\u00e1tica (eleva el busto al inhalar e infla el est\u00f3mago al exhalar)<\/li>\n<li>Re\u00edr constantemente (dedica 10 minutos del d\u00eda para ver videos chistosos o escuchar chistes)<\/li>\n<li>Comer Vegetales<\/li>\n<li>Escuchar m\u00fasica<\/li>\n<li>Aprender a controlar el cuerpo y relajarse mediante terapia, entre muchas otras t\u00e9cnicas.<\/li>\n<\/ul>\n<p>Ahora puedes ver que no es la situaci\u00f3n o las personas las que \u201cte estresan\u201d, eres t\u00fa quien se ha mantenido por mucho tiempo activado a modo de reacci\u00f3n, es tiempo de que quiz\u00e1s te detengas y observes tu entorno, pero sobre todo tu cuerpo, y preg\u00fantate \u00bfes necesario sentirme de esta forma todo el tiempo? \u00bfvale la pena? La respuesta est\u00e1 en ti, y eres t\u00fa quien decide hasta cuando seguir as\u00ed.<\/p>\n<p>Dra. Hirery Dom\u00ednguez Santos Lic. Psicolog\u00eda, Dra. En Hipnosis Terap\u00e9utica Avanzada y Terapeuta en EMDR<br \/>\nCitas al 87-5-50-26<br \/>\nhttps:\/\/www.facebook.com\/hipnosishirery<\/p>\n<p><a href=\"http:\/\/www.eloriente.net\/home\/wp-content\/uploads\/2014\/07\/Estr\u00e9s-Por-dandrez.jpg\"><img loading=\"lazy\" decoding=\"async\" class=\"alignnone size-medium wp-image-30086\" title=\"Estr\u00e9s-Por dandrez\" src=\"http:\/\/www.eloriente.net\/home\/wp-content\/uploads\/2014\/07\/Estr\u00e9s-Por-dandrez-300x216.jpg\" alt=\"\" width=\"300\" height=\"216\" srcset=\"http:\/\/www.eloriente.net\/home\/wp-content\/uploads\/2014\/07\/Estr\u00e9s-Por-dandrez-300x216.jpg 300w, http:\/\/www.eloriente.net\/home\/wp-content\/uploads\/2014\/07\/Estr\u00e9s-Por-dandrez.jpg 1024w\" sizes=\"(max-width: 300px) 100vw, 300px\" \/><\/a><\/p>\n<p>Foto: Archivo ELORIENTE.NET<\/p>\n<p><strong>Entradas relacionadas:<\/strong><\/p>\n<p><a title=\"Permalink to \u00bfPor qu\u00e9 me pongo triste si soy psic\u00f3loga? un art\u00edculo de la Dra. Hirery Dom\u00ednguez\" href=\"http:\/\/www.eloriente.net\/home\/2014\/09\/23\/que-por-que-me-pondo-triste-si-yo-soy-psicologa-un-articulo-de-la-dra-hirery-dominguez\/\" rel=\"bookmark\">\u00bfPor qu\u00e9 me pongo triste si soy psic\u00f3loga? un art\u00edculo de la Dra. Hirery Dom\u00ednguez<\/a><\/p>\n<p><a href=\"http:\/\/www.eloriente.net\/home\/2014\/09\/23\/que-por-que-me-pondo-triste-si-yo-soy-psicologa-un-articulo-de-la-dra-hirery-dominguez\/\" rel=\"bookmark\"><img decoding=\"async\" title=\"\u00bfPor qu\u00e9 me pongo triste si soy psic\u00f3loga? un art\u00edculo de la Dra. Hirery Dom\u00ednguez\" src=\"http:\/\/www.eloriente.net\/home\/wp-content\/themes\/city-desk\/timthumb.php?src=http%3A%2F%2Fwww.eloriente.net%2Fhome%2Fwp-content%2Fuploads%2F2014%2F08%2FFelicidad-SAM-Nasim.jpg&amp;q=90&amp;w=160&amp;h=106&amp;zc=1\" alt=\"\u00bfPor qu\u00e9 me pongo triste si soy psic\u00f3loga? un art\u00edculo de la Dra. Hirery Dom\u00ednguez\" \/><\/a><\/p>\n<p>eloriente.net 23\/septiembre\/2014 Sabes la \u00fanica diferencia entre t\u00fa y yo, es que yo tengo un peque\u00f1o mapa interno dise\u00f1ado de tal forma que me muestra el camino desde otra perspectiva, para salir de este gran laberinto llamado mente, yo al igual que t\u00fa tengo dificultades, con mi pareja, hijos, familia, trabajo, crisis existenciales, y un [&#8230;]<\/p>\n<p>September 23, 2014<\/p>\n<div id=\"post-32262\">\n<p><a title=\"Permalink to \u201cDuelo de un hijo no nacido\u201d, un art\u00edculo de Dra. Hirery Dom\u00ednguez\" href=\"http:\/\/www.eloriente.net\/home\/2014\/09\/16\/duelo-de-un-hijo-no-nacido\/\" rel=\"bookmark\">\u201cDuelo de un hijo no nacido\u201d, un art\u00edculo de Dra. Hirery Dom\u00ednguez<\/a><\/p>\n<p><a href=\"http:\/\/www.eloriente.net\/home\/2014\/09\/16\/duelo-de-un-hijo-no-nacido\/\" rel=\"bookmark\"><img decoding=\"async\" title=\"\u201cDuelo de un hijo no nacido\u201d, un art\u00edculo de Dra. Hirery Dom\u00ednguez\" src=\"http:\/\/www.eloriente.net\/home\/wp-content\/themes\/city-desk\/timthumb.php?src=http%3A%2F%2Fwww.eloriente.net%2Fhome%2Fwp-content%2Fuploads%2F2014%2F09%2FGrief-CGP-Grey.jpg&amp;q=90&amp;w=160&amp;h=106&amp;zc=1\" alt=\"\u201cDuelo de un hijo no nacido\u201d, un art\u00edculo de Dra. Hirery Dom\u00ednguez\" \/><\/a><\/p>\n<p>eloriente.net 16\/septiembre\/2014 \u201cQui\u00e9n mejor que aquel que ha sentido en carne propia una herida, puede curar tan suavemente la misma en otro\u201d (T.Jefferson) Es casi un tab\u00fa hablar de las perdidas gestacionales o perinatales, sin embargo todas las parejas o mujeres que asumen su maternidad en solitario, esperan con ilusi\u00f3n al que ya sienten, desde [&#8230;]<\/p>\n<p>September 16, 2014<\/p>\n<\/div>\n<div id=\"post-32016\">\n<p><a title=\"Permalink to \u00bfPor qu\u00e9 perdemos algunos recuerdos? #MartesdeSalud\" href=\"http:\/\/www.eloriente.net\/home\/2014\/09\/08\/por-que-perdemos-algunos-recuerdos\/\" rel=\"bookmark\">\u00bfPor qu\u00e9 perdemos algunos recuerdos? #MartesdeSalud<\/a><\/p>\n<p><a href=\"http:\/\/www.eloriente.net\/home\/2014\/09\/08\/por-que-perdemos-algunos-recuerdos\/\" rel=\"bookmark\"><img decoding=\"async\" title=\"\u00bfPor qu\u00e9 perdemos algunos recuerdos? #MartesdeSalud\" src=\"http:\/\/www.eloriente.net\/home\/wp-content\/themes\/city-desk\/timthumb.php?src=http%3A%2F%2Fwww.eloriente.net%2Fhome%2Fwp-content%2Fuploads%2F2014%2F09%2FCerebro-El-Coleccionista-de-Instantes.jpg&amp;q=90&amp;w=160&amp;h=106&amp;zc=1\" alt=\"\u00bfPor qu\u00e9 perdemos algunos recuerdos? #MartesdeSalud\" \/><\/a><\/p>\n<p>eloriente.net 9\/septiembre\/2014 Un nuevo estudio realizado en conjunto por un equipo internacional de investigadores de Canad\u00e1 y Jap\u00f3n, ha descubierto por qu\u00e9 algunos momentos del pasado son m\u00e1s dif\u00edciles de recordar. La respuesta es neurog\u00e9nesis, que es la creaci\u00f3n de nuevas neuronas. Este fen\u00f3meno ocurre en varias especies m\u00e1s aparte de los seres humanos. El [&#8230;]<\/p>\n<p>September 8, 2014<\/p>\n<\/div>\n\n\t\t\t  <div \n\t\t\t  \tclass = \"fb-comments\" \n\t\t\t  \tdata-href = \"http:\/\/www.eloriente.net\/home\/2014\/09\/30\/quien-dijo-estres-un-articulo-de-la-dra-hirery-dominguez\/\"\n\t\t\t  \tdata-numposts = \"10\"\n\t\t\t\tdata-colorscheme = \"dark\"\n\t\t\t\tdata-order-by = \"social\"\n\t\t\t\tdata-mobile=true>\n\t\t\t  <\/div>\n\t\t  <style>\n\t\t\t.fb_iframe_widget_fluid_desktop iframe {\n\t\t\t    width: 100% !important;\n\t\t\t}\n\t\t  <\/style>\n\t\t  ","protected":false},"excerpt":{"rendered":"<p>eloriente.net 29\/septiembre\/2014 Una de las problem\u00e1ticas m\u00e1s relevantes en la actualidad, es nada m\u00e1s y nada menos que el estr\u00e9s, pero \u00bfqu\u00e9 es? y \u00bfc\u00f3mo se come? Es importante mencionar que el estr\u00e9s, ya sea en los adultos o en los peque\u00f1os, es una serie de mecanismos corporales que se activan como respuesta a ciertas [&hellip;]<\/p>\n","protected":false},"author":1,"featured_media":30086,"comment_status":"open","ping_status":"open","sticky":false,"template":"","format":"standard","meta":{"_jetpack_memberships_contains_paid_content":false,"footnotes":""},"categories":[32,10,30],"tags":[2085,144],"class_list":["post-32689","post","type-post","status-publish","format-standard","has-post-thumbnail","hentry","category-entradas","category-lo-mas-reciente","category-salud","tag-estres","tag-salud-2"],"jetpack_featured_media_url":"http:\/\/www.eloriente.net\/home\/wp-content\/uploads\/2014\/07\/Estr\u00e9s-Por-dandrez.jpg","jetpack_sharing_enabled":true,"_links":{"self":[{"href":"http:\/\/www.eloriente.net\/home\/wp-json\/wp\/v2\/posts\/32689"}],"collection":[{"href":"http:\/\/www.eloriente.net\/home\/wp-json\/wp\/v2\/posts"}],"about":[{"href":"http:\/\/www.eloriente.net\/home\/wp-json\/wp\/v2\/types\/post"}],"author":[{"embeddable":true,"href":"http:\/\/www.eloriente.net\/home\/wp-json\/wp\/v2\/users\/1"}],"replies":[{"embeddable":true,"href":"http:\/\/www.eloriente.net\/home\/wp-json\/wp\/v2\/comments?post=32689"}],"version-history":[{"count":2,"href":"http:\/\/www.eloriente.net\/home\/wp-json\/wp\/v2\/posts\/32689\/revisions"}],"predecessor-version":[{"id":32691,"href":"http:\/\/www.eloriente.net\/home\/wp-json\/wp\/v2\/posts\/32689\/revisions\/32691"}],"wp:featuredmedia":[{"embeddable":true,"href":"http:\/\/www.eloriente.net\/home\/wp-json\/wp\/v2\/media\/30086"}],"wp:attachment":[{"href":"http:\/\/www.eloriente.net\/home\/wp-json\/wp\/v2\/media?parent=32689"}],"wp:term":[{"taxonomy":"category","embeddable":true,"href":"http:\/\/www.eloriente.net\/home\/wp-json\/wp\/v2\/categories?post=32689"},{"taxonomy":"post_tag","embeddable":true,"href":"http:\/\/www.eloriente.net\/home\/wp-json\/wp\/v2\/tags?post=32689"}],"curies":[{"name":"wp","href":"https:\/\/api.w.org\/{rel}","templated":true}]}}