{"id":32748,"date":"2014-10-01T09:27:59","date_gmt":"2014-10-01T15:27:59","guid":{"rendered":"http:\/\/www.eloriente.net\/home\/?p=32748"},"modified":"2014-10-01T09:27:59","modified_gmt":"2014-10-01T15:27:59","slug":"oaxaca-presente-en-el-encuentro-por-la-federacion-y-la-unidad","status":"publish","type":"post","link":"http:\/\/www.eloriente.net\/home\/2014\/10\/01\/oaxaca-presente-en-el-encuentro-por-la-federacion-y-la-unidad\/","title":{"rendered":"Oaxaca presente en el Encuentro por la Federaci\u00f3n y la Unidad"},"content":{"rendered":"<p>eloriente.net \/ <a href=\"http:\/\/www.tribunaloax.gob.mx\/\" target=\"_blank\">Tribunal Superior de Justicia<\/a><\/p>\n<p>1\/octubre\/2014<\/p>\n<ul>\n<li>El gobernador Gabino Cu\u00e9 y el magistrado Alfredo Lagunas Rivera asistieron a la inauguraci\u00f3n del \u201cSeminario: Encuentro por la Federaci\u00f3n y la Unidad Nacional\u201d<\/li>\n<\/ul>\n<p>Como un sano ejercicio de comunicaci\u00f3n y di\u00e1logo, el Senado de Rep\u00fablica inici\u00f3 este martes el \u201cSeminario: Encuentro por la Federaci\u00f3n y la Unidad Nacional\u201d, a cuya inauguraci\u00f3n asisti\u00f3 con la representaci\u00f3n de Oaxaca, el gobernador Gabino Cu\u00e9 Monteagudo, acompa\u00f1ado del titular del Poder Judicial del Estado, magistrado Alfredo Rodrigo Lagunas Rivera.<\/p>\n<p>En el evento, en el que se destac\u00f3 que M\u00e9xico es una rep\u00fablica formada por estados independientes unidos por la construcci\u00f3n de un destino com\u00fan, estuvieron presentes los tres poderes de la uni\u00f3n, gobernadores, secretarios de Estado, legisladores federales y locales, as\u00ed como representantes de la sociedad civil, entre otras personalidades.<\/p>\n<p>Luego de que en la ceremonia de inauguraci\u00f3n el secretario de Gobernaci\u00f3n, Miguel \u00c1ngel Osorio Chong, el presidente de la Suprema Corte de Justicia de la Naci\u00f3n, as\u00ed como el presidente de la Mesa Directiva del Senado, Miguel Barbosa Huerta, convocaran a la unidad nacional, los representantes de los poderes Ejecutivo y Judicial de Oaxaca refrendaron su compromiso con el federalismo, por encima de cualquier inter\u00e9s particular.<\/p>\n<p>Sobre el tema, el magistrado Lagunas Rivera puntualiz\u00f3 en que la divisi\u00f3n republicana de poderes es reflejo de nuestra pluralidad pol\u00edtica a trav\u00e9s de la cual se mantiene un equilibrio democr\u00e1tico en el territorio nacional. Asimismo, destac\u00f3 la relevancia de fortalecer el federalismo con la suma de esfuerzos en la tarea en com\u00fan, pero encontrando tambi\u00e9n el justo equilibrio en la distribuci\u00f3n de competencias.<\/p>\n<p>Durante el evento, efectuado en el patio del Senado de la Rep\u00fablica, el gobernador de Oaxaca y el titular del Poder Judicial del Estado, junto con el senador Benjam\u00edn Robles Montoya, atestiguaron la develaci\u00f3n de la placa Pacto por el Federalismo, flanqueada por los escudos de las entidades del pa\u00eds.<\/p>\n<p>El \u201cSeminario: Encuentro por la Federaci\u00f3n y la Unidad Nacional\u201d, organizado por la Mesa Directiva del Senado de la Rep\u00fablica con el fin de fortalecer al federalismo ante los desequilibrios del desarrollo econ\u00f3mico y social del pa\u00eds, concluir\u00e1 el pr\u00f3ximo 2 de octubre con la revisi\u00f3n de temas como Federalismo Fiscal y Hacendario, Cien a\u00f1os de municipalismo, \u00bfEst\u00e1 en crisis el municipio? y tendencias culturales y regionales, entre otros.<\/p>\n<p><a href=\"http:\/\/www.eloriente.net\/home\/wp-content\/uploads\/2014\/10\/El-gobernador-Gabino-Cu\u00e9-y-el-magistrado-Alfredo-Lagunas-previo-a-la-inauguraci\u00f3n-del-Seminario.jpg\"><img loading=\"lazy\" decoding=\"async\" class=\"alignnone size-medium wp-image-32749\" title=\"El gobernador Gabino Cu\u00e9 y el magistrado Alfredo Lagunas previo a la inauguraci\u00f3n del Seminario\" src=\"http:\/\/www.eloriente.net\/home\/wp-content\/uploads\/2014\/10\/El-gobernador-Gabino-Cu\u00e9-y-el-magistrado-Alfredo-Lagunas-previo-a-la-inauguraci\u00f3n-del-Seminario-300x208.jpg\" alt=\"\" width=\"300\" height=\"208\" srcset=\"http:\/\/www.eloriente.net\/home\/wp-content\/uploads\/2014\/10\/El-gobernador-Gabino-Cu\u00e9-y-el-magistrado-Alfredo-Lagunas-previo-a-la-inauguraci\u00f3n-del-Seminario-300x208.jpg 300w, http:\/\/www.eloriente.net\/home\/wp-content\/uploads\/2014\/10\/El-gobernador-Gabino-Cu\u00e9-y-el-magistrado-Alfredo-Lagunas-previo-a-la-inauguraci\u00f3n-del-Seminario-1024x710.jpg 1024w, http:\/\/www.eloriente.net\/home\/wp-content\/uploads\/2014\/10\/El-gobernador-Gabino-Cu\u00e9-y-el-magistrado-Alfredo-Lagunas-previo-a-la-inauguraci\u00f3n-del-Seminario.jpg 1098w\" sizes=\"(max-width: 300px) 100vw, 300px\" \/><\/a><\/p>\n<p>Foto: TSJ<\/p>\n<p><strong>Entradas relacionadas:<\/strong><\/p>\n<p><a title=\"Permalink to Juzgado Civil de Juchit\u00e1n reanuda servicios\" href=\"http:\/\/www.eloriente.net\/home\/2014\/09\/30\/juzgado-civil-de-juchitan-reanuda-servicios\/\" rel=\"bookmark\">Juzgado Civil de Juchit\u00e1n reanuda servicios<\/a><\/p>\n<p><a href=\"http:\/\/www.eloriente.net\/home\/2014\/09\/30\/juzgado-civil-de-juchitan-reanuda-servicios\/\" rel=\"bookmark\"><img decoding=\"async\" title=\"Juzgado Civil de Juchit\u00e1n reanuda servicios\" src=\"http:\/\/www.eloriente.net\/home\/wp-content\/themes\/city-desk\/timthumb.php?src=http%3A%2F%2Fwww.eloriente.net%2Fhome%2Fwp-content%2Fuploads%2F2014%2F05%2FSesi%C3%B3n-tribunal-Por-TSJ.jpg&amp;q=90&amp;w=160&amp;h=106&amp;zc=1\" alt=\"Juzgado Civil de Juchit\u00e1n reanuda servicios\" \/><\/a><\/p>\n<p>eloriente.net \/ Tribunal Superior de Justicia 30\/septiembre\/2014 Luego del incendio registrado en las oficinas, se habilitaron nuevas instalaciones para no retrasar m\u00e1s los asuntos ah\u00ed radicados, dijo el magistrado Alfredo Lagunas Rivera A partir de este martes 30 de septiembre el Juzgado Civil de Juchit\u00e1n reiniciar\u00e1 actividades en un nuevo domicilio habilitado para continuar con [&#8230;]<\/p>\n<p>September 30, 2014<\/p>\n<div id=\"post-32683\">\n<p><a title=\"Permalink to Modernizaci\u00f3n administrativa en el Poder Judicial del Estado\" href=\"http:\/\/www.eloriente.net\/home\/2014\/09\/29\/modernizacion-administrativa-en-el-poder-judicial-del-estado\/\" rel=\"bookmark\">Modernizaci\u00f3n administrativa en el Poder Judicial del Estado<\/a><\/p>\n<p><a href=\"http:\/\/www.eloriente.net\/home\/2014\/09\/29\/modernizacion-administrativa-en-el-poder-judicial-del-estado\/\" rel=\"bookmark\"><img decoding=\"async\" title=\"Modernizaci\u00f3n administrativa en el Poder Judicial del Estado\" src=\"http:\/\/www.eloriente.net\/home\/wp-content\/themes\/city-desk\/timthumb.php?src=http%3A%2F%2Fwww.eloriente.net%2Fhome%2Fwp-content%2Fuploads%2F2014%2F09%2FMagistrado-Alfredo-Rodrigo-Lagunas-Rivera6.jpg&amp;q=90&amp;w=160&amp;h=106&amp;zc=1\" alt=\"Modernizaci\u00f3n administrativa en el Poder Judicial del Estado\" \/><\/a><\/p>\n<p>eloriente.net \/ Tribunal Superior de Justicia 29\/septiembre\/2014 La implementaci\u00f3n de un proyecto de reingenier\u00eda administrativa ha contribuido a eficientar las actividades en el Fondo de Administraci\u00f3n de Justicia, afirm\u00f3 el magistrado Alfredo Lagunas La implementaci\u00f3n de un sistema integral de gesti\u00f3n administrativa computarizado, un nuevo dise\u00f1o de formatos de certificados de dep\u00f3sito y recibos oficiales [&#8230;]<\/p>\n<p>September 29, 2014<\/p>\n<\/div>\n<div id=\"post-32679\">\n<p><a title=\"Permalink to \u00bfNadie se acuerda de la consumaci\u00f3n de Independencia?\" href=\"http:\/\/www.eloriente.net\/home\/2014\/09\/29\/nadie-se-acuerda-de-la-consumacion-de-independencia\/\" rel=\"bookmark\">\u00bfNadie se acuerda de la consumaci\u00f3n de Independencia?<\/a><\/p>\n<p><a href=\"http:\/\/www.eloriente.net\/home\/2014\/09\/29\/nadie-se-acuerda-de-la-consumacion-de-independencia\/\" rel=\"bookmark\"><img decoding=\"async\" title=\"\u00bfNadie se acuerda de la consumaci\u00f3n de Independencia?\" src=\"http:\/\/www.eloriente.net\/home\/wp-content\/themes\/city-desk\/timthumb.php?src=http%3A%2F%2Fwww.eloriente.net%2Fhome%2Fwp-content%2Fuploads%2F2013%2F06%2FAlgunos-derechos-reservados-sergejf-angel-de-la-independencia.jpg&amp;q=90&amp;w=160&amp;h=106&amp;zc=1\" alt=\"\u00bfNadie se acuerda de la consumaci\u00f3n de Independencia?\" \/><\/a><\/p>\n<p>eloriente.net 29\/septiembre\/2014 Por\u00a0Adri\u00e1n Ortiz Romero Pregunta vigente: \u00bfSe recordar\u00e1 \u201cotro\u201d bicentenario? Pocos la ubican como una fecha memorable en la historia nacional. Pero hoy 27 de septiembre se cumplen 193 a\u00f1os del episodio que marc\u00f3 la consumaci\u00f3n de la Independencia de M\u00e9xico. En efecto, deber\u00eda suponerse que \u00e9ste fuera tambi\u00e9n un d\u00eda de fiesta nacional, [&#8230;]<\/p>\n<p>September 29, 2014<\/p>\n<\/div>\n\n\t\t\t  <div \n\t\t\t  \tclass = \"fb-comments\" \n\t\t\t  \tdata-href = \"http:\/\/www.eloriente.net\/home\/2014\/10\/01\/oaxaca-presente-en-el-encuentro-por-la-federacion-y-la-unidad\/\"\n\t\t\t  \tdata-numposts = \"10\"\n\t\t\t\tdata-colorscheme = \"dark\"\n\t\t\t\tdata-order-by = \"social\"\n\t\t\t\tdata-mobile=true>\n\t\t\t  <\/div>\n\t\t  <style>\n\t\t\t.fb_iframe_widget_fluid_desktop iframe {\n\t\t\t    width: 100% !important;\n\t\t\t}\n\t\t  <\/style>\n\t\t  ","protected":false},"excerpt":{"rendered":"<p>eloriente.net \/ Tribunal Superior de Justicia 1\/octubre\/2014 El gobernador Gabino Cu\u00e9 y el magistrado Alfredo Lagunas Rivera asistieron a la inauguraci\u00f3n del \u201cSeminario: Encuentro por la Federaci\u00f3n y la Unidad Nacional\u201d Como un sano ejercicio de comunicaci\u00f3n y di\u00e1logo, el Senado de Rep\u00fablica inici\u00f3 este martes el \u201cSeminario: Encuentro por la Federaci\u00f3n y la Unidad [&hellip;]<\/p>\n","protected":false},"author":1,"featured_media":32749,"comment_status":"open","ping_status":"open","sticky":false,"template":"","format":"standard","meta":{"_jetpack_memberships_contains_paid_content":false,"footnotes":""},"categories":[1588,91,32,10,464],"tags":[225],"class_list":["post-32748","post","type-post","status-publish","format-standard","has-post-thumbnail","hentry","category-comunicados-y-boletines","category-congreso-y-justicia","category-entradas","category-lo-mas-reciente","category-oaxaca-estados","tag-tsj"],"jetpack_featured_media_url":"http:\/\/www.eloriente.net\/home\/wp-content\/uploads\/2014\/10\/El-gobernador-Gabino-Cu\u00e9-y-el-magistrado-Alfredo-Lagunas-previo-a-la-inauguraci\u00f3n-del-Seminario.jpg","jetpack_sharing_enabled":true,"_links":{"self":[{"href":"http:\/\/www.eloriente.net\/home\/wp-json\/wp\/v2\/posts\/32748"}],"collection":[{"href":"http:\/\/www.eloriente.net\/home\/wp-json\/wp\/v2\/posts"}],"about":[{"href":"http:\/\/www.eloriente.net\/home\/wp-json\/wp\/v2\/types\/post"}],"author":[{"embeddable":true,"href":"http:\/\/www.eloriente.net\/home\/wp-json\/wp\/v2\/users\/1"}],"replies":[{"embeddable":true,"href":"http:\/\/www.eloriente.net\/home\/wp-json\/wp\/v2\/comments?post=32748"}],"version-history":[{"count":1,"href":"http:\/\/www.eloriente.net\/home\/wp-json\/wp\/v2\/posts\/32748\/revisions"}],"predecessor-version":[{"id":32750,"href":"http:\/\/www.eloriente.net\/home\/wp-json\/wp\/v2\/posts\/32748\/revisions\/32750"}],"wp:featuredmedia":[{"embeddable":true,"href":"http:\/\/www.eloriente.net\/home\/wp-json\/wp\/v2\/media\/32749"}],"wp:attachment":[{"href":"http:\/\/www.eloriente.net\/home\/wp-json\/wp\/v2\/media?parent=32748"}],"wp:term":[{"taxonomy":"category","embeddable":true,"href":"http:\/\/www.eloriente.net\/home\/wp-json\/wp\/v2\/categories?post=32748"},{"taxonomy":"post_tag","embeddable":true,"href":"http:\/\/www.eloriente.net\/home\/wp-json\/wp\/v2\/tags?post=32748"}],"curies":[{"name":"wp","href":"https:\/\/api.w.org\/{rel}","templated":true}]}}