{"id":32760,"date":"2014-10-01T11:37:49","date_gmt":"2014-10-01T17:37:49","guid":{"rendered":"http:\/\/www.eloriente.net\/home\/?p=32760"},"modified":"2014-10-05T23:13:55","modified_gmt":"2014-10-06T05:13:55","slug":"oaxaca-2006-vs-ayotzinapa-2014-quien-usa-a-quien","status":"publish","type":"post","link":"http:\/\/www.eloriente.net\/home\/2014\/10\/01\/oaxaca-2006-vs-ayotzinapa-2014-quien-usa-a-quien\/","title":{"rendered":"Oaxaca 2006 vs Ayotzinapa 2014: \u00bfqui\u00e9n usa a qui\u00e9n?"},"content":{"rendered":"<p>eloriente.net<\/p>\n<p>1\/octubre\/2014<\/p>\n<p style=\"text-align: right;\">Por\u00a0<a href=\"http:\/\/www.eloriente.net\/home\/category\/colaboradores\/adrian-ortiz-romero\/\" target=\"_blank\">Adri\u00e1n Ortiz Romero<\/a><\/p>\n<p>Magisterio, de manipulador ahora puede ser utilizado<\/p>\n<p>Los hechos del fin de semana en Iguala, Guerrero, deben llamar al magisterio de la Coordinadora Nacional de Trabajadores de la Educaci\u00f3n, a repensar, de forma seria, el papel que juegan en la gobernabilidad de los estados y del pa\u00eds, y de la forma en c\u00f3mo est\u00e1n pasando a ser de manipuladores a manipulados en su relaci\u00f3n \u2014coyuntural o deliberada\u2014 con fuerzas oscuras como la guerrilla o el crimen organizado. La proyecci\u00f3n que ejemplifica este tr\u00e1nsito aparece al confrontar el escenario de Oaxaca en el 2006 con el actual en el vecino estado de Guerrero.<\/p>\n<p>En efecto, los ataques armados que polic\u00edas municipales y presuntos pistoleros emprendieron la noche del viernes contra alumnos de la Escuela Normal Rural de Ayotzinapa dej\u00f3 cinco muertos, 25 heridos \u2014uno con muerte cerebral y otros cuatro de gravedad\u2014 y 25 desaparecidos. La agresi\u00f3n, que continu\u00f3 la madrugada del s\u00e1bado, fue pareja contra cualquiera que parec\u00eda estudiante, tanto que los pistoleros dispararon contra un autob\u00fas donde viajaban jugadores del equipo de futbol Los Avispones, de la tercera divisi\u00f3n profesional, sobre la carretera federal Iguala-Chilpancingo.<\/p>\n<p>Este ataque, directo y artero, parece tener varias finalidades. Una, encaminada claramente a enrarecer el ambiente pol\u00edtico que se vive en Guerrero, demostrando que poderes f\u00e1cticos como los grupos del crimen organizado tienen tanta presencia en el territorio de ese estado, que son capaces de manipular a fuerzas policiacas para que sean \u00e9stas quienes, desde las instituciones, ataquen a balazos a poblaci\u00f3n civil, que en proporci\u00f3n no estaba cometiendo conductas que requirieran ese nivel de fuerza y violencia con la que actuaron los polic\u00edas.<\/p>\n<p>No obstante, no se puede dejar de considerar el hecho de que una segunda finalidad, tambi\u00e9n muy clara, era la de no s\u00f3lo atentar contra poblaci\u00f3n civil, sino espec\u00edficamente ir a lastimar a un grupo pol\u00edtico \u2014el de los maestros de la CNTE, y sus hijos los normalistas, en un espacio neur\u00e1lgico para el radicalismo magisterial como lo ha sido hist\u00f3ricamente la Normal de Ayotzinapa\u2014 que en los \u00faltimos a\u00f1os ha sido de las m\u00e1s participativas en el activismo social en el sureste del pa\u00eds, y que lo mismo ha demostrado ser lo suficientemente radical como para actuar contra sus adversarios sin cuestionamientos ni l\u00edmites internos, y lo suficientemente disciplinado y contundente como para poner de cabeza a cualquier gobierno que intentara confrontarlo.<\/p>\n<p>Por eso, el ataque contra normalistas en Guerrero parece todo menos un acto fortuito. Se aprecia, en realidad, como una conjunci\u00f3n macabra en la que un grupo bien organizado decidi\u00f3 actuar para demostrar su nivel de penetraci\u00f3n en los tejidos institucionales de los municipios y el estado en aquella entidad, pero tambi\u00e9n para obligar a que el magisterio tome parte involuntaria de esa necesidad de convulsi\u00f3n, que evidentemente est\u00e1n buscando.<\/p>\n<p>Esto genera un escenario particularmente llamativo. Pues en otros momentos, como Oaxaca en el 2006, fueron los grupos radicales del magisterio quienes generaron las condiciones de crisis social, y luego para mantenerla le abrieron la puerta a otros grupos \u2014como el crimen organizado y c\u00e9lulas de la guerrilla\u2014 para que \u00e9stos se convirtieran en una especie de respaldo para sus acciones, a cambio de poder actuar libremente durante el tiempo que durara la crisis en ese escenario en el que antes hab\u00edan tenido presencia limitada.<\/p>\n<p>Oaxaca es muestra concreta de todo eso. Y por eso el escenario que se pinta hoy en Guerrero es exactamente el mismo que el de Oaxaca en aquellos a\u00f1os\u2026 pero al rev\u00e9s.<\/p>\n<p>LOS ANTECEDENTES<\/p>\n<p>No son raras las denuncias sobre la existencia de relaciones entre los conflictos sociales y la presencia de criminales o guerrilleros. Oaxaca se convirti\u00f3 en un polvor\u00edn en 2006 debido a la mala relaci\u00f3n que exist\u00eda entre el gobierno de Ulises Ruiz y la Secci\u00f3n 22 del SNTE. Cuando estall\u00f3 la revuelta popular, fue porque el magisterio recibi\u00f3 una especie de declaraci\u00f3n de guerra del gobierno, y decidi\u00f3 responder a los ataques. Los profesores iniciaron las acciones, pero pronto llegaron al l\u00edmite de su capacidad de actuaci\u00f3n, y entonces necesitaron a otros grupos con entrenamiento y experiencia de campo espec\u00edfica, que los respaldara.<\/p>\n<p>Pensemos, por ejemplo, si la existencia de barricadas o la defensa perfectamente sincronizada y eficaz de los espacios que ocupaba la Secci\u00f3n 22 o la APPO, fueron producto de la participaci\u00f3n y organizaci\u00f3n espont\u00e1nea del pueblo oaxaque\u00f1o. Evidentemente no. En el caso de las barricadas, existen versiones ampliamente documentadas de que las principales fueron controladas por el crimen organizado.<\/p>\n<p>Concretamente, son famosas las barricadas de Cinco Se\u00f1ores, y la de Brenamiel, por haber sido lugar de concentraci\u00f3n, no de ciudadanos que voluntariamente se adhirieron a la resistencia popular, sino de personas dedicadas a actividades il\u00edcitas que se dedicaron a reforzar esos espacios a cambio de que los grupos inconformes les extendieran las respectivas patentes de corso para llevar a cabo libremente sus acciones il\u00edcitas.<\/p>\n<p>En el segundo de los casos, queda claro que tampoco fue producto de la organizaci\u00f3n ingenua de ciudadanos que salieron a enfrentarse con las fuerzas de seguridad estatales y federales en diversos momentos de la revuelta popular. Como en el caso anterior, existen versiones ampliamente documentadas de que los participantes en esas acciones recibieron asesor\u00eda y refuerzos de grupos subversivos. Incluso, cuando en 2007 fueron aprehendidos y desaparecidos dos militantes del EPR, \u00e9ste grupo guerrillero acept\u00f3 abiertamente que tanto los desaparecidos, como muchos otros de sus integrantes, participaron en el conflicto de Oaxaca en su calidad de \u201cluchadores sociales\u201d.<\/p>\n<p>MANIPULADORES, MANIPULADOS<\/p>\n<p>En esos momentos, los profesores de la CNTE le abrieron la puerta \u2013qui\u00e9n sabe si voluntaria o accidentalmente- a grupos de otro tipo para que los reforzaran en su lucha. Pero, en el caso actual queda claro que es al rev\u00e9s: para poner en jaque al Estado (que en Guerrero est\u00e1 contaminado hasta el tu\u00e9tano por la corrupci\u00f3n y la colusi\u00f3n de criminales y funcionarios), grupos delincuenciales tomaron de la mano a polic\u00edas municipales para ir a patear un aut\u00e9ntico avispero con los normalistas de Ayotzinapa. Ahora falta ver si la CNTE entiende que los est\u00e1n usando como veh\u00edculo para otros fines, o si toma el garlito y los ayuda\u2026 \u00bfvoluntaria o involuntariamente?<\/p>\n<p><a href=\"http:\/\/www.eloriente.net\/home\/wp-content\/uploads\/2014\/06\/Desalojo-2006-Por-ulike66.jpg\"><img loading=\"lazy\" decoding=\"async\" class=\"alignnone size-medium wp-image-27881\" title=\"Desalojo 2006-Por ulike66\" src=\"http:\/\/www.eloriente.net\/home\/wp-content\/uploads\/2014\/06\/Desalojo-2006-Por-ulike66-300x199.jpg\" alt=\"\" width=\"300\" height=\"199\" srcset=\"http:\/\/www.eloriente.net\/home\/wp-content\/uploads\/2014\/06\/Desalojo-2006-Por-ulike66-300x199.jpg 300w, http:\/\/www.eloriente.net\/home\/wp-content\/uploads\/2014\/06\/Desalojo-2006-Por-ulike66.jpg 400w\" sizes=\"(max-width: 300px) 100vw, 300px\" \/><\/a><\/p>\n<p>Foto: Archivo ELORIENTE.NET<\/p>\n<p><strong>Entradas relacionadas:\u00a0<\/strong><\/p>\n<p><a title=\"Permalink to \u00bfNadie se acuerda de la consumaci\u00f3n de Independencia?\" href=\"http:\/\/www.eloriente.net\/home\/2014\/09\/29\/nadie-se-acuerda-de-la-consumacion-de-independencia\/\" rel=\"bookmark\">\u00bfNadie se acuerda de la consumaci\u00f3n de Independencia?<\/a><\/p>\n<p><a href=\"http:\/\/www.eloriente.net\/home\/2014\/09\/29\/nadie-se-acuerda-de-la-consumacion-de-independencia\/\" rel=\"bookmark\"><img decoding=\"async\" title=\"\u00bfNadie se acuerda de la consumaci\u00f3n de Independencia?\" src=\"http:\/\/www.eloriente.net\/home\/wp-content\/themes\/city-desk\/timthumb.php?src=http%3A%2F%2Fwww.eloriente.net%2Fhome%2Fwp-content%2Fuploads%2F2013%2F06%2FAlgunos-derechos-reservados-sergejf-angel-de-la-independencia.jpg&amp;q=90&amp;w=160&amp;h=106&amp;zc=1\" alt=\"\u00bfNadie se acuerda de la consumaci\u00f3n de Independencia?\" \/><\/a><\/p>\n<p>eloriente.net 29\/septiembre\/2014 Por\u00a0Adri\u00e1n Ortiz Romero Pregunta vigente: \u00bfSe recordar\u00e1 \u201cotro\u201d bicentenario? Pocos la ubican como una fecha memorable en la historia nacional. Pero hoy 27 de septiembre se cumplen 193 a\u00f1os del episodio que marc\u00f3 la consumaci\u00f3n de la Independencia de M\u00e9xico. En efecto, deber\u00eda suponerse que \u00e9ste fuera tambi\u00e9n un d\u00eda de fiesta nacional, [&#8230;]<\/p>\n<p>September 29, 2014<\/p>\n<div id=\"post-32630\">\n<p><a title=\"Permalink to La autoridad, perdida: \u00bfqu\u00e9 m\u00e1s ser\u00e1 tolerado?\" href=\"http:\/\/www.eloriente.net\/home\/2014\/09\/26\/la-autoridad-perdida-que-mas-sera-tolerado\/\" rel=\"bookmark\">La autoridad, perdida: \u00bfqu\u00e9 m\u00e1s ser\u00e1 tolerado?<\/a><\/p>\n<p><a href=\"http:\/\/www.eloriente.net\/home\/2014\/09\/26\/la-autoridad-perdida-que-mas-sera-tolerado\/\" rel=\"bookmark\"><img decoding=\"async\" title=\"La autoridad, perdida: \u00bfqu\u00e9 m\u00e1s ser\u00e1 tolerado?\" src=\"http:\/\/www.eloriente.net\/home\/wp-content\/themes\/city-desk\/timthumb.php?src=http%3A%2F%2Fwww.eloriente.net%2Fhome%2Fwp-content%2Fuploads%2F2014%2F04%2FMarcha-Contra-la-Reforma-Laboral-Por-Secci%C3%B3n-22.jpg&amp;q=90&amp;w=160&amp;h=106&amp;zc=1\" alt=\"La autoridad, perdida: \u00bfqu\u00e9 m\u00e1s ser\u00e1 tolerado?\" \/><\/a><\/p>\n<p>eloriente.net 26\/septiembre\/2014 Por Adri\u00e1n Ortiz Romero Escalada de violencia; Oaxaca, un bot\u00f3n negro En otros estados del pa\u00eds se habla con preocupaci\u00f3n de la incontenible violencia derivada de la criminalidad. Se dice que en casos como el de Michoac\u00e1n, Nuevo Le\u00f3n o Tamaulipas hay situaciones claras de Estado fallido a partir de que el gobierno [&#8230;]<\/p>\n<p>September 26, 2014<\/p>\n<\/div>\n<div id=\"post-32471\">\n<p><a title=\"Permalink to Conago: si dan la espalda a Oaxaca, pierden todos\" href=\"http:\/\/www.eloriente.net\/home\/2014\/09\/22\/conago-si-dan-la-espalda-a-oaxaca-pierden-todos\/\" rel=\"bookmark\">Conago: si dan la espalda a Oaxaca, pierden todos<\/a><\/p>\n<p><a href=\"http:\/\/www.eloriente.net\/home\/2014\/09\/22\/conago-si-dan-la-espalda-a-oaxaca-pierden-todos\/\" rel=\"bookmark\"><img decoding=\"async\" title=\"Conago: si dan la espalda a Oaxaca, pierden todos\" src=\"http:\/\/www.eloriente.net\/home\/wp-content\/themes\/city-desk\/timthumb.php?src=http%3A%2F%2Fwww.eloriente.net%2Fhome%2Fwp-content%2Fuploads%2F2014%2F05%2FConago-Judicial-Por-TSJ.jpg&amp;q=90&amp;w=160&amp;h=106&amp;zc=1\" alt=\"Conago: si dan la espalda a Oaxaca, pierden todos\" \/><\/a><\/p>\n<p>eloriente.net 22\/septiembre\/2014 Gobierno d\u00e9bil, s\u00ed\u2026 y eso puede pasar a cualquiera Por\u00a0Adri\u00e1n Ortiz Romero La Conferencia Nacional de Gobernadores (Conago) estar\u00eda jugando con fuego si lo que pretende es impedir que el gobernador Gabino Cu\u00e9 asuma la presidencia de ese organismo. Las razones que hasta ahora se han filtrado a la prensa de la capital [&#8230;]<\/p>\n<p>September 22, 2014<\/p>\n<\/div>\n\n\t\t\t  <div \n\t\t\t  \tclass = \"fb-comments\" \n\t\t\t  \tdata-href = \"http:\/\/www.eloriente.net\/home\/2014\/10\/01\/oaxaca-2006-vs-ayotzinapa-2014-quien-usa-a-quien\/\"\n\t\t\t  \tdata-numposts = \"10\"\n\t\t\t\tdata-colorscheme = \"dark\"\n\t\t\t\tdata-order-by = \"social\"\n\t\t\t\tdata-mobile=true>\n\t\t\t  <\/div>\n\t\t  <style>\n\t\t\t.fb_iframe_widget_fluid_desktop iframe {\n\t\t\t    width: 100% !important;\n\t\t\t}\n\t\t  <\/style>\n\t\t  ","protected":false},"excerpt":{"rendered":"<p>eloriente.net 1\/octubre\/2014 Por\u00a0Adri\u00e1n Ortiz Romero Magisterio, de manipulador ahora puede ser utilizado Los hechos del fin de semana en Iguala, Guerrero, deben llamar al magisterio de la Coordinadora Nacional de Trabajadores de la Educaci\u00f3n, a repensar, de forma seria, el papel que juegan en la gobernabilidad de los estados y del pa\u00eds, y de la [&hellip;]<\/p>\n","protected":false},"author":2,"featured_media":27881,"comment_status":"open","ping_status":"open","sticky":false,"template":"","format":"standard","meta":{"_jetpack_memberships_contains_paid_content":false,"footnotes":""},"categories":[38,11,32,10,21],"tags":[427],"class_list":["post-32760","post","type-post","status-publish","format-standard","has-post-thumbnail","hentry","category-adrian-ortiz-romero","category-colaboradores","category-entradas","category-lo-mas-reciente","category-politica-y-gobierno","tag-magisterio"],"jetpack_featured_media_url":"http:\/\/www.eloriente.net\/home\/wp-content\/uploads\/2014\/06\/Desalojo-2006-Por-ulike66.jpg","jetpack_sharing_enabled":true,"_links":{"self":[{"href":"http:\/\/www.eloriente.net\/home\/wp-json\/wp\/v2\/posts\/32760"}],"collection":[{"href":"http:\/\/www.eloriente.net\/home\/wp-json\/wp\/v2\/posts"}],"about":[{"href":"http:\/\/www.eloriente.net\/home\/wp-json\/wp\/v2\/types\/post"}],"author":[{"embeddable":true,"href":"http:\/\/www.eloriente.net\/home\/wp-json\/wp\/v2\/users\/2"}],"replies":[{"embeddable":true,"href":"http:\/\/www.eloriente.net\/home\/wp-json\/wp\/v2\/comments?post=32760"}],"version-history":[{"count":6,"href":"http:\/\/www.eloriente.net\/home\/wp-json\/wp\/v2\/posts\/32760\/revisions"}],"predecessor-version":[{"id":32772,"href":"http:\/\/www.eloriente.net\/home\/wp-json\/wp\/v2\/posts\/32760\/revisions\/32772"}],"wp:featuredmedia":[{"embeddable":true,"href":"http:\/\/www.eloriente.net\/home\/wp-json\/wp\/v2\/media\/27881"}],"wp:attachment":[{"href":"http:\/\/www.eloriente.net\/home\/wp-json\/wp\/v2\/media?parent=32760"}],"wp:term":[{"taxonomy":"category","embeddable":true,"href":"http:\/\/www.eloriente.net\/home\/wp-json\/wp\/v2\/categories?post=32760"},{"taxonomy":"post_tag","embeddable":true,"href":"http:\/\/www.eloriente.net\/home\/wp-json\/wp\/v2\/tags?post=32760"}],"curies":[{"name":"wp","href":"https:\/\/api.w.org\/{rel}","templated":true}]}}