{"id":32773,"date":"2014-10-01T13:46:48","date_gmt":"2014-10-01T19:46:48","guid":{"rendered":"http:\/\/www.eloriente.net\/home\/?p=32773"},"modified":"2014-10-03T17:52:57","modified_gmt":"2014-10-03T23:52:57","slug":"arete-digital-publica-su-reporte-mensual-sobre-gestion-cultural-octubre-2014","status":"publish","type":"post","link":"http:\/\/www.eloriente.net\/home\/2014\/10\/01\/arete-digital-publica-su-reporte-mensual-sobre-gestion-cultural-octubre-2014\/","title":{"rendered":"Aret\u00e9 Digital publica su reporte mensual sobre gesti\u00f3n cultural, octubre 2014"},"content":{"rendered":"<p>eloriente.net<\/p>\n<p>1\/octubre\/2014<\/p>\n<p>La Asociaci\u00f3n Espa\u00f1ola de Gestores de Patrimonio Cultural (AEGPC) public\u00f3 hoy su reporte mensual sobre gesti\u00f3n cultural, Aret\u00e9 Digital,\u00a0octubre 2014, en el cual muestra una s\u00edntesis sobre las actividades, convocatorias, cursos, jornadas, congresos, seminarios y noticias de la instituci\u00f3n, en las que se destaca un espacio para Renovaci\u00f3n, Innovaci\u00f3n y Cambio: El Patrimonio y la Sociedad Europea.<\/p>\n<p>Asimismo, presenta informaci\u00f3n sobre m\u00faltiples eventos culturales en Europa, oportunidades de becas para posgrado en otros pa\u00edses, entre varios temas m\u00e1s.<\/p>\n<p>ELORIENTE.NET pone a tu disposici\u00f3n el documento completo para su consulta:<\/p>\n<p><iframe loading=\"lazy\" src=\"\/\/e.issuu.com\/embed.html#5422719\/9552481\" frameborder=\"0\" width=\"525\" height=\"371\"><\/iframe><\/p>\n<p><a href=\"http:\/\/www.eloriente.net\/home\/wp-content\/uploads\/2014\/10\/Cultura.jpg\"><img loading=\"lazy\" decoding=\"async\" class=\"alignnone size-medium wp-image-32774\" title=\"Cultura\" src=\"http:\/\/www.eloriente.net\/home\/wp-content\/uploads\/2014\/10\/Cultura-300x225.jpg\" alt=\"\" width=\"300\" height=\"225\" srcset=\"http:\/\/www.eloriente.net\/home\/wp-content\/uploads\/2014\/10\/Cultura-300x225.jpg 300w, http:\/\/www.eloriente.net\/home\/wp-content\/uploads\/2014\/10\/Cultura.jpg 1024w\" sizes=\"(max-width: 300px) 100vw, 300px\" \/><\/a><\/p>\n<p>Foto:\u00a0<a title=\"Ir a la galer\u00eda de Gaudencio Garcinu\u00f1o\" href=\"https:\/\/www.flickr.com\/photos\/31112252@N00\/\" data-track=\"attributionNameClick\" data-rapid_p=\"22\">Gaudencio Garcinu\u00f1o<\/a>\u00a0&#8211;\u00a0<a href=\"https:\/\/creativecommons.org\/licenses\/by-sa\/2.0\/\">Algunos derechos reservados<\/a><\/p>\n<p><strong>Entradas relacionadas:<\/strong><\/p>\n<p><a title=\"Permalink to Aret\u00e9 Digital publica su reporte mensual sobre gesti\u00f3n cultural, septiembre 2014\" href=\"http:\/\/www.eloriente.net\/home\/2014\/09\/02\/arete-digital-publica-su-reporte-mensual-sobre-gestion-cultural-septiembre-2014\/\" rel=\"bookmark\">Aret\u00e9 Digital publica su reporte mensual sobre gesti\u00f3n cultural, septiembre 2014<\/a><\/p>\n<p><a href=\"http:\/\/www.eloriente.net\/home\/2014\/09\/02\/arete-digital-publica-su-reporte-mensual-sobre-gestion-cultural-septiembre-2014\/\" rel=\"bookmark\"><img decoding=\"async\" title=\"Aret\u00e9 Digital publica su reporte mensual sobre gesti\u00f3n cultural, septiembre 2014\" src=\"http:\/\/www.eloriente.net\/home\/wp-content\/themes\/city-desk\/timthumb.php?src=http%3A%2F%2Fwww.eloriente.net%2Fhome%2Fwp-content%2Fuploads%2F2014%2F09%2FAret%C3%A9-Ismael-Valladolid-Torres.jpg&amp;q=90&amp;w=160&amp;h=106&amp;zc=1\" alt=\"Aret\u00e9 Digital publica su reporte mensual sobre gesti\u00f3n cultural, septiembre 2014\" \/><\/a><\/p>\n<p>eloriente.net 2\/septiembre\/2014 La Asociaci\u00f3n Espa\u00f1ola de Gestores de Patrimonio Cultural (AEGPC) public\u00f3 hoy su reporte mensual sobre gesti\u00f3n cultural, Aret\u00e9 Digital,\u00a0julio 2014, en el cual muestra una s\u00edntesis sobre las actividades, convocatorias, cursos, jornadas, congresos, seminarios y noticias de la instituci\u00f3n, en las que se destaca la Convocatoria al Premio Uni\u00f3n Europea de Patrimonio Cultural [&#8230;]<\/p>\n<p>September 2, 2014<\/p>\n<div id=\"post-28958\">\n<p><a title=\"Permalink to Rinden homenaje \u201cA fondo\u201d al artista Ludwig Zeller\" href=\"http:\/\/www.eloriente.net\/home\/2014\/07\/04\/rinden-homenaje-a-fondo-al-artista-ludwig-zeller\/\" rel=\"bookmark\">Rinden homenaje \u201cA fondo\u201d al artista Ludwig Zeller<\/a><\/p>\n<p><a href=\"http:\/\/www.eloriente.net\/home\/2014\/07\/04\/rinden-homenaje-a-fondo-al-artista-ludwig-zeller\/\" rel=\"bookmark\"><img decoding=\"async\" title=\"Rinden homenaje \u201cA fondo\u201d al artista Ludwig Zeller\" src=\"http:\/\/www.eloriente.net\/home\/wp-content\/themes\/city-desk\/timthumb.php?src=http%3A%2F%2Fwww.eloriente.net%2Fhome%2Fwp-content%2Fuploads%2F2014%2F07%2FLudwig-Zeller-Por-Memoria-Chilena.jpg&amp;q=90&amp;w=160&amp;h=106&amp;zc=1\" alt=\"Rinden homenaje \u201cA fondo\u201d al artista Ludwig Zeller\" \/><\/a><\/p>\n<p>eloriente.net 4\/julio\/2014 Como parte de los festejos del 80 aniversario del Fondo de Cultura Econ\u00f3mica (FCE), ayer por la noche se inaugur\u00f3 la exposici\u00f3n \u201cLudwig Zeller, Homenaje A Fondo\u201d en\u00a0la Galer\u00eda Luis Cardoza y Arag\u00f3n del Centro Cultural Bella \u00c9poca en el Distrito Federal, en reconocimiento a la destacada trayectoria del artista y poeta chileno [&#8230;]<\/p>\n<p>July 4, 2014<\/p>\n<\/div>\n<div id=\"post-28812\">\n<p><a title=\"Permalink to Aret\u00e9 Digital publica su reporte mensual sobre gesti\u00f3n cultural, julio 2014\" href=\"http:\/\/www.eloriente.net\/home\/2014\/07\/02\/arete-digital-publica-su-reporte-mensual-sobre-gestion-cultural-julio-2014\/\" rel=\"bookmark\">Aret\u00e9 Digital publica su reporte mensual sobre gesti\u00f3n cultural, julio 2014<\/a><\/p>\n<p><a href=\"http:\/\/www.eloriente.net\/home\/2014\/07\/02\/arete-digital-publica-su-reporte-mensual-sobre-gestion-cultural-julio-2014\/\" rel=\"bookmark\"><img decoding=\"async\" title=\"Aret\u00e9 Digital publica su reporte mensual sobre gesti\u00f3n cultural, julio 2014\" src=\"http:\/\/www.eloriente.net\/home\/wp-content\/themes\/city-desk\/timthumb.php?src=http%3A%2F%2Fwww.eloriente.net%2Fhome%2Fwp-content%2Fuploads%2F2014%2F04%2FLas-10-m%C3%A1s-vistas-Por-r2hox.jpg&amp;q=90&amp;w=160&amp;h=106&amp;zc=1\" alt=\"Aret\u00e9 Digital publica su reporte mensual sobre gesti\u00f3n cultural, julio 2014\" \/><\/a><\/p>\n<p>eloriente.net 2\/julio\/2014 La Asociaci\u00f3n Espa\u00f1ola de Gestores de Patrimonio Cultural (AEGPC) public\u00f3 hoy su reporte mensual sobre gesti\u00f3n cultural, Aret\u00e9 Digital,\u00a0julio 2014, en el cual muestra una s\u00edntesis sobre las actividades, convocatorias, cursos, jornadas, congresos, seminarios y noticias de la instituci\u00f3n, en las que se destacan Becas Federaci\u00f3n Estatal de Asociaciones de Gestores Culturales; Festival [&#8230;]<\/p>\n<p>July 2, 2014<\/p>\n<\/div>\n\n\t\t\t  <div \n\t\t\t  \tclass = \"fb-comments\" \n\t\t\t  \tdata-href = \"http:\/\/www.eloriente.net\/home\/2014\/10\/01\/arete-digital-publica-su-reporte-mensual-sobre-gestion-cultural-octubre-2014\/\"\n\t\t\t  \tdata-numposts = \"10\"\n\t\t\t\tdata-colorscheme = \"dark\"\n\t\t\t\tdata-order-by = \"social\"\n\t\t\t\tdata-mobile=true>\n\t\t\t  <\/div>\n\t\t  <style>\n\t\t\t.fb_iframe_widget_fluid_desktop iframe {\n\t\t\t    width: 100% !important;\n\t\t\t}\n\t\t  <\/style>\n\t\t  ","protected":false},"excerpt":{"rendered":"<p>eloriente.net 1\/octubre\/2014 La Asociaci\u00f3n Espa\u00f1ola de Gestores de Patrimonio Cultural (AEGPC) public\u00f3 hoy su reporte mensual sobre gesti\u00f3n cultural, Aret\u00e9 Digital,\u00a0octubre 2014, en el cual muestra una s\u00edntesis sobre las actividades, convocatorias, cursos, jornadas, congresos, seminarios y noticias de la instituci\u00f3n, en las que se destaca un espacio para Renovaci\u00f3n, Innovaci\u00f3n y Cambio: El Patrimonio [&hellip;]<\/p>\n","protected":false},"author":1,"featured_media":32774,"comment_status":"open","ping_status":"open","sticky":false,"template":"","format":"standard","meta":{"_jetpack_memberships_contains_paid_content":false,"footnotes":""},"categories":[49,18,32,10,24],"tags":[2559,110,1526],"class_list":{"0":"post-32773","1":"post","2":"type-post","3":"status-publish","4":"format-standard","5":"has-post-thumbnail","6":"hentry","7":"category-destacadas","8":"category-educacion-y-cultura","9":"category-entradas","10":"category-lo-mas-reciente","11":"category-mexico-y-el-mundo","12":"tag-arete-digital","14":"tag-gestion-cultural"},"jetpack_featured_media_url":"http:\/\/www.eloriente.net\/home\/wp-content\/uploads\/2014\/10\/Cultura.jpg","jetpack_sharing_enabled":true,"_links":{"self":[{"href":"http:\/\/www.eloriente.net\/home\/wp-json\/wp\/v2\/posts\/32773"}],"collection":[{"href":"http:\/\/www.eloriente.net\/home\/wp-json\/wp\/v2\/posts"}],"about":[{"href":"http:\/\/www.eloriente.net\/home\/wp-json\/wp\/v2\/types\/post"}],"author":[{"embeddable":true,"href":"http:\/\/www.eloriente.net\/home\/wp-json\/wp\/v2\/users\/1"}],"replies":[{"embeddable":true,"href":"http:\/\/www.eloriente.net\/home\/wp-json\/wp\/v2\/comments?post=32773"}],"version-history":[{"count":3,"href":"http:\/\/www.eloriente.net\/home\/wp-json\/wp\/v2\/posts\/32773\/revisions"}],"predecessor-version":[{"id":32776,"href":"http:\/\/www.eloriente.net\/home\/wp-json\/wp\/v2\/posts\/32773\/revisions\/32776"}],"wp:featuredmedia":[{"embeddable":true,"href":"http:\/\/www.eloriente.net\/home\/wp-json\/wp\/v2\/media\/32774"}],"wp:attachment":[{"href":"http:\/\/www.eloriente.net\/home\/wp-json\/wp\/v2\/media?parent=32773"}],"wp:term":[{"taxonomy":"category","embeddable":true,"href":"http:\/\/www.eloriente.net\/home\/wp-json\/wp\/v2\/categories?post=32773"},{"taxonomy":"post_tag","embeddable":true,"href":"http:\/\/www.eloriente.net\/home\/wp-json\/wp\/v2\/tags?post=32773"}],"curies":[{"name":"wp","href":"https:\/\/api.w.org\/{rel}","templated":true}]}}