{"id":32828,"date":"2014-10-04T09:28:39","date_gmt":"2014-10-04T15:28:39","guid":{"rendered":"http:\/\/www.eloriente.net\/home\/?p=32828"},"modified":"2014-10-04T09:28:39","modified_gmt":"2014-10-04T15:28:39","slug":"exito-el-festival-jugando-con-la-musica","status":"publish","type":"post","link":"http:\/\/www.eloriente.net\/home\/2014\/10\/04\/exito-el-festival-jugando-con-la-musica\/","title":{"rendered":"\u00c9xito el Festival Jugando con la M\u00fasica"},"content":{"rendered":"<p>eloriente.net \/ <a href=\"http:\/\/www.orquestasinfonicadeoaxaca.com\/\" target=\"_blank\">OSO<\/a><\/p>\n<p>4\/octubre\/2014<\/p>\n<ul>\n<li>Con un lleno total concluyeron las presentaciones de \u201cLa Musica y Los Cuentos\u201d organizadas por la OSO.<\/li>\n<li>Cuatro funciones que cautivaron a dos mil asistentes.<\/li>\n<\/ul>\n<p>Con cuatro funciones y un cupo total del Teatro Macedonio Alcala, se realiz\u00f3 en Oaxaca el festival \u201cJugando con la M\u00fasica\u201d, organizado por la Secretaria de las Culturas y Artes de Oaxaca (SECULTA) y la Orquesta Sinf\u00f3nica de Oaxaca (OSO) en las cuales cautivaron a un p\u00fablico de dos mil asistentes, en su mayor\u00eda ni\u00f1os, con la narrativa del cuenta-cuentos y actor Mario Iv\u00e1n Martinez con la direcci\u00f3n del Mtro. Armando Pesqueira.<\/p>\n<p>Durante los d\u00edas 02 y 03 de octubre el cantante de m\u00fasica antigua y la OSO conquistaron al p\u00fablico infantil con las narraciones de \u201cPulgarcito\u201d y \u201cTubby, La Tuba\u201d.<br \/>\nLa primera de ellas, historia original del escritor franc\u00e9s Charles Perrault y el dan\u00e9s Hans Christian Andersen, musicalizada con obras de los compositores Robert Schumann, Franz Schubert, F\u00e9lix Mendelssohn y Maurice Ravel.<\/p>\n<p>\u201cTubby, la Tuba\u201d del escrito californiano George Kleinsinger y el m\u00fasico Paul Tripp, es la narraci\u00f3n que cierra el espect\u00e1culo \u201cLa Musica y los Cuentos\u201d, la cual narra la historia de una tuba y su amigo Pippo el p\u00edccolo, con la participaci\u00f3n especial del tubista Jos\u00e9 Torres Pantale\u00f3n.<\/p>\n<p>El director titular de la OSO, Mtro. Javier Garc\u00eda Vigil, inform\u00f3 que el festival \u201cJugando con la M\u00fasica\u201d es parte de las actividades que se dise\u00f1aron para acercar a los ni\u00f1os, a los j\u00f3venes y a los padres de familia al teatro, la literatura y en especial a la m\u00fasica de concierto, convencido dijo, que las bellas artes son una herramienta para sensibilizar y alejar de una forma divertida y did\u00e1ctica de la vida repleta de tecnolog\u00eda y falta de interacci\u00f3n humana.<\/p>\n<p>Abund\u00f3 que \u201cLa M\u00fasica y los Cuentos\u201d es la suma de esfuerzos por parte de la Secretar\u00eda de las Culturas y Artes de Oaxaca (SECULTA) con el apoyo del Consejo Nacional para la Cultura y las Artes (Conaculta), para as\u00ed cumplir con la pol\u00edtica cultural del gobernador del estado, Lic. Gabino Cue Monteagudo.<\/p>\n<p>Finalmente, Garcia Vigil adelant\u00f3 que a partir de la pr\u00f3xima semana se reactivaran los conciertos did\u00e1cticos en las escuelas y colonias de la periferia de la ciudad, para contribuir a la educaci\u00f3n integral y origina el conocimiento y el gusto por la m\u00fasica de concierto entre los estudiantes de los diversos niveles educativos, desde el nivel preescolar hasta el universitario.<\/p>\n<p><a href=\"http:\/\/www.eloriente.net\/home\/wp-content\/uploads\/2014\/10\/MARIO-IVAN-1.jpg\"><img loading=\"lazy\" decoding=\"async\" class=\"alignnone size-medium wp-image-32829\" title=\"MARIO IVAN 1\" src=\"http:\/\/www.eloriente.net\/home\/wp-content\/uploads\/2014\/10\/MARIO-IVAN-1-300x201.jpg\" alt=\"\" width=\"300\" height=\"201\" srcset=\"http:\/\/www.eloriente.net\/home\/wp-content\/uploads\/2014\/10\/MARIO-IVAN-1-300x201.jpg 300w, http:\/\/www.eloriente.net\/home\/wp-content\/uploads\/2014\/10\/MARIO-IVAN-1-1024x689.jpg 1024w, http:\/\/www.eloriente.net\/home\/wp-content\/uploads\/2014\/10\/MARIO-IVAN-1.jpg 2000w\" sizes=\"(max-width: 300px) 100vw, 300px\" \/><\/a><\/p>\n<p>Foto: OSO<\/p>\n<p><strong>Entradas relacionadas:<\/strong><\/p>\n<p><a title=\"Permalink to \u00bfPor qu\u00e9 asistir al Festival Internacional del Globo?\" href=\"http:\/\/www.eloriente.net\/home\/2014\/10\/01\/por-que-asistir-al-festival-internacional-del-globo\/\" rel=\"bookmark\">\u00bfPor qu\u00e9 asistir al Festival Internacional del Globo?<\/a><\/p>\n<p><a href=\"http:\/\/www.eloriente.net\/home\/2014\/10\/01\/por-que-asistir-al-festival-internacional-del-globo\/\" rel=\"bookmark\"><img decoding=\"async\" title=\"\u00bfPor qu\u00e9 asistir al Festival Internacional del Globo?\" src=\"http:\/\/www.eloriente.net\/home\/wp-content\/themes\/city-desk\/timthumb.php?src=http%3A%2F%2Fwww.eloriente.net%2Fhome%2Fwp-content%2Fuploads%2F2014%2F10%2FSin-t%C3%ADtulo-1.jpg&amp;q=90&amp;w=160&amp;h=106&amp;zc=1\" alt=\"\u00bfPor qu\u00e9 asistir al Festival Internacional del Globo?\" \/><\/a><\/p>\n<p>eloriente.net 1\/octubre\/2014 EL FIG 2014 es la 13va. edici\u00f3n del evento. Uno de los 3 eventos m\u00e1s importantes del mundo en su g\u00e9nero, presentando 200 globos (25 figuras especiales) provenientes de 16 pa\u00edses, participando por primera vez, la India. Del 14 al 17 de noviembre de 2014, el Parque Metropolitano de Le\u00f3n, Gto. iniciar\u00e1 una [&#8230;]<\/p>\n<p>October 1, 2014<\/p>\n<div id=\"post-32729\">\n<p><a title=\"Permalink to \u201cFestival Jugando con la M\u00fasica\u201d, Mario Iv\u00e1n Mart\u00ednez y la OSO\" href=\"http:\/\/www.eloriente.net\/home\/2014\/09\/30\/festival-jugando-con-la-musica-mario-ivan-martinez-y-la-oso\/\" rel=\"bookmark\">\u201cFestival Jugando con la M\u00fasica\u201d, Mario Iv\u00e1n Mart\u00ednez y la OSO<\/a><\/p>\n<p><a href=\"http:\/\/www.eloriente.net\/home\/2014\/09\/30\/festival-jugando-con-la-musica-mario-ivan-martinez-y-la-oso\/\" rel=\"bookmark\"><img decoding=\"async\" title=\"\u201cFestival Jugando con la M\u00fasica\u201d, Mario Iv\u00e1n Mart\u00ednez y la OSO\" src=\"http:\/\/www.eloriente.net\/home\/wp-content\/themes\/city-desk\/timthumb.php?src=http%3A%2F%2Fwww.eloriente.net%2Fhome%2Fwp-content%2Fuploads%2F2014%2F09%2FMARIO-IVAN-MARTINEZ-2.jpg&amp;q=90&amp;w=160&amp;h=106&amp;zc=1\" alt=\"\u201cFestival Jugando con la M\u00fasica\u201d, Mario Iv\u00e1n Mart\u00ednez y la OSO\" \/><\/a><\/p>\n<p>eloriente.net 30\/septiembre\/2014 Cuatro conciertos gratuitos para toda la familia. Narrativa de Mario Iv\u00e1n Martinez, m\u00fasica de la Orquesta Sinf\u00f3nica de Oaxaca y la batuta del director invitado, Mtro. Armando Pesqueira. Echando mano de la imaginaci\u00f3n y la creatividad de Mario Iv\u00e1n Mart\u00ednez y la m\u00fasica de la Orquesta Sinf\u00f3nica de Oaxaca (OSO), bajo la batuta [&#8230;]<\/p>\n<p>September 30, 2014<\/p>\n<\/div>\n<div id=\"post-32535\">\n<p><a title=\"Permalink to M\u00fasicos del INBA en Oaxaca\" href=\"http:\/\/www.eloriente.net\/home\/2014\/09\/24\/musicos-del-inba-en-oaxaca\/\" rel=\"bookmark\">M\u00fasicos del INBA en Oaxaca<\/a><\/p>\n<p><a href=\"http:\/\/www.eloriente.net\/home\/2014\/09\/24\/musicos-del-inba-en-oaxaca\/\" rel=\"bookmark\"><img decoding=\"async\" title=\"M\u00fasicos del INBA en Oaxaca\" src=\"http:\/\/www.eloriente.net\/home\/wp-content\/themes\/city-desk\/timthumb.php?src=http%3A%2F%2Fwww.eloriente.net%2Fhome%2Fwp-content%2Fuploads%2F2014%2F09%2FBellas-Artes-a-todas-partes.jpg&amp;q=90&amp;w=160&amp;h=106&amp;zc=1\" alt=\"M\u00fasicos del INBA en Oaxaca\" \/><\/a><\/p>\n<p>eloriente.net \/ Fundaci\u00f3n Alfredo Harp Hel\u00fa Oaxaca 24\/septiembre\/2014 Como parte del programa Bellas Artes a todas partes, Rosa Mar\u00eda Diez (soprano), Luz Mar\u00eda Frenk (violonchelista), Rafael Urrusti (flautista) y Enrique B\u00e1rcena (pianista) se presentar\u00e1n en el Centro Cultural San Pablo (SP) para ejecutar un concierto con piezas de Johann Sebastian Bach, Franz Schubert y H. [&#8230;]<\/p>\n<p>September 24, 2014<\/p>\n<\/div>\n\n\t\t\t  <div \n\t\t\t  \tclass = \"fb-comments\" \n\t\t\t  \tdata-href = \"http:\/\/www.eloriente.net\/home\/2014\/10\/04\/exito-el-festival-jugando-con-la-musica\/\"\n\t\t\t  \tdata-numposts = \"10\"\n\t\t\t\tdata-colorscheme = \"dark\"\n\t\t\t\tdata-order-by = \"social\"\n\t\t\t\tdata-mobile=true>\n\t\t\t  <\/div>\n\t\t  <style>\n\t\t\t.fb_iframe_widget_fluid_desktop iframe {\n\t\t\t    width: 100% !important;\n\t\t\t}\n\t\t  <\/style>\n\t\t  ","protected":false},"excerpt":{"rendered":"<p>eloriente.net \/ OSO 4\/octubre\/2014 Con un lleno total concluyeron las presentaciones de \u201cLa Musica y Los Cuentos\u201d organizadas por la OSO. Cuatro funciones que cautivaron a dos mil asistentes. Con cuatro funciones y un cupo total del Teatro Macedonio Alcala, se realiz\u00f3 en Oaxaca el festival \u201cJugando con la M\u00fasica\u201d, organizado por la Secretaria de [&hellip;]<\/p>\n","protected":false},"author":1,"featured_media":32829,"comment_status":"open","ping_status":"open","sticky":false,"template":"","format":"standard","meta":{"_jetpack_memberships_contains_paid_content":false,"footnotes":""},"categories":[18,32,10,83],"tags":[801,149,2664,2665],"class_list":["post-32828","post","type-post","status-publish","format-standard","has-post-thumbnail","hentry","category-educacion-y-cultura","category-entradas","category-lo-mas-reciente","category-musica-de-oaxaca","tag-conciertos","tag-musica","tag-orquesta-sinfonica-de-oaxaca","tag-oso"],"jetpack_featured_media_url":"http:\/\/www.eloriente.net\/home\/wp-content\/uploads\/2014\/10\/MARIO-IVAN-1.jpg","jetpack_sharing_enabled":true,"_links":{"self":[{"href":"http:\/\/www.eloriente.net\/home\/wp-json\/wp\/v2\/posts\/32828"}],"collection":[{"href":"http:\/\/www.eloriente.net\/home\/wp-json\/wp\/v2\/posts"}],"about":[{"href":"http:\/\/www.eloriente.net\/home\/wp-json\/wp\/v2\/types\/post"}],"author":[{"embeddable":true,"href":"http:\/\/www.eloriente.net\/home\/wp-json\/wp\/v2\/users\/1"}],"replies":[{"embeddable":true,"href":"http:\/\/www.eloriente.net\/home\/wp-json\/wp\/v2\/comments?post=32828"}],"version-history":[{"count":2,"href":"http:\/\/www.eloriente.net\/home\/wp-json\/wp\/v2\/posts\/32828\/revisions"}],"predecessor-version":[{"id":32831,"href":"http:\/\/www.eloriente.net\/home\/wp-json\/wp\/v2\/posts\/32828\/revisions\/32831"}],"wp:featuredmedia":[{"embeddable":true,"href":"http:\/\/www.eloriente.net\/home\/wp-json\/wp\/v2\/media\/32829"}],"wp:attachment":[{"href":"http:\/\/www.eloriente.net\/home\/wp-json\/wp\/v2\/media?parent=32828"}],"wp:term":[{"taxonomy":"category","embeddable":true,"href":"http:\/\/www.eloriente.net\/home\/wp-json\/wp\/v2\/categories?post=32828"},{"taxonomy":"post_tag","embeddable":true,"href":"http:\/\/www.eloriente.net\/home\/wp-json\/wp\/v2\/tags?post=32828"}],"curies":[{"name":"wp","href":"https:\/\/api.w.org\/{rel}","templated":true}]}}