{"id":32832,"date":"2014-10-05T00:00:23","date_gmt":"2014-10-05T06:00:23","guid":{"rendered":"http:\/\/www.eloriente.net\/home\/?p=32832"},"modified":"2014-10-06T15:13:07","modified_gmt":"2014-10-06T21:13:07","slug":"festivales-y-eventos-culturales-en-noviembre-2014","status":"publish","type":"post","link":"http:\/\/www.eloriente.net\/home\/2014\/10\/05\/festivales-y-eventos-culturales-en-noviembre-2014\/","title":{"rendered":"Festivales y eventos culturales en noviembre 2014"},"content":{"rendered":"<p>eloriente.net<\/p>\n<p>5\/octubre\/2014<\/p>\n<p>Entramos en la recta final del a\u00f1o, pero todav\u00eda importantes eventos y festivales culturales tendr\u00e1n lugar a lo largo de la Rep\u00fablica Mexicana durante el mes de noviembre. ELORIENTE.NET te da a conocer algunas opciones diferentes con la finalidad de que los conozcas y si tienes la oportunidad, asistir a alguno:<\/p>\n<p>&nbsp;<\/p>\n<p><a href=\"http:\/\/www.icbc.gob.mx\/\" target=\"_blank\">1.\u00a0Bienal Internacional de Video y Cine Contempor\u00e1neo VideoFest &#8211; 3 al 14 de noviembre en Baja California<\/a><\/p>\n<p>Este festival naci\u00f3 en noviembre de 2000 y est\u00e1 dirigido a la exhibici\u00f3n y desarrollo del video y el cine como arte, donde los lenguajes predominantes son los propios de la imagen en movimiento y la m\u00fasica electr\u00f3nica en todas sus variantes. Tiene como objetivo promover la cultura del video como una forma de hacer arte y la obra de los videoartistas mexicanos ya reconocidos al igual que las curadur\u00edas de festivales procedentes de otros pa\u00edses. Se invita a videoartistas mediante convocatoria la cual cierra el 31 de julio de 2014.<\/p>\n<p><a href=\"http:\/\/sic.conaculta.gob.mx\/ficha.php?table=festival&amp;table_id=1105\" target=\"_blank\">2.\u00a0Bestia Festival &#8211; 19 al 23 de noviembre en M\u00e9xico, DF<\/a><\/p>\n<p>Festival internacional de m\u00fasica que presenta variedad y fusi\u00f3n de vertientes sonoras y audiovisuales en torno a una est\u00e9tica atravesada por el rock, el hardcore, el metal y la distorsi\u00f3n. Cuenta con la participaci\u00f3n de m\u00fasicos nacionales y extranjeros cuyas propuestas han encontrado eco en el \u00e1mbito internacional, as\u00ed como talento emergente cuyos asaltos s\u00f3nicos demuestran que es posible olvidarse de los l\u00edmites y de los buenos modales musicales. La vocaci\u00f3n del festival es crear un universo sonoro que llama a un p\u00fablico sensible y exigente en busca de ofertas musicales arriesgadas y de calidad con la finalidad de promover estas propuestas y darle su propia dimensi\u00f3n.<\/p>\n<p><a href=\"https:\/\/www.facebook.com\/pages\/FICIP-Festival-Internacional-de-Cine-Independiente-de-Pozos\/370814426373553\" target=\"_blank\">3.\u00a0Festival Internacional de Cine Independiente de Pozos (FICIP) &#8211; 20 al 30 de noviembre en San Luis de la Paz, Guanajuato<\/a><\/p>\n<p>El Festival Internacional de Cine Independiente de Pozos es un foro de expresi\u00f3n que promueve las nuevas propuestas del cine independiente nacional e internacional. Busca impulsar la belleza natural y arquitect\u00f3nica de la localidad, como un excelente escenario para la producci\u00f3n de pel\u00edculas, donde ya se han llevado a cabo alrededor de 50 rodajes nacionales e internacionales. El Encuentro de Escritoras y Activistas Latinoamericanas, que se desarrolla dentro del marco del FICIP, busca concienciar sobre la importancia de c\u00f3mo las crisis globales transforman nuestros modelos y nuestras miradas.<\/p>\n<p><a href=\"http:\/\/www.festivaldecalaveras.com.mx\/\" target=\"_blank\">4.\u00a0Festival Cultural de las Calaveras &#8211; 31 de octubre al 9 de noviembre en Aguascalientes, Ags.<\/a><\/p>\n<p>Surge en 1995 como tributo a la obra del grabador Jos\u00e9 Guadalupe Posada, cuya iconograf\u00eda constituye un homenaje a la muerte. Incluye eventos musicales, literarios, danc\u00edsticos y teatrales, recorridos por el centro hist\u00f3rico de la ciudad de Aguascalientes y verbena popular. Convoca a los concursos Nacional de Grabado y estatales de Altares de Muertos y de Dibujo y Pintura Infantil.<\/p>\n<p><a href=\"http:\/\/guerrero.gob.mx\/2014\/07\/\" target=\"_blank\">5.\u00a0Festival de M\u00fasica de Morelia, Miguel Bernal Jim\u00e9nez &#8211; 14 al 30 de noviembre<\/a><\/p>\n<p>Incluye desde 1989 la participaci\u00f3n de m\u00fasicos mexicanos y extranjeros, as\u00ed como cursos y talleres en donde los m\u00fasicos invitados ofrecen conciertos y participan en actividades pedag\u00f3gicas. Tiene como principales actividades recitales y conciertos de m\u00fasica sinf\u00f3nica, de c\u00e1mara, vocal y popular tradicional. Actualmente es el principal festival de m\u00fasica de conciertos de sala del pa\u00eds. La emisi\u00f3n del 2006 estar\u00e1 dedicada a Cuba<\/p>\n<p><strong><a href=\"http:\/\/www.festivaldelglobo.com.mx\/\" target=\"_blank\">6. Festival Internacional del Globo<\/a><\/strong><\/p>\n<p><strong><\/strong>Se\u00a0realiza en Le\u00f3n, Guanajuato, desde el a\u00f1o 2002; actualmente, es el evento m\u00e1s importante en Am\u00e9rica Latina en su g\u00e9nero y uno de los m\u00e1s reconocidos a nivel mundial. En el 2013, el FIG reuni\u00f3 200 globos aerost\u00e1ticos con una gran diversidad de figuras, a pilotos de m\u00e1s de 15 pa\u00edses, a m\u00e1s de 375,000 visitantes, ofreci\u00e9ndoles un programa lleno de m\u00fasica, color y actividades para toda la familia. En 2014 se llevar\u00e1 a cabo del 14 al 17 de noviembre:<\/p>\n<p><iframe loading=\"lazy\" src=\"\/\/www.youtube.com\/embed\/6PoM_duM-fE\" frameborder=\"0\" width=\"560\" height=\"315\"><\/iframe><\/p>\n<p><a href=\"http:\/\/www.eloriente.net\/home\/wp-content\/uploads\/2014\/09\/FIG-1.jpg\"><img loading=\"lazy\" decoding=\"async\" class=\"alignnone size-medium wp-image-32269\" title=\"FIG 1\" src=\"http:\/\/www.eloriente.net\/home\/wp-content\/uploads\/2014\/09\/FIG-1-300x198.jpg\" alt=\"\" width=\"300\" height=\"198\" srcset=\"http:\/\/www.eloriente.net\/home\/wp-content\/uploads\/2014\/09\/FIG-1-300x198.jpg 300w, http:\/\/www.eloriente.net\/home\/wp-content\/uploads\/2014\/09\/FIG-1-1024x678.jpg 1024w\" sizes=\"(max-width: 300px) 100vw, 300px\" \/><\/a><\/p>\n<p>Foto: FIG<\/p>\n<p><strong>Entradas relacionadas:<\/strong><\/p>\n<p><a title=\"Permalink to \u00c9xito el Festival Jugando con la M\u00fasica\" href=\"http:\/\/www.eloriente.net\/home\/2014\/10\/04\/exito-el-festival-jugando-con-la-musica\/\" rel=\"bookmark\">\u00c9xito el Festival Jugando con la M\u00fasica<\/a><\/p>\n<p><a href=\"http:\/\/www.eloriente.net\/home\/2014\/10\/04\/exito-el-festival-jugando-con-la-musica\/\" rel=\"bookmark\"><img decoding=\"async\" title=\"\u00c9xito el Festival Jugando con la M\u00fasica\" src=\"http:\/\/www.eloriente.net\/home\/wp-content\/themes\/city-desk\/timthumb.php?src=http%3A%2F%2Fwww.eloriente.net%2Fhome%2Fwp-content%2Fuploads%2F2014%2F10%2FMARIO-IVAN-1.jpg&amp;q=90&amp;w=160&amp;h=106&amp;zc=1\" alt=\"\u00c9xito el Festival Jugando con la M\u00fasica\" \/><\/a><\/p>\n<p>eloriente.net \/ OSO 4\/octubre\/2014 Con un lleno total concluyeron las presentaciones de \u201cLa Musica y Los Cuentos\u201d organizadas por la OSO. Cuatro funciones que cautivaron a dos mil asistentes. Con cuatro funciones y un cupo total del Teatro Macedonio Alcala, se realiz\u00f3 en Oaxaca el festival \u201cJugando con la M\u00fasica\u201d, organizado por la Secretaria de [&#8230;]<\/p>\n<p>October 4, 2014<\/p>\n<div id=\"post-32798\">\n<p><a title=\"Permalink to Calenda en tu casa, la fiesta en \u00c1nimas Trujano\" href=\"http:\/\/www.eloriente.net\/home\/2014\/10\/03\/fiesta-de-la-virgen-del-rosario-en-animas-trujano\/\" rel=\"bookmark\">Calenda en tu casa, la fiesta en \u00c1nimas Trujano<\/a><\/p>\n<p><a href=\"http:\/\/www.eloriente.net\/home\/2014\/10\/03\/fiesta-de-la-virgen-del-rosario-en-animas-trujano\/\" rel=\"bookmark\"><img decoding=\"async\" title=\"Calenda en tu casa, la fiesta en \u00c1nimas Trujano\" src=\"http:\/\/www.eloriente.net\/home\/wp-content\/themes\/city-desk\/timthumb.php?src=http%3A%2F%2Fwww.eloriente.net%2Fhome%2Fwp-content%2Fuploads%2F2014%2F10%2FIMG_5380.jpg&amp;q=90&amp;w=160&amp;h=106&amp;zc=1\" alt=\"Calenda en tu casa, la fiesta en \u00c1nimas Trujano\" \/><\/a><\/p>\n<p>eloriente.net \/ todooaxacaradio.com 3\/octubre\/2014 Viniendo del rumbo de Zimatl\u00e1n, decidimos detenernos a admirar la iglesia de \u00c1nimas Trujano, municipio que pese a estar a 10 kil\u00f3metros de la ciudad de Oaxaca, nunca hab\u00edamos tenido la suerte de conocer. Al adentrarnos en la edificaci\u00f3n cat\u00f3lica, observamos que este luc\u00eda remodelado en gran parte y que la [&#8230;]<\/p>\n<p>October 3, 2014<\/p>\n<\/div>\n<div id=\"post-32789\">\n<p><a title=\"Permalink to Mafalda surgi\u00f3 en mi seno familiar: Quino\" href=\"http:\/\/www.eloriente.net\/home\/2014\/10\/02\/mafalda-surgio-en-mi-seno-familiar-quino\/\" rel=\"bookmark\">Mafalda surgi\u00f3 en mi seno familiar: Quino<\/a><\/p>\n<p><a href=\"http:\/\/www.eloriente.net\/home\/2014\/10\/02\/mafalda-surgio-en-mi-seno-familiar-quino\/\" rel=\"bookmark\"><img decoding=\"async\" title=\"Mafalda surgi\u00f3 en mi seno familiar: Quino\" src=\"http:\/\/www.eloriente.net\/home\/wp-content\/themes\/city-desk\/timthumb.php?src=http%3A%2F%2Fwww.eloriente.net%2Fhome%2Fwp-content%2Fuploads%2F2014%2F10%2Fquino-y-mafalda-Agencia-N22.jpg&amp;q=90&amp;w=160&amp;h=106&amp;zc=1\" alt=\"Mafalda surgi\u00f3 en mi seno familiar: Quino\" \/><\/a><\/p>\n<p>eloriente.net\/Agencia N22 2 de octubre de 2014 Por Huemanzin Rodr\u00edguez Mafalda cumpli\u00f3 50 a\u00f1os y sigue vigente. Para celebrar a la historieta ic\u00f3nica en habla hispana, Joaqu\u00edn Lavado \u201cQuino\u201d ofreci\u00f3 una video-conferencia desde Argentina. En ella afirm\u00f3 que cuando le encargaron el personaje, porque no fue una idea suya, le pidieron que\u00a0hiciera algo parecido a [&#8230;]<\/p>\n<p>October 2, 2014<\/p>\n<\/div>\n<p>&nbsp;<\/p>\n\n\t\t\t  <div \n\t\t\t  \tclass = \"fb-comments\" \n\t\t\t  \tdata-href = \"http:\/\/www.eloriente.net\/home\/2014\/10\/05\/festivales-y-eventos-culturales-en-noviembre-2014\/\"\n\t\t\t  \tdata-numposts = \"10\"\n\t\t\t\tdata-colorscheme = \"dark\"\n\t\t\t\tdata-order-by = \"social\"\n\t\t\t\tdata-mobile=true>\n\t\t\t  <\/div>\n\t\t  <style>\n\t\t\t.fb_iframe_widget_fluid_desktop iframe {\n\t\t\t    width: 100% !important;\n\t\t\t}\n\t\t  <\/style>\n\t\t  ","protected":false},"excerpt":{"rendered":"<p>eloriente.net 5\/octubre\/2014 Entramos en la recta final del a\u00f1o, pero todav\u00eda importantes eventos y festivales culturales tendr\u00e1n lugar a lo largo de la Rep\u00fablica Mexicana durante el mes de noviembre. ELORIENTE.NET te da a conocer algunas opciones diferentes con la finalidad de que los conozcas y si tienes la oportunidad, asistir a alguno: &nbsp; 1.\u00a0Bienal [&hellip;]<\/p>\n","protected":false},"author":1,"featured_media":32269,"comment_status":"open","ping_status":"open","sticky":false,"template":"","format":"standard","meta":{"_jetpack_memberships_contains_paid_content":false,"footnotes":""},"categories":[8,64,18,32,13,63],"tags":[154,241,1548,149,2694],"class_list":["post-32832","post","type-post","status-publish","format-standard","has-post-thumbnail","hentry","category-agenda","category-distrito-federal","category-educacion-y-cultura","category-entradas","category-especiales","category-estados","tag-154","tag-cultura","tag-festivales","tag-musica","tag-noviembre"],"jetpack_featured_media_url":"http:\/\/www.eloriente.net\/home\/wp-content\/uploads\/2014\/09\/FIG-1.jpg","jetpack_sharing_enabled":true,"_links":{"self":[{"href":"http:\/\/www.eloriente.net\/home\/wp-json\/wp\/v2\/posts\/32832"}],"collection":[{"href":"http:\/\/www.eloriente.net\/home\/wp-json\/wp\/v2\/posts"}],"about":[{"href":"http:\/\/www.eloriente.net\/home\/wp-json\/wp\/v2\/types\/post"}],"author":[{"embeddable":true,"href":"http:\/\/www.eloriente.net\/home\/wp-json\/wp\/v2\/users\/1"}],"replies":[{"embeddable":true,"href":"http:\/\/www.eloriente.net\/home\/wp-json\/wp\/v2\/comments?post=32832"}],"version-history":[{"count":4,"href":"http:\/\/www.eloriente.net\/home\/wp-json\/wp\/v2\/posts\/32832\/revisions"}],"predecessor-version":[{"id":32834,"href":"http:\/\/www.eloriente.net\/home\/wp-json\/wp\/v2\/posts\/32832\/revisions\/32834"}],"wp:featuredmedia":[{"embeddable":true,"href":"http:\/\/www.eloriente.net\/home\/wp-json\/wp\/v2\/media\/32269"}],"wp:attachment":[{"href":"http:\/\/www.eloriente.net\/home\/wp-json\/wp\/v2\/media?parent=32832"}],"wp:term":[{"taxonomy":"category","embeddable":true,"href":"http:\/\/www.eloriente.net\/home\/wp-json\/wp\/v2\/categories?post=32832"},{"taxonomy":"post_tag","embeddable":true,"href":"http:\/\/www.eloriente.net\/home\/wp-json\/wp\/v2\/tags?post=32832"}],"curies":[{"name":"wp","href":"https:\/\/api.w.org\/{rel}","templated":true}]}}