{"id":32869,"date":"2014-10-06T11:29:15","date_gmt":"2014-10-06T17:29:15","guid":{"rendered":"http:\/\/www.eloriente.net\/home\/?p=32869"},"modified":"2014-10-06T11:31:25","modified_gmt":"2014-10-06T17:31:25","slug":"guerrero-atroz-debilidad-de-estado-y-municipios","status":"publish","type":"post","link":"http:\/\/www.eloriente.net\/home\/2014\/10\/06\/guerrero-atroz-debilidad-de-estado-y-municipios\/","title":{"rendered":"Guerrero: atroz, debilidad de Estado y municipios"},"content":{"rendered":"<p>eloriente.net<\/p>\n<p>6\/octubre\/2014<\/p>\n<p style=\"text-align: right;\">Por\u00a0<a href=\"http:\/\/www.eloriente.net\/home\/category\/colaboradores\/adrian-ortiz-romero\/\" target=\"_blank\">Adri\u00e1n Ortiz Romero<\/a><\/p>\n<p>Desaparici\u00f3n de normalistas, de lesa humanidad<\/p>\n<p>El enfrentamiento, las ejecuciones y las desapariciones forzadas ocurridas el fin de semana pasado en el estado de Guerrero, son una muestra clara de la profunda debilidad institucional del estado y los municipios, que no s\u00f3lo no son capaces de responder frente a un conjunto de hechos como \u00e9ste, sino que asumen una actitud de total indefensi\u00f3n frente a los poderes f\u00e1cticos. Debemos preguntarnos si sigue siendo necesaria la existencia de los gobiernos estatales y municipales, o si por el contrario esto debiera ser un llamado a la reconstituci\u00f3n del federalismo, que hoy en d\u00eda est\u00e1 m\u00e1s que muerto en nuestro pa\u00eds.<\/p>\n<p>En efecto, vale la pena repasar las respectivas actitudes de los titulares del gobierno de Guerrero y del municipio de Iguala, donde ocurrieron los hechos. Cuando se supo que un grupo de normalistas hab\u00eda sido atacado, que hab\u00edan muerto seis y que otros 43 se encontraban desaparecidos, la federaci\u00f3n asumi\u00f3 que este asunto deb\u00eda comenzar a ser abordado por los gobiernos estatal y municipal, porque en ellos se encuentran las atribuciones primarias relacionadas con esos hechos. \u00bfQu\u00e9 ocurri\u00f3 en realidad?<\/p>\n<p>Que el presidente municipal de Iguala, Jos\u00e9 Luis Abarca, simplemente dijo que \u00e9l no sab\u00eda nada ni se hab\u00eda enterado de nada, a pesar de que la Polic\u00eda Municipal, bajo su mando, hab\u00eda coprotagonizado los hechos. Para Abarca, que de inmediato debi\u00f3 dar explicaciones congruentes y suficientes, en realidad mostr\u00f3 una desfachatez enorme que apenas si alcanzaba a disimular la realidad de que \u00e9l como autoridad ha estado todo el tiempo rebasado.<\/p>\n<p>\u00bfPor qu\u00e9? Porque desde el inicio se supo que fue la delincuencia organizada quien estuvo presente en esos hechos. Pero, como el edil de Iguala est\u00e1, o tan cooptado, o tan sometido por el poder f\u00e1ctico de la criminalidad, entonces no le qued\u00f3 de otra m\u00e1s que ponerse en la insostenible situaci\u00f3n de reconocer su ignorancia en los hechos, pagar \u00e9l el costo de la debilidad institucional del \u00e1mbito de gobierno que representaba y tomar la decisi\u00f3n de separarse de su cargo para esconderse inmediatamente.<\/p>\n<p>Eso transfiri\u00f3, inmediatamente, la responsabilidad al gobierno estatal guerrerense, que actu\u00f3 m\u00e1s o menos de la misma forma. Esto porque a pesar de que la dimensi\u00f3n de los hechos catapulta las posibilidades de que este asunto se convierta en un tema de responsabilidad para el Estado mexicano (porque hay homicidios y desapariciones forzadas), el gobierno del impresentable \u00c1ngel Heladio Aguirre Rivero decidi\u00f3 tambi\u00e9n esconderse y darle al asunto un tratamiento impropio.<\/p>\n<p>Es que resulta que funcionarios estatales prefirieron aprovecharse de la crisis para tratar de sacar una raja pol\u00edtica, y mientras, la Procuradur\u00eda estatal se vio imposibilitada de actuar con eficacia en la indagatoria. El gobierno de Guerrero, pues tampoco tuvo la claridad para ver que el hecho de que en el ataque a los normalistas, participaron elementos policiacos que, para efectos pr\u00e1cticos, son agentes del Estado, y que de los hechos se derivan delitos que bien pueden llegar a ser catalogados como de lesa humanidad, por su gravedad y trascendencia a toda la poblaci\u00f3n, y no s\u00f3lo a los directamente afectados.<\/p>\n<p>No lo vieron y por eso decidieron \u00fanicamente hacer lo indispensable para que esto no pareciera una situaci\u00f3n de total desentendimiento, aunque en los hechos eso era exactamente lo que estaba ocurriendo. Nunca pudieron entender el contexto y todos se quedaron ahogados en la incompetencia y el desentendimiento, como si esto en verdad pudiera resolver algo.<\/p>\n<p>DE LESA HUMANIDAD<\/p>\n<p>Para darnos una idea de la trascendencia de estos hechos, vale la pena tener por lo menos una referencia de lo que son los delitos de lesa humanidad. En ese sentido, el Estatuto de Roma de la Corte Penal Internacional aclara esto y nos permite ver la dimensi\u00f3n de lo que pas\u00f3 en Guerrero.<\/p>\n<p>Sobre esto, dice el art\u00edculo 7 del Estatuto que se entender\u00e1 por \u201ccrimen de lesa humanidad\u201d cualquiera de los actos siguientes cuando se cometa como parte de un ataque generalizado o sistem\u00e1tico contra una poblaci\u00f3n civil y con conocimiento de dicho ataque. Ese mismo numeral se establece que uno de los actos sancionados como crimen de lesa humanidad es el de la desaparici\u00f3n forzada de personas.<\/p>\n<p>Luego sostiene: \u201cPor desaparici\u00f3n forzada de personas\u201d se entender\u00e1 la aprehensi\u00f3n, la detenci\u00f3n o el secuestro de personas por un Estado o una organizaci\u00f3n pol\u00edtica, o con su autorizaci\u00f3n, apoyo o aquiescencia, seguido de la negativa a admitir tal privaci\u00f3n de libertad o dar informaci\u00f3n sobre la suerte o el paradero de esas personas, con la intenci\u00f3n de dejarlas fuera del amparo de la ley por un per\u00edodo prolongado.\u201d<\/p>\n<p>\u00bfPodr\u00edan encuadrar los hechos de Iguala en este supuesto? Muy posiblemente s\u00ed, porque en este caso se dio la aprehensi\u00f3n y secuestro del grupo de normalistas, no precisamente por una decisi\u00f3n de Estado, pero s\u00ed con la aquiescencia, autorizaci\u00f3n y posiblemente hasta apoyo de agentes del Estado para consumar esos hechos. En el hecho todo este tiempo el gobierno guerrerense y el de Iguala demostraron ser incapaces y no tener inter\u00e9s genuino y de fondo para dar con los responsables de los hechos y aclarar el paradero de estas personas, consumando con ello el supuesto de que con esa desatenci\u00f3n se est\u00e1 provocando que las personas queden fuera del amparo de la ley.<\/p>\n<p>Por eso valdr\u00eda la pena redimensionar lo que est\u00e1 ocurriendo y el papel que juegan estos \u00e1mbitos de gobierno. \u00bfDeben seguir existiendo los gobiernos estatales y municipales a pesar de su incapacidad para enfrentar un conjunto de hechos como \u00e9stos? \u00bfO la soluci\u00f3n debe pasar por el replanteamiento del federalismo para devolverle la fuerza y la capacidad de acci\u00f3n de los gobiernos estatales y municipales, en un contexto en el que durante los \u00faltimos a\u00f1os lo que han hecho es socavar de fondo sus capacidades?<\/p>\n<p>LUTO PARA TODOS<\/p>\n<p>Tambi\u00e9n es necesario dimensionar la gravedad que reviste para todos los mexicanos la posibilidad de que se confirme que las fosas encontradas el fin de semana contengan los cuerpos de los normalistas. Eso ser\u00eda brutal, por el hecho de que se comprobar\u00eda que \u00e9stos fueron ejecutados sin ninguna otra motivaci\u00f3n m\u00e1s que la de hacer una demostraci\u00f3n de fuerza, y enrarecer (a\u00fan m\u00e1s) el ambiente pol\u00edtico en Guerrero.<\/p>\n<p><a href=\"http:\/\/www.eloriente.net\/home\/wp-content\/uploads\/2014\/03\/normalistas.jpg\"><img loading=\"lazy\" decoding=\"async\" class=\"alignnone size-medium wp-image-22010\" title=\"normalistas\" src=\"http:\/\/www.eloriente.net\/home\/wp-content\/uploads\/2014\/03\/normalistas-300x168.jpg\" alt=\"\" width=\"300\" height=\"168\" srcset=\"http:\/\/www.eloriente.net\/home\/wp-content\/uploads\/2014\/03\/normalistas-300x168.jpg 300w, http:\/\/www.eloriente.net\/home\/wp-content\/uploads\/2014\/03\/normalistas.jpg 980w\" sizes=\"(max-width: 300px) 100vw, 300px\" \/><\/a><\/p>\n<p>Foto: Archivo ELORIENTE.NET<\/p>\n<p>M\u00e1s entradas por\u00a0<a href=\"http:\/\/www.eloriente.net\/home\/category\/colaboradores\/adrian-ortiz-romero\/\" target=\"_blank\">Adri\u00e1n Ortiz Romero<\/a>:<\/p>\n<p><a title=\"Permalink to Oaxaca 2006 vs Ayotzinapa 2014: \u00bfqui\u00e9n usa a qui\u00e9n?\" href=\"http:\/\/www.eloriente.net\/home\/2014\/10\/01\/oaxaca-2006-vs-ayotzinapa-2014-quien-usa-a-quien\/\" rel=\"bookmark\">Oaxaca 2006 vs Ayotzinapa 2014: \u00bfqui\u00e9n usa a qui\u00e9n?<\/a><\/p>\n<p><a href=\"http:\/\/www.eloriente.net\/home\/2014\/10\/01\/oaxaca-2006-vs-ayotzinapa-2014-quien-usa-a-quien\/\" rel=\"bookmark\"><img decoding=\"async\" title=\"Oaxaca 2006 vs Ayotzinapa 2014: \u00bfqui\u00e9n usa a qui\u00e9n?\" src=\"http:\/\/www.eloriente.net\/home\/wp-content\/themes\/city-desk\/timthumb.php?src=http%3A%2F%2Fwww.eloriente.net%2Fhome%2Fwp-content%2Fuploads%2F2014%2F06%2FDesalojo-2006-Por-ulike66.jpg&amp;q=90&amp;w=160&amp;h=106&amp;zc=1\" alt=\"Oaxaca 2006 vs Ayotzinapa 2014: \u00bfqui\u00e9n usa a qui\u00e9n?\" \/><\/a><\/p>\n<p>eloriente.net 1\/octubre\/2014 Por\u00a0Adri\u00e1n Ortiz Romero Magisterio, de manipulador ahora puede ser utilizado Los hechos del fin de semana en Iguala, Guerrero, deben llamar al magisterio de la Coordinadora Nacional de Trabajadores de la Educaci\u00f3n, a repensar, de forma seria, el papel que juegan en la gobernabilidad de los estados y del pa\u00eds, y de la [&#8230;]<\/p>\n<p>October 1, 2014<\/p>\n<div id=\"post-32679\">\n<p><a title=\"Permalink to \u00bfNadie se acuerda de la consumaci\u00f3n de Independencia?\" href=\"http:\/\/www.eloriente.net\/home\/2014\/09\/29\/nadie-se-acuerda-de-la-consumacion-de-independencia\/\" rel=\"bookmark\">\u00bfNadie se acuerda de la consumaci\u00f3n de Independencia?<\/a><\/p>\n<p><a href=\"http:\/\/www.eloriente.net\/home\/2014\/09\/29\/nadie-se-acuerda-de-la-consumacion-de-independencia\/\" rel=\"bookmark\"><img decoding=\"async\" title=\"\u00bfNadie se acuerda de la consumaci\u00f3n de Independencia?\" src=\"http:\/\/www.eloriente.net\/home\/wp-content\/themes\/city-desk\/timthumb.php?src=http%3A%2F%2Fwww.eloriente.net%2Fhome%2Fwp-content%2Fuploads%2F2013%2F06%2FAlgunos-derechos-reservados-sergejf-angel-de-la-independencia.jpg&amp;q=90&amp;w=160&amp;h=106&amp;zc=1\" alt=\"\u00bfNadie se acuerda de la consumaci\u00f3n de Independencia?\" \/><\/a><\/p>\n<p>eloriente.net 29\/septiembre\/2014 Por\u00a0Adri\u00e1n Ortiz Romero Pregunta vigente: \u00bfSe recordar\u00e1 \u201cotro\u201d bicentenario? Pocos la ubican como una fecha memorable en la historia nacional. Pero hoy 27 de septiembre se cumplen 193 a\u00f1os del episodio que marc\u00f3 la consumaci\u00f3n de la Independencia de M\u00e9xico. En efecto, deber\u00eda suponerse que \u00e9ste fuera tambi\u00e9n un d\u00eda de fiesta nacional, [&#8230;]<\/p>\n<p>September 29, 2014<\/p>\n<\/div>\n<div id=\"post-32630\">\n<p><a title=\"Permalink to La autoridad, perdida: \u00bfqu\u00e9 m\u00e1s ser\u00e1 tolerado?\" href=\"http:\/\/www.eloriente.net\/home\/2014\/09\/26\/la-autoridad-perdida-que-mas-sera-tolerado\/\" rel=\"bookmark\">La autoridad, perdida: \u00bfqu\u00e9 m\u00e1s ser\u00e1 tolerado?<\/a><\/p>\n<p><a href=\"http:\/\/www.eloriente.net\/home\/2014\/09\/26\/la-autoridad-perdida-que-mas-sera-tolerado\/\" rel=\"bookmark\"><img decoding=\"async\" title=\"La autoridad, perdida: \u00bfqu\u00e9 m\u00e1s ser\u00e1 tolerado?\" src=\"http:\/\/www.eloriente.net\/home\/wp-content\/themes\/city-desk\/timthumb.php?src=http%3A%2F%2Fwww.eloriente.net%2Fhome%2Fwp-content%2Fuploads%2F2014%2F04%2FMarcha-Contra-la-Reforma-Laboral-Por-Secci%C3%B3n-22.jpg&amp;q=90&amp;w=160&amp;h=106&amp;zc=1\" alt=\"La autoridad, perdida: \u00bfqu\u00e9 m\u00e1s ser\u00e1 tolerado?\" \/><\/a><\/p>\n<p>eloriente.net 26\/septiembre\/2014 Por Adri\u00e1n Ortiz Romero Escalada de violencia; Oaxaca, un bot\u00f3n negro En otros estados del pa\u00eds se habla con preocupaci\u00f3n de la incontenible violencia derivada de la criminalidad. Se dice que en casos como el de Michoac\u00e1n, Nuevo Le\u00f3n o Tamaulipas hay situaciones claras de Estado fallido a partir de que el gobierno [&#8230;]<\/p>\n<p>September 26, 2014<\/p>\n<\/div>\n\n\t\t\t  <div \n\t\t\t  \tclass = \"fb-comments\" \n\t\t\t  \tdata-href = \"http:\/\/www.eloriente.net\/home\/2014\/10\/06\/guerrero-atroz-debilidad-de-estado-y-municipios\/\"\n\t\t\t  \tdata-numposts = \"10\"\n\t\t\t\tdata-colorscheme = \"dark\"\n\t\t\t\tdata-order-by = \"social\"\n\t\t\t\tdata-mobile=true>\n\t\t\t  <\/div>\n\t\t  <style>\n\t\t\t.fb_iframe_widget_fluid_desktop iframe {\n\t\t\t    width: 100% !important;\n\t\t\t}\n\t\t  <\/style>\n\t\t  ","protected":false},"excerpt":{"rendered":"<p>eloriente.net 6\/octubre\/2014 Por\u00a0Adri\u00e1n Ortiz Romero Desaparici\u00f3n de normalistas, de lesa humanidad El enfrentamiento, las ejecuciones y las desapariciones forzadas ocurridas el fin de semana pasado en el estado de Guerrero, son una muestra clara de la profunda debilidad institucional del estado y los municipios, que no s\u00f3lo no son capaces de responder frente a un [&hellip;]<\/p>\n","protected":false},"author":2,"featured_media":22010,"comment_status":"open","ping_status":"open","sticky":false,"template":"","format":"standard","meta":{"_jetpack_memberships_contains_paid_content":false,"footnotes":""},"categories":[38,11,32,10,21],"tags":[4082],"class_list":["post-32869","post","type-post","status-publish","format-standard","has-post-thumbnail","hentry","category-adrian-ortiz-romero","category-colaboradores","category-entradas","category-lo-mas-reciente","category-politica-y-gobierno","tag-lunesdepolitica"],"jetpack_featured_media_url":"http:\/\/www.eloriente.net\/home\/wp-content\/uploads\/2014\/03\/normalistas.jpg","jetpack_sharing_enabled":true,"_links":{"self":[{"href":"http:\/\/www.eloriente.net\/home\/wp-json\/wp\/v2\/posts\/32869"}],"collection":[{"href":"http:\/\/www.eloriente.net\/home\/wp-json\/wp\/v2\/posts"}],"about":[{"href":"http:\/\/www.eloriente.net\/home\/wp-json\/wp\/v2\/types\/post"}],"author":[{"embeddable":true,"href":"http:\/\/www.eloriente.net\/home\/wp-json\/wp\/v2\/users\/2"}],"replies":[{"embeddable":true,"href":"http:\/\/www.eloriente.net\/home\/wp-json\/wp\/v2\/comments?post=32869"}],"version-history":[{"count":3,"href":"http:\/\/www.eloriente.net\/home\/wp-json\/wp\/v2\/posts\/32869\/revisions"}],"predecessor-version":[{"id":32871,"href":"http:\/\/www.eloriente.net\/home\/wp-json\/wp\/v2\/posts\/32869\/revisions\/32871"}],"wp:featuredmedia":[{"embeddable":true,"href":"http:\/\/www.eloriente.net\/home\/wp-json\/wp\/v2\/media\/22010"}],"wp:attachment":[{"href":"http:\/\/www.eloriente.net\/home\/wp-json\/wp\/v2\/media?parent=32869"}],"wp:term":[{"taxonomy":"category","embeddable":true,"href":"http:\/\/www.eloriente.net\/home\/wp-json\/wp\/v2\/categories?post=32869"},{"taxonomy":"post_tag","embeddable":true,"href":"http:\/\/www.eloriente.net\/home\/wp-json\/wp\/v2\/tags?post=32869"}],"curies":[{"name":"wp","href":"https:\/\/api.w.org\/{rel}","templated":true}]}}