{"id":32886,"date":"2014-10-06T13:00:13","date_gmt":"2014-10-06T19:00:13","guid":{"rendered":"http:\/\/www.eloriente.net\/home\/?p=32886"},"modified":"2014-10-06T13:05:52","modified_gmt":"2014-10-06T19:05:52","slug":"que-transporte-merecen-los-adultos-mayores","status":"publish","type":"post","link":"http:\/\/www.eloriente.net\/home\/2014\/10\/06\/que-transporte-merecen-los-adultos-mayores\/","title":{"rendered":"\u00bfQu\u00e9 transporte merecen los Adultos Mayores?"},"content":{"rendered":"<p>eloriente.net<\/p>\n<p>6 de octubre de 2o14<\/p>\n<p><a href=\"http:\/\/www.eloriente.net\/home\/wp-content\/uploads\/2014\/10\/Adulto-mayor-eloriente.net_.jpg\"><img loading=\"lazy\" decoding=\"async\" class=\"alignnone size-medium wp-image-32891\" title=\"Adulto mayor, eloriente.net\" src=\"http:\/\/www.eloriente.net\/home\/wp-content\/uploads\/2014\/10\/Adulto-mayor-eloriente.net_-300x200.jpg\" alt=\"\" width=\"300\" height=\"200\" srcset=\"http:\/\/www.eloriente.net\/home\/wp-content\/uploads\/2014\/10\/Adulto-mayor-eloriente.net_-300x200.jpg 300w, http:\/\/www.eloriente.net\/home\/wp-content\/uploads\/2014\/10\/Adulto-mayor-eloriente.net_-1024x682.jpg 1024w\" sizes=\"(max-width: 300px) 100vw, 300px\" \/><\/a>Imagen: eloriente.net<\/p>\n<p>Este hombre caminaba a pleno sol, el pasado viernes, por rumbos de San Bartolo Coyotepec, previo a subir al transporte colectivo que le lleva diariamente a su mercado natural: la ciudad de Oaxaca. \u00bfDesde hace cu\u00e1nto tiempo lo hace? \u00bfCu\u00e1nto puede ganar en un sola jornada? \u00bfTendr\u00e1 esposa? \u00bfTendr\u00e1 hogar? \u00bfCu\u00e1nto dinero gasta en transporte para ir y venir de su trabajo?<\/p>\n<p>De hombres (y mujeres) as\u00ed est\u00e1 hecha la cotidianidad. Y a personas as\u00ed afecta la acci\u00f3n o la omisi\u00f3n de otras personas, los funcionarios, que en su mayor\u00eda no viven de forma parecida a este hombre, sino todo lo contrario: poseen camionetas, aire acondicionado y comen otras cosas que no sean chicharrines y palomitas, a no ser en fiestas y reuniones.<\/p>\n<p>Sin embargo, estas diferencias no tendr\u00edan porqu\u00e9 ser insalvables si esos funcionarios a la vez fueran &#8216;sensibles&#8217; (como se dice com\u00fanmente en el lenguaje pol\u00edtico), o bien, no olvidaran que su trabajo es precisamente hacer m\u00e1s sencilla y llevadera, mejor, la vida hombres (y mujeres) como el de la fotograf\u00eda.<\/p>\n<p>Lo mismo en el caso de ciertos concesionarios de transporte p\u00fablico que han decidido eliminar el descuento del 50% en el pasaje que les corresponde a las personas adultas mayores.<\/p>\n<p>A quienes, cabr\u00eda hacerles una pregunta espec\u00edfica: Si ustedes fueran este hombre, \u00bfqu\u00e9 pensar\u00edan si los concesionarios te eliminan el descuento?<\/p>\n<p>Pues bien, los urbaneros decidieron eliminar dicho descuento. Luego, en di\u00e1logo con el gobierno estatal habr\u00edan acordado el pasado fin de semana mantenerlo, pero hoy diversos grupos manifestaron que el descuento no se estaba respetando y tomaron acciones de presi\u00f3n para lograrlo.<\/p>\n<p>A reserva de conocer la agenda de acuerdos que tanto como uno como otro lado (concesionarios y gobierno) deber\u00e1n poner sobre la mesa, hay muchas m\u00e1s preguntas que deben responderse antes de sentarse a negociar y resolver el asunto:<\/p>\n<p>1. El transporte p\u00fablico es de inter\u00e9s p\u00fablico, entonces, \u00bfqu\u00e9 inter\u00e9s debe preservarse prioritariamente: el de los adultos mayores o el de los concesionarios?<\/p>\n<p>2. \u00bfEl servicio que hoy prestan los transportistas est\u00e1 en condiciones de orden, seguridad y calidad como para transportar a alguien, especialmente a los adultos mayores? Hay ciudades en M\u00e9xico y en el mundo en las que las unidades cuentan con rampas especiales, altura u otros mecanismos que hacen viable el transporte de estas personas. \u00bfY el de aqu\u00ed?<\/p>\n<p>3. \u00bfD\u00f3nde est\u00e1 la Secretar\u00eda de Comunicaciones y Transportes federal, ante la eliminaci\u00f3n del subsidio, siendo como lo es la instancia encargada de garantizar el descuento a este sector de la poblaci\u00f3n? (<a href=\"http:\/\/www.diputados.gob.mx\/LeyesBiblio\/pdf\/245.pdf\" target=\"_blank\">Art\u00edculo 20 de la Ley de los Derechos de las Personas Adultas Mayores<\/a>?<\/p>\n<p>4. El Gobierno de Oaxaca, es obvio, debe actuar con firmeza en defensa de las personas. \u00bfQu\u00e9 plan tiene para respaldar a los adultos mayores ante las determinaciones unilaterales de los urbaneros?<\/p>\n<p>5. \u00bfCu\u00e1l es la postura firme que el gobierno del estado defender\u00e1 en este caso?<\/p>\n<p>6. Los concesionarios justifican el aumento, entre otros motivos, por el mal estado de la pavimentaci\u00f3n de las calles de la capital que causa aver\u00edas continuas a sus unidades. \u00bfLa Secretar\u00eda de Vialidad y Transporte (SEVITRA) en Oaxaca ya tiene un estudio o diagn\u00f3stico fiable sobre el tema que oriente a la opini\u00f3n sobre la veracidad de estas afirmaciones?<\/p>\n<p>7. En hilo con lo anterior, \u00bfla SEVITRA tiene la preparaci\u00f3n y atenci\u00f3n t\u00e9cnica puesta al 100% al servicio de los problemas de la poblaci\u00f3n? \u00bfTodo su personal est\u00e1 concentrado en su trabajo?<\/p>\n<p>Esperemos que estas preguntas tengan pronta respuesta en los hechos y que todas sean a favor de las personas.<\/p>\n<p>direcciongeneral@eloriente.net<\/p>\n<p><strong>OTRAS ENTRADAS:<\/strong><\/p>\n<div id=\"post-32671\">\n<h2><a title=\"Permalink to Transporte p\u00fablico en Oaxaca #Infograf\u00eda\" href=\"http:\/\/www.eloriente.net\/home\/2014\/09\/29\/transporte-publico-en-oaxaca-infografia\/\" rel=\"bookmark\">Transporte p\u00fablico en Oaxaca #Infograf\u00eda<\/a><\/h2>\n<p><a href=\"http:\/\/www.eloriente.net\/home\/2014\/09\/29\/transporte-publico-en-oaxaca-infografia\/\" rel=\"bookmark\"><img decoding=\"async\" title=\"Transporte p\u00fablico en Oaxaca #Infograf\u00eda\" src=\"http:\/\/www.eloriente.net\/home\/wp-content\/themes\/city-desk\/timthumb.php?src=http%3A%2F%2Fwww.eloriente.net%2Fhome%2Fwp-content%2Fuploads%2F2014%2F03%2Ftaxis-amarillos.jpg&amp;q=90&amp;w=160&amp;h=106&amp;zc=1\" alt=\"Transporte p\u00fablico en Oaxaca #Infograf\u00eda\" \/><\/a>eloriente.net 29\/septiembre\/2014 Con el inicio de operaciones del nuevo metrob\u00fas de la zona metropolitana de Oaxaca para 2015, conviene analizar los otros tipos de transporte p\u00fablico con los que cuenta el municipio y su \u00e1rea conurbada para determinar el impacto del proyecto. Aunque ha sido poca la informaci\u00f3n que ha salido a la luz, las [&#8230;]<\/p>\n<p>September 29, 2014<a title=\"Comment on Transporte p\u00fablico en Oaxaca #Infograf\u00eda\" href=\"http:\/\/www.eloriente.net\/home\/2014\/09\/29\/transporte-publico-en-oaxaca-infografia\/#respond\">No Comment<\/a><a title=\"Permalink to Transporte p\u00fablico en Oaxaca #Infograf\u00eda\" href=\"http:\/\/www.eloriente.net\/home\/2014\/09\/29\/transporte-publico-en-oaxaca-infografia\/\" rel=\"bookmark\">Read More<\/a><a title=\"Edit Post\" href=\"http:\/\/www.eloriente.net\/home\/wp-admin\/post.php?post=32671&amp;action=edit\">#<\/a><\/p>\n<\/div>\n<h2><a title=\"Permalink to Proyecto Metrob\u00fas Oaxaca #LunesdePol\u00edtica\" href=\"http:\/\/www.eloriente.net\/home\/2014\/09\/29\/proyecto-metrobus-oaxaca-recuento-lunesdepolitica\/\" rel=\"bookmark\">Proyecto Metrob\u00fas Oaxaca #LunesdePol\u00edtica<\/a><\/h2>\n<p><a href=\"http:\/\/www.eloriente.net\/home\/2014\/09\/29\/proyecto-metrobus-oaxaca-recuento-lunesdepolitica\/\" rel=\"bookmark\"><img decoding=\"async\" title=\"Proyecto Metrob\u00fas Oaxaca #LunesdePol\u00edtica\" src=\"http:\/\/www.eloriente.net\/home\/wp-content\/themes\/city-desk\/timthumb.php?src=http%3A%2F%2Fwww.eloriente.net%2Fhome%2Fwp-content%2Fuploads%2F2014%2F09%2FMetrob%C3%BAs-mariordo59.jpg&amp;q=90&amp;w=160&amp;h=106&amp;zc=1\" alt=\"Proyecto Metrob\u00fas Oaxaca #LunesdePol\u00edtica\" \/><\/a><\/p>\n<p>eloriente.net 29\/septiembre\/2014 Un nuevo integrante dentro del transporte p\u00fablico de Oaxaca iniciar\u00eda su operaci\u00f3n en 2015. Despu\u00e9s de 3 a\u00f1os de rumores, protestas, negociaciones y planeaci\u00f3n, solo faltan detalles para que se inicie la primera etapa del Metrob\u00fas de Oaxaca, que correr\u00eda de Santa Rosa a Xoxocot\u00e1n. Acomp\u00e1\u00f1anos a darle un vistazo a esta historia [&#8230;]<\/p>\n<p>September 29, 2014<\/p>\n<h2><a title=\"Permalink to Equiparable costo del transporte p\u00fablico en Oaxaca con tarifas de importantes ciudades del pa\u00eds\" href=\"http:\/\/www.eloriente.net\/home\/2014\/05\/28\/equiparable-costo-del-transporte-publico-en-oaxaca-con-tarifas-de-importantes-ciudades-del-pais\/\" rel=\"bookmark\">Equiparable costo del transporte p\u00fablico en Oaxaca con tarifas de importantes ciudades del pa\u00eds<\/a><\/h2>\n<p><a href=\"http:\/\/www.eloriente.net\/home\/2014\/05\/28\/equiparable-costo-del-transporte-publico-en-oaxaca-con-tarifas-de-importantes-ciudades-del-pais\/\" rel=\"bookmark\"><img decoding=\"async\" title=\"Equiparable costo del transporte p\u00fablico en Oaxaca con tarifas de importantes ciudades del pa\u00eds\" src=\"http:\/\/www.eloriente.net\/home\/wp-content\/themes\/city-desk\/timthumb.php?src=http%3A%2F%2Fwww.eloriente.net%2Fhome%2Fwp-content%2Fuploads%2F2014%2F05%2FTransporte-p%C3%BAblico-GobOax.jpg&amp;q=90&amp;w=160&amp;h=106&amp;zc=1\" alt=\"Equiparable costo del transporte p\u00fablico en Oaxaca con tarifas de importantes ciudades del pa\u00eds\" \/><\/a><\/p>\n<p>eloriente.net 28 de mayo de 2014 A pesar de que las condiciones de infraestructura, distancias y n\u00famero de usuarios son diferentes, en cuanto a transporte p\u00fablico en el pa\u00eds, el costo del pasaje en autob\u00fas en la ciudad de Oaxaca de Ju\u00e1rez de\u00a06 pesos es equiparable a las tarifas de importantes ciudades en M\u00e9xico. Con [&#8230;]<\/p>\n<p>May 28, 2014<\/p>\n\n\t\t\t  <div \n\t\t\t  \tclass = \"fb-comments\" \n\t\t\t  \tdata-href = \"http:\/\/www.eloriente.net\/home\/2014\/10\/06\/que-transporte-merecen-los-adultos-mayores\/\"\n\t\t\t  \tdata-numposts = \"10\"\n\t\t\t\tdata-colorscheme = \"dark\"\n\t\t\t\tdata-order-by = \"social\"\n\t\t\t\tdata-mobile=true>\n\t\t\t  <\/div>\n\t\t  <style>\n\t\t\t.fb_iframe_widget_fluid_desktop iframe {\n\t\t\t    width: 100% !important;\n\t\t\t}\n\t\t  <\/style>\n\t\t  ","protected":false},"excerpt":{"rendered":"<p>eloriente.net 6 de octubre de 2o14 Imagen: eloriente.net Este hombre caminaba a pleno sol, el pasado viernes, por rumbos de San Bartolo Coyotepec, previo a subir al transporte colectivo que le lleva diariamente a su mercado natural: la ciudad de Oaxaca. \u00bfDesde hace cu\u00e1nto tiempo lo hace? \u00bfCu\u00e1nto puede ganar en un sola jornada? \u00bfTendr\u00e1 [&hellip;]<\/p>\n","protected":false},"author":1,"featured_media":32891,"comment_status":"open","ping_status":"open","sticky":false,"template":"","format":"standard","meta":{"_jetpack_memberships_contains_paid_content":false,"footnotes":""},"categories":[29,9,32,63,464,21],"tags":[],"class_list":["post-32886","post","type-post","status-publish","format-standard","has-post-thumbnail","hentry","category-capital","category-editorial","category-entradas","category-estados","category-oaxaca-estados","category-politica-y-gobierno"],"jetpack_featured_media_url":"http:\/\/www.eloriente.net\/home\/wp-content\/uploads\/2014\/10\/Adulto-mayor-eloriente.net_.jpg","jetpack_sharing_enabled":true,"_links":{"self":[{"href":"http:\/\/www.eloriente.net\/home\/wp-json\/wp\/v2\/posts\/32886"}],"collection":[{"href":"http:\/\/www.eloriente.net\/home\/wp-json\/wp\/v2\/posts"}],"about":[{"href":"http:\/\/www.eloriente.net\/home\/wp-json\/wp\/v2\/types\/post"}],"author":[{"embeddable":true,"href":"http:\/\/www.eloriente.net\/home\/wp-json\/wp\/v2\/users\/1"}],"replies":[{"embeddable":true,"href":"http:\/\/www.eloriente.net\/home\/wp-json\/wp\/v2\/comments?post=32886"}],"version-history":[{"count":3,"href":"http:\/\/www.eloriente.net\/home\/wp-json\/wp\/v2\/posts\/32886\/revisions"}],"predecessor-version":[{"id":32894,"href":"http:\/\/www.eloriente.net\/home\/wp-json\/wp\/v2\/posts\/32886\/revisions\/32894"}],"wp:featuredmedia":[{"embeddable":true,"href":"http:\/\/www.eloriente.net\/home\/wp-json\/wp\/v2\/media\/32891"}],"wp:attachment":[{"href":"http:\/\/www.eloriente.net\/home\/wp-json\/wp\/v2\/media?parent=32886"}],"wp:term":[{"taxonomy":"category","embeddable":true,"href":"http:\/\/www.eloriente.net\/home\/wp-json\/wp\/v2\/categories?post=32886"},{"taxonomy":"post_tag","embeddable":true,"href":"http:\/\/www.eloriente.net\/home\/wp-json\/wp\/v2\/tags?post=32886"}],"curies":[{"name":"wp","href":"https:\/\/api.w.org\/{rel}","templated":true}]}}