{"id":32996,"date":"2014-10-09T23:00:44","date_gmt":"2014-10-10T05:00:44","guid":{"rendered":"http:\/\/www.eloriente.net\/home\/?p=32996"},"modified":"2014-10-09T19:54:56","modified_gmt":"2014-10-10T01:54:56","slug":"jenifer-hernandez-bernabe-enemiga-de-la-frase-en-oaxaca-no-hay-empleo","status":"publish","type":"post","link":"http:\/\/www.eloriente.net\/home\/2014\/10\/09\/jenifer-hernandez-bernabe-enemiga-de-la-frase-en-oaxaca-no-hay-empleo\/","title":{"rendered":"Jenifer Hern\u00e1ndez Bernab\u00e9, enemiga de la frase: \u00abEn Oaxaca no hay empleo\u00bb"},"content":{"rendered":"<p>eloriente.net<\/p>\n<p>10\/octubre\/2014<\/p>\n<p>Estamos conscientes de lo que representa encontrar un buen trabajo en la ciudad o entidad, m\u00e1xime para los j\u00f3venes y reci\u00e9n egresados; por eso tratamos de acercar a nuestros lectores a oportunidades de empleo mediante el <a href=\"http:\/\/www.eloriente.net\/home\/category\/turismo-y-negocios\/martesdevacantes\/\" target=\"_blank\">#MartesdeVacantes<\/a> y dotarlos de herramientas de desarrollo profesional con secciones como <a href=\"http:\/\/www.eloriente.net\/home\/category\/turismo-y-negocios\/\" target=\"_blank\">#Mi\u00e9rcolesdeEconom\u00eda<\/a> y <a href=\"http:\/\/www.eloriente.net\/home\/category\/canal-1-tu-aula\/\" target=\"_blank\">CANAL 1: Tu Aula<\/a>.<\/p>\n<p>Ahora, en este esfuerzo por continuar brindando elementos que aporten y permitan aspirar a un estado ideal de desarrollo profesional, les presentaremos casos de \u00e9xito de j\u00f3venes oaxaque\u00f1os, quienes est\u00e1n logrado desenvolverse de forma adecuada en el mundo laboral y seguramente, con un brillante futuro:<\/p>\n<p><em> Mi nombre es Jenifer Hern\u00e1ndez Bernab\u00e9, egres\u00e9 de la carrera en Ciencias de la comunicaci\u00f3n en el 2009.<\/em><\/p>\n<p><em>Soy enemiga de la frase \u00aben Oaxaca no hay empleo\u00bb. Oaxaca es un estado lleno de oportunidades para los j\u00f3venes, siempre y cuando tengamos las ganas y estemos dispuestos a tocar puertas y sobre todo, a esforzamos.<\/em><\/p>\n<p><em>Un aspecto fundamental es incorporarse al \u00e1mbito laboral antes de egresar. Previo a mi egreso labor\u00e9 como locutora de radio en una estaci\u00f3n comunitaria, como conductora de un programa de m\u00fasica e impartiendo clases particulares de ingl\u00e9s b\u00e1sico y cursos de verano para ni\u00f1os.<\/em><\/p>\n<p><em>Al egresar tuve la fortuna de ser contratada para impartir clases de Ingl\u00e9s en mi alma mater, la Universidad Jos\u00e9 Vasconcelos de Oaxaca, despu\u00e9s de fungir como maestra adjunta durante un semestre. Posteriormente fui invitada a colaborar en el Departamento de Admisiones de la misma instituci\u00f3n.<\/em><\/p>\n<p><em>Un a\u00f1o despu\u00e9s me incorpor\u00e9 como jefa del Departamento de Prensa y Difusi\u00f3n de la Universidad Tecnol\u00f3gica de los Valles Centrales de Oaxaca, donde tuve la oportunidad de representar a mi estado en Francia por temas de movilidad internacional; gracias al impulso de la instituci\u00f3n obtuve la certificaci\u00f3n como docente de Ingl\u00e9s como segundo idioma y un Diplomado en Educaci\u00f3n Basado en Competencias Profesionales por el ITESM.<\/em><\/p>\n<p><em>Las experiencias laborales te ayudan a obtener habilidades que no se aprenden durante la carrera y a generar v\u00ednculos y relaciones que te ayudan en tu vida profesional.<\/em><\/p>\n<p><em>Sabedora de que es indispensable, como reci\u00e9n egresados, estar dispuesto a trabajar sin obtener remuneraci\u00f3n econ\u00f3mica en diferentes \u00e1reas para adquirir experiencia y aprendizaje, en tiempos libres manejaba comunicaci\u00f3n social de una chef, colaboraci\u00f3n en campa\u00f1as medi\u00e1ticas de diferentes tipos, conducci\u00f3n de eventos, etc.<\/em><\/p>\n<p><em>Dos a\u00f1os despu\u00e9s ingres\u00e9 como reportera y conductora del INFO7 Oaxaca en TV Azteca Oaxaca, despu\u00e9s de 3 meses dando el clima en dicho noticiario.<\/em><\/p>\n<p><em>Actualmente manejo comunicaci\u00f3n social de un legislador local y de un presidente Municipal.<\/em><\/p>\n<p><a href=\"http:\/\/www.eloriente.net\/home\/wp-content\/uploads\/2014\/10\/Jenifer-Hdz.jpg\"><img loading=\"lazy\" decoding=\"async\" class=\"alignnone size-medium wp-image-33012\" title=\"Jenifer Hdz\" src=\"http:\/\/www.eloriente.net\/home\/wp-content\/uploads\/2014\/10\/Jenifer-Hdz-252x300.jpg\" alt=\"\" width=\"252\" height=\"300\" srcset=\"http:\/\/www.eloriente.net\/home\/wp-content\/uploads\/2014\/10\/Jenifer-Hdz-252x300.jpg 252w, http:\/\/www.eloriente.net\/home\/wp-content\/uploads\/2014\/10\/Jenifer-Hdz.jpg 630w\" sizes=\"(max-width: 252px) 100vw, 252px\" \/><\/a><\/p>\n<p>&nbsp;<\/p>\n<p>Foto: Jenifer Hern\u00e1ndez Bernab\u00e9<\/p>\n<p><strong>Entradas relacionadas:<\/strong><\/p>\n<p><a title=\"Permalink to Consejos anti-estr\u00e9s en la universidad #ViernesdeFelicidad\" href=\"http:\/\/www.eloriente.net\/home\/2014\/09\/26\/consejos-anti-estres-en-la-universidad-viernesdefelicidad\/\" rel=\"bookmark\">Consejos anti-estr\u00e9s en la universidad #ViernesdeFelicidad<\/a><\/p>\n<p><a href=\"http:\/\/www.eloriente.net\/home\/2014\/09\/26\/consejos-anti-estres-en-la-universidad-viernesdefelicidad\/\" rel=\"bookmark\"><img decoding=\"async\" title=\"Consejos anti-estr\u00e9s en la universidad #ViernesdeFelicidad\" src=\"http:\/\/www.eloriente.net\/home\/wp-content\/themes\/city-desk\/timthumb.php?src=http%3A%2F%2Fwww.eloriente.net%2Fhome%2Fwp-content%2Fuploads%2F2014%2F09%2FUniversitarios-Kasey-Samuel-Adams.jpg&amp;q=90&amp;w=160&amp;h=106&amp;zc=1\" alt=\"Consejos anti-estr\u00e9s en la universidad #ViernesdeFelicidad\" \/><\/a><\/p>\n<p>eloriente.net 26\/septiembre\/2014 El estr\u00e9s en la universidad, es tan cierto como los ex\u00e1menes finales; aunque parezcan muy lejanos, en alg\u00fan punto nos alcanzan y depende de nosotros llevar a buen puerto la situaci\u00f3n. El sitio about relationships, nos brinda algunos consejos para manejar correctamente este factor en la etapa universitaria, que aunque un poco enfocado [&#8230;]<\/p>\n<p>September 26, 2014<\/p>\n<div id=\"post-32342\">\n<p><a title=\"Permalink to La grandeza de las peque\u00f1as cosas #ViernesdeFelicidad\" href=\"http:\/\/www.eloriente.net\/home\/2014\/09\/19\/la-grandeza-de-las-pequenas-cosas-viernesdefelicidad\/\" rel=\"bookmark\">La grandeza de las peque\u00f1as cosas #ViernesdeFelicidad<\/a><\/p>\n<p><a href=\"http:\/\/www.eloriente.net\/home\/2014\/09\/19\/la-grandeza-de-las-pequenas-cosas-viernesdefelicidad\/\" rel=\"bookmark\"><img decoding=\"async\" title=\"La grandeza de las peque\u00f1as cosas #ViernesdeFelicidad\" src=\"http:\/\/www.eloriente.net\/home\/wp-content\/themes\/city-desk\/timthumb.php?src=http%3A%2F%2Fwww.eloriente.net%2Fhome%2Fwp-content%2Fuploads%2F2014%2F09%2FMeditaci%C3%B3n-Nickolai-Kashirin.jpg&amp;q=90&amp;w=160&amp;h=106&amp;zc=1\" alt=\"La grandeza de las peque\u00f1as cosas #ViernesdeFelicidad\" \/><\/a><\/p>\n<p>eloriente.net 19\/septiembre\/2014 Es muy com\u00fan que busquemos los inicios de una etapa para comenzar cambios importantes en nuestra vida: a\u00f1o nuevo, el primer d\u00eda de escuela, inclusive \u201cel lunes empiezo la dieta\u201d o \u201cel d\u00eda uno de mes entro al gimnasio\u201d\u2026 Para este momento del a\u00f1o, los prop\u00f3sitos planeados en enero quiz\u00e1 est\u00e9n abandonados u [&#8230;]<\/p>\n<p>September 19, 2014<\/p>\n<p><a title=\"Permalink to 5 datos curiosos sobre felicidad #ViernesdeFelicidad\" href=\"http:\/\/www.eloriente.net\/home\/2014\/09\/12\/5-datos-curiosos-sobre-felicidad-viernesdefelicidad\/\" rel=\"bookmark\">5 datos curiosos sobre felicidad #ViernesdeFelicidad<\/a><\/p>\n<p><a href=\"http:\/\/www.eloriente.net\/home\/2014\/09\/12\/5-datos-curiosos-sobre-felicidad-viernesdefelicidad\/\" rel=\"bookmark\"><img decoding=\"async\" title=\"5 datos curiosos sobre felicidad #ViernesdeFelicidad\" src=\"http:\/\/www.eloriente.net\/home\/wp-content\/themes\/city-desk\/timthumb.php?src=http%3A%2F%2Fwww.eloriente.net%2Fhome%2Fwp-content%2Fuploads%2F2014%2F09%2FFeliz-Instill-Moments.jpg&amp;q=90&amp;w=160&amp;h=106&amp;zc=1\" alt=\"5 datos curiosos sobre felicidad #ViernesdeFelicidad\" \/><\/a><\/p>\n<p>eloriente.net 12\/septiembre\/2014 1. M\u00fasica alegre La m\u00fasica es important\u00edsima para nuestro estado de \u00e1nimo, ya que no solo aumenta la sensaci\u00f3n de felicidad o genera un efecto positivo inmediato, sino que tambi\u00e9n nos hace m\u00e1s susceptibles a percibir a las personas a nuestro alrededor que est\u00e1n felices o sonriendo. Este estudio fue llevado a cabo [&#8230;]<\/p>\n<p>September 12, 2014<\/p>\n<\/div>\n<p>&nbsp;<\/p>\n\n\t\t\t  <div \n\t\t\t  \tclass = \"fb-comments\" \n\t\t\t  \tdata-href = \"http:\/\/www.eloriente.net\/home\/2014\/10\/09\/jenifer-hernandez-bernabe-enemiga-de-la-frase-en-oaxaca-no-hay-empleo\/\"\n\t\t\t  \tdata-numposts = \"10\"\n\t\t\t\tdata-colorscheme = \"dark\"\n\t\t\t\tdata-order-by = \"social\"\n\t\t\t\tdata-mobile=true>\n\t\t\t  <\/div>\n\t\t  <style>\n\t\t\t.fb_iframe_widget_fluid_desktop iframe {\n\t\t\t    width: 100% !important;\n\t\t\t}\n\t\t  <\/style>\n\t\t  ","protected":false},"excerpt":{"rendered":"<p>eloriente.net 10\/octubre\/2014 Estamos conscientes de lo que representa encontrar un buen trabajo en la ciudad o entidad, m\u00e1xime para los j\u00f3venes y reci\u00e9n egresados; por eso tratamos de acercar a nuestros lectores a oportunidades de empleo mediante el #MartesdeVacantes y dotarlos de herramientas de desarrollo profesional con secciones como #Mi\u00e9rcolesdeEconom\u00eda y CANAL 1: Tu Aula. [&hellip;]<\/p>\n","protected":false},"author":1,"featured_media":33012,"comment_status":"open","ping_status":"open","sticky":false,"template":"","format":"standard","meta":{"_jetpack_memberships_contains_paid_content":false,"footnotes":""},"categories":[2015,29,32,16,10,464],"tags":[2386,2720],"class_list":["post-32996","post","type-post","status-publish","format-standard","has-post-thumbnail","hentry","category-viernesdefelicidad","category-capital","category-entradas","category-salud-y-estilo-de-vida","category-lo-mas-reciente","category-oaxaca-estados","tag-viernesdefelicidad-2","tag-jenifer-hernandez-bernabe"],"jetpack_featured_media_url":"http:\/\/www.eloriente.net\/home\/wp-content\/uploads\/2014\/10\/Jenifer-Hdz.jpg","jetpack_sharing_enabled":true,"_links":{"self":[{"href":"http:\/\/www.eloriente.net\/home\/wp-json\/wp\/v2\/posts\/32996"}],"collection":[{"href":"http:\/\/www.eloriente.net\/home\/wp-json\/wp\/v2\/posts"}],"about":[{"href":"http:\/\/www.eloriente.net\/home\/wp-json\/wp\/v2\/types\/post"}],"author":[{"embeddable":true,"href":"http:\/\/www.eloriente.net\/home\/wp-json\/wp\/v2\/users\/1"}],"replies":[{"embeddable":true,"href":"http:\/\/www.eloriente.net\/home\/wp-json\/wp\/v2\/comments?post=32996"}],"version-history":[{"count":7,"href":"http:\/\/www.eloriente.net\/home\/wp-json\/wp\/v2\/posts\/32996\/revisions"}],"predecessor-version":[{"id":33009,"href":"http:\/\/www.eloriente.net\/home\/wp-json\/wp\/v2\/posts\/32996\/revisions\/33009"}],"wp:featuredmedia":[{"embeddable":true,"href":"http:\/\/www.eloriente.net\/home\/wp-json\/wp\/v2\/media\/33012"}],"wp:attachment":[{"href":"http:\/\/www.eloriente.net\/home\/wp-json\/wp\/v2\/media?parent=32996"}],"wp:term":[{"taxonomy":"category","embeddable":true,"href":"http:\/\/www.eloriente.net\/home\/wp-json\/wp\/v2\/categories?post=32996"},{"taxonomy":"post_tag","embeddable":true,"href":"http:\/\/www.eloriente.net\/home\/wp-json\/wp\/v2\/tags?post=32996"}],"curies":[{"name":"wp","href":"https:\/\/api.w.org\/{rel}","templated":true}]}}