{"id":33158,"date":"2014-10-15T00:00:18","date_gmt":"2014-10-15T06:00:18","guid":{"rendered":"http:\/\/www.eloriente.net\/home\/?p=33158"},"modified":"2014-10-14T21:44:10","modified_gmt":"2014-10-15T03:44:10","slug":"el-encanto-del-mezcal-cuishi","status":"publish","type":"post","link":"http:\/\/www.eloriente.net\/home\/2014\/10\/15\/el-encanto-del-mezcal-cuishi\/","title":{"rendered":"El encanto del mezcal cuishi"},"content":{"rendered":"<p>eloriente.net<\/p>\n<p>15\/octubre\/2014<\/p>\n<p>Do\u00f1a Berta Hern\u00e1ndez pertenece a m\u00e1s all\u00e1 de la tercera generaci\u00f3n de productores del mezcal <em>El Imperio<\/em>, proveniente tambi\u00e9n de <a href=\"http:\/\/www.eloriente.net\/home\/2014\/10\/08\/una-historia-con-mezcal-siempre-es-mejor\/\" target=\"_blank\">Santiago Matatl\u00e1n<\/a>: \u00abDesde entonces venimos creciendo&#8230; desde los abuelos&#8230; antes hac\u00edan ya el mezcal\u00bb, dice sin establecer la certeza de quien de sus antepasados inici\u00f3 en el cultivo de maguey y fabricaci\u00f3n de mezcal.\u00a0La calidad de su producto ha cosechado frutos, pues desde hace 15 a\u00f1os tiene su puesto en la Fiesta del \u00c1rbol del Tule por invitaci\u00f3n del Presidente Municipal.<\/p>\n<p>La variedad de presentaciones que maneja en la bebida, ha ido expandi\u00e9ndose con el paso de los a\u00f1os; al momento cuentan con mezcal a\u00f1ejado tres a\u00f1os, reposado con gusano dos a\u00f1os, tobal\u00e1, cuishi y dentro de las cremas de mezcal maneja\u00a0los sabores de coco, maracuy\u00e1, beso de \u00e1ngel, caf\u00e9 moka y 16 m\u00e1s para completar la cifra de veinte.<\/p>\n<p>\u00abLos gringos se llevan m\u00e1s el mezcal (sobre las cremas) y ya los de China se llevan m\u00e1s el mezcal con gusano, lo que les gusta m\u00e1s es el gusano\u00bb dice do\u00f1a Berta sobre los gustos de sus compradores extranjeros. Tambi\u00e9n nos coment\u00f3\u00a0acerca de\u00a0las diferencias entre los magueyes\u00a0utilizados: \u00ab(El cuishi) es un maguey silvestre que se da en el campo que est\u00e1 muy bueno, gracias a Dios que les est\u00e1 gustando&#8230;\u00bb. El mezcal conocido como tobal\u00e1, es tambi\u00e9n un maguey silvestre que se da en los cerros, peque\u00f1o de tama\u00f1o, a diferencia del espad\u00edn que es el maguey m\u00e1s com\u00fan y que ellos mismos siembran y con el que se elabora el mezcal a\u00f1ejado.<\/p>\n<p>Una empresa familiar que con el paso de los a\u00f1os ha evolucionado y perfeccionado su producto, adapt\u00e1ndose y presentando nuevas variedades para acercar el mezcal a los paladares nacionales y extranjeros, pero sin perder la tradici\u00f3n de elaborarlo bajo el proceso original.<\/p>\n<p><iframe loading=\"lazy\" src=\"\/\/www.youtube.com\/embed\/kBMzTanBgCQ\" width=\"420\" height=\"315\" frameborder=\"0\" allowfullscreen=\"allowfullscreen\"><\/iframe><\/p>\n<p><a href=\"http:\/\/www.eloriente.net\/home\/wp-content\/uploads\/2014\/10\/Do\u00f1a-Berta.jpg\"><img loading=\"lazy\" decoding=\"async\" class=\"alignnone size-medium wp-image-33159\" src=\"http:\/\/www.eloriente.net\/home\/wp-content\/uploads\/2014\/10\/Do\u00f1a-Berta-300x241.jpg\" alt=\"Do\u00f1a Berta\" width=\"300\" height=\"241\" srcset=\"http:\/\/www.eloriente.net\/home\/wp-content\/uploads\/2014\/10\/Do\u00f1a-Berta-300x241.jpg 300w, http:\/\/www.eloriente.net\/home\/wp-content\/uploads\/2014\/10\/Do\u00f1a-Berta-1024x825.jpg 1024w\" sizes=\"(max-width: 300px) 100vw, 300px\" \/><\/a><\/p>\n<p>Foto: ELORIENTE.NET<\/p>\n<p><strong>Entradas relacionadas:<\/strong><\/p>\n<p class=\"entry_title\"><a title=\"Permalink to Una historia con mezcal siempre es mejor\" href=\"http:\/\/www.eloriente.net\/home\/2014\/10\/08\/una-historia-con-mezcal-siempre-es-mejor\/\" rel=\"bookmark\">Una historia con mezcal siempre es mejor<\/a><\/p>\n<p><a href=\"http:\/\/www.eloriente.net\/home\/2014\/10\/08\/una-historia-con-mezcal-siempre-es-mejor\/\" rel=\"bookmark\"><img decoding=\"async\" class=\"alignleft\" title=\"Una historia con mezcal siempre es mejor\" src=\"http:\/\/www.eloriente.net\/home\/wp-content\/themes\/city-desk\/timthumb.php?src=http%3A%2F%2Fwww.eloriente.net%2Fhome%2Fwp-content%2Fuploads%2F2014%2F02%2Fmezcal.jpg&amp;q=90&amp;w=160&amp;h=106&amp;zc=1\" alt=\"Una historia con mezcal siempre es mejor\" \/><\/a><\/p>\n<p>eloriente.net 8\/octubre\/2014 Escuchar Santiago Matatl\u00e1n, remite invariablemente a la producci\u00f3n de mezcal. Esta ancestral bebida, goza hoy de popularidad a nivel nacional y de apoco se instala en el gusto de m\u00e1s paladares alrededor del mundo. Proveniente de distintos tipos de agave, su ya larga existencia evoca propiedades curativas y hasta cierto car\u00e1cter m\u00edstico. Abraham [\u2026]<\/p>\n<p class=\"postmeta\"><span class=\"meta_date\">October 8, 2014<\/span><\/p>\n<p class=\"entry_title\"><a title=\"Permalink to Matatl\u00e1n: Capital mundial del mezcal\" href=\"http:\/\/www.eloriente.net\/home\/2013\/07\/12\/matatlan-capital-mundial-del-mezcal\/\" rel=\"bookmark\">Matatl\u00e1n: Capital mundial del mezcal<\/a><\/p>\n<p><a href=\"http:\/\/www.eloriente.net\/home\/2013\/07\/12\/matatlan-capital-mundial-del-mezcal\/\" rel=\"bookmark\"><img decoding=\"async\" class=\"alignleft\" title=\"Matatl\u00e1n: Capital mundial del mezcal\" src=\"http:\/\/www.eloriente.net\/home\/wp-content\/themes\/city-desk\/timthumb.php?src=http%3A%2F%2Fwww.eloriente.net%2Fhome%2Fwp-content%2Fuploads%2F2013%2F07%2FAlgunos-derechos-reservados-por-Eduardo-Robles-matatlan2.jpg&amp;q=90&amp;w=160&amp;h=106&amp;zc=1\" alt=\"Matatl\u00e1n: Capital mundial del mezcal\" \/><\/a><\/p>\n<p>eloriente.net\/ INAFED\/ SNIM 12 de julio de 2013 eloriente.net (Oaxaca, Oax.) 12 de julio de 2013.- Santiago Matatl\u00e1n, municipio situado en la Regi\u00f3n de los Valles Centrales, perteneciente al Distrito de Tlacolula, ha adquirido fama por la calidad del Mezcal que produce, lo que le ha valido ser nombrado \u201cCapital mundial del mezcal\u201d. Matatl\u00e1n, que [\u2026]<\/p>\n<p class=\"postmeta\"><span class=\"meta_date\">July 12, 2013<\/span><\/p>\n<p class=\"entry_title\"><a title=\"Permalink to Del vino, el mezcal y el caf\u00e9, por Tom\u00e1s Alejandro Gonz\u00e1lez\" href=\"http:\/\/www.eloriente.net\/home\/2013\/11\/15\/del-vino-el-mezcal-y-el-cafe-por-tomas-alejandro-gonzalez\/\" rel=\"bookmark\">Del vino, el mezcal y el caf\u00e9, por Tom\u00e1s Alejandro Gonz\u00e1lez<\/a><\/p>\n<p class=\"postmeta\"><a href=\"http:\/\/www.eloriente.net\/home\/2013\/11\/15\/del-vino-el-mezcal-y-el-cafe-por-tomas-alejandro-gonzalez\/\" rel=\"bookmark\"><img decoding=\"async\" class=\"alignleft\" title=\"Del vino, el mezcal y el caf\u00e9, por Tom\u00e1s Alejandro Gonz\u00e1lez\" src=\"http:\/\/www.eloriente.net\/home\/wp-content\/themes\/city-desk\/timthumb.php?src=http%3A%2F%2Fwww.eloriente.net%2Fhome%2Fwp-content%2Fuploads%2F2013%2F09%2FPalenque%2B%C3%A6iza-Tay-MezcalPierdeAlmas-DanielRobles.jpg&amp;q=90&amp;w=160&amp;h=106&amp;zc=1\" alt=\"Del vino, el mezcal y el caf\u00e9, por Tom\u00e1s Alejandro Gonz\u00e1lez\" \/><\/a><\/p>\n<p>eloriente.net 15 de noviembre de 2013 Por: Tom\u00e1s Alejandro Gonz\u00e1lez Cada cultura, cada civilizaci\u00f3n en el mundo tiene caracter\u00edsticas especialmente peculiares dada su ubicaci\u00f3n, clima, altitud, recursos naturales, etc.; sin duda, la cultura y las civilizaciones son tan diversas como diverso es el mundo. Hist\u00f3ricamente dentro de toda esa diversidad, hubo alg\u00fan momento en el [\u2026]<\/p>\n<p class=\"postmeta\"><span class=\"meta_date\">November 15, 2013<\/span><\/p>\n\n\t\t\t  <div \n\t\t\t  \tclass = \"fb-comments\" \n\t\t\t  \tdata-href = \"http:\/\/www.eloriente.net\/home\/2014\/10\/15\/el-encanto-del-mezcal-cuishi\/\"\n\t\t\t  \tdata-numposts = \"10\"\n\t\t\t\tdata-colorscheme = \"dark\"\n\t\t\t\tdata-order-by = \"social\"\n\t\t\t\tdata-mobile=true>\n\t\t\t  <\/div>\n\t\t  <style>\n\t\t\t.fb_iframe_widget_fluid_desktop iframe {\n\t\t\t    width: 100% !important;\n\t\t\t}\n\t\t  <\/style>\n\t\t  ","protected":false},"excerpt":{"rendered":"<p>eloriente.net 15\/octubre\/2014 Do\u00f1a Berta Hern\u00e1ndez pertenece a m\u00e1s all\u00e1 de la tercera generaci\u00f3n de productores del mezcal El Imperio, proveniente tambi\u00e9n de Santiago Matatl\u00e1n: \u00abDesde entonces venimos creciendo&#8230; desde los abuelos&#8230; antes hac\u00edan ya el mezcal\u00bb, dice sin establecer la certeza de quien de sus antepasados inici\u00f3 en el cultivo de maguey y fabricaci\u00f3n de [&hellip;]<\/p>\n","protected":false},"author":1,"featured_media":33159,"comment_status":"open","ping_status":"open","sticky":false,"template":"","format":"standard","meta":{"_jetpack_memberships_contains_paid_content":false,"footnotes":""},"categories":[2435,32,10,23,464,19],"tags":[2702,306],"class_list":["post-33158","post","type-post","status-publish","format-standard","has-post-thumbnail","hentry","category-miercolesdeeconomia","category-entradas","category-lo-mas-reciente","category-municipios","category-oaxaca-estados","category-turismo-y-negocios","tag-casos-de-exito","tag-mezcal"],"jetpack_featured_media_url":"http:\/\/www.eloriente.net\/home\/wp-content\/uploads\/2014\/10\/Do\u00f1a-Berta.jpg","jetpack_sharing_enabled":true,"_links":{"self":[{"href":"http:\/\/www.eloriente.net\/home\/wp-json\/wp\/v2\/posts\/33158"}],"collection":[{"href":"http:\/\/www.eloriente.net\/home\/wp-json\/wp\/v2\/posts"}],"about":[{"href":"http:\/\/www.eloriente.net\/home\/wp-json\/wp\/v2\/types\/post"}],"author":[{"embeddable":true,"href":"http:\/\/www.eloriente.net\/home\/wp-json\/wp\/v2\/users\/1"}],"replies":[{"embeddable":true,"href":"http:\/\/www.eloriente.net\/home\/wp-json\/wp\/v2\/comments?post=33158"}],"version-history":[{"count":3,"href":"http:\/\/www.eloriente.net\/home\/wp-json\/wp\/v2\/posts\/33158\/revisions"}],"predecessor-version":[{"id":33176,"href":"http:\/\/www.eloriente.net\/home\/wp-json\/wp\/v2\/posts\/33158\/revisions\/33176"}],"wp:featuredmedia":[{"embeddable":true,"href":"http:\/\/www.eloriente.net\/home\/wp-json\/wp\/v2\/media\/33159"}],"wp:attachment":[{"href":"http:\/\/www.eloriente.net\/home\/wp-json\/wp\/v2\/media?parent=33158"}],"wp:term":[{"taxonomy":"category","embeddable":true,"href":"http:\/\/www.eloriente.net\/home\/wp-json\/wp\/v2\/categories?post=33158"},{"taxonomy":"post_tag","embeddable":true,"href":"http:\/\/www.eloriente.net\/home\/wp-json\/wp\/v2\/tags?post=33158"}],"curies":[{"name":"wp","href":"https:\/\/api.w.org\/{rel}","templated":true}]}}