{"id":33189,"date":"2014-10-16T00:00:58","date_gmt":"2014-10-16T06:00:58","guid":{"rendered":"http:\/\/www.eloriente.net\/home\/?p=33189"},"modified":"2014-10-16T09:48:09","modified_gmt":"2014-10-16T15:48:09","slug":"convocatoria-al-premio-internacional-andres-henestrosa-2014","status":"publish","type":"post","link":"http:\/\/www.eloriente.net\/home\/2014\/10\/16\/convocatoria-al-premio-internacional-andres-henestrosa-2014\/","title":{"rendered":"Convocatoria al Premio Internacional \u00abAndr\u00e9s Henestrosa\u00bb 2014"},"content":{"rendered":"<p>eloriente.net<\/p>\n<p>15\/octubre\/2014<\/p>\n<p>Con el prop\u00f3sito de fomentar la preservaci\u00f3n de la memoria de las comunidades y pueblos\u00a0originarios de habla hispana mediante su obra narrativa y sus tradiciones orales, el Gobierno del\u00a0Estado de Oaxaca, a trav\u00e9s de la Secretar\u00eda de las Culturas y Artes de Oaxaca, y del Consejo\u00a0Nacional para la Cultura y las Artes convocan al PREMIO INTERNACIONAL CUENTO, MITO Y \u00a0LEYENDA, \u201cANDR\u00c9S HENESTROSA\u201d 2014 a\u00a0escritoras y escritores mexicanos y del continente americano que escriban en espa\u00f1ol, a\u00a0presentar propuestas de libros al certamen de acuerdo con las siguientes bases:<\/p>\n<p>Los g\u00e9neros participantes son cuento, novela corta y prosa po\u00e9tica.\u00a0Podr\u00e1n participar autoras y autores cuya narrativa est\u00e9 relacionada con las tradiciones orales de\u00a0las comunidades y pueblos originarios de Latinoam\u00e9rica. Se busca publicar obras literarias cuya\u00a0escritura, ya sea en su forma o en su contenido, evoque, d\u00e9 realce o reinterprete en forma escrita las formas narrativas propias de las tradiciones orales de dichos pueblos y su forma de aproximar y entender el mundo.<\/p>\n<p>Los requisitos incluyen ser obra in\u00e9dita y no haber ganado con anterioridad \u00e9ste u otro premio, garantizar la titularidad de todos los derechos autorales de la obra, para cuyo fin debe\u00a0incluirse una fotocopia del tr\u00e1mite de registro de obra, tener una extensi\u00f3n m\u00ednima de 80 y una m\u00e1xima de 130 cuartillas numeradas y presentar la obra en espa\u00f1ol.<\/p>\n<p>El premio, \u00fanico e indivisible, consiste en cien mil pesos, moneda nacional, o su equivalente en d\u00f3lares estadounidenses y la publicaci\u00f3n de la obra en la colecci\u00f3n Premio Internacional de Cuento, Mito y Leyenda\u00a0Andr\u00e9s Henestrosa, de la Secretar\u00eda de las Culturas y Artes de Oaxaca.<\/p>\n<p>El autor o la autora de la obra galardonada otorgar\u00e1 el derecho en exclusiva por un a\u00f1o,\u00a0por primera edici\u00f3n, a la Secretar\u00eda de las Culturas y Artes de Oaxaca, as\u00ed como la\u00a0autorizaci\u00f3n para que la versi\u00f3n digital del libro est\u00e9 disponible en la p\u00e1gina web de la\u00a0Secretar\u00eda. El contrato establecer\u00e1 la entrega de 30% del tiraje al autor o autora, por\u00a0concepto de regal\u00edas, independientemente del premio en efectivo.<\/p>\n<p>La fecha l\u00edmite para la entrega de trabajos es el 31 de octubre de 2014.<\/p>\n<p>Para conocer la convocatoria completa as\u00ed como sus bases, visita <a href=\"http:\/\/www.culturasyartes.oaxaca.gob.mx\/sites\/www.culturasyartes.oaxaca.gob.mx\/files\/PremioHenestrosa2014.pdf\" target=\"_blank\">el siguiente enlace<\/a>.<\/p>\n<p>Como anteriores ganadores de este prestigiado galard\u00f3n internacional, se encuentran \u00d3scar Ba\u00f1os Huerta en 2013, originario de Pachuca de Soto, Hidalgo, por su obra \u00abOr\u00edgenes e Historias\u00bb, en 2012 Juan Maya \u00c1vila con\u00a0\u201cLa venganza de los Aztecas y hace tres a\u00f1os aSalvador Vizcarra Schumm, maestro de la Universidad Aut\u00f3noma de Baja California (UABC) por \u00abFalsas Leyendas del pueblo Cucap\u00e1\u00bb<\/p>\n<p><iframe loading=\"lazy\" width=\"420\" height=\"315\" src=\"\/\/www.youtube.com\/embed\/eVtaww0vW0g\" frameborder=\"0\" allowfullscreen><\/iframe><\/p>\n<p><a href=\"http:\/\/www.eloriente.net\/home\/wp-content\/uploads\/2014\/10\/Mitos-destacadosdela\u00f1o.jpg\"><img loading=\"lazy\" decoding=\"async\" class=\"alignnone size-medium wp-image-33190\" src=\"http:\/\/www.eloriente.net\/home\/wp-content\/uploads\/2014\/10\/Mitos-destacadosdela\u00f1o-300x225.jpg\" alt=\"Mitos - destacadosdela\u00f1o\" width=\"300\" height=\"225\" srcset=\"http:\/\/www.eloriente.net\/home\/wp-content\/uploads\/2014\/10\/Mitos-destacadosdela\u00f1o-300x225.jpg 300w, http:\/\/www.eloriente.net\/home\/wp-content\/uploads\/2014\/10\/Mitos-destacadosdela\u00f1o.jpg 1024w\" sizes=\"(max-width: 300px) 100vw, 300px\" \/><\/a><\/p>\n<p>Foto:\u00a0<a class=\"owner-name truncate\" title=\"Ir a la galer\u00eda de destacadosdela\u00f1o\" href=\"http:\/\/www.flickr.com\/photos\/28488078@N02\/\" data-track=\"attributionNameClick\" data-rapid_p=\"22\">destacadosdela\u00f1o<\/a>\u00a0&#8211; <a href=\"https:\/\/creativecommons.org\/licenses\/by-sa\/2.0\/\">Algunos derechos reservados<\/a><\/p>\n<p><strong>Entradas relacionadas:<\/strong><\/p>\n<div id=\"post-33135\" class=\"post-33135 post type-post status-publish format-standard has-post-thumbnail hentry category-convocatorias category-educacion-y-cultura category-entradas category-lo-mas-reciente category-universidades tag-chevening tag-reino-unido entry loop-default border_bottom_30\">\n<p class=\"entry_title\"><a title=\"Permalink to Convocatoria Chevening: Becas del gobierno de Reino Unido\" href=\"http:\/\/www.eloriente.net\/home\/2014\/10\/14\/convocatoria-chevening-becas-del-gobierno-de-reino-unido\/\" rel=\"bookmark\">Convocatoria Chevening: Becas del gobierno de Reino Unido<\/a><\/p>\n<p><a href=\"http:\/\/www.eloriente.net\/home\/2014\/10\/14\/convocatoria-chevening-becas-del-gobierno-de-reino-unido\/\" rel=\"bookmark\"><img decoding=\"async\" class=\"alignleft\" title=\"Convocatoria Chevening: Becas del gobierno de Reino Unido\" src=\"http:\/\/www.eloriente.net\/home\/wp-content\/themes\/city-desk\/timthumb.php?src=http%3A%2F%2Fwww.eloriente.net%2Fhome%2Fwp-content%2Fuploads%2F2014%2F10%2FUniversity-College-London.jpg&amp;q=90&amp;w=160&amp;h=106&amp;zc=1\" alt=\"Convocatoria Chevening: Becas del gobierno de Reino Unido\" \/><\/a>eloriente.net 14\/octubre\/2014 El programa Chevening otorga varias becas para maestr\u00eda en diferentes \u00e1reas, en prestigiosas universidades de Reino Unido, a l\u00edderes profesionales de varios pa\u00edses del mundo (M\u00e9xico incluido), con capacidad de decisi\u00f3n y formadores de opini\u00f3n, teniendo adem\u00e1s, la oportunidad de formar parte de una red global influyente y de gran prestigio. Algunas de [\u2026]<\/p>\n<p class=\"postmeta\"><span class=\"meta_date\">October 14, 2014<\/span><\/p>\n<p class=\"postmeta\">\n<\/div>\n<div id=\"post-32970\" class=\"post-32970 post type-post status-publish format-standard has-post-thumbnail hentry category-convocatorias category-derechos-humanos category-destacadas category-educacion-y-cultura category-entradas category-estados category-lo-mas-reciente category-oaxaca-estados category-salud category-universidades tag-cancer tag-cartel tag-concurso tag-convocatoria tag-diseno tag-oaxaca entry loop-default border_bottom_30\">\n<p class=\"entry_title\"><a title=\"Permalink to Convocatoria abierta para dise\u00f1ar Cartel Oaxaca contra el C\u00e1ncer\" href=\"http:\/\/www.eloriente.net\/home\/2014\/10\/09\/cartel-oaxaca-contra-el-cancer\/\" rel=\"bookmark\">Convocatoria abierta para dise\u00f1ar Cartel Oaxaca contra el C\u00e1ncer<\/a><\/p>\n<p><a href=\"http:\/\/www.eloriente.net\/home\/2014\/10\/09\/cartel-oaxaca-contra-el-cancer\/\" rel=\"bookmark\"><img decoding=\"async\" class=\"alignleft\" title=\"Convocatoria abierta para dise\u00f1ar Cartel Oaxaca contra el C\u00e1ncer\" src=\"http:\/\/www.eloriente.net\/home\/wp-content\/themes\/city-desk\/timthumb.php?src=http%3A%2F%2Fwww.eloriente.net%2Fhome%2Fwp-content%2Fuploads%2F2014%2F10%2FCartel-vs-C%C3%A1ncer.jpg&amp;q=90&amp;w=160&amp;h=106&amp;zc=1\" alt=\"Convocatoria abierta para dise\u00f1ar Cartel Oaxaca contra el C\u00e1ncer\" \/><\/a>eloriente.net 9\/octubre\/2014 La asociaci\u00f3n Oaxaca Contra el C\u00e1ncer A.C. lanza la convocatoria a dise\u00f1adores gr\u00e1ficos, estudiantes universitarios y artistas gr\u00e1ficos para el Concurso de Dise\u00f1o de Cartel de su campa\u00f1a para concientizar sobre la importancia de realizar diagn\u00f3sticos oportunos de esa enfermedad, bajo las siguientes BASES: Podr\u00e1n participar dise\u00f1adores gr\u00e1ficos profesionales, estudiantes de dise\u00f1o y [\u2026]<\/p>\n<p class=\"postmeta\"><span class=\"meta_date\">October 9, 2014<\/span><\/p>\n<p class=\"postmeta\">\n<\/div>\n<div id=\"post-32904\" class=\"post-32904 post type-post status-publish format-standard has-post-thumbnail hentry category-convocatorias category-distrito-federal category-educacion-y-cultura category-entradas category-lo-mas-reciente category-universidades tag-convocatorias-2 entry loop-default border_bottom_30\">\n<p class=\"entry_title\"><a title=\"Permalink to Concurso de Oposici\u00f3n Abierto \u2013 Facultad de Odontolog\u00eda UNAM\" href=\"http:\/\/www.eloriente.net\/home\/2014\/10\/07\/concurso-de-oposicion-abierto-facultad-de-odontologia-unam\/\" rel=\"bookmark\">Concurso de Oposici\u00f3n Abierto \u2013 Facultad de Odontolog\u00eda UNAM<\/a><\/p>\n<p><a href=\"http:\/\/www.eloriente.net\/home\/2014\/10\/07\/concurso-de-oposicion-abierto-facultad-de-odontologia-unam\/\" rel=\"bookmark\"><img decoding=\"async\" class=\"alignleft\" title=\"Concurso de Oposici\u00f3n Abierto \u2013 Facultad de Odontolog\u00eda UNAM\" src=\"http:\/\/www.eloriente.net\/home\/wp-content\/themes\/city-desk\/timthumb.php?src=http%3A%2F%2Fwww.eloriente.net%2Fhome%2Fwp-content%2Fuploads%2F2014%2F09%2FUNAM-scanudas1.jpg&amp;q=90&amp;w=160&amp;h=106&amp;zc=1\" alt=\"Concurso de Oposici\u00f3n Abierto \u2013 Facultad de Odontolog\u00eda UNAM\" \/><\/a>eloriente.net 7\/octubre\/2014 La Facultad de Odontolog\u00eda convoca a las personas que re\u00fanan los requisitos que se precisan en la presente convocatoria y en las disposiciones legales antes mencionadas, a participar en el concurso de oposici\u00f3n para ingreso o abierto a ocupar una plaza de Profesor de Carrera Titular \u201cA\u201d de tiempo completo, interino, en el [\u2026]<\/p>\n<p class=\"postmeta\"><span class=\"meta_date\">October 7, 2014<\/span><\/p>\n<\/div>\n\n\t\t\t  <div \n\t\t\t  \tclass = \"fb-comments\" \n\t\t\t  \tdata-href = \"http:\/\/www.eloriente.net\/home\/2014\/10\/16\/convocatoria-al-premio-internacional-andres-henestrosa-2014\/\"\n\t\t\t  \tdata-numposts = \"10\"\n\t\t\t\tdata-colorscheme = \"dark\"\n\t\t\t\tdata-order-by = \"social\"\n\t\t\t\tdata-mobile=true>\n\t\t\t  <\/div>\n\t\t  <style>\n\t\t\t.fb_iframe_widget_fluid_desktop iframe {\n\t\t\t    width: 100% !important;\n\t\t\t}\n\t\t  <\/style>\n\t\t  ","protected":false},"excerpt":{"rendered":"<p>eloriente.net 15\/octubre\/2014 Con el prop\u00f3sito de fomentar la preservaci\u00f3n de la memoria de las comunidades y pueblos\u00a0originarios de habla hispana mediante su obra narrativa y sus tradiciones orales, el Gobierno del\u00a0Estado de Oaxaca, a trav\u00e9s de la Secretar\u00eda de las Culturas y Artes de Oaxaca, y del Consejo\u00a0Nacional para la Cultura y las Artes convocan [&hellip;]<\/p>\n","protected":false},"author":1,"featured_media":33190,"comment_status":"open","ping_status":"open","sticky":false,"template":"","format":"standard","meta":{"_jetpack_memberships_contains_paid_content":false,"footnotes":""},"categories":[26,18,32,10],"tags":[2758,1468,2760,2759,458],"class_list":["post-33189","post","type-post","status-publish","format-standard","has-post-thumbnail","hentry","category-convocatorias","category-educacion-y-cultura","category-entradas","category-lo-mas-reciente","tag-andres-henestrosa","tag-cuento","tag-leyenda","tag-mito","tag-premio"],"jetpack_featured_media_url":"http:\/\/www.eloriente.net\/home\/wp-content\/uploads\/2014\/10\/Mitos-destacadosdela\u00f1o.jpg","jetpack_sharing_enabled":true,"_links":{"self":[{"href":"http:\/\/www.eloriente.net\/home\/wp-json\/wp\/v2\/posts\/33189"}],"collection":[{"href":"http:\/\/www.eloriente.net\/home\/wp-json\/wp\/v2\/posts"}],"about":[{"href":"http:\/\/www.eloriente.net\/home\/wp-json\/wp\/v2\/types\/post"}],"author":[{"embeddable":true,"href":"http:\/\/www.eloriente.net\/home\/wp-json\/wp\/v2\/users\/1"}],"replies":[{"embeddable":true,"href":"http:\/\/www.eloriente.net\/home\/wp-json\/wp\/v2\/comments?post=33189"}],"version-history":[{"count":4,"href":"http:\/\/www.eloriente.net\/home\/wp-json\/wp\/v2\/posts\/33189\/revisions"}],"predecessor-version":[{"id":33241,"href":"http:\/\/www.eloriente.net\/home\/wp-json\/wp\/v2\/posts\/33189\/revisions\/33241"}],"wp:featuredmedia":[{"embeddable":true,"href":"http:\/\/www.eloriente.net\/home\/wp-json\/wp\/v2\/media\/33190"}],"wp:attachment":[{"href":"http:\/\/www.eloriente.net\/home\/wp-json\/wp\/v2\/media?parent=33189"}],"wp:term":[{"taxonomy":"category","embeddable":true,"href":"http:\/\/www.eloriente.net\/home\/wp-json\/wp\/v2\/categories?post=33189"},{"taxonomy":"post_tag","embeddable":true,"href":"http:\/\/www.eloriente.net\/home\/wp-json\/wp\/v2\/tags?post=33189"}],"curies":[{"name":"wp","href":"https:\/\/api.w.org\/{rel}","templated":true}]}}