{"id":33206,"date":"2014-10-15T15:19:55","date_gmt":"2014-10-15T21:19:55","guid":{"rendered":"http:\/\/www.eloriente.net\/home\/?p=33206"},"modified":"2014-10-15T17:16:15","modified_gmt":"2014-10-15T23:16:15","slug":"sociedad-civil-de-oaxaca-representada-por-una-luz-mas","status":"publish","type":"post","link":"http:\/\/www.eloriente.net\/home\/2014\/10\/15\/sociedad-civil-de-oaxaca-representada-por-una-luz-mas\/","title":{"rendered":"Sociedad Civil representada por Una Luz M\u00e1s en Oaxaca"},"content":{"rendered":"<p>eloriente.net<\/p>\n<p>15\/octubre\/2014<\/p>\n<p>\u00abPor primera vez en a\u00f1os, un Presidente mencion\u00f3 en su discurso la importancia de incluir a las Personas con Discapacidad. Despu\u00e9s de a\u00f1os, estuvo presente en el evento m\u00e1s importante de Sociedad Civil en M\u00e9xico\u00bb es la apreciaci\u00f3n de Alejandra Silva Soriano, directora de la asociaci\u00f3n civil Una Luz M\u00e1s en Oaxaca. Alejandra fue una de las 25 j\u00f3venes seleccionadas por el Centro Mexicano para la Filantrop\u00eda (CEMEFI) para participar como ponente en el XII Encuentro Iberoamericano de Organizaciones de la Sociedad Civil.<\/p>\n<blockquote class=\"twitter-tweet\" lang=\"es\"><p>Voluntarias JLMC en el Xll Encuentro Iberoamericano de la Sociedad Civil <a href=\"https:\/\/twitter.com\/hashtag\/EISC_Puebla?src=hash\">#EISC_Puebla<\/a> <a href=\"https:\/\/twitter.com\/hashtag\/YoSoySCdeIberoamerica?src=hash\">#YoSoySCdeIberoamerica<\/a> <a href=\"http:\/\/t.co\/jnm720AJrR\">pic.twitter.com\/jnm720AJrR<\/a><\/p>\n<p>\u2014 Junior League M\u00e9xico (@JuniorLeagueMex) <a href=\"https:\/\/twitter.com\/JuniorLeagueMex\/status\/522422522332340224\">octubre 15, 2014<\/a><\/p><\/blockquote>\n<p><script src=\"\/\/platform.twitter.com\/widgets.js\" async=\"\" charset=\"utf-8\"><\/script>Este evento se celebr\u00f3 por primera vez en octubre de 1992, teniendo como sede la ciudad de C\u00e1ceres en Espa\u00f1a. Este primer Encuentro Iberoamericano fue promovido y organizado por el Centro Espa\u00f1ol de Fundaciones con el apoyo y la colaboraci\u00f3n de la Fundaci\u00f3n San Benito de Alc\u00e1ntara. Se convoc\u00f3 con el lema: I Encuentro de Fundaciones Iberoamericanas. El reto de la sociedad civil iberoamericana. En \u00e9l se puso de manifiesto la necesidad de establecer v\u00ednculos entre las fundaciones iberoamericanas.<\/p>\n<blockquote class=\"twitter-tweet\" lang=\"es\"><p>\nMesa 6 Pol\u00edticas p\u00fablicas para apoyar a personas con discapacidad. <a href=\"https:\/\/twitter.com\/hashtag\/EISC_Puebla?src=hash\">#EISC_Puebla<\/a> <a href=\"https:\/\/twitter.com\/hashtag\/YosoySCdeIberoamerica?src=hash\">#YosoySCdeIberoamerica<\/a> <a href=\"http:\/\/t.co\/jnGLpyz0Ik\">pic.twitter.com\/jnGLpyz0Ik<\/a> \u2014 Rake (@RaKe_Toquero) <a href=\"https:\/\/twitter.com\/RaKe_Toquero\/status\/522019460325343233\">octubre 14, 2014<\/a>\n<\/p><\/blockquote>\n<p><script src=\"\/\/platform.twitter.com\/widgets.js\" async=\"\" charset=\"utf-8\"><\/script><\/p>\n<p>El encuentro sirvi\u00f3 para constituir un comit\u00e9 permanente con un representante por cada uno de los pa\u00edses iberoamericanos representados, y un comit\u00e9 ejecutivo con la misi\u00f3n de encargarse de la convocatoria y la organizaci\u00f3n del siguiente Encuentro. Tambi\u00e9n se acord\u00f3 la realizaci\u00f3n de los Encuentros Iberoamericanos cada dos a\u00f1os y se cre\u00f3 una primera base de datos de fundaciones iberoamericanas y una red de contactos para intercambios de conocimientos y experiencias.<\/p>\n<blockquote class=\"twitter-tweet\" lang=\"es\"><p><a href=\"https:\/\/twitter.com\/AmigosSianKaan\">@AmigosSianKaan<\/a> representando a <a href=\"https:\/\/twitter.com\/hashtag\/QuintanaRoo?src=hash\">#QuintanaRoo<\/a> en el <a href=\"https:\/\/twitter.com\/hashtag\/EISC_Puebla?src=hash\">#EISC_Puebla<\/a> <a href=\"https:\/\/twitter.com\/CEMEFInforma\">@CEMEFInforma<\/a> <a href=\"https:\/\/twitter.com\/hashtag\/YoSoySCdeIberoamerica?src=hash\">#YoSoySCdeIberoamerica<\/a> <a href=\"http:\/\/t.co\/qtvyQHeDbF\">pic.twitter.com\/qtvyQHeDbF<\/a><\/p>\n<p>\u2014 Amigos (@AmigosSianKaan) <a href=\"https:\/\/twitter.com\/AmigosSianKaan\/status\/521709684441767936\">octubre 13, 2014<\/a><\/p><\/blockquote>\n<p><script src=\"\/\/platform.twitter.com\/widgets.js\" async=\"\" charset=\"utf-8\"><\/script><\/p>\n<p>Doce a\u00f1os despu\u00e9s, los Encuentros Iberoamericanos de la Sociedad Civil son un foro consolidado en expansi\u00f3n que est\u00e1 sirviendo para crear una intensa y extensa comunicaci\u00f3n y colaboraci\u00f3n entre las instituciones vinculadas a los Encuentros y para analizar y valorar sus aspiraciones y sus posibilidades de desarrollo, en un momento en que se reclama una mayor participaci\u00f3n de la sociedad civil. Se trata de una realidad que crece y se fortalece, como se dijo en una de las reuniones de su Consejo Directivo \u201cporque no tiene ninguna ambici\u00f3n de poder, sino de amistad, de conocimiento y de tolerancia, en aras de fines de inter\u00e9s general.\u201d<\/p>\n<p><a href=\"http:\/\/www.eloriente.net\/home\/wp-content\/uploads\/2014\/10\/ASS.jpg\"><img loading=\"lazy\" decoding=\"async\" class=\"alignnone size-medium wp-image-33207\" src=\"http:\/\/www.eloriente.net\/home\/wp-content\/uploads\/2014\/10\/ASS-300x300.jpg\" alt=\"ASS\" width=\"300\" height=\"300\" srcset=\"http:\/\/www.eloriente.net\/home\/wp-content\/uploads\/2014\/10\/ASS-300x300.jpg 300w, http:\/\/www.eloriente.net\/home\/wp-content\/uploads\/2014\/10\/ASS-150x150.jpg 150w, http:\/\/www.eloriente.net\/home\/wp-content\/uploads\/2014\/10\/ASS-50x50.jpg 50w, http:\/\/www.eloriente.net\/home\/wp-content\/uploads\/2014\/10\/ASS.jpg 960w\" sizes=\"(max-width: 300px) 100vw, 300px\" \/><\/a><\/p>\n<p>Foto: Alejandra Silva Soriano<\/p>\n<p><strong>Entradas relacionadas:<\/strong><\/p>\n<div id=\"post-33181\" class=\"post-33181 post type-post status-publish format-standard has-post-thumbnail hentry category-entradas category-lo-mas-reciente category-oaxaca-estados category-todo-oaxaca-radio tag-animacion tag-autoexploracion tag-cancer-de-mama tag-grupo-reto tag-oaxacacine tag-sanacion tag-tor tag-vidacuantica entry loop-default border_bottom_30\">\n<p class=\"entry_title\"><a title=\"Permalink to Escucha a Jorge Guerrero, Bibiana Pacheco e Isabel Rojas en Todo Oaxaca Radio 14\/Oct\/2014\" href=\"http:\/\/www.eloriente.net\/home\/2014\/10\/15\/escucha-a-jorge-guerrero-bibiana-pacheco-e-isabel-rojas-en-todo-oaxaca-radio-14oct2014\/\" rel=\"bookmark\">Escucha a Jorge Guerrero, Bibiana Pacheco e Isabel Rojas en Todo Oaxaca Radio 14\/Oct\/2014<\/a><\/p>\n<p><a href=\"http:\/\/www.eloriente.net\/home\/2014\/10\/15\/escucha-a-jorge-guerrero-bibiana-pacheco-e-isabel-rojas-en-todo-oaxaca-radio-14oct2014\/\" rel=\"bookmark\"><img decoding=\"async\" class=\"alignleft\" title=\"Escucha a Jorge Guerrero, Bibiana Pacheco e Isabel Rojas en Todo Oaxaca Radio 14\/Oct\/2014\" src=\"http:\/\/www.eloriente.net\/home\/wp-content\/themes\/city-desk\/timthumb.php?src=http%3A%2F%2Fwww.eloriente.net%2Fhome%2Fwp-content%2Fuploads%2F2014%2F10%2FP1010046.jpg&amp;q=90&amp;w=160&amp;h=106&amp;zc=1\" alt=\"Escucha a Jorge Guerrero, Bibiana Pacheco e Isabel Rojas en Todo Oaxaca Radio 14\/Oct\/2014\" \/><\/a>todooaxacaradio.com 14\/octubre\/2014 Como cada martes, en punto de las 17:00 horas se transmiti\u00f3 el programa Todo Oaxaca Radio completamente en vivo desde la Ciudad de Oaxaca de Ju\u00e1rez, a trav\u00e9s de las frecuencias abiertas 570 AM, 94.9 FM y para todo el mundo a trav\u00e9s de www.todooaxacaradio.com. El programa es conducido por Rub\u00e9n Vasconcelos Beltr\u00e1n, [\u2026]<\/p>\n<p class=\"postmeta\"><span class=\"meta_date\">October 15, 2014<\/span><\/p>\n<p class=\"postmeta\">\n<\/div>\n<div id=\"post-33163\" class=\"post-33163 post type-post status-publish format-standard has-post-thumbnail hentry category-entradas category-lo-mas-reciente category-municipios tag-arbol-del-tule tag-santa-maria-el-tule entry loop-default border_bottom_30\">\n<p class=\"entry_title\"><a title=\"Permalink to \u00c1rbol del Tule: El regalo del Rey Condoy\" href=\"http:\/\/www.eloriente.net\/home\/2014\/10\/15\/arbol-del-tule-el-regalo-del-rey-condoy\/\" rel=\"bookmark\">\u00c1rbol del Tule: El regalo del Rey Condoy<\/a><\/p>\n<p><a href=\"http:\/\/www.eloriente.net\/home\/2014\/10\/15\/arbol-del-tule-el-regalo-del-rey-condoy\/\" rel=\"bookmark\"><img decoding=\"async\" class=\"alignleft\" title=\"\u00c1rbol del Tule: El regalo del Rey Condoy\" src=\"http:\/\/www.eloriente.net\/home\/wp-content\/themes\/city-desk\/timthumb.php?src=http%3A%2F%2Fwww.eloriente.net%2Fhome%2Fwp-content%2Fuploads%2F2014%2F10%2FIMG_5459.jpg&amp;q=90&amp;w=160&amp;h=106&amp;zc=1\" alt=\"\u00c1rbol del Tule: El regalo del Rey Condoy\" \/><\/a>eloriente.net 15\/octubre\/2014 El Rey Condoy, m\u00edtico l\u00edder ancestral de la Naci\u00f3n Mixe, ven\u00eda de regreso de un viaje que hizo a Mitla, cuando se decidi\u00f3 a descansar un poco y clav\u00f3 su bast\u00f3n de mando en el sitio que hoy ocupa el \u00c1rbol del Tule. Esta leyenda prehisp\u00e1nica, contada por el Cronista de la comunidad, [\u2026]<\/p>\n<p class=\"postmeta\"><span class=\"meta_date\">October 15, 2014<\/span><\/p>\n<p class=\"postmeta\">\n<\/div>\n<div id=\"post-33162\" class=\"post-33162 post type-post status-publish format-standard has-post-thumbnail hentry category-educacion-y-cultura category-entradas category-lo-mas-reciente category-politica-y-gobierno category-universidades tag-ipn entry loop-default border_bottom_30\">\n<p class=\"entry_title\"><a title=\"Permalink to NO a elecci\u00f3n en IPN, al menos por el momento\" href=\"http:\/\/www.eloriente.net\/home\/2014\/10\/15\/no-a-eleccion-en-ipn-al-menos-por-el-momento\/\" rel=\"bookmark\">NO a elecci\u00f3n en IPN, al menos por el momento<\/a><\/p>\n<p><a href=\"http:\/\/www.eloriente.net\/home\/2014\/10\/15\/no-a-eleccion-en-ipn-al-menos-por-el-momento\/\" rel=\"bookmark\"><img decoding=\"async\" class=\"alignleft\" title=\"NO a elecci\u00f3n en IPN, al menos por el momento\" src=\"http:\/\/www.eloriente.net\/home\/wp-content\/themes\/city-desk\/timthumb.php?src=http%3A%2F%2Fwww.eloriente.net%2Fhome%2Fwp-content%2Fuploads%2F2014%2F10%2FEstudiantes-MaloMalverde.jpg&amp;q=90&amp;w=160&amp;h=106&amp;zc=1\" alt=\"NO a elecci\u00f3n en IPN, al menos por el momento\" \/><\/a>eloriente.net 15\/octubre\/2014 Despu\u00e9s de 14 d\u00edas de paro indefinido, la Secretar\u00eda de Educaci\u00f3n P\u00fablica dio respuesta ayer a las demandas de los estudiantes del Instituto Polit\u00e9cnico Nacional. El punto m\u00e1s importante, establecido en las resoluciones 3 y 6, demandaba: \u201cuna elecci\u00f3n inmediata de Director General, mediante el voto universal, libre, secreto y directo de alumnos, [\u2026]<\/p>\n<p class=\"postmeta\"><span class=\"meta_date\">October 15, 2014<\/span><\/p>\n<\/div>\n\n\t\t\t  <div \n\t\t\t  \tclass = \"fb-comments\" \n\t\t\t  \tdata-href = \"http:\/\/www.eloriente.net\/home\/2014\/10\/15\/sociedad-civil-de-oaxaca-representada-por-una-luz-mas\/\"\n\t\t\t  \tdata-numposts = \"10\"\n\t\t\t\tdata-colorscheme = \"dark\"\n\t\t\t\tdata-order-by = \"social\"\n\t\t\t\tdata-mobile=true>\n\t\t\t  <\/div>\n\t\t  <style>\n\t\t\t.fb_iframe_widget_fluid_desktop iframe {\n\t\t\t    width: 100% !important;\n\t\t\t}\n\t\t  <\/style>\n\t\t  ","protected":false},"excerpt":{"rendered":"<p>eloriente.net 15\/octubre\/2014 \u00abPor primera vez en a\u00f1os, un Presidente mencion\u00f3 en su discurso la importancia de incluir a las Personas con Discapacidad. Despu\u00e9s de a\u00f1os, estuvo presente en el evento m\u00e1s importante de Sociedad Civil en M\u00e9xico\u00bb es la apreciaci\u00f3n de Alejandra Silva Soriano, directora de la asociaci\u00f3n civil Una Luz M\u00e1s en Oaxaca. Alejandra [&hellip;]<\/p>\n","protected":false},"author":1,"featured_media":33207,"comment_status":"open","ping_status":"open","sticky":false,"template":"","format":"standard","meta":{"_jetpack_memberships_contains_paid_content":false,"footnotes":""},"categories":[18,32,10,24,464],"tags":[1431,2766],"class_list":["post-33206","post","type-post","status-publish","format-standard","has-post-thumbnail","hentry","category-educacion-y-cultura","category-entradas","category-lo-mas-reciente","category-mexico-y-el-mundo","category-oaxaca-estados","tag-alejandra-silva-soriano-2","tag-xii-encuentro-iberoamericano-de-organizaciones-de-la-sociedad-civil"],"jetpack_featured_media_url":"http:\/\/www.eloriente.net\/home\/wp-content\/uploads\/2014\/10\/ASS.jpg","jetpack_sharing_enabled":true,"_links":{"self":[{"href":"http:\/\/www.eloriente.net\/home\/wp-json\/wp\/v2\/posts\/33206"}],"collection":[{"href":"http:\/\/www.eloriente.net\/home\/wp-json\/wp\/v2\/posts"}],"about":[{"href":"http:\/\/www.eloriente.net\/home\/wp-json\/wp\/v2\/types\/post"}],"author":[{"embeddable":true,"href":"http:\/\/www.eloriente.net\/home\/wp-json\/wp\/v2\/users\/1"}],"replies":[{"embeddable":true,"href":"http:\/\/www.eloriente.net\/home\/wp-json\/wp\/v2\/comments?post=33206"}],"version-history":[{"count":3,"href":"http:\/\/www.eloriente.net\/home\/wp-json\/wp\/v2\/posts\/33206\/revisions"}],"predecessor-version":[{"id":33217,"href":"http:\/\/www.eloriente.net\/home\/wp-json\/wp\/v2\/posts\/33206\/revisions\/33217"}],"wp:featuredmedia":[{"embeddable":true,"href":"http:\/\/www.eloriente.net\/home\/wp-json\/wp\/v2\/media\/33207"}],"wp:attachment":[{"href":"http:\/\/www.eloriente.net\/home\/wp-json\/wp\/v2\/media?parent=33206"}],"wp:term":[{"taxonomy":"category","embeddable":true,"href":"http:\/\/www.eloriente.net\/home\/wp-json\/wp\/v2\/categories?post=33206"},{"taxonomy":"post_tag","embeddable":true,"href":"http:\/\/www.eloriente.net\/home\/wp-json\/wp\/v2\/tags?post=33206"}],"curies":[{"name":"wp","href":"https:\/\/api.w.org\/{rel}","templated":true}]}}