{"id":33210,"date":"2014-10-15T16:19:41","date_gmt":"2014-10-15T22:19:41","guid":{"rendered":"http:\/\/www.eloriente.net\/home\/?p=33210"},"modified":"2014-10-15T16:21:58","modified_gmt":"2014-10-15T22:21:58","slug":"224-mil-pesos-el-tope-para-precampanas-federales-iniciaran-10-de-enero","status":"publish","type":"post","link":"http:\/\/www.eloriente.net\/home\/2014\/10\/15\/224-mil-pesos-el-tope-para-precampanas-federales-iniciaran-10-de-enero\/","title":{"rendered":"224 mil pesos el tope para precampa\u00f1as federales; iniciar\u00e1n 10 de enero"},"content":{"rendered":"<p>eloriente.net\/<a href=\"http:\/\/www.ine.mx\/es\/web\/portal\/inicio\" target=\"_blank\">INE<\/a><\/p>\n<p>15 de octubre de 2014<\/p>\n<p>El Consejo General del Instituto Nacional Electoral (INE) aprob\u00f3 el periodo de precampa\u00f1as electorales para el Proceso Electoral Federal 2014-2015 que iniciar\u00e1 el d\u00eda 10 de enero y concluir\u00e1n a m\u00e1s tardar el d\u00eda 18 de febrero de 2015, as\u00ed como los procedimientos aplicables para selecci\u00f3n y registro de candidatos a diversos cargos.<\/p>\n<p>Al tomar la palabra el Consejero Presidente del INE, Lorenzo C\u00f3rdova,\u00a0 afirm\u00f3 que no puede obviarse el contexto en el que arranca el proceso electoral, pero tampoco puede politizarse el tema de la seguridad p\u00fablica.<\/p>\n<p>\u201cEl tema de la seguridad p\u00fablica es un tema, como bien se dec\u00eda, de Estado y es transversal a gobiernos y partidos pol\u00edticos, no caigamos de veras en la tentaci\u00f3n que de cara a las campa\u00f1as electorales politicemos un tema tan delicado; si ello ocurre, podemos encausar la elecci\u00f3n por derroteros indeseables\u201d, enfatiz\u00f3.<\/p>\n<p>Agreg\u00f3 que el INE y los actores pol\u00edticos est\u00e1n obligados a que la elecci\u00f3n trascienda ese contexto de violencia en los hechos.<\/p>\n<p>C\u00f3rdova Vianello aclar\u00f3 que el proceso electoral supone una enorme responsabilidad compartida de la autoridad electoral, de otros \u00f3rganos del Estado, en primera instancia de los \u00f3rganos federales y locales responsables de la seguridad p\u00fablica, pero tambi\u00e9n de los partidos pol\u00edticos, de los candidatos, de los medios de comunicaci\u00f3n y de la ciudadan\u00eda.<\/p>\n<p>\u201cEl INE est\u00e1 en contacto permanente con distintas instancias del Estado, somos un \u00f3rgano del Estado y entendemos cu\u00e1l es nuestro papel y la relaci\u00f3n con otros \u00f3rganos del Estado se ha hecho siempre, ejerciendo d\u00eda a d\u00eda nuestra autonom\u00eda, pero entendemos que autonom\u00eda no es \u201cautismo\u201d y por supuesto tenemos que seguir manteniendo dialogo permanente con otros \u00f3rganos del Estado, espec\u00edficamente por el tema que nos ocupa aqu\u00ed, con las instancias de seguridad\u201d, indic\u00f3.<\/p>\n<p>Reiter\u00f3 que blindar las elecciones es una responsabilidad compartida por lo que apel\u00f3 a cuidar las elecciones y el contexto en el que se realizan.<\/p>\n<p>\u201cHagamos de las elecciones lo que, creo, deben ser \u00e9stas en los contextos democr\u00e1ticos: La ruta privilegiada y civilizatoria para que una sociedad plural y diferente como la nuestra resuelva sus diferencias, sus controversias por la v\u00eda pac\u00edfica\u201d, dijo.<\/p>\n<p>Adem\u00e1s del proyecto que establece el periodo de precampa\u00f1as tambi\u00e9n acord\u00f3 los procedimientos aplicables para que los partidos pol\u00edticos\u00a0 determinen la selecci\u00f3n de sus candidatos, a m\u00e1s tardar el d\u00eda 18 de noviembre de 2014.<\/p>\n<p>En otro punto, el Consejo General del INE aprob\u00f3 el tope m\u00e1ximo de gastos de Precampa\u00f1a por Precandidato a Diputado para contender en el Proceso Electoral Federal 2014-2015 que asciende 224 mil 074.72 pesos.<\/p>\n<p>Durante la sesi\u00f3n extraordinaria, las consejeras y los consejeros discutieron el proyecto de acuerdo sobre el instructivo que deber\u00e1n observar los partidos pol\u00edticos nacionales que busquen formar coaliciones para la elecci\u00f3n de sus diputados por el principio de mayor\u00eda relativa en sus diversas modalidades.<\/p>\n<p>Los criterios establecidos en el Instructivo acordado\u00a0 son aplicables y obligatorios para las diversas modalidades de coalici\u00f3n previstas en la Ley General de Partidos Pol\u00edticos: coalici\u00f3n total, para postular 300 f\u00f3rmulas de candidatos a diputados de mayor\u00eda relativa, coalici\u00f3n parcial, para postular al menos 150 f\u00f3rmulas de candidatos a diputados de mayor\u00eda relativa y coalici\u00f3n flexible, para postular al menos 75 f\u00f3rmulas de candidatos a diputados de mayor\u00eda relativa.<\/p>\n<p>El convenio aprobado establece que ninguna otra modalidad de convenio de coalici\u00f3n, distinta a las se\u00f1aladas, podr\u00e1 celebrarse por los partidos pol\u00edticos.<\/p>\n<p>En otro punto, el Consejo General del INE aprob\u00f3 el tope m\u00e1ximo de gastos de Precampa\u00f1a por Precandidato a Diputado para contender en el Proceso Electoral Federal 2014-2015 que asciende 224 mil 074.72 pesos.<\/p>\n<p>&nbsp;<\/p>\n<p><a href=\"http:\/\/www.eloriente.net\/home\/wp-content\/uploads\/2014\/10\/14.jpg\"><img loading=\"lazy\" decoding=\"async\" class=\"alignnone size-medium wp-image-33211\" src=\"http:\/\/www.eloriente.net\/home\/wp-content\/uploads\/2014\/10\/14-300x231.jpg\" alt=\"14\" width=\"300\" height=\"231\" srcset=\"http:\/\/www.eloriente.net\/home\/wp-content\/uploads\/2014\/10\/14-300x231.jpg 300w, http:\/\/www.eloriente.net\/home\/wp-content\/uploads\/2014\/10\/14-1024x790.jpg 1024w\" sizes=\"(max-width: 300px) 100vw, 300px\" \/><\/a><\/p>\n<p><strong>OTRAS ENTRADAS:<\/strong><\/p>\n<div id=\"post-29261\" class=\"post-29261 post type-post status-publish format-standard has-post-thumbnail hentry category-comunicados-y-boletines category-congreso-y-justicia category-entradas category-estados category-oaxaca-estados category-politica-y-gobierno tag-congreso tag-desarrollo tag-diputados tag-pan tag-progreso tag-socialmente tag-utiles entry loop-default border_bottom_30\">\n<h2 class=\"entry_title\"><a title=\"Permalink to Exhorta Sergio Bello a diputados a ser socialmente \u00fatiles\" href=\"http:\/\/www.eloriente.net\/home\/2014\/07\/10\/exhorta-sergio-bello-a-diputados-a-ser-socialmente-utiles\/\" rel=\"bookmark\">Exhorta Sergio Bello a diputados a ser socialmente \u00fatiles<\/a><\/h2>\n<p><a href=\"http:\/\/www.eloriente.net\/home\/2014\/07\/10\/exhorta-sergio-bello-a-diputados-a-ser-socialmente-utiles\/\" rel=\"bookmark\"><img decoding=\"async\" class=\"alignleft\" title=\"Exhorta Sergio Bello a diputados a ser socialmente \u00fatiles\" src=\"http:\/\/www.eloriente.net\/home\/wp-content\/themes\/city-desk\/timthumb.php?src=http%3A%2F%2Fwww.eloriente.net%2Fhome%2Fwp-content%2Fuploads%2F2014%2F07%2FSergio-Bello-Por-Congreso.jpg&amp;q=90&amp;w=160&amp;h=106&amp;zc=1\" alt=\"Exhorta Sergio Bello a diputados a ser socialmente \u00fatiles\" \/><\/a>eloriente.net\/Congreso del Estado 10\/julio\/2014 \u201cHoy m\u00e1s que nunca es tiempo de sumar\u201d, afirm\u00f3 Sergio Andr\u00e9s Bello Guerra diputado local del Partido Acci\u00f3n Nacional (PAN) de la Sexag\u00e9sima Segunda Legislatura, al exhortar a los diputados a ser socialmente \u00fatiles para coadyuvar en el desarrollo y progreso de Oaxaca. Asever\u00f3 que a la fecha, el Congreso del [\u2026]<\/p>\n<p class=\"postmeta\">\n<p class=\"postmeta\"><span class=\"meta_date\">July 10, 2014<\/span><\/p>\n<\/div>\n<div id=\"post-29241\" class=\"post-29241 post type-post status-publish format-standard has-post-thumbnail hentry category-entradas category-estados category-lo-mas-reciente category-politica-y-gobierno category-principal tag-celular tag-diputados tag-ley tag-radio tag-senadores tag-telecomunicaciones tag-television entry loop-default border_bottom_30\">\n<h2 class=\"entry_title\"><a title=\"Permalink to Aprueban diputados ley de telecomunicaciones; consulta aqu\u00ed dictamen\" href=\"http:\/\/www.eloriente.net\/home\/2014\/07\/09\/aprueban-diputados-ley-de-telecomunicaciones-consulta-aqui-dictamen\/\" rel=\"bookmark\">Aprueban diputados ley de telecomunicaciones; consulta aqu\u00ed dictamen<\/a><\/h2>\n<p><a href=\"http:\/\/www.eloriente.net\/home\/2014\/07\/09\/aprueban-diputados-ley-de-telecomunicaciones-consulta-aqui-dictamen\/\" rel=\"bookmark\"><img decoding=\"async\" class=\"alignleft\" title=\"Aprueban diputados ley de telecomunicaciones; consulta aqu\u00ed dictamen\" src=\"http:\/\/www.eloriente.net\/home\/wp-content\/themes\/city-desk\/timthumb.php?src=http%3A%2F%2Fwww.eloriente.net%2Fhome%2Fwp-content%2Fuploads%2F2013%2F12%2Fusing-smartphone-low.jpg&amp;q=90&amp;w=160&amp;h=106&amp;zc=1\" alt=\"Aprueban diputados ley de telecomunicaciones; consulta aqu\u00ed dictamen\" \/><\/a>eloriente.net 9\/julio\/2014 \u00a0 Video:\u00a0C\u00e1mara de Diputados \u00a0 Esta ma\u00f1ana, la C\u00e1mara de Diputados aprob\u00f3 el dictamen con proyecto de decreto que\u00a0expide la Ley Federal de Telecomunicaciones y Radiodifusi\u00f3n; y la Ley del Sistema P\u00fablico del Estado Mexicano. Adem\u00e1s se reforma, adiciona y deroga diversas disposiciones en materia de telecomunicaciones y radiodifusi\u00f3n. El documento fue turnado [\u2026]<\/p>\n<p class=\"postmeta\"><span class=\"meta_date\">July 9, 2014<\/span><\/p>\n<\/div>\n\n\t\t\t  <div \n\t\t\t  \tclass = \"fb-comments\" \n\t\t\t  \tdata-href = \"http:\/\/www.eloriente.net\/home\/2014\/10\/15\/224-mil-pesos-el-tope-para-precampanas-federales-iniciaran-10-de-enero\/\"\n\t\t\t  \tdata-numposts = \"10\"\n\t\t\t\tdata-colorscheme = \"dark\"\n\t\t\t\tdata-order-by = \"social\"\n\t\t\t\tdata-mobile=true>\n\t\t\t  <\/div>\n\t\t  <style>\n\t\t\t.fb_iframe_widget_fluid_desktop iframe {\n\t\t\t    width: 100% !important;\n\t\t\t}\n\t\t  <\/style>\n\t\t  ","protected":false},"excerpt":{"rendered":"<p>eloriente.net\/INE 15 de octubre de 2014 El Consejo General del Instituto Nacional Electoral (INE) aprob\u00f3 el periodo de precampa\u00f1as electorales para el Proceso Electoral Federal 2014-2015 que iniciar\u00e1 el d\u00eda 10 de enero y concluir\u00e1n a m\u00e1s tardar el d\u00eda 18 de febrero de 2015, as\u00ed como los procedimientos aplicables para selecci\u00f3n y registro de [&hellip;]<\/p>\n","protected":false},"author":1,"featured_media":33211,"comment_status":"open","ping_status":"open","sticky":false,"template":"","format":"standard","meta":{"_jetpack_memberships_contains_paid_content":false,"footnotes":""},"categories":[1588,49,71,32,63,24,21,31],"tags":[],"class_list":["post-33210","post","type-post","status-publish","format-standard","has-post-thumbnail","hentry","category-comunicados-y-boletines","category-destacadas","category-elecciones","category-entradas","category-estados","category-mexico-y-el-mundo","category-politica-y-gobierno","category-principal"],"jetpack_featured_media_url":"http:\/\/www.eloriente.net\/home\/wp-content\/uploads\/2014\/10\/14.jpg","jetpack_sharing_enabled":true,"_links":{"self":[{"href":"http:\/\/www.eloriente.net\/home\/wp-json\/wp\/v2\/posts\/33210"}],"collection":[{"href":"http:\/\/www.eloriente.net\/home\/wp-json\/wp\/v2\/posts"}],"about":[{"href":"http:\/\/www.eloriente.net\/home\/wp-json\/wp\/v2\/types\/post"}],"author":[{"embeddable":true,"href":"http:\/\/www.eloriente.net\/home\/wp-json\/wp\/v2\/users\/1"}],"replies":[{"embeddable":true,"href":"http:\/\/www.eloriente.net\/home\/wp-json\/wp\/v2\/comments?post=33210"}],"version-history":[{"count":1,"href":"http:\/\/www.eloriente.net\/home\/wp-json\/wp\/v2\/posts\/33210\/revisions"}],"predecessor-version":[{"id":33213,"href":"http:\/\/www.eloriente.net\/home\/wp-json\/wp\/v2\/posts\/33210\/revisions\/33213"}],"wp:featuredmedia":[{"embeddable":true,"href":"http:\/\/www.eloriente.net\/home\/wp-json\/wp\/v2\/media\/33211"}],"wp:attachment":[{"href":"http:\/\/www.eloriente.net\/home\/wp-json\/wp\/v2\/media?parent=33210"}],"wp:term":[{"taxonomy":"category","embeddable":true,"href":"http:\/\/www.eloriente.net\/home\/wp-json\/wp\/v2\/categories?post=33210"},{"taxonomy":"post_tag","embeddable":true,"href":"http:\/\/www.eloriente.net\/home\/wp-json\/wp\/v2\/tags?post=33210"}],"curies":[{"name":"wp","href":"https:\/\/api.w.org\/{rel}","templated":true}]}}