{"id":33218,"date":"2014-10-15T17:32:21","date_gmt":"2014-10-15T23:32:21","guid":{"rendered":"http:\/\/www.eloriente.net\/home\/?p=33218"},"modified":"2014-10-16T09:35:51","modified_gmt":"2014-10-16T15:35:51","slug":"el-veneno-en-silencio-merodea-francisco-hernandez-premiado-poeta-2014","status":"publish","type":"post","link":"http:\/\/www.eloriente.net\/home\/2014\/10\/15\/el-veneno-en-silencio-merodea-francisco-hernandez-premiado-poeta-2014\/","title":{"rendered":"\u00abEl veneno en silencio merodea: Francisco Hern\u00e1ndez, premiado Poeta 2014"},"content":{"rendered":"<p>eloriente.net\/<a href=\"http:\/\/www.agencian22.mx\" target=\"_blank\">N22<\/a><\/p>\n<p>15 de octubre de 2014<br \/>\n<iframe loading=\"lazy\" src=\"\/\/www.youtube.com\/embed\/XcozIkE8fWw\" width=\"420\" height=\"315\" frameborder=\"0\" allowfullscreen=\"allowfullscreen\"><\/iframe><\/p>\n<p><strong>P<\/strong>romovido por el Seminario de Cultura Mexicana, en colaboraci\u00f3n con el gobierno del estado de Aguascalientes, el Encuentro de Poetas del Mundo Latino llega a su XVI\u00a0edici\u00f3n y otorga el Premio de Poes\u00eda \u201cPoetas del Mundo Latino V\u00edctor Sandoval\u201d 2014, galard\u00f3n concedido por el Seminario de Cultura Mexicana y el Gobierno del Estado de Aguascalientes, al poeta portugu\u00e9s Nuno J\u00fadice, Premio Reina Sof\u00eda de Poes\u00eda Iberoamericana 2013 y al poeta mexicano Francisco Hern\u00e1ndez, Premio Nacional de Ciencias y Artes 2012.<\/p>\n<p>El Encuentro, se\u00f1alado como el festival de poes\u00eda de mayor tradici\u00f3n en nuestro pa\u00eds, se llevar\u00e1 a cabo del 23 al 1 de octubre de 2014 en la Ciudad de M\u00e9xico y en Aguascalientes con una extensi\u00f3n en San Luis Potos\u00ed el 31 de octubre y 1 de noviembre. Durante la ceremonia inaugural a efectuarse el lunes 27 de octubre en la Universidad de las Artes de Aguascalientes y en la que participar\u00e1n autoridades del gobierno de Aguascalientes y la maestra Silvia Molina, presidenta del Seminario de Cultura Mexicana, se entregar\u00e1 el \u201cPremio Jaime Sabines-Gatien Lapointe 2014\u201d, galard\u00f3n concedido por el Seminario de Cultura Mexicana y el Festival Internacional de Poes\u00eda de Trois-Rivi\u00e8res, Qu\u00e9bec, al poeta haitiano-quebequense Anthony Phelps.<\/p>\n<p>Durante la clausura, que se efectuar\u00e1 el 30 de octubre en Aguascalientes en el Museo Jos\u00e9 Guadalupe Posada, se har\u00e1 la entrega del Premio de Poes\u00eda \u201cPoetas del Mundo Latino V\u00edctor Sandoval 2014\u201d, por parte de representantes de las instituciones que lo conceden, el Seminario de Cultura Mexicana y el Gobierno del Estado de Aguascalientes, al poeta portugu\u00e9s Nuno J\u00fadice y al poeta mexicano Francisco Hern\u00e1ndez, ambos, considerados como de las m\u00e1s importantes figuras de las letras de su pa\u00eds.<\/p>\n<p>Al respecto, afirm\u00f3 la Presidenta del Seminario, la escritora Silvia Molina: \u201cEstamos muy orgullosos de llevar adelante este Encuentro con la presencia y reconocimiento de dos grandes figuras de la poes\u00eda hispanoamericana, Nuno J\u00fadice, considerado el escritor vivo m\u00e1s importante en Portugal y Francisco Hern\u00e1ndez, uno de los poetas m\u00e1s s\u00f3lidos de su generaci\u00f3n y de la poes\u00eda mexicana contempor\u00e1nea. De esta manera se consolida el prestigio de este Festival y el Premio de Poes\u00eda Poetas del Mundo Latino V\u00edctor Sandoval se posiciona como uno de los m\u00e1s importantes en M\u00e9xico.<\/p>\n<p>\u201cAsimismo, con la concesi\u00f3n del Premio Jaime Sabines-Gatien Lapointe 2014, es un gusto reafirmar el conocimiento en M\u00e9xico de la poes\u00eda del poeta haitiano quebequense Anthony Phelps cuya presencia es de gran relevancia en el \u00e1mbito de la di\u00e1spora y resistencia haitianas y de la francofon\u00eda, lo cual tambi\u00e9n fortalece los reconocimientos otorgados por el Seminario en el marco del Encuentro\u201d.<\/p>\n<p>Sobre su distinci\u00f3n, el maestro Nuno J\u00fadice afirm\u00f3: \u201cUn premio de esta importancia, atribuido por un pa\u00eds de gran tradici\u00f3n en la poes\u00eda del siglo XX y que contin\u00faa teniendo una presencia significativa en la poes\u00eda actual, es un reconocimiento que s\u00f3lo puede estimular mi trabajo po\u00e9tico. Conozco este premio y su relevancia internacional porque particip\u00e9 en el Encuentro del Mundo Latino cuando le fue atribuido el premio (2008) al brasile\u00f1o Ledo Ivo, a quien rindo homenaje, y quien fue una de los grandes poetas de la lengua portuguesa, y del que tuve el privilegio de ser amigo.\u201d<\/p>\n<p>Por su parte, respecto de este reconocimiento, el maestro Francisco Hern\u00e1ndez dijo: \u201cMerecidos o no, todos los premios son un se\u00f1alamiento. Y siempre me he sentido muy agradecido por recibirlos. \u00c9ste, en especial, me recuerda la primera vez que concurs\u00e9 y gan\u00e9. Fue el entonces Premio Nacional de Poes\u00eda Aguascalientes de 1982 y la persona que me recibi\u00f3 y estuvo siempre presente fue don V\u00edctor Sandoval. No se me olvida don V\u00edctor. Ahora, gran satisfacci\u00f3n me provoca este premio que lleva su nombre y nos lo fija en la memoria. Gusto tambi\u00e9n y mucho, me da compartir esta distinci\u00f3n con el poeta portugu\u00e9s Nuno J\u00fadice\u201d.<\/p>\n<p>El Premio de Poes\u00eda del Mundo Latino V\u00edctor Sandoval fue instaurado en 2007 con el fin de honrar la trayectoria del maestro V\u00edctor Sandoval (1929-2013), poeta y gran creador de instituciones culturales a lo largo de la Rep\u00fablica Mexicana, y consiste en 125 mil pesos otorgados a cada galardonado.<\/p>\n<p>Concedido anualmente a un poeta mexicano y a un poeta del orbe latino, esta emisi\u00f3n de 2014 tuvo como jurado a Piedad Bonnett, Hugo Guti\u00e9rrez Vega, Eduardo Lizalde, Elva Mac\u00edas, Luis Garc\u00eda Montero, Joan Margarit y Juan Manuel Roca.<\/p>\n<p>&#8212; Como recurso, ELORIENTE.NET te comparte estos versos magn\u00edficos de Hern\u00e1ndez y, si das click sobre la imagen siguiente, enl\u00e1zate al Material de Lectura del poeta:<\/p>\n<p><a href=\"http:\/\/www.eloriente.net\/home\/wp-content\/uploads\/2014\/10\/Captura-de-pantalla-2014-10-15-a-las-18.25.53.png\"><img loading=\"lazy\" decoding=\"async\" class=\" wp-image-33219 aligncenter\" src=\"http:\/\/www.eloriente.net\/home\/wp-content\/uploads\/2014\/10\/Captura-de-pantalla-2014-10-15-a-las-18.25.53-223x300.png\" alt=\"poema C\u00f3mo cantarte, Di\u00f3tima, sin vino Francisco Hern\u00e1ndez, Material de Lectura\" width=\"229\" height=\"308\" srcset=\"http:\/\/www.eloriente.net\/home\/wp-content\/uploads\/2014\/10\/Captura-de-pantalla-2014-10-15-a-las-18.25.53-223x300.png 223w, http:\/\/www.eloriente.net\/home\/wp-content\/uploads\/2014\/10\/Captura-de-pantalla-2014-10-15-a-las-18.25.53.png 396w\" sizes=\"(max-width: 229px) 100vw, 229px\" \/><\/a><\/p>\n<p><strong>OTRAS ENTRADAS:<\/strong><\/p>\n<div id=\"post-31840\" class=\"post-31840 post type-post status-publish format-standard has-post-thumbnail hentry category-juevesdecineyseries category-cine category-entradas category-lo-mas-reciente tag-juevesdecineyseries tag-dead-poets-society tag-la-sociedad-de-los-poetas-muertos entry loop-default border_bottom_30\">\n<h2 class=\"entry_title\"><a title=\"Permalink to Carpe Diem con \u201cLa Sociedad de los Poetas Muertos\u201d #JuevesdeCineySeries\" href=\"http:\/\/www.eloriente.net\/home\/2014\/09\/04\/carpe-diem-con-la-sociedad-de-los-poetas-muertos-juevesdecineyseries\/\" rel=\"bookmark\">Carpe Diem con \u201cLa Sociedad de los Poetas Muertos\u201d #JuevesdeCineySeries<\/a><\/h2>\n<p><a href=\"http:\/\/www.eloriente.net\/home\/2014\/09\/04\/carpe-diem-con-la-sociedad-de-los-poetas-muertos-juevesdecineyseries\/\" rel=\"bookmark\"><img decoding=\"async\" class=\"alignleft\" title=\"Carpe Diem con \u201cLa Sociedad de los Poetas Muertos\u201d #JuevesdeCineySeries\" src=\"http:\/\/www.eloriente.net\/home\/wp-content\/themes\/city-desk\/timthumb.php?src=http%3A%2F%2Fwww.eloriente.net%2Fhome%2Fwp-content%2Fuploads%2F2014%2F09%2FWalt-Whitman-Marcelo-Noah.jpg&amp;q=90&amp;w=160&amp;h=106&amp;zc=1\" alt=\"Carpe Diem con \u201cLa Sociedad de los Poetas Muertos\u201d #JuevesdeCineySeries\" \/><\/a>eloriente.net 4\/septiembre\/2014 A pocos d\u00edas de cumplirse un mes del fallecimiento del actor Robin Williams, hoy en nuestro #JuevesdeCineySeries, retomamos uno de los primeros \u00e9xitos en la pantalla grande del actor estadounidense: \u201cDead Poets Society\u201d o \u201cLa Sociedad de los Poetas Muertos\u201d. En este largometraje, Williams interpreta al Profesor de literatura, John Keating quien en [\u2026]<\/p>\n<p class=\"postmeta\"><span class=\"meta_date\">September 4, 2014<\/span><\/p>\n<\/div>\n<div id=\"post-31689\" class=\"post-31689 post type-post status-publish format-standard has-post-thumbnail hentry category-educacion-y-cultura category-entradas category-lo-mas-reciente tag-avance tag-literatura tag-mexico tag-progreso tag-sergio-gonzalez-rodriguez entry loop-default border_bottom_30\">\n<h2 class=\"entry_title\"><a title=\"Permalink to En M\u00e9xico no mejoramos desde hace 40 a\u00f1os: Sergio Gonz\u00e1lez Rodr\u00edguez\" href=\"http:\/\/www.eloriente.net\/home\/2014\/08\/31\/en-mexico-no-mejoramos-desde-hace-40-anos-sergio-gonzalez-rodriguez\/\" rel=\"bookmark\">En M\u00e9xico no mejoramos desde hace 40 a\u00f1os: Sergio Gonz\u00e1lez Rodr\u00edguez<\/a><\/h2>\n<p><a href=\"http:\/\/www.eloriente.net\/home\/2014\/08\/31\/en-mexico-no-mejoramos-desde-hace-40-anos-sergio-gonzalez-rodriguez\/\" rel=\"bookmark\"><img decoding=\"async\" class=\"alignleft\" title=\"En M\u00e9xico no mejoramos desde hace 40 a\u00f1os: Sergio Gonz\u00e1lez Rodr\u00edguez\" src=\"http:\/\/www.eloriente.net\/home\/wp-content\/themes\/city-desk\/timthumb.php?src=http%3A%2F%2Fwww.eloriente.net%2Fhome%2Fwp-content%2Fuploads%2F2014%2F08%2FSGR-N22.jpg&amp;q=90&amp;w=160&amp;h=106&amp;zc=1\" alt=\"En M\u00e9xico no mejoramos desde hace 40 a\u00f1os: Sergio Gonz\u00e1lez Rodr\u00edguez\" \/><\/a>eloriente.net \/ Agencia N22 31\/agosto\/2014 Por\u00a0Perla Vel\u00e1zquez El ensayista, desde Campeche, propone crear el concepto de Anestado para describir al Estado mexicano, donde la ilegalidad es un modus vivendi que hay que reconocer Antes de estudiar Letras, Sergio fue bajista de la banda Enigma, la cual form\u00f3 con su hermano. Su primer \u00e1lbum est\u00e1 considerado [\u2026]<\/p>\n<p class=\"postmeta\"><span class=\"meta_date\">August 31, 2014<\/span><\/p>\n<\/div>\n<div id=\"post-31310\" class=\"post-31310 post type-post status-publish format-standard has-post-thumbnail hentry category-educacion-y-cultura category-entradas category-especiales tag-hasta-aqui tag-hernan-bravo-varela tag-poesia entry loop-default border_bottom_30\">\n<h2 class=\"entry_title\"><a title=\"Permalink to Lee aqu\u00ed un fragmento de \u201cHasta aqu\u00ed\u201d, de Hern\u00e1n Bravo Varela\" href=\"http:\/\/www.eloriente.net\/home\/2014\/08\/24\/lee-aqui-un-fragmento-de-hasta-aqui-de-hernan-bravo-varela\/\" rel=\"bookmark\">Lee aqu\u00ed un fragmento de \u201cHasta aqu\u00ed\u201d, de Hern\u00e1n Bravo Varela<\/a><\/h2>\n<p><a href=\"http:\/\/www.eloriente.net\/home\/2014\/08\/24\/lee-aqui-un-fragmento-de-hasta-aqui-de-hernan-bravo-varela\/\" rel=\"bookmark\"><img decoding=\"async\" class=\"alignleft\" title=\"Lee aqu\u00ed un fragmento de \u201cHasta aqu\u00ed\u201d, de Hern\u00e1n Bravo Varela\" src=\"http:\/\/www.eloriente.net\/home\/wp-content\/themes\/city-desk\/timthumb.php?src=http%3A%2F%2Fwww.eloriente.net%2Fhome%2Fwp-content%2Fuploads%2F2014%2F08%2FHern%C3%A1n-Bravo-Varela.jpg&amp;q=90&amp;w=160&amp;h=106&amp;zc=1\" alt=\"Lee aqu\u00ed un fragmento de \u201cHasta aqu\u00ed\u201d, de Hern\u00e1n Bravo Varela\" \/><\/a>eloriente.net 24\/agosto\/2014 Editorial Almad\u00eda, ha publicado la obra \u201cHasta aqu\u00ed\u201d del poeta zacatecano Hern\u00e1n Bravo Varela: Poemas que son cuadros en una galer\u00eda desierta. Retrato urgentes de vidas. Hasta aqu\u00ed, dice el poeta. Y se refiere al lugar a donde llegamos, de donde partimos, donde quisi\u00e9ramos estar. En los escenarios de la extranjer\u00eda y lo [\u2026]<\/p>\n<p class=\"postmeta\"><span class=\"meta_date\">August 24, 2014<\/span><\/p>\n<\/div>\n\n\t\t\t  <div \n\t\t\t  \tclass = \"fb-comments\" \n\t\t\t  \tdata-href = \"http:\/\/www.eloriente.net\/home\/2014\/10\/15\/el-veneno-en-silencio-merodea-francisco-hernandez-premiado-poeta-2014\/\"\n\t\t\t  \tdata-numposts = \"10\"\n\t\t\t\tdata-colorscheme = \"dark\"\n\t\t\t\tdata-order-by = \"social\"\n\t\t\t\tdata-mobile=true>\n\t\t\t  <\/div>\n\t\t  <style>\n\t\t\t.fb_iframe_widget_fluid_desktop iframe {\n\t\t\t    width: 100% !important;\n\t\t\t}\n\t\t  <\/style>\n\t\t  ","protected":false},"excerpt":{"rendered":"<p>eloriente.net\/N22 15 de octubre de 2014 Promovido por el Seminario de Cultura Mexicana, en colaboraci\u00f3n con el gobierno del estado de Aguascalientes, el Encuentro de Poetas del Mundo Latino llega a su XVI\u00a0edici\u00f3n y otorga el Premio de Poes\u00eda \u201cPoetas del Mundo Latino V\u00edctor Sandoval\u201d 2014, galard\u00f3n concedido por el Seminario de Cultura Mexicana y [&hellip;]<\/p>\n","protected":false},"author":1,"featured_media":33238,"comment_status":"open","ping_status":"open","sticky":false,"template":"","format":"standard","meta":{"_jetpack_memberships_contains_paid_content":false,"footnotes":""},"categories":[6,32,10,24],"tags":[],"class_list":["post-33218","post","type-post","status-publish","format-standard","has-post-thumbnail","hentry","category-canal-4-especiales","category-entradas","category-lo-mas-reciente","category-mexico-y-el-mundo"],"jetpack_featured_media_url":"http:\/\/www.eloriente.net\/home\/wp-content\/uploads\/2014\/10\/Captura-de-pantalla-2014-10-16-a-las-10.34.04.png","jetpack_sharing_enabled":true,"_links":{"self":[{"href":"http:\/\/www.eloriente.net\/home\/wp-json\/wp\/v2\/posts\/33218"}],"collection":[{"href":"http:\/\/www.eloriente.net\/home\/wp-json\/wp\/v2\/posts"}],"about":[{"href":"http:\/\/www.eloriente.net\/home\/wp-json\/wp\/v2\/types\/post"}],"author":[{"embeddable":true,"href":"http:\/\/www.eloriente.net\/home\/wp-json\/wp\/v2\/users\/1"}],"replies":[{"embeddable":true,"href":"http:\/\/www.eloriente.net\/home\/wp-json\/wp\/v2\/comments?post=33218"}],"version-history":[{"count":1,"href":"http:\/\/www.eloriente.net\/home\/wp-json\/wp\/v2\/posts\/33218\/revisions"}],"predecessor-version":[{"id":33220,"href":"http:\/\/www.eloriente.net\/home\/wp-json\/wp\/v2\/posts\/33218\/revisions\/33220"}],"wp:featuredmedia":[{"embeddable":true,"href":"http:\/\/www.eloriente.net\/home\/wp-json\/wp\/v2\/media\/33238"}],"wp:attachment":[{"href":"http:\/\/www.eloriente.net\/home\/wp-json\/wp\/v2\/media?parent=33218"}],"wp:term":[{"taxonomy":"category","embeddable":true,"href":"http:\/\/www.eloriente.net\/home\/wp-json\/wp\/v2\/categories?post=33218"},{"taxonomy":"post_tag","embeddable":true,"href":"http:\/\/www.eloriente.net\/home\/wp-json\/wp\/v2\/tags?post=33218"}],"curies":[{"name":"wp","href":"https:\/\/api.w.org\/{rel}","templated":true}]}}