{"id":33368,"date":"2014-10-21T10:21:49","date_gmt":"2014-10-21T16:21:49","guid":{"rendered":"http:\/\/www.eloriente.net\/home\/?p=33368"},"modified":"2014-10-21T10:21:49","modified_gmt":"2014-10-21T16:21:49","slug":"on-line-los-derechos-humanos-en-oaxaca","status":"publish","type":"post","link":"http:\/\/www.eloriente.net\/home\/2014\/10\/21\/on-line-los-derechos-humanos-en-oaxaca\/","title":{"rendered":"\u00abOn-line\u00bb los Derechos Humanos en Oaxaca"},"content":{"rendered":"<p>eloriente.net \/ <a href=\"http:\/\/tribunaloax.gob.mx\/\" target=\"_blank\">Tribunal Superior de Justicia<\/a><\/p>\n<p>21\/octubre\/2014<\/p>\n<p>\u201cLos Derechos Humanos son el conjunto de prerrogativas inherentes a la naturaleza de la persona, cuya realizaci\u00f3n efectiva resulta indispensable para el desarrollo integral del individuo que vive en una sociedad jur\u00eddicamente organizada. Estos derechos, establecidos en la Constituci\u00f3n y en las leyes, deben ser reconocidos y garantizados por el Estado\u201d; de acuerdo a la definici\u00f3n, se conciben como los derechos m\u00ednimos para que toda persona pueda desenvolverse en la sociedad y estos deben estar garantizados por el Estado y sus instituciones.<\/p>\n<p>Por esta raz\u00f3n la Direcci\u00f3n de Derechos Humanos del Poder Judicial de Oaxaca, ha puesto en l\u00ednea su sitio web a trav\u00e9s de la siguiente direcci\u00f3n <a href=\"http:\/\/dh.tribunaloax.gob.mx\/Contenido\/Inicio?id=1\" target=\"_blank\">dh.tribunaloax.gob.mx<\/a> con el objetivo de ofrecer contenidos sobre los diferentes Sistemas de Protecci\u00f3n a los Derechos Humanos como son el Universal, Interamericano, Europeo, Africano, Nacional y Estatal; tambi\u00e9n se encuentran disponibles definiciones b\u00e1sicas relativas a los Derechos Humanos y sus Principios; temas espec\u00edficos como la Trata de Personas, los Derechos de las Mujeres, Derechos de las Personas con Discapacidad, y Derechos de las Personas de los Pueblos Originarios, as\u00ed como Principios del Derecho Internacional de los Derechos Humanos y Derecho Internacional Humanitario.<\/p>\n<p>Asimismo, para los amantes y estudiosos del derecho, incluye el acceso al buscador jur\u00eddico de la Suprema Corte\u00a0de Justicia de la Naci\u00f3n en materia de derechos humanos, un apartado de\u00a0fechas conmemorativas, cursos en l\u00ednea y bibliotecas virtuales\u00a0especializadas, adem\u00e1s de material que se ha editado con motivo de la\u00a0campa\u00f1a \u00danete-D\u00eda Naranja, iniciativa que busca combatir cualquier tipo de violencia contra las mujeres; el sitio presenta tambi\u00e9n ejemplares digitales de la revista\u00a0\u201cPerspectiva en Derechos Humanos\u201d emitida por el organismo, conferencias, cursos en l\u00ednea gratuitos, talleres y varias referencias de contenido sobre el tema.<\/p>\n<p>Entre los cursos en l\u00ednea, podemos encontrar material de la Organizaci\u00f3n de las Naciones Unidas, el Instituto Interamericano de Derechos Humanos, Instituto Nacional de las Mujeres, Consejo Nacional para Prevenir la Discriminaci\u00f3n, entre otros.<\/p>\n<p>Una alternativa acorde a nuestros tiempos, que permitir\u00e1n acercar material de consulta y apoyo que contribuya al fortalecimiento de las garant\u00edas individuales en materia de los Derechos Humanos y todas las ramas que de estos se desprenden a toda la sociedad oaxaque\u00f1a, mexicana y del mundo.<\/p>\n<p><a href=\"http:\/\/www.eloriente.net\/home\/wp-content\/uploads\/2014\/10\/p\u00e1ginawebdh.jpg\"><img loading=\"lazy\" decoding=\"async\" class=\"alignnone size-medium wp-image-33369\" src=\"http:\/\/www.eloriente.net\/home\/wp-content\/uploads\/2014\/10\/p\u00e1ginawebdh-300x190.jpg\" alt=\"p\u00e1ginawebdh\" width=\"300\" height=\"190\" srcset=\"http:\/\/www.eloriente.net\/home\/wp-content\/uploads\/2014\/10\/p\u00e1ginawebdh-300x190.jpg 300w, http:\/\/www.eloriente.net\/home\/wp-content\/uploads\/2014\/10\/p\u00e1ginawebdh-1024x648.jpg 1024w, http:\/\/www.eloriente.net\/home\/wp-content\/uploads\/2014\/10\/p\u00e1ginawebdh.jpg 1091w\" sizes=\"(max-width: 300px) 100vw, 300px\" \/><\/a><\/p>\n<p>Imagen: TSJ<\/p>\n<p><strong>Entradas relacionadas:<\/strong><\/p>\n<div id=\"post-33357\" class=\"post-33357 post type-post status-publish format-standard has-post-thumbnail hentry category-entradas category-lo-mas-reciente category-mexico-y-el-mundo category-politica-y-gobierno tag-peores-formas-de-trabajo-infantil tag-trabajo-infantil entry loop-default border_bottom_30\">\n<p class=\"entry_title\"><a title=\"Permalink to El trabajo infantil no es un juego de ni\u00f1os\" href=\"http:\/\/www.eloriente.net\/home\/2014\/10\/21\/el-trabajo-infantil-no-es-un-juego-de-ninos\/\" rel=\"bookmark\">El trabajo infantil no es un juego de ni\u00f1os<\/a><\/p>\n<p><a href=\"http:\/\/www.eloriente.net\/home\/2014\/10\/21\/el-trabajo-infantil-no-es-un-juego-de-ninos\/\" rel=\"bookmark\"><img decoding=\"async\" class=\"alignleft\" title=\"El trabajo infantil no es un juego de ni\u00f1os\" src=\"http:\/\/www.eloriente.net\/home\/wp-content\/themes\/city-desk\/timthumb.php?src=http%3A%2F%2Fwww.eloriente.net%2Fhome%2Fwp-content%2Fuploads%2F2014%2F10%2FTrabajo-Infantil-Vinoth-Chandar.jpg&amp;q=90&amp;w=160&amp;h=106&amp;zc=1\" alt=\"El trabajo infantil no es un juego de ni\u00f1os\" \/><\/a>eloriente.net 21\/octubre\/2014 Tenemos 168 millones de razones para erradicar el trabajo infantil. Las metas fijadas, preve\u00edan eliminar las peores formas de trabajo infantil para 2016 y lograr su completa desaparici\u00f3n para 2020. Aunque se ha reducido en un tercio la cantidad de ni\u00f1os en esta situaci\u00f3n con respecto al a\u00f1o 2000, seg\u00fan un art\u00edculo publicado [\u2026]<\/p>\n<p class=\"postmeta\"><span class=\"meta_date\">October 21, 2014<\/span><\/p>\n<p class=\"postmeta\">\n<\/div>\n<div id=\"post-33342\" class=\"post-33342 post type-post status-publish format-standard has-post-thumbnail hentry category-lunesdepolitica category-adrian-ortiz-romero category-colaboradores category-entradas category-lo-mas-reciente category-mexico-y-el-mundo category-politica-y-gobierno tag-cascos-azules tag-clausula-calvo tag-doctrina-estrada entry loop-default border_bottom_30\">\n<p class=\"entry_title\"><a title=\"Permalink to Cascos Azules mexicanos: \u00bfnueva pol\u00edtica exterior?\" href=\"http:\/\/www.eloriente.net\/home\/2014\/10\/20\/cascos-azules-mexicanos-nueva-politica-exterior\/\" rel=\"bookmark\">Cascos Azules mexicanos: \u00bfnueva pol\u00edtica exterior?<\/a><\/p>\n<p><a href=\"http:\/\/www.eloriente.net\/home\/2014\/10\/20\/cascos-azules-mexicanos-nueva-politica-exterior\/\" rel=\"bookmark\"><img decoding=\"async\" class=\"alignleft\" title=\"Cascos Azules mexicanos: \u00bfnueva pol\u00edtica exterior?\" src=\"http:\/\/www.eloriente.net\/home\/wp-content\/themes\/city-desk\/timthumb.php?src=http%3A%2F%2Fwww.eloriente.net%2Fhome%2Fwp-content%2Fuploads%2F2014%2F10%2FCascos-Azules.jpg&amp;q=90&amp;w=160&amp;h=106&amp;zc=1\" alt=\"Cascos Azules mexicanos: \u00bfnueva pol\u00edtica exterior?\" \/><\/a>eloriente.net 20\/octubre\/2014 Por Adri\u00e1n Ortiz Romero Doctrina Estrada y Cl\u00e1usula Calvo, \u00bfqu\u00e9 implican? M\u00e9xico tiene una larga historia de ataques y amenazas del exterior que se corona con el intento de invasi\u00f3n por parte de los franceses en los tiempos de Ju\u00e1rez (recordada en todo el mundo por haber sido el \u00faltimo que intent\u00f3 una [\u2026]<\/p>\n<p class=\"postmeta\"><span class=\"meta_date\">October 20, 2014<\/span><\/p>\n<p class=\"postmeta\">\n<\/div>\n<div id=\"post-33330\" class=\"post-33330 post type-post status-publish format-standard has-post-thumbnail hentry category-lunesdepolitica category-derechos-humanos category-entradas category-especiales category-lo-mas-reciente category-mexico-y-el-mundo category-oaxaca-estados category-politica-y-gobierno tag-circulos-rotos tag-oit tag-trabajo-infantil entry loop-default border_bottom_30\">\n<p class=\"entry_title\"><a title=\"Permalink to C\u00edrculos Rotos: Historias sobre trabajo infantil\" href=\"http:\/\/www.eloriente.net\/home\/2014\/10\/20\/circulos-rotos-historias-sobre-trabajo-infantil\/\" rel=\"bookmark\">C\u00edrculos Rotos: Historias sobre trabajo infantil<\/a><\/p>\n<p><a href=\"http:\/\/www.eloriente.net\/home\/2014\/10\/20\/circulos-rotos-historias-sobre-trabajo-infantil\/\" rel=\"bookmark\"><img decoding=\"async\" class=\"alignleft\" title=\"C\u00edrculos Rotos: Historias sobre trabajo infantil\" src=\"http:\/\/www.eloriente.net\/home\/wp-content\/themes\/city-desk\/timthumb.php?src=http%3A%2F%2Fwww.eloriente.net%2Fhome%2Fwp-content%2Fuploads%2F2013%2F04%2FTrabajo-infantil.png&amp;q=90&amp;w=160&amp;h=106&amp;zc=1\" alt=\"C\u00edrculos Rotos: Historias sobre trabajo infantil\" \/><\/a>eloriente.net 20\/octubre\/2014 \u201cA veces dice uno que olvida, pero no es cierto\u2026 Aunque uno no lo hable, lo lleva uno porque uno lo vivi\u00f3\u201d son las tristes palabras de Irma, quien desde peque\u00f1a estuvo inmersa en trabajo infantil dom\u00e9stico, una forma de trabajo que debe abolirse, pero que es tan com\u00fan en la sociedad que [\u2026]<\/p>\n<p class=\"postmeta\"><span class=\"meta_date\">October 20, 2014<\/span><\/p>\n<\/div>\n\n\t\t\t  <div \n\t\t\t  \tclass = \"fb-comments\" \n\t\t\t  \tdata-href = \"http:\/\/www.eloriente.net\/home\/2014\/10\/21\/on-line-los-derechos-humanos-en-oaxaca\/\"\n\t\t\t  \tdata-numposts = \"10\"\n\t\t\t\tdata-colorscheme = \"dark\"\n\t\t\t\tdata-order-by = \"social\"\n\t\t\t\tdata-mobile=true>\n\t\t\t  <\/div>\n\t\t  <style>\n\t\t\t.fb_iframe_widget_fluid_desktop iframe {\n\t\t\t    width: 100% !important;\n\t\t\t}\n\t\t  <\/style>\n\t\t  ","protected":false},"excerpt":{"rendered":"<p>eloriente.net \/ Tribunal Superior de Justicia 21\/octubre\/2014 \u201cLos Derechos Humanos son el conjunto de prerrogativas inherentes a la naturaleza de la persona, cuya realizaci\u00f3n efectiva resulta indispensable para el desarrollo integral del individuo que vive en una sociedad jur\u00eddicamente organizada. Estos derechos, establecidos en la Constituci\u00f3n y en las leyes, deben ser reconocidos y garantizados [&hellip;]<\/p>\n","protected":false},"author":1,"featured_media":33369,"comment_status":"open","ping_status":"open","sticky":false,"template":"","format":"standard","meta":{"_jetpack_memberships_contains_paid_content":false,"footnotes":""},"categories":[1588,91,22,32,10,464],"tags":[2798,225],"class_list":["post-33368","post","type-post","status-publish","format-standard","has-post-thumbnail","hentry","category-comunicados-y-boletines","category-congreso-y-justicia","category-derechos-humanos","category-entradas","category-lo-mas-reciente","category-oaxaca-estados","tag-pjeo","tag-tsj"],"jetpack_featured_media_url":"http:\/\/www.eloriente.net\/home\/wp-content\/uploads\/2014\/10\/p\u00e1ginawebdh.jpg","jetpack_sharing_enabled":true,"_links":{"self":[{"href":"http:\/\/www.eloriente.net\/home\/wp-json\/wp\/v2\/posts\/33368"}],"collection":[{"href":"http:\/\/www.eloriente.net\/home\/wp-json\/wp\/v2\/posts"}],"about":[{"href":"http:\/\/www.eloriente.net\/home\/wp-json\/wp\/v2\/types\/post"}],"author":[{"embeddable":true,"href":"http:\/\/www.eloriente.net\/home\/wp-json\/wp\/v2\/users\/1"}],"replies":[{"embeddable":true,"href":"http:\/\/www.eloriente.net\/home\/wp-json\/wp\/v2\/comments?post=33368"}],"version-history":[{"count":1,"href":"http:\/\/www.eloriente.net\/home\/wp-json\/wp\/v2\/posts\/33368\/revisions"}],"predecessor-version":[{"id":33370,"href":"http:\/\/www.eloriente.net\/home\/wp-json\/wp\/v2\/posts\/33368\/revisions\/33370"}],"wp:featuredmedia":[{"embeddable":true,"href":"http:\/\/www.eloriente.net\/home\/wp-json\/wp\/v2\/media\/33369"}],"wp:attachment":[{"href":"http:\/\/www.eloriente.net\/home\/wp-json\/wp\/v2\/media?parent=33368"}],"wp:term":[{"taxonomy":"category","embeddable":true,"href":"http:\/\/www.eloriente.net\/home\/wp-json\/wp\/v2\/categories?post=33368"},{"taxonomy":"post_tag","embeddable":true,"href":"http:\/\/www.eloriente.net\/home\/wp-json\/wp\/v2\/tags?post=33368"}],"curies":[{"name":"wp","href":"https:\/\/api.w.org\/{rel}","templated":true}]}}