{"id":33397,"date":"2014-10-22T16:20:58","date_gmt":"2014-10-22T22:20:58","guid":{"rendered":"http:\/\/www.eloriente.net\/home\/?p=33397"},"modified":"2014-10-22T16:20:58","modified_gmt":"2014-10-22T22:20:58","slug":"ayotzinapa-y-el-nuevo-proyecto-de-nacion-un-articulo-de-samael-hernandez","status":"publish","type":"post","link":"http:\/\/www.eloriente.net\/home\/2014\/10\/22\/ayotzinapa-y-el-nuevo-proyecto-de-nacion-un-articulo-de-samael-hernandez\/","title":{"rendered":"\u00abAyotzinapa y el nuevo proyecto de naci\u00f3n\u00bb, un art\u00edculo de Samael Hern\u00e1ndez"},"content":{"rendered":"<p>eloriente.net<\/p>\n<p>22\/octubre\/2014<\/p>\n<p style=\"text-align: right;\">Por <a href=\"http:\/\/www.eloriente.net\/home\/category\/articulistas\/samael-hernandez\/\" target=\"_blank\">Samael Hern\u00e1ndez<\/a><\/p>\n<p>El asesinato y secuestro de normalistas de Ayotzinapa, la creciente presencia del crimen organizado en el pa\u00eds, la emergencia de la protesta social a escala nacional y la evidente crisis de legitimidad de los actores pol\u00edticos, hablan de una encrucijada para M\u00e9xico.<\/p>\n<p>No quiero ser alarmista; pero si no actuamos ahora, nuestro futuro y el de nuestros descendientes estar\u00e1 cancelado.<\/p>\n<p>Los actores pol\u00edticos ante la grave situaci\u00f3n que vive el pa\u00eds, han reducido su propuesta al tema de la corrupci\u00f3n. En la C\u00e1mara de Diputados, a iniciativa de Manlio Fabio Beltrones (PRI), la Junta de Coordinaci\u00f3n Pol\u00edtica acord\u00f3 la creaci\u00f3n de una mesa de trabajo que se instalar\u00e1 entre mi\u00e9rcoles y jueves para revisar \u201cde inmediato\u201d un sistema de lucha anticorrupci\u00f3n. El PRI propuso que primero se dictamine la propuesta del presidente Enrique Pe\u00f1a Nieto de crear una Fiscal\u00eda Anticorrupci\u00f3n con facultades para investigar, elaborar averiguaciones previas y solicitar el ejercicio de la Acci\u00f3n Penal.<\/p>\n<p>A la par de lo anterior, el PRI y el PRD vieron con buenos ojos la iniciativa propuesta por el PAN, para crear un Sistema Nacional Anticorrupci\u00f3n. La iniciativa, al parecer, ser\u00e1 presentada durante esta semana en el Congreso de la Uni\u00f3n, para que el pa\u00eds cuente con un sistema aut\u00f3nomo, ciudadano e integral que combata la corrupci\u00f3n y evite los \u201cfracasos del pasado\u2026\u201d.<\/p>\n<p>En mi opini\u00f3n, reducir la soluci\u00f3n de la problem\u00e1tica que hoy vivimos al combate a la corrupci\u00f3n, no es conveniente porque se ataca el s\u00edntoma y no la enfermedad. La iniciativa anticorrupci\u00f3n de los partidos pol\u00edticos, supone que la ley se cumplir\u00e1; y precisamente ese es el problema: la ley ni se aplica, ni se cumple.Tenemos un sistema normativo NiNi.<\/p>\n<p>Si se quiere encontrar una soluci\u00f3n a nuestros problemas, es necesario indagar el porqu\u00e9 no se cumple ni se aplica la ley. Podr\u00edamos aventurar varias hip\u00f3tesis: a). Porque no responde a la actualidad social; b).Porque no se hace efectiva su punibilidad; c). Porque el bien tutelado resulta ya irrelevante; y d). Porque la ley ha perdido sentido ante la fuerza y la corrupci\u00f3n.<\/p>\n<p>Cualquiera de esas hip\u00f3tesis merecen atenci\u00f3n, pero no hay tiempo ni espacio para analizarlas. Dar\u00e9 un salto hacia mi punto de vista aunque parezca arbitrario: la ley no se cumple ni se aplica cabalmente en M\u00e9xico porque el proyecto hist\u00f3rico que le daba sentido ha perdido vigencia y no se ha constru\u00eddo otro que lo supla.<\/p>\n<p>Si tuviera que resumir qu\u00e9 entiendo por proyecto hist\u00f3rico nacional, simplificando dir\u00eda: una nueva constituci\u00f3n. En la actual Carta Magna, ya no es reconocible el proyecto hist\u00f3rico original, ni obedece a un proyecto de naci\u00f3n consensuado por todos; es necesario un nuevo constituyente.<\/p>\n<p>Si la idea que propongo propicia un di\u00e1logo hacia una soluci\u00f3n en el sentido en el que la formulo, habr\u00e1 que tener cuidado; un nuevo constituyente no se organiza de la noche a la ma\u00f1ana ni est\u00e1 exento de complicaciones. Por otra parte, la propuesta que hago no debe ser llevada a cabo por las actuales instituciones pol\u00edticas; debe ser el pueblo organizado con todas las garant\u00edas que da el Estado. No podemos tomar la actual situaci\u00f3n a la ligera.<\/p>\n<p>El gobierno de la rep\u00fablica y los gobiernos de los estados y municipios, deben sopesar sus capacidades de acci\u00f3n transformadora y no dejar de actuar en el actual marco legal; pero deben definir su posici\u00f3n m\u00e1s cerca de la organizaci\u00f3n y movilizaci\u00f3n popular y m\u00e1s lejos de las componendas con los actuales actores pol\u00edticos.<\/p>\n<p>Podr\u00edan considerarse otras formas de soluci\u00f3n a la crisis que no comparto; como el uso de la violencia revolucionaria, y no la comparto porque trae m\u00e1s desgracias que victorias y porque en toda revuelta armada, quienes ganan son los m\u00e1s violentos, quienes tienen m\u00e1s capital para la guerra y por lo regular, a quienes menos importan los principios y la naci\u00f3n.<\/p>\n<p>Yo esperar\u00eda que una propuesta de este alcance permitiera vislumbrar un horizonte que nos uniera como mexicanos, le diera sentido a nuestro quehacer cotidiano, a nuestras instituciones y a nuestras leyes y permitiera que el trabajo fuese el criterio de la valoraci\u00f3n personal y tambi\u00e9n la fuente de la prosperidad. Al nuevo Estado mexicano le tocar\u00eda garantizar la seguridad ciudadana y la soberan\u00eda e independencia nacionales.<\/p>\n<p>samaelhernandezruiz@gmail.com<\/p>\n<p>Mi Blog: https:\/\/samaelhernandezruiz.wordpress.com\/2014\/10\/22\/digamos-que-hablo-de-ayotzinapa-y-el-nuevo-proyecto-de-nacion\/<\/p>\n<p><a href=\"http:\/\/www.eloriente.net\/home\/wp-content\/uploads\/2014\/10\/Ayotzinapa-R.B..jpg\"><img loading=\"lazy\" decoding=\"async\" class=\"alignnone size-medium wp-image-32982\" src=\"http:\/\/www.eloriente.net\/home\/wp-content\/uploads\/2014\/10\/Ayotzinapa-R.B.-300x168.jpg\" alt=\"Ayotzinapa - R.B.\" width=\"300\" height=\"168\" srcset=\"http:\/\/www.eloriente.net\/home\/wp-content\/uploads\/2014\/10\/Ayotzinapa-R.B.-300x168.jpg 300w, http:\/\/www.eloriente.net\/home\/wp-content\/uploads\/2014\/10\/Ayotzinapa-R.B..jpg 1024w\" sizes=\"(max-width: 300px) 100vw, 300px\" \/><\/a><\/p>\n<p>Foto: Archivo ELORIENTE.NET<\/p>\n<p><strong>Entradas relacionadas:<\/strong><\/p>\n<div id=\"post-33033\" class=\"post-33033 post type-post status-publish format-standard has-post-thumbnail hentry category-articulistas category-distrito-federal category-entradas category-lo-mas-reciente category-politica-y-gobierno category-samael-hernandez category-universidades tag-ipn tag-politecnico-nacional entry loop-default border_bottom_30\">\n<p class=\"entry_title\"><a title=\"Permalink to \u201cEl Movimiento Polit\u00e9cnico\u201d, un art\u00edculo de Samael Hern\u00e1ndez Ruiz\" href=\"http:\/\/www.eloriente.net\/home\/2014\/10\/10\/el-movimiento-politecnico-un-articulo-de-samael-hernandez-ruiz\/\" rel=\"bookmark\">\u201cEl Movimiento Polit\u00e9cnico\u201d, un art\u00edculo de Samael Hern\u00e1ndez Ruiz<\/a><\/p>\n<p><a href=\"http:\/\/www.eloriente.net\/home\/2014\/10\/10\/el-movimiento-politecnico-un-articulo-de-samael-hernandez-ruiz\/\" rel=\"bookmark\"><img decoding=\"async\" class=\"alignleft\" title=\"\u201cEl Movimiento Polit\u00e9cnico\u201d, un art\u00edculo de Samael Hern\u00e1ndez Ruiz\" src=\"http:\/\/www.eloriente.net\/home\/wp-content\/themes\/city-desk\/timthumb.php?src=http%3A%2F%2Fwww.eloriente.net%2Fhome%2Fwp-content%2Fuploads%2F2014%2F10%2FEstudiantes-MaloMalverde.jpg&amp;q=90&amp;w=160&amp;h=106&amp;zc=1\" alt=\"\u201cEl Movimiento Polit\u00e9cnico\u201d, un art\u00edculo de Samael Hern\u00e1ndez Ruiz\" \/><\/a>eloriente.net 10\/octubre\/2014 Por\u00a0Samael Hern\u00e1ndez Ruiz Si los estudiantes del Instituto Polit\u00e9cnico Nacional (IPN) insisten en el voto universal, directo y secreto para elegir a su director general, est\u00e1n cavando la tumba del IPN. Las instituciones acad\u00e9micas no son espacios pol\u00edticos ni democr\u00e1ticos; su naturaleza es otra: son instituciones para el conocimiento y la educaci\u00f3n, son [\u2026]<\/p>\n<p class=\"postmeta\"><span class=\"meta_date\">October 10, 2014<\/span><\/p>\n<p class=\"postmeta\">\n<\/div>\n<div id=\"post-32050\" class=\"post-32050 post type-post status-publish format-standard has-post-thumbnail hentry category-articulistas category-educacion-y-cultura category-entradas category-especiales category-estados category-mexico-y-el-mundo category-oaxaca-estados category-politica-y-gobierno category-samael-hernandez tag-lunesdepolitica tag-politica tag-samael-hernandez-2 entry loop-default border_bottom_30\">\n<p class=\"entry_title\"><a title=\"Permalink to La educaci\u00f3n en el desfiladero, un art\u00edculo de Samael Hern\u00e1ndez Ruiz\" href=\"http:\/\/www.eloriente.net\/home\/2014\/09\/08\/la-educacion-en-el-desfiladero-un-articulo-de-samael-hernandez-ruiz\/\" rel=\"bookmark\">La educaci\u00f3n en el desfiladero, un art\u00edculo de Samael Hern\u00e1ndez Ruiz<\/a><\/p>\n<p><a href=\"http:\/\/www.eloriente.net\/home\/2014\/09\/08\/la-educacion-en-el-desfiladero-un-articulo-de-samael-hernandez-ruiz\/\" rel=\"bookmark\"><img decoding=\"async\" class=\"alignleft\" title=\"La educaci\u00f3n en el desfiladero, un art\u00edculo de Samael Hern\u00e1ndez Ruiz\" src=\"http:\/\/www.eloriente.net\/home\/wp-content\/themes\/city-desk\/timthumb.php?src=http%3A%2F%2Fwww.eloriente.net%2Fhome%2Fwp-content%2Fuploads%2F2014%2F07%2FMaestros-Por-Secci%C3%B3n-22.jpg&amp;q=90&amp;w=160&amp;h=106&amp;zc=1\" alt=\"La educaci\u00f3n en el desfiladero, un art\u00edculo de Samael Hern\u00e1ndez Ruiz\" \/><\/a>eloriente.net 8\/septiembre\/2014 Por Samael Hern\u00e1ndez Ruiz Se agot\u00f3 el tiempo. Los servicios educativos en Oaxaca podr\u00edan mantener su inercia hacia el declive y es urgente que construyamos\u00a0 una soluci\u00f3n entre todos. La Secci\u00f3n 22 del SNTE le disputa al gobierno federal la permanencia de sus privilegios; pero tambi\u00e9n, hay que decirlo, la defensa de sus [\u2026]<\/p>\n<p class=\"postmeta\"><span class=\"meta_date\">September 8, 2014<\/span><\/p>\n<p class=\"postmeta\">\n<\/div>\n<div id=\"post-23822\" class=\"post-23822 post type-post status-publish format-standard has-post-thumbnail hentry category-articulistas category-educacion-y-cultura category-entradas category-estados category-lo-mas-reciente category-municipios category-oaxaca-estados category-samael-hernandez tag-cultura tag-istmo tag-juchitan tag-libertad tag-lucha tag-sociedad tag-zapotecas entry loop-default border_bottom_30\">\n<p class=\"entry_title\"><a title=\"Permalink to \u201cJuchit\u00e1n sin estima o la p\u00e9rdida de acci\u00f3n colectiva\u201d, un art\u00edculo de Samael Herna\u0301ndez\" href=\"http:\/\/www.eloriente.net\/home\/2014\/04\/07\/juchitan-sin-estima-o-la-perdida-de-accion-colectiva-un-articulo-de-samael-herna%cc%81ndez-ruiz\/\" rel=\"bookmark\">\u201cJuchit\u00e1n sin estima o la p\u00e9rdida de acci\u00f3n colectiva\u201d, un art\u00edculo de Samael Herna\u0301ndez<\/a><\/p>\n<p><a href=\"http:\/\/www.eloriente.net\/home\/2014\/04\/07\/juchitan-sin-estima-o-la-perdida-de-accion-colectiva-un-articulo-de-samael-herna%cc%81ndez-ruiz\/\" rel=\"bookmark\"><img decoding=\"async\" class=\"alignleft\" title=\"\u201cJuchit\u00e1n sin estima o la p\u00e9rdida de acci\u00f3n colectiva\u201d, un art\u00edculo de Samael Herna\u0301ndez\" src=\"http:\/\/www.eloriente.net\/home\/wp-content\/themes\/city-desk\/timthumb.php?src=http%3A%2F%2Fwww.eloriente.net%2Fhome%2Fwp-content%2Fuploads%2F2014%2F04%2FJuchit%C3%A1n-Por-Janice-Waltzer.jpg&amp;q=90&amp;w=160&amp;h=106&amp;zc=1\" alt=\"\u201cJuchit\u00e1n sin estima o la p\u00e9rdida de acci\u00f3n colectiva\u201d, un art\u00edculo de Samael Herna\u0301ndez\" \/><\/a>eloriente.net 7 de abril de 2014 Por: Samael Hern\u00e1ndez Ruiz La imagen Un problema que parece complejo, por lo regular es complejo. Desde hace algunos an\u0303os Juchita\u0301n parece ser el centro de un remolino que amenaza con llevarse todo al fondo de un mar de confusiones, un mar donde la criminalidad reconocible se combina con [\u2026]<\/p>\n<p class=\"postmeta\"><span class=\"meta_date\">April 7, 2014<\/span><\/p>\n<\/div>\n\n\t\t\t  <div \n\t\t\t  \tclass = \"fb-comments\" \n\t\t\t  \tdata-href = \"http:\/\/www.eloriente.net\/home\/2014\/10\/22\/ayotzinapa-y-el-nuevo-proyecto-de-nacion-un-articulo-de-samael-hernandez\/\"\n\t\t\t  \tdata-numposts = \"10\"\n\t\t\t\tdata-colorscheme = \"dark\"\n\t\t\t\tdata-order-by = \"social\"\n\t\t\t\tdata-mobile=true>\n\t\t\t  <\/div>\n\t\t  <style>\n\t\t\t.fb_iframe_widget_fluid_desktop iframe {\n\t\t\t    width: 100% !important;\n\t\t\t}\n\t\t  <\/style>\n\t\t  ","protected":false},"excerpt":{"rendered":"<p>eloriente.net 22\/octubre\/2014 Por Samael Hern\u00e1ndez El asesinato y secuestro de normalistas de Ayotzinapa, la creciente presencia del crimen organizado en el pa\u00eds, la emergencia de la protesta social a escala nacional y la evidente crisis de legitimidad de los actores pol\u00edticos, hablan de una encrucijada para M\u00e9xico. No quiero ser alarmista; pero si no actuamos [&hellip;]<\/p>\n","protected":false},"author":1,"featured_media":32982,"comment_status":"open","ping_status":"open","sticky":false,"template":"","format":"standard","meta":{"_jetpack_memberships_contains_paid_content":false,"footnotes":""},"categories":[624,32,63,10,24,21,625],"tags":[2716],"class_list":["post-33397","post","type-post","status-publish","format-standard","has-post-thumbnail","hentry","category-articulistas","category-entradas","category-estados","category-lo-mas-reciente","category-mexico-y-el-mundo","category-politica-y-gobierno","category-samael-hernandez","tag-ayotzinapa"],"jetpack_featured_media_url":"http:\/\/www.eloriente.net\/home\/wp-content\/uploads\/2014\/10\/Ayotzinapa-R.B..jpg","jetpack_sharing_enabled":true,"_links":{"self":[{"href":"http:\/\/www.eloriente.net\/home\/wp-json\/wp\/v2\/posts\/33397"}],"collection":[{"href":"http:\/\/www.eloriente.net\/home\/wp-json\/wp\/v2\/posts"}],"about":[{"href":"http:\/\/www.eloriente.net\/home\/wp-json\/wp\/v2\/types\/post"}],"author":[{"embeddable":true,"href":"http:\/\/www.eloriente.net\/home\/wp-json\/wp\/v2\/users\/1"}],"replies":[{"embeddable":true,"href":"http:\/\/www.eloriente.net\/home\/wp-json\/wp\/v2\/comments?post=33397"}],"version-history":[{"count":1,"href":"http:\/\/www.eloriente.net\/home\/wp-json\/wp\/v2\/posts\/33397\/revisions"}],"predecessor-version":[{"id":33398,"href":"http:\/\/www.eloriente.net\/home\/wp-json\/wp\/v2\/posts\/33397\/revisions\/33398"}],"wp:featuredmedia":[{"embeddable":true,"href":"http:\/\/www.eloriente.net\/home\/wp-json\/wp\/v2\/media\/32982"}],"wp:attachment":[{"href":"http:\/\/www.eloriente.net\/home\/wp-json\/wp\/v2\/media?parent=33397"}],"wp:term":[{"taxonomy":"category","embeddable":true,"href":"http:\/\/www.eloriente.net\/home\/wp-json\/wp\/v2\/categories?post=33397"},{"taxonomy":"post_tag","embeddable":true,"href":"http:\/\/www.eloriente.net\/home\/wp-json\/wp\/v2\/tags?post=33397"}],"curies":[{"name":"wp","href":"https:\/\/api.w.org\/{rel}","templated":true}]}}