{"id":33483,"date":"2014-10-27T00:00:43","date_gmt":"2014-10-27T06:00:43","guid":{"rendered":"http:\/\/www.eloriente.net\/home\/?p=33483"},"modified":"2014-10-27T12:55:35","modified_gmt":"2014-10-27T18:55:35","slug":"iniciativas-oaxaquenas-en-la-camara-de-diputados","status":"publish","type":"post","link":"http:\/\/www.eloriente.net\/home\/2014\/10\/27\/iniciativas-oaxaquenas-en-la-camara-de-diputados\/","title":{"rendered":"Iniciativas \u00aboaxaque\u00f1as\u00bb en la C\u00e1mara de Diputados"},"content":{"rendered":"<p>eloriente.net<\/p>\n<p>27\/octubre\/2014<\/p>\n<p>El \u00faltimo ciclo concluido en la C\u00e1mara de Diputados es el Segundo Per\u00edodo de Sesiones Ordinarias del Segundo A\u00f1o, que cuenta con la representaci\u00f3n de 18 diputados por Oaxaca, 11 de ellos por Mayor\u00eda Relativa y el resto los denominados Plurinominales. Los diputados pueden presentar sus iniciativas como proponentes, adherentes o suscribirse perteneciendo a un grupo de diputados con una comisi\u00f3n.<\/p>\n<p>En este Segundo Per\u00edodo de Sesiones Ordinarias del Segundo A\u00f1o, el legislador oaxaque\u00f1o m\u00e1s activo fue Jos\u00e9 Soto Mart\u00ednez \u00a0de Movimiento Ciudadano (MC) con 14 participaciones. Entre ellas, figuran un proyecto de decreto que reforma el art\u00edculo 2\u00b0 de la Constituci\u00f3n Pol\u00edtica de los Estados Unidos Mexicanos para considerar a los pueblos negros asentados en el territorio nacional como parte de la composici\u00f3n pluricultural de la naci\u00f3n; un proyecto de decreto que reforma el art\u00edculo 7\u00b0 de la Ley de Petr\u00f3leos Mexicanos que busca retirar la facultad al Ejecutivo Federal para nombrar al Director General de Pemex, y asignarla a la H. C\u00e1mara de Diputados con la ratificaci\u00f3n de la H. C\u00e1mara de Senadores.<\/p>\n<p>La diputada del PRD,\u00a0Delfina Elizabeth Guzm\u00e1n D\u00edaz, ha suscrito tres iniciativas:\u00a0Proyecto de decreto que expide la Ley General en Materia de Delitos Electorales y reforma el art\u00edculo 2\u00b0 de la Ley Federal Contra la Delincuencia Organizada,\u00a0Proyecto de decreto que expide la Ley General de Instituciones y Procedimientos Electorales y\u00a0Proyecto de decreto que expide la Ley General del Sistema de Medios de Impugnaci\u00f3n en Materia Electoral y reforma y adiciona diversas disposiciones de la Ley Org\u00e1nica del Poder Judicial de la Federaci\u00f3n.<\/p>\n<p>El tambi\u00e9n perredista\u00a0Carol Antonio Altamirano (PRD), ha propuesto el Proyecto de decreto que reforma el art\u00edculo 57 de la Ley General de Educaci\u00f3n con el objetivo de prever que los particulares que impartan educaci\u00f3n con autorizaci\u00f3n o con reconocimiento de validez oficial de estudios deber\u00e1n evitar la imposici\u00f3n a los educandos de obtener en los colegios uniformes, \u00fatiles escolares, libros y dem\u00e1s accesorios educativos; as\u00ed como, impedir que los educandos sean forzados a asistir a eventos de car\u00e1cter extraescolar que los colegios efect\u00faen, tanto al interior de los planteles como al exterior de los mismos, los cuales estar\u00e1n sujetos a lo que determine la autoridad educativa.<\/p>\n<p>Eufrosina Cruz Mendoza de Acci\u00f3n Nacional, en una iniciativa suscrita por disputados integrantes de ese grupo parlamentario, proponen un proyecto de decreto que expide la Ley General para Prevenir y Atender la Obesidad y el Sobrepeso. Eva Diego Cruz del PRD, se suscribi\u00f3 al\u00a0Proyecto de decreto que expide la Ley General de Asociaciones Pol\u00edticas. En este per\u00edodo, Samuel Gurri\u00f3n Mat\u00edas del PRI, solo se suscribi\u00f3 al Proyecto de decreto por el que se dispone la acu\u00f1aci\u00f3n de una Moneda Conmemorativa alusiva a los \u201c200 a\u00f1os de la Constituci\u00f3n de Apatzing\u00e1n\u201d.<\/p>\n<p>En resumen, han sido 69 las iniciativas en las que los diputados oaxaque\u00f1os han estado involucrados durante el\u00a0Segundo Per\u00edodo de Sesiones Ordinarias del Segundo A\u00f1o:<\/p>\n<p><a href=\"http:\/\/www.eloriente.net\/home\/wp-content\/uploads\/2014\/10\/2Diputados.jpg\"><img loading=\"lazy\" decoding=\"async\" class=\"alignnone size-large wp-image-33507\" src=\"http:\/\/www.eloriente.net\/home\/wp-content\/uploads\/2014\/10\/2Diputados-1024x434.jpg\" alt=\"2Diputados\" width=\"1024\" height=\"434\" srcset=\"http:\/\/www.eloriente.net\/home\/wp-content\/uploads\/2014\/10\/2Diputados-1024x434.jpg 1024w, http:\/\/www.eloriente.net\/home\/wp-content\/uploads\/2014\/10\/2Diputados-300x127.jpg 300w, http:\/\/www.eloriente.net\/home\/wp-content\/uploads\/2014\/10\/2Diputados.jpg 1422w\" sizes=\"(max-width: 1024px) 100vw, 1024px\" \/><\/a><\/p>\n<p>Presentamos tambi\u00e9n, una infograf\u00eda que muestra la remuneraci\u00f3n de los diputados, as\u00ed como sus \u00abapoyos econ\u00f3micos\u00bb. Cabe mencionar, que los legisladores tambi\u00e9n tienen otros beneficios por su labor como Seguro de Gastos M\u00e9dicos Mayores, Gratificaci\u00f3n de Fin de A\u00f1o, Fondo de Ahorro, Seguro Colectivo de Vida y Gastos Funerarios:<\/p>\n<p><a href=\"http:\/\/www.eloriente.net\/home\/wp-content\/uploads\/2014\/10\/Dip.jpg\"><img loading=\"lazy\" decoding=\"async\" class=\"alignnone size-full wp-image-33484\" src=\"http:\/\/www.eloriente.net\/home\/wp-content\/uploads\/2014\/10\/Dip.jpg\" alt=\"Dip\" width=\"800\" height=\"818\" srcset=\"http:\/\/www.eloriente.net\/home\/wp-content\/uploads\/2014\/10\/Dip.jpg 800w, http:\/\/www.eloriente.net\/home\/wp-content\/uploads\/2014\/10\/Dip-293x300.jpg 293w, http:\/\/www.eloriente.net\/home\/wp-content\/uploads\/2014\/10\/Dip-50x50.jpg 50w\" sizes=\"(max-width: 800px) 100vw, 800px\" \/><\/a><\/p>\n<p>&nbsp;<\/p>\n<p><a href=\"http:\/\/www.eloriente.net\/home\/wp-content\/uploads\/2014\/08\/Diputados.jpg\"><img loading=\"lazy\" decoding=\"async\" class=\"alignnone size-medium wp-image-30514\" src=\"http:\/\/www.eloriente.net\/home\/wp-content\/uploads\/2014\/08\/Diputados-235x300.jpg\" alt=\"Diputados\" width=\"235\" height=\"300\" srcset=\"http:\/\/www.eloriente.net\/home\/wp-content\/uploads\/2014\/08\/Diputados-235x300.jpg 235w, http:\/\/www.eloriente.net\/home\/wp-content\/uploads\/2014\/08\/Diputados-804x1024.jpg 804w, http:\/\/www.eloriente.net\/home\/wp-content\/uploads\/2014\/08\/Diputados.jpg 1006w\" sizes=\"(max-width: 235px) 100vw, 235px\" \/><\/a><\/p>\n<p>Foto: Archivo ELORIENTE.NET<\/p>\n<p><strong>Entradas relacionadas:<\/strong><\/p>\n<div id=\"post-30512\" class=\"post-30512 post type-post status-publish format-standard has-post-thumbnail hentry category-congreso-y-justicia category-entradas category-lo-mas-reciente category-mexico-y-el-mundo category-politica-y-gobierno category-principal entry loop-default border_bottom_30\">\n<p class=\"entry_title\"><a title=\"Permalink to C\u00e1mara de Diputados: Concluye aprobaci\u00f3n de leyes energ\u00e9ticas\" href=\"http:\/\/www.eloriente.net\/home\/2014\/08\/04\/camara-de-diputados-concluye-aprobacion-de-leyes-energeticas\/\" rel=\"bookmark\">C\u00e1mara de Diputados: Concluye aprobaci\u00f3n de leyes energ\u00e9ticas<\/a><\/p>\n<p><a href=\"http:\/\/www.eloriente.net\/home\/2014\/08\/04\/camara-de-diputados-concluye-aprobacion-de-leyes-energeticas\/\" rel=\"bookmark\"><img decoding=\"async\" class=\"alignleft\" title=\"C\u00e1mara de Diputados: Concluye aprobaci\u00f3n de leyes energ\u00e9ticas\" src=\"http:\/\/www.eloriente.net\/home\/wp-content\/themes\/city-desk\/timthumb.php?src=http%3A%2F%2Fwww.eloriente.net%2Fhome%2Fwp-content%2Fuploads%2F2014%2F08%2FDiputados.jpg&amp;q=90&amp;w=160&amp;h=106&amp;zc=1\" alt=\"C\u00e1mara de Diputados: Concluye aprobaci\u00f3n de leyes energ\u00e9ticas\" \/><\/a>eloriente.net\/CNN M\u00e9xico 4\/agosto\/2014 La madrugada del s\u00e1bado y tras 17 horas de sesi\u00f3n en las que no faltaron confrontaciones entre legisladores, se concluy\u00f3 la aprobaci\u00f3n de la leyes secundarias de la reforma energ\u00e9tica.\u00a0La reuni\u00f3n plenaria que comenz\u00f3 la ma\u00f1ana del viernes se dedic\u00f3 exclusivamente a los dos dict\u00e1menes correspondientes al paquete fiscal, luego de que [\u2026]<\/p>\n<p class=\"postmeta\"><span class=\"meta_date\">August 4, 2014<\/span><\/p>\n<p class=\"postmeta\">\n<\/div>\n<div id=\"post-29966\" class=\"post-29966 post type-post status-publish format-standard has-post-thumbnail hentry category-entradas category-lo-mas-reciente category-mexico-y-el-mundo category-politica-y-gobierno tag-diputados tag-espana tag-intelectual tag-internet tag-ley tag-pirateria tag-propiedad entry loop-default border_bottom_30\">\n<p class=\"entry_title\"><a title=\"Permalink to Aprueban diputados ley de la propiedad intelectual en Espa\u00f1a\" href=\"http:\/\/www.eloriente.net\/home\/2014\/07\/23\/aprueban-diputados-ley-de-la-propiedad-intelectual-en-espana-2\/\" rel=\"bookmark\">Aprueban diputados ley de la propiedad intelectual en Espa\u00f1a<\/a><\/p>\n<p><a href=\"http:\/\/www.eloriente.net\/home\/2014\/07\/23\/aprueban-diputados-ley-de-la-propiedad-intelectual-en-espana-2\/\" rel=\"bookmark\"><img decoding=\"async\" class=\"alignleft\" title=\"Aprueban diputados ley de la propiedad intelectual en Espa\u00f1a\" src=\"http:\/\/www.eloriente.net\/home\/wp-content\/themes\/city-desk\/timthumb.php?src=http%3A%2F%2Fwww.eloriente.net%2Fhome%2Fwp-content%2Fuploads%2F2014%2F07%2FDiputados-Por-rjhuttondfw.jpg&amp;q=90&amp;w=160&amp;h=106&amp;zc=1\" alt=\"Aprueban diputados ley de la propiedad intelectual en Espa\u00f1a\" \/><\/a>eloriente.net 23\/julio\/2014 Con 22 votos a favor y 20 en contra, la Comisi\u00f3n del Cultura del Congreso de los Diputados de Espa\u00f1a aprob\u00f3 ayer martes el proyecto de reforma a la Ley de Propiedad Intelectual, la cual pretende adherir beneficios econ\u00f3micos a las editoriales por el manejo de su contenido, un mecanismo de pago por [\u2026]<\/p>\n<p class=\"postmeta\"><span class=\"meta_date\">July 23, 2014<\/span><\/p>\n<p class=\"postmeta\">\n<\/div>\n<div id=\"post-29920\" class=\"post-29920 post type-post status-publish format-standard has-post-thumbnail hentry category-comunicados-y-boletines category-congreso-y-justicia category-educacion-y-cultura category-entradas category-estados category-oaxaca-estados category-politica-y-gobierno tag-congreso tag-diputados tag-educacion tag-ingobernabilidad tag-ley tag-pri tag-seccion-22 entry loop-default border_bottom_30\">\n<p class=\"entry_title\"><a title=\"Permalink to Presentar\u00e1n diputados del PRI propuesta de Ley de Educaci\u00f3n\" href=\"http:\/\/www.eloriente.net\/home\/2014\/07\/23\/presentaran-diputados-del-pri-propuesta-de-ley-de-educacion\/\" rel=\"bookmark\">Presentar\u00e1n diputados del PRI propuesta de Ley de Educaci\u00f3n<\/a><\/p>\n<p><a href=\"http:\/\/www.eloriente.net\/home\/2014\/07\/23\/presentaran-diputados-del-pri-propuesta-de-ley-de-educacion\/\" rel=\"bookmark\"><img decoding=\"async\" class=\"alignleft\" title=\"Presentar\u00e1n diputados del PRI propuesta de Ley de Educaci\u00f3n\" src=\"http:\/\/www.eloriente.net\/home\/wp-content\/themes\/city-desk\/timthumb.php?src=http%3A%2F%2Fwww.eloriente.net%2Fhome%2Fwp-content%2Fuploads%2F2014%2F07%2FDSC_0004.jpg&amp;q=90&amp;w=160&amp;h=106&amp;zc=1\" alt=\"Presentar\u00e1n diputados del PRI propuesta de Ley de Educaci\u00f3n\" \/><\/a>eloriente.net\/Congreso del Estado 23\/julio\/2014 Luego de anunciar la iniciativa de Ley de Educaci\u00f3n que presentar\u00e1n al pleno del Congreso del Estado de Oaxaca en su pr\u00f3xima sesi\u00f3n, diputados de la fracci\u00f3n parlamentaria del PRI dejaron claro que no est\u00e1n dispuestos a esconderse, y que es obligaci\u00f3n del estado garantizar que los diputados sesionen en su [\u2026]<\/p>\n<p class=\"postmeta\"><span class=\"meta_date\">July 23, 2014<\/span><\/p>\n<\/div>\n\n\t\t\t  <div \n\t\t\t  \tclass = \"fb-comments\" \n\t\t\t  \tdata-href = \"http:\/\/www.eloriente.net\/home\/2014\/10\/27\/iniciativas-oaxaquenas-en-la-camara-de-diputados\/\"\n\t\t\t  \tdata-numposts = \"10\"\n\t\t\t\tdata-colorscheme = \"dark\"\n\t\t\t\tdata-order-by = \"social\"\n\t\t\t\tdata-mobile=true>\n\t\t\t  <\/div>\n\t\t  <style>\n\t\t\t.fb_iframe_widget_fluid_desktop iframe {\n\t\t\t    width: 100% !important;\n\t\t\t}\n\t\t  <\/style>\n\t\t  ","protected":false},"excerpt":{"rendered":"<p>eloriente.net 27\/octubre\/2014 El \u00faltimo ciclo concluido en la C\u00e1mara de Diputados es el Segundo Per\u00edodo de Sesiones Ordinarias del Segundo A\u00f1o, que cuenta con la representaci\u00f3n de 18 diputados por Oaxaca, 11 de ellos por Mayor\u00eda Relativa y el resto los denominados Plurinominales. Los diputados pueden presentar sus iniciativas como proponentes, adherentes o suscribirse perteneciendo [&hellip;]<\/p>\n","protected":false},"author":1,"featured_media":30514,"comment_status":"open","ping_status":"open","sticky":false,"template":"","format":"standard","meta":{"_jetpack_memberships_contains_paid_content":false,"footnotes":""},"categories":[2434,91,32,10,464,21],"tags":[2830,93],"class_list":["post-33483","post","type-post","status-publish","format-standard","has-post-thumbnail","hentry","category-lunesdepolitica","category-congreso-y-justicia","category-entradas","category-lo-mas-reciente","category-oaxaca-estados","category-politica-y-gobierno","tag-camara-de-diputados","tag-diputados"],"jetpack_featured_media_url":"http:\/\/www.eloriente.net\/home\/wp-content\/uploads\/2014\/08\/Diputados.jpg","jetpack_sharing_enabled":true,"_links":{"self":[{"href":"http:\/\/www.eloriente.net\/home\/wp-json\/wp\/v2\/posts\/33483"}],"collection":[{"href":"http:\/\/www.eloriente.net\/home\/wp-json\/wp\/v2\/posts"}],"about":[{"href":"http:\/\/www.eloriente.net\/home\/wp-json\/wp\/v2\/types\/post"}],"author":[{"embeddable":true,"href":"http:\/\/www.eloriente.net\/home\/wp-json\/wp\/v2\/users\/1"}],"replies":[{"embeddable":true,"href":"http:\/\/www.eloriente.net\/home\/wp-json\/wp\/v2\/comments?post=33483"}],"version-history":[{"count":4,"href":"http:\/\/www.eloriente.net\/home\/wp-json\/wp\/v2\/posts\/33483\/revisions"}],"predecessor-version":[{"id":33509,"href":"http:\/\/www.eloriente.net\/home\/wp-json\/wp\/v2\/posts\/33483\/revisions\/33509"}],"wp:featuredmedia":[{"embeddable":true,"href":"http:\/\/www.eloriente.net\/home\/wp-json\/wp\/v2\/media\/30514"}],"wp:attachment":[{"href":"http:\/\/www.eloriente.net\/home\/wp-json\/wp\/v2\/media?parent=33483"}],"wp:term":[{"taxonomy":"category","embeddable":true,"href":"http:\/\/www.eloriente.net\/home\/wp-json\/wp\/v2\/categories?post=33483"},{"taxonomy":"post_tag","embeddable":true,"href":"http:\/\/www.eloriente.net\/home\/wp-json\/wp\/v2\/tags?post=33483"}],"curies":[{"name":"wp","href":"https:\/\/api.w.org\/{rel}","templated":true}]}}