{"id":33533,"date":"2014-10-28T13:24:22","date_gmt":"2014-10-28T19:24:22","guid":{"rendered":"http:\/\/www.eloriente.net\/home\/?p=33533"},"modified":"2014-10-28T13:24:22","modified_gmt":"2014-10-28T19:24:22","slug":"investigadora-de-la-uabjo-presenta-su-trabajo-en-alemania-y-austria","status":"publish","type":"post","link":"http:\/\/www.eloriente.net\/home\/2014\/10\/28\/investigadora-de-la-uabjo-presenta-su-trabajo-en-alemania-y-austria\/","title":{"rendered":"Investigadora de la UABJO presenta su trabajo en Alemania y Austria"},"content":{"rendered":"<p>eloriente.net \/ <a href=\"http:\/\/www.uabjo.mx\/\" target=\"_blank\">UABJO<\/a><\/p>\n<p>28\/octubre\/2014<\/p>\n<p>Como parte del XVII Congreso Internacional de la Asociaci\u00f3n de Historiadores de Latinoam\u00e9rica, realizado en la Universidad Libre de Berl\u00edn del 9 al 13 de septiembre del presente a\u00f1o, la Dra. Olga J. Montes Garc\u00eda, profesora investigadora de la Universidad Aut\u00f3noma \u201cBenito Ju\u00e1rez\u201d de Oaxaca (UAJO), particip\u00f3 con la ponencia titulada \u201cYa no somos los mismos, pero seguimos siendo igual\u201d.<\/p>\n<p>Su trabajo, expone el papel que juega la cultura en los procesos de identidad de los migrantes oaxaque\u00f1os en Los \u00c1ngeles, California, en los Estados Unidos de Am\u00e9rica. Esta ponencia form\u00f3 parte de la mesa de trabajo sobre Migraci\u00f3n y Transculturalidad.<\/p>\n<p>Asimismo, la Dra. Montes viaj\u00f3 a la ciudad de Viena, Austria, donde se desarroll\u00f3 el XI Encuentro de la Asociaci\u00f3n de Historiadores Latinoamericanos y del Caribe (ADHILAC), bajo el tema \u201cEl congreso de Viena y su dimensi\u00f3n global\u201d, a prop\u00f3sito del bicentenario de esta magna reuni\u00f3n promovida por las grandes potencias de la \u00e9poca.<\/p>\n<p>En este importante evento, la Dra. Montes Garc\u00eda expuso el tema \u201cOr\u00edgenes y desarrollo de la esclavitud en Oaxaca y las condiciones actuales de la poblaci\u00f3n afrodescendiente\u201d.<\/p>\n<p>Olga Montes Garc\u00eda es doctora en Antropolog\u00eda Social por la Universidad Nacional Aut\u00f3noma de M\u00e9xico (UNAM) e investigadora del Sistema nacional de Investigadores del Consejo Nacional de Ciencia y Tecnolog\u00eda (CONACyT). Sus investigaciones versan sobre la etnicidad, las relaciones inter\u00e9tnicas y el racismo.<\/p>\n<p>Su trabajo en el campo de la investigaci\u00f3n acad\u00e9mica ha sido publicado en revistas especializadas y libros. Tambi\u00e9n ha dictado conferencias en distintos foros dentro y fuera del pa\u00eds. Es docente de la UABJO desde 1990.<\/p>\n<p><a href=\"http:\/\/www.eloriente.net\/home\/wp-content\/uploads\/2014\/10\/27.jpg\"><img loading=\"lazy\" decoding=\"async\" class=\"alignnone size-medium wp-image-33534\" src=\"http:\/\/www.eloriente.net\/home\/wp-content\/uploads\/2014\/10\/27-300x200.jpg\" alt=\"27\" width=\"300\" height=\"200\" srcset=\"http:\/\/www.eloriente.net\/home\/wp-content\/uploads\/2014\/10\/27-300x200.jpg 300w, http:\/\/www.eloriente.net\/home\/wp-content\/uploads\/2014\/10\/27-1024x682.jpg 1024w\" sizes=\"(max-width: 300px) 100vw, 300px\" \/><\/a><\/p>\n<p>Foto: UABJO<\/p>\n<p><strong>Entradas relacionadas:<\/strong><\/p>\n<div id=\"post-33495\" class=\"post-33495 post type-post status-publish format-standard has-post-thumbnail hentry category-educacion-y-cultura category-entradas category-lo-mas-reciente category-oaxaca-estados category-salud category-universidades tag-uabjo entry loop-default border_bottom_30\">\n<p class=\"entry_title\"><a title=\"Permalink to Nuevo descubrimiento por investigador de la UABJO\" href=\"http:\/\/www.eloriente.net\/home\/2014\/10\/27\/nuevo-descubrimiento-por-investigador-de-la-uabjo\/\" rel=\"bookmark\">Nuevo descubrimiento por investigador de la UABJO<\/a><\/p>\n<p><a href=\"http:\/\/www.eloriente.net\/home\/2014\/10\/27\/nuevo-descubrimiento-por-investigador-de-la-uabjo\/\" rel=\"bookmark\"><img decoding=\"async\" class=\"alignleft\" title=\"Nuevo descubrimiento por investigador de la UABJO\" src=\"http:\/\/www.eloriente.net\/home\/wp-content\/themes\/city-desk\/timthumb.php?src=http%3A%2F%2Fwww.eloriente.net%2Fhome%2Fwp-content%2Fuploads%2F2014%2F10%2F26.jpg&amp;q=90&amp;w=160&amp;h=106&amp;zc=1\" alt=\"Nuevo descubrimiento por investigador de la UABJO\" \/><\/a>eloriente.net \/ UABJO 27\/octubre\/2014 Investigador de la UABJO realiza nuevos descubrimientos en el campo de la agregaci\u00f3n plaquetaria femenina Con un amplio historial en el campo de la docencia y la investigaci\u00f3n en la Universidad Aut\u00f3noma \u201cBenito Ju\u00e1rez\u201d de Oaxaca (UABJO), el Dr. Gabriel Mayoral Andrade, integrante del Centro de Investigaci\u00f3n de la Facultad de [\u2026]<\/p>\n<div class=\"sharedaddy sd-sharing-enabled\">\n<div class=\"robots-nocontent sd-block sd-social sd-social-icon-text sd-sharing\">\n<div class=\"sd-content\">\n<ul>\n<li><a class=\"sharing-anchor sd-button share-more\" href=\"http:\/\/www.eloriente.net\/home\/?x=0&amp;y=0&amp;s=uabjo#\">Share<\/a><\/li>\n<li class=\"share-end\"><\/li>\n<\/ul>\n<div class=\"sharing-hidden\"><\/div>\n<\/div>\n<\/div>\n<\/div>\n<p class=\"postmeta\"><span class=\"meta_date\">October 27, 2014<\/span><\/p>\n<\/div>\n<div id=\"post-33405\" class=\"post-33405 post type-post status-publish format-standard has-post-thumbnail hentry category-comunicados-y-boletines category-educacion-y-cultura category-entradas category-lo-mas-reciente category-oaxaca-estados category-universidades tag-uabjo entry loop-default border_bottom_30\">\n<p class=\"entry_title\"><a title=\"Permalink to UABJO: Licenciatura en Derecho recibe certificaci\u00f3n CIEES\" href=\"http:\/\/www.eloriente.net\/home\/2014\/10\/23\/uabjo-licenciatura-en-derecho-recibe-certificacion-ciees\/\" rel=\"bookmark\">UABJO: Licenciatura en Derecho recibe certificaci\u00f3n CIEES<\/a><\/p>\n<p><a href=\"http:\/\/www.eloriente.net\/home\/2014\/10\/23\/uabjo-licenciatura-en-derecho-recibe-certificacion-ciees\/\" rel=\"bookmark\"><img decoding=\"async\" class=\"alignleft\" title=\"UABJO: Licenciatura en Derecho recibe certificaci\u00f3n CIEES\" src=\"http:\/\/www.eloriente.net\/home\/wp-content\/themes\/city-desk\/timthumb.php?src=http%3A%2F%2Fwww.eloriente.net%2Fhome%2Fwp-content%2Fuploads%2F2014%2F10%2F22.jpg&amp;q=90&amp;w=160&amp;h=106&amp;zc=1\" alt=\"UABJO: Licenciatura en Derecho recibe certificaci\u00f3n CIEES\" \/><\/a>eloriente.net 23\/octubre\/2014 \u2022 En sesi\u00f3n de Consejo T\u00e9cnico, el director de la FDCS, recibi\u00f3 dict\u00e1menes que otorgan el Nivel 1 y la acreditaci\u00f3n de su Licenciatura. En sesi\u00f3n solemne de Consejo T\u00e9cnico de la Facultad de Derecho y Ciencias Sociales (FDSC), celebrada en el paraninfo, el rector de la Universidad Aut\u00f3noma \u201cBenito Ju\u00e1rez\u201d de Oaxaca [\u2026]<\/p>\n<div class=\"sharedaddy sd-sharing-enabled\">\n<div class=\"robots-nocontent sd-block sd-social sd-social-icon-text sd-sharing\">\n<div class=\"sd-content\">\n<ul>\n<li><a class=\"sharing-anchor sd-button share-more\" href=\"http:\/\/www.eloriente.net\/home\/?x=0&amp;y=0&amp;s=uabjo#\">Share<\/a><\/li>\n<li class=\"share-end\"><\/li>\n<\/ul>\n<div class=\"sharing-hidden\"><\/div>\n<\/div>\n<\/div>\n<\/div>\n<p class=\"postmeta\"><span class=\"meta_date\">October 23, 2014<\/span><\/p>\n<\/div>\n<div id=\"post-33124\" class=\"post-33124 post type-post status-publish format-standard has-post-thumbnail hentry category-deportes category-entradas category-lo-mas-reciente category-oaxaca-estados category-universidades tag-taekwondo tag-universiada entry loop-default border_bottom_30\">\n<p class=\"entry_title\"><a title=\"Permalink to Taekwondo UABJO, primer lugar en Universiada\" href=\"http:\/\/www.eloriente.net\/home\/2014\/10\/13\/taekwondo-uabjo-primer-lugar-en-universiada\/\" rel=\"bookmark\">Taekwondo UABJO, primer lugar en Universiada<\/a><\/p>\n<p><a href=\"http:\/\/www.eloriente.net\/home\/2014\/10\/13\/taekwondo-uabjo-primer-lugar-en-universiada\/\" rel=\"bookmark\"><img decoding=\"async\" class=\"alignleft\" title=\"Taekwondo UABJO, primer lugar en Universiada\" src=\"http:\/\/www.eloriente.net\/home\/wp-content\/themes\/city-desk\/timthumb.php?src=http%3A%2F%2Fwww.eloriente.net%2Fhome%2Fwp-content%2Fuploads%2F2014%2F10%2F11.jpg&amp;q=90&amp;w=160&amp;h=106&amp;zc=1\" alt=\"Taekwondo UABJO, primer lugar en Universiada\" \/><\/a>eloriente.net 13\/octubre\/2014 El equipo de Taekwondo de la Universidad Aut\u00f3noma \u201cBenito Ju\u00e1rez\u201d de Oaxaca (UABJO) se llev\u00f3 el primer lugar a nivel estatal durante la Universiada, siendo esta su primera experiencia como equipo en este \u00e1mbito. Su entrenador, Carlos Ruiz Soriano, se siente complacido con este triunfo sin embargo hay que continuar trabajando para llegar [\u2026]<\/p>\n<div class=\"sharedaddy sd-sharing-enabled\">\n<div class=\"robots-nocontent sd-block sd-social sd-social-icon-text sd-sharing\">\n<div class=\"sd-content\">\n<ul>\n<li><a class=\"sharing-anchor sd-button share-more\" href=\"http:\/\/www.eloriente.net\/home\/?x=0&amp;y=0&amp;s=uabjo#\">Share<\/a><\/li>\n<li class=\"share-end\"><\/li>\n<\/ul>\n<div class=\"sharing-hidden\"><\/div>\n<\/div>\n<\/div>\n<\/div>\n<p class=\"postmeta\"><span class=\"meta_date\">October 13, 2014<\/span><\/p>\n<\/div>\n\n\t\t\t  <div \n\t\t\t  \tclass = \"fb-comments\" \n\t\t\t  \tdata-href = \"http:\/\/www.eloriente.net\/home\/2014\/10\/28\/investigadora-de-la-uabjo-presenta-su-trabajo-en-alemania-y-austria\/\"\n\t\t\t  \tdata-numposts = \"10\"\n\t\t\t\tdata-colorscheme = \"dark\"\n\t\t\t\tdata-order-by = \"social\"\n\t\t\t\tdata-mobile=true>\n\t\t\t  <\/div>\n\t\t  <style>\n\t\t\t.fb_iframe_widget_fluid_desktop iframe {\n\t\t\t    width: 100% !important;\n\t\t\t}\n\t\t  <\/style>\n\t\t  ","protected":false},"excerpt":{"rendered":"<p>eloriente.net \/ UABJO 28\/octubre\/2014 Como parte del XVII Congreso Internacional de la Asociaci\u00f3n de Historiadores de Latinoam\u00e9rica, realizado en la Universidad Libre de Berl\u00edn del 9 al 13 de septiembre del presente a\u00f1o, la Dra. Olga J. Montes Garc\u00eda, profesora investigadora de la Universidad Aut\u00f3noma \u201cBenito Ju\u00e1rez\u201d de Oaxaca (UAJO), particip\u00f3 con la ponencia titulada [&hellip;]<\/p>\n","protected":false},"author":1,"featured_media":33534,"comment_status":"open","ping_status":"open","sticky":false,"template":"","format":"standard","meta":{"_jetpack_memberships_contains_paid_content":false,"footnotes":""},"categories":[1588,18,32,10,464,84],"tags":[182],"class_list":["post-33533","post","type-post","status-publish","format-standard","has-post-thumbnail","hentry","category-comunicados-y-boletines","category-educacion-y-cultura","category-entradas","category-lo-mas-reciente","category-oaxaca-estados","category-universidades","tag-uabjo"],"jetpack_featured_media_url":"http:\/\/www.eloriente.net\/home\/wp-content\/uploads\/2014\/10\/27.jpg","jetpack_sharing_enabled":true,"_links":{"self":[{"href":"http:\/\/www.eloriente.net\/home\/wp-json\/wp\/v2\/posts\/33533"}],"collection":[{"href":"http:\/\/www.eloriente.net\/home\/wp-json\/wp\/v2\/posts"}],"about":[{"href":"http:\/\/www.eloriente.net\/home\/wp-json\/wp\/v2\/types\/post"}],"author":[{"embeddable":true,"href":"http:\/\/www.eloriente.net\/home\/wp-json\/wp\/v2\/users\/1"}],"replies":[{"embeddable":true,"href":"http:\/\/www.eloriente.net\/home\/wp-json\/wp\/v2\/comments?post=33533"}],"version-history":[{"count":1,"href":"http:\/\/www.eloriente.net\/home\/wp-json\/wp\/v2\/posts\/33533\/revisions"}],"predecessor-version":[{"id":33535,"href":"http:\/\/www.eloriente.net\/home\/wp-json\/wp\/v2\/posts\/33533\/revisions\/33535"}],"wp:featuredmedia":[{"embeddable":true,"href":"http:\/\/www.eloriente.net\/home\/wp-json\/wp\/v2\/media\/33534"}],"wp:attachment":[{"href":"http:\/\/www.eloriente.net\/home\/wp-json\/wp\/v2\/media?parent=33533"}],"wp:term":[{"taxonomy":"category","embeddable":true,"href":"http:\/\/www.eloriente.net\/home\/wp-json\/wp\/v2\/categories?post=33533"},{"taxonomy":"post_tag","embeddable":true,"href":"http:\/\/www.eloriente.net\/home\/wp-json\/wp\/v2\/tags?post=33533"}],"curies":[{"name":"wp","href":"https:\/\/api.w.org\/{rel}","templated":true}]}}