{"id":33570,"date":"2014-10-29T15:48:26","date_gmt":"2014-10-29T21:48:26","guid":{"rendered":"http:\/\/www.eloriente.net\/home\/?p=33570"},"modified":"2014-10-29T15:48:26","modified_gmt":"2014-10-29T21:48:26","slug":"esfuerzo-servicio-y-exito-para-trabajo-en-equipo-brizio","status":"publish","type":"post","link":"http:\/\/www.eloriente.net\/home\/2014\/10\/29\/esfuerzo-servicio-y-exito-para-trabajo-en-equipo-brizio\/","title":{"rendered":"Esfuerzo, servicio y \u00e9xito para trabajo en equipo: Brizio"},"content":{"rendered":"<p>eloritente.net \/ <a href=\"http:\/\/www.utvco.edu.mx\/\" target=\"_blank\">UTVCO<\/a><\/p>\n<p>29\/octubre\/2014<\/p>\n<p>\u2022 El ex \u00e1rbitro de la FIFA resalta la importancia de colocar el esfuerzo individual al servicio del \u00e9xito colectivo<\/p>\n<p>Oaxaca de Ju\u00e1rez, Oax. 29 de octubre 2014.- \u201cEl \u00e1rbitro no s\u00f3lo toma decisiones cuando marca un penal o una falta, sino tambi\u00e9n cuando deja de marcarlos, el no marcar alguna acci\u00f3n dentro de la cancha es tambi\u00e9n una decisi\u00f3n\u201d, explica Eduardo Brizio en entrevista previa a su conferencia denominada \u201cLa toma de decisiones en el trabajo en equipo\u201d en la ciudad de Oaxaca de Ju\u00e1rez.<\/p>\n<p>El tambi\u00e9n autor del libro llamado \u201cEl silbatazo final, los \u00e1rbitros tambi\u00e9n juegan\u201d acept\u00f3 la invitaci\u00f3n realizada por parte de estudiantes de la carrera Desarrollo de Negocios de la Universidad Tecnol\u00f3gica de los Valles Centrales de Oaxaca (UTVCO) para colaborar con su formaci\u00f3n acad\u00e9mica.<\/p>\n<p>El actual comentarista deportivo comparti\u00f3 su experiencia de una manera simp\u00e1tica y entretenida, el ex silbante destac\u00f3 c\u00f3mo la toma de decisiones es importante en nuestra vida diaria. Ante un p\u00fablico de m\u00e1s de 500 asistentes, afirm\u00f3 que el trabajo en equipo consiste en \u201cponer el esfuerzo individual al servicio del \u00e9xito colectivo\u201d.<\/p>\n<p>Agreg\u00f3 que la voluntad y el sentido de pertenencia son dos cualidades que deben estar presentes en la vida de cada persona ya que aportan un extra para que el trabajo que se realiza en equipo sea totalmente exitoso. \u201cEl tri\u00e1ngulo perfecto para lograr el trabajo en equipo son: el esfuerzo, el servicio y el \u00e9xito\u00a8, indic\u00f3 Brizio Carter a los asistentes.<\/p>\n<p>Por su parte, Karen Gabriela Gonz\u00e1les, estudiante del cuarto cuatrimestre de la carrera de Desarrollo de Negocios, manifest\u00f3 que la UTVCO incentiva este tipo de eventos que logran fomentar en los estudiantes el aprendizaje y el conocimiento pr\u00e1ctico que les permite ser conscientes de lo que tienen y de lo que pueden llegar a hacer.<\/p>\n<p>Al t\u00e9rmino de la conferencia el rector de la UTVCO, Juli\u00e1n Luna Santiago, agradeci\u00f3 la participaci\u00f3n del ex \u00e1rbitro mexicano por compartir sus vivencias con las y los j\u00f3venes universitarios; destac\u00f3 la importancia de tomar decisiones en la cancha de la vida tal como sucede en el futbol con sus diferentes protagonistas.<\/p>\n<p>17 a\u00f1os de experiencia profesional como \u00e1rbitro, m\u00e9dico veterinario por formaci\u00f3n y columnista deportivo en varios medios de comunicaci\u00f3n a nivel nacional, Eduardo Brizio Carter ha combinado de manera amena temas como el trabajo en equipo, la motivaci\u00f3n y el liderazgo con diversas jugadas de partidos profesionales en las que \u00e9l fungi\u00f3 como silbante.<\/p>\n<p>La conferencia magistral organizada por estudiantes de la carrera en Desarrollo de Negocios de la UTVCO, forma parte de las actividades planificadas para la capacitaci\u00f3n acad\u00e9mica con especialistas en diferentes t\u00f3picos con el fin de adquirir nuevos conocimientos fuera de las aulas.<\/p>\n<p><a href=\"http:\/\/www.eloriente.net\/home\/wp-content\/uploads\/2014\/10\/Conferencia_03.jpg\"><img loading=\"lazy\" decoding=\"async\" class=\"alignnone size-medium wp-image-33571\" src=\"http:\/\/www.eloriente.net\/home\/wp-content\/uploads\/2014\/10\/Conferencia_03-300x199.jpg\" alt=\"Conferencia_03\" width=\"300\" height=\"199\" srcset=\"http:\/\/www.eloriente.net\/home\/wp-content\/uploads\/2014\/10\/Conferencia_03-300x199.jpg 300w, http:\/\/www.eloriente.net\/home\/wp-content\/uploads\/2014\/10\/Conferencia_03-1024x682.jpg 1024w, http:\/\/www.eloriente.net\/home\/wp-content\/uploads\/2014\/10\/Conferencia_03.jpg 1280w\" sizes=\"(max-width: 300px) 100vw, 300px\" \/><\/a><\/p>\n<p>Foto: UTVCO<\/p>\n<p><strong>Entradas relacionadas:<\/strong><\/p>\n<div id=\"post-29532\" class=\"post-29532 post type-post status-publish format-standard has-post-thumbnail hentry category-comunicados-y-boletines category-educacion-y-cultura category-entradas category-estados category-lo-mas-reciente category-mexico-y-el-mundo category-oaxaca-estados category-universidades tag-actividades tag-educacion tag-internacional tag-movilidad tag-resultados tag-universidad tag-utvco entry loop-default border_bottom_30\">\n<p class=\"entry_title\"><a title=\"Permalink to Reconocen como logro movilidad nacional e internacional en UTVCO\" href=\"http:\/\/www.eloriente.net\/home\/2014\/07\/15\/reconocen-como-logro-movilidad-nacional-e-internacional-en-utvco\/\" rel=\"bookmark\">Reconocen como logro movilidad nacional e internacional en UTVCO<\/a><\/p>\n<p><a href=\"http:\/\/www.eloriente.net\/home\/2014\/07\/15\/reconocen-como-logro-movilidad-nacional-e-internacional-en-utvco\/\" rel=\"bookmark\"><img decoding=\"async\" class=\"alignleft\" title=\"Reconocen como logro movilidad nacional e internacional en UTVCO\" src=\"http:\/\/www.eloriente.net\/home\/wp-content\/themes\/city-desk\/timthumb.php?src=http%3A%2F%2Fwww.eloriente.net%2Fhome%2Fwp-content%2Fuploads%2F2014%2F07%2FRector-Por-UTVCO.jpg&amp;q=90&amp;w=160&amp;h=106&amp;zc=1\" alt=\"Reconocen como logro movilidad nacional e internacional en UTVCO\" \/><\/a>eloriente.net\/UTVCO 15\/julio\/2014 Juli\u00e1n Luna Santiago present\u00f3 resultados de las actividades realizadas por las diferentes carreras y \u00e1reas en el periodo marzo-junio. Acciones de movilidad nacional e internacional para estudiantes y docentes, visitas empresariales en el pa\u00eds y el extranjero, congresos, conferencias, talleres y gesti\u00f3n ante instancias fueron algunas de las actividades realizadas de marzo a [\u2026]<\/p>\n<div class=\"sharedaddy sd-sharing-enabled\">\n<div class=\"robots-nocontent sd-block sd-social sd-social-icon-text sd-sharing\">\n<div class=\"sd-content\">\n<ul>\n<li><a class=\"sharing-anchor sd-button share-more\" href=\"http:\/\/www.eloriente.net\/home\/?x=0&amp;y=0&amp;s=utvco#\">Share<\/a><\/li>\n<li class=\"share-end\"><\/li>\n<\/ul>\n<div class=\"sharing-hidden\"><\/div>\n<\/div>\n<\/div>\n<\/div>\n<p class=\"postmeta\"><span class=\"meta_date\">July 15, 2014<\/span><\/p>\n<\/div>\n<div id=\"post-20784\" class=\"post-20784 post type-post status-publish format-standard has-post-thumbnail hentry category-educacion-y-cultura category-entradas category-lo-mas-reciente category-municipios category-universidades entry loop-default border_bottom_30\">\n<p class=\"entry_title\"><a title=\"Permalink to Enciende Rub\u00e9n Vasconcelos Beltr\u00e1n \u2018Fuego vivo\u2019 en la UTVCO\" href=\"http:\/\/www.eloriente.net\/home\/2014\/02\/11\/enciende-ruben-vasconcelos-beltran-fuego-vivo-en-la-utvco\/\" rel=\"bookmark\">Enciende Rub\u00e9n Vasconcelos Beltr\u00e1n \u2018Fuego vivo\u2019 en la UTVCO<\/a><\/p>\n<p><a href=\"http:\/\/www.eloriente.net\/home\/2014\/02\/11\/enciende-ruben-vasconcelos-beltran-fuego-vivo-en-la-utvco\/\" rel=\"bookmark\"><img decoding=\"async\" class=\"alignleft\" title=\"Enciende Rub\u00e9n Vasconcelos Beltr\u00e1n \u2018Fuego vivo\u2019 en la UTVCO\" src=\"http:\/\/www.eloriente.net\/home\/wp-content\/themes\/city-desk\/timthumb.php?src=http%3A%2F%2Fwww.eloriente.net%2Fhome%2Fwp-content%2Fuploads%2F2014%2F02%2FRVB.jpg&amp;q=90&amp;w=160&amp;h=106&amp;zc=1\" alt=\"Enciende Rub\u00e9n Vasconcelos Beltr\u00e1n \u2018Fuego vivo\u2019 en la UTVCO\" \/><\/a>eloriente.net\/UTVCO 11 de febrero de 2014 El cronista de la ciudad present\u00f3 su libro en el que re\u00fane datos sobre la historia de la herrer\u00eda en Oaxaca. Con un manojo de historias y una pasi\u00f3n inquebrantable por Oaxaca, el cronista de la ciudad de Oaxaca de Ju\u00e1rez, Rub\u00e9n Vasconcelos Beltr\u00e1n, se present\u00f3 ante la comunidad [\u2026]<\/p>\n<div class=\"sharedaddy sd-sharing-enabled\">\n<div class=\"robots-nocontent sd-block sd-social sd-social-icon-text sd-sharing\">\n<div class=\"sd-content\">\n<ul>\n<li><a class=\"sharing-anchor sd-button share-more\" href=\"http:\/\/www.eloriente.net\/home\/?x=0&amp;y=0&amp;s=utvco#\">Share<\/a><\/li>\n<li class=\"share-end\"><\/li>\n<\/ul>\n<div class=\"sharing-hidden\"><\/div>\n<\/div>\n<\/div>\n<\/div>\n<p class=\"postmeta\"><span class=\"meta_date\">February 11, 2014<\/span><\/p>\n<\/div>\n<div id=\"post-15907\" class=\"post-15907 post type-post status-publish format-standard has-post-thumbnail hentry category-capital category-destacadas category-entradas category-lo-mas-reciente category-principal category-salud entry loop-default border_bottom_30\">\n<p class=\"entry_title\"><a title=\"Permalink to Delinean Sociedad Civil, OIT y UTVCO acciones contra Trabajo Infantil\" href=\"http:\/\/www.eloriente.net\/home\/2013\/08\/20\/delinean-sociedad-civil-oit-y-utvco-acciones-contra-trabajo-infantil\/\" rel=\"bookmark\">Delinean Sociedad Civil, OIT y UTVCO acciones contra Trabajo Infantil<\/a><\/p>\n<p><a href=\"http:\/\/www.eloriente.net\/home\/2013\/08\/20\/delinean-sociedad-civil-oit-y-utvco-acciones-contra-trabajo-infantil\/\" rel=\"bookmark\"><img decoding=\"async\" class=\"alignleft\" title=\"Delinean Sociedad Civil, OIT y UTVCO acciones contra Trabajo Infantil\" src=\"http:\/\/www.eloriente.net\/home\/wp-content\/themes\/city-desk\/timthumb.php?src=http%3A%2F%2Fwww.eloriente.net%2Fhome%2Fwp-content%2Fuploads%2F2013%2F08%2FReuni%C3%B3n-Observatorio-OIT-ELORIENTE.jpg&amp;q=90&amp;w=160&amp;h=106&amp;zc=1\" alt=\"Delinean Sociedad Civil, OIT y UTVCO acciones contra Trabajo Infantil\" \/><\/a>eloriente.net 20 de agosto de 2013 Con el antecedente de que en M\u00e9xico cerca de 900 mil menores de 14 a\u00f1os se encuentran realizando actividades debajo de la edad m\u00ednima de admisi\u00f3n de empleo, diversas instancias con representaci\u00f3n en Oaxaca instalaron una mesa\u00a0colaborativa para conciliar informaci\u00f3n alrededor del Trabajo Infantil, as\u00ed como delinear acciones para [\u2026]<\/p>\n<div class=\"sharedaddy sd-sharing-enabled\">\n<div class=\"robots-nocontent sd-block sd-social sd-social-icon-text sd-sharing\">\n<div class=\"sd-content\">\n<ul>\n<li><a class=\"sharing-anchor sd-button share-more\" href=\"http:\/\/www.eloriente.net\/home\/?x=0&amp;y=0&amp;s=utvco#\">Share<\/a><\/li>\n<li class=\"share-end\"><\/li>\n<\/ul>\n<div class=\"sharing-hidden\"><\/div>\n<\/div>\n<\/div>\n<\/div>\n<p class=\"postmeta\"><span class=\"meta_date\">August 20, 2013<\/span><\/p>\n<\/div>\n\n\t\t\t  <div \n\t\t\t  \tclass = \"fb-comments\" \n\t\t\t  \tdata-href = \"http:\/\/www.eloriente.net\/home\/2014\/10\/29\/esfuerzo-servicio-y-exito-para-trabajo-en-equipo-brizio\/\"\n\t\t\t  \tdata-numposts = \"10\"\n\t\t\t\tdata-colorscheme = \"dark\"\n\t\t\t\tdata-order-by = \"social\"\n\t\t\t\tdata-mobile=true>\n\t\t\t  <\/div>\n\t\t  <style>\n\t\t\t.fb_iframe_widget_fluid_desktop iframe {\n\t\t\t    width: 100% !important;\n\t\t\t}\n\t\t  <\/style>\n\t\t  ","protected":false},"excerpt":{"rendered":"<p>eloritente.net \/ UTVCO 29\/octubre\/2014 \u2022 El ex \u00e1rbitro de la FIFA resalta la importancia de colocar el esfuerzo individual al servicio del \u00e9xito colectivo Oaxaca de Ju\u00e1rez, Oax. 29 de octubre 2014.- \u201cEl \u00e1rbitro no s\u00f3lo toma decisiones cuando marca un penal o una falta, sino tambi\u00e9n cuando deja de marcarlos, el no marcar alguna [&hellip;]<\/p>\n","protected":false},"author":1,"featured_media":33571,"comment_status":"open","ping_status":"open","sticky":false,"template":"","format":"standard","meta":{"_jetpack_memberships_contains_paid_content":false,"footnotes":""},"categories":[18,32,10,84],"tags":[1177],"class_list":["post-33570","post","type-post","status-publish","format-standard","has-post-thumbnail","hentry","category-educacion-y-cultura","category-entradas","category-lo-mas-reciente","category-universidades","tag-utvco"],"jetpack_featured_media_url":"http:\/\/www.eloriente.net\/home\/wp-content\/uploads\/2014\/10\/Conferencia_03.jpg","jetpack_sharing_enabled":true,"_links":{"self":[{"href":"http:\/\/www.eloriente.net\/home\/wp-json\/wp\/v2\/posts\/33570"}],"collection":[{"href":"http:\/\/www.eloriente.net\/home\/wp-json\/wp\/v2\/posts"}],"about":[{"href":"http:\/\/www.eloriente.net\/home\/wp-json\/wp\/v2\/types\/post"}],"author":[{"embeddable":true,"href":"http:\/\/www.eloriente.net\/home\/wp-json\/wp\/v2\/users\/1"}],"replies":[{"embeddable":true,"href":"http:\/\/www.eloriente.net\/home\/wp-json\/wp\/v2\/comments?post=33570"}],"version-history":[{"count":1,"href":"http:\/\/www.eloriente.net\/home\/wp-json\/wp\/v2\/posts\/33570\/revisions"}],"predecessor-version":[{"id":33572,"href":"http:\/\/www.eloriente.net\/home\/wp-json\/wp\/v2\/posts\/33570\/revisions\/33572"}],"wp:featuredmedia":[{"embeddable":true,"href":"http:\/\/www.eloriente.net\/home\/wp-json\/wp\/v2\/media\/33571"}],"wp:attachment":[{"href":"http:\/\/www.eloriente.net\/home\/wp-json\/wp\/v2\/media?parent=33570"}],"wp:term":[{"taxonomy":"category","embeddable":true,"href":"http:\/\/www.eloriente.net\/home\/wp-json\/wp\/v2\/categories?post=33570"},{"taxonomy":"post_tag","embeddable":true,"href":"http:\/\/www.eloriente.net\/home\/wp-json\/wp\/v2\/tags?post=33570"}],"curies":[{"name":"wp","href":"https:\/\/api.w.org\/{rel}","templated":true}]}}