{"id":33579,"date":"2014-10-30T00:00:15","date_gmt":"2014-10-30T06:00:15","guid":{"rendered":"http:\/\/www.eloriente.net\/home\/?p=33579"},"modified":"2014-10-29T23:15:37","modified_gmt":"2014-10-30T05:15:37","slug":"que-nos-dejo-la-feria-de-turismo-cultural","status":"publish","type":"post","link":"http:\/\/www.eloriente.net\/home\/2014\/10\/30\/que-nos-dejo-la-feria-de-turismo-cultural\/","title":{"rendered":"\u00bfQu\u00e9 nos dejo la Feria de Turismo Cultural 2014?"},"content":{"rendered":"<p>eloriente.net<\/p>\n<p>30\/octubre\/2014<\/p>\n<p>\u00c1ngela Montesinos lleg\u00f3 desde Cuba para participar en la <a href=\"http:\/\/www.am.com.mx\/leon\/local\/industriales-hacen-negocios-en-feria-153606.html\" target=\"_blank\">Quinta Feria de Turismo Cultural de M\u00e9xico<\/a>, y qued\u00f3 sorprendida: en el primer d\u00eda ten\u00eda ya programadas 47 citas de negocios. Y es que ese es uno de los principales objetivos del evento dentro del \u00c1rea Comercial, donde se aseguraron m\u00e1s de 3 mil 500 citas de negocios entre empresarios de 22 pa\u00edses del mundo.<\/p>\n<p>La Feria de Turismo Cultural nace en el 2010 como la plataforma ideal en la que los estados mexicanos participantes y pa\u00edses invitados, ofrecen su vasto inventario de atractivos culturales a trav\u00e9s de un esquema directo de compra y venta, siendo una oportunidad \u00fanica para la creaci\u00f3n de convenios con beneficio directo para los participantes en un mercado muy especializado. Para este 2014, la sede fue San Miguel de Allende, Guanajuato del 22 al 24 de octubre.<\/p>\n<p>Este evento internacional, cont\u00f3 simult\u00e1neamente con un Programa Acad\u00e9mico, en el que expertos participaron dictando conferencias en temas vinculados con el Turismo Cultural, siendo el ponente franc\u00e9s Manuel Miroglio quien abri\u00f3 el programa con la ponencia \u201cDefinir la personalidad de un producto de Turismo Cultural\u201d.<\/p>\n<p>Durante su participaci\u00f3n, Miroglio present\u00f3 el proyecto tur\u00edstico \u201cRuta Picaso -Piel, Calzado y Sombreros\u201d, de Le\u00f3n Guanajuato; que tiene por misi\u00f3n \u201cdar a conocer la t\u00e9cnica del mundo de la piel, del calzado y del sombrero en el Baj\u00edo, mediante su historia, sus procesos productivos modernos y tradicionales, as\u00ed como su mano de obra calificada y sus esfuerzos a favor de la sustentabilidad con un enfoque de aprendizaje\u201d, dijo.<\/p>\n<p>A lo largo de tres d\u00edas, tambi\u00e9n se cont\u00f3 con la intervenci\u00f3n del espa\u00f1ol Jordi Tresserras, Director del Laboratorio de Patrimonio y Turismo Cultural, quien abri\u00f3 con el tema \u201cRutas Tur\u00edsticas Culturales\u201d.<\/p>\n<blockquote class=\"twitter-tweet\" lang=\"es\"><p>Feria de Turismo Cultural M\u00e9xico. San Miguel de Allende. Un balance positivo con volumen de negocio, unas&#8230; <a href=\"http:\/\/t.co\/kT5wYvfXzR\">http:\/\/t.co\/kT5wYvfXzR<\/a><\/p>\n<p>\u2014 Jordi Tresserras (@ibertur) <a href=\"https:\/\/twitter.com\/ibertur\/status\/525619301483413505\">octubre 24, 2014<\/a><\/p><\/blockquote>\n<p><script src=\"\/\/platform.twitter.com\/widgets.js\" async=\"\" charset=\"utf-8\"><\/script><\/p>\n<p>El programa lo complementaron la pl\u00e1tica de Pablo Maya, director de Comunicaciones y Relaciones P\u00fablicas del Festival Internacional Cervantino, as\u00ed como la mesa redonda integrada por Alejandra Zorrilla, Vicente Ferreyra y Jorge Belmonte, quienes tocaron el tema de Turismo y Desarrollo Comunitario.<\/p>\n<p>Finalizando con tres conferencias m\u00e1s, a cargo de Fernando Ramos, de Espa\u00f1a, con \u201cLa planificaci\u00f3n de la interpretaci\u00f3n del patrimonio en contextos comunitarios\u201d; Robert Fure, de EU, con \u201cEl ABC del Turismo Educativo\u201d; y el mexicano Alberto Peralta, con \u201cEl turismo gastron\u00f3mico en M\u00e9xico, nuevas perspectivas\u201d.<\/p>\n<p>El arte popular mexicano es muy rico; cada regi\u00f3n, cada pueblo, cada comunidad tiene una artesan\u00eda que le es propia, por ello, en el marco de la Feria se cont\u00f3 con una Exposici\u00f3n Artesanal, donde se apreciaronn las diferentes t\u00e9cnicas de elaboraci\u00f3n y se pudieron adquirir bellas y aut\u00e9nticas piezas del arte popular mexicano y de las naciones participantes.<\/p>\n<p><iframe loading=\"lazy\" src=\"\/\/www.youtube.com\/embed\/jxcPKhV7Zy8\" width=\"560\" height=\"315\" frameborder=\"0\" allowfullscreen=\"allowfullscreen\"><\/iframe><\/p>\n<p><a href=\"http:\/\/www.eloriente.net\/home\/wp-content\/uploads\/2014\/10\/San-Miguel-de-Allende-C\u00e9sar-Guadarrama.jpg\"><img loading=\"lazy\" decoding=\"async\" class=\"alignnone size-medium wp-image-33580\" src=\"http:\/\/www.eloriente.net\/home\/wp-content\/uploads\/2014\/10\/San-Miguel-de-Allende-C\u00e9sar-Guadarrama-300x199.jpg\" alt=\"San Miguel de Allende - C\u00e9sar Guadarrama\" width=\"300\" height=\"199\" srcset=\"http:\/\/www.eloriente.net\/home\/wp-content\/uploads\/2014\/10\/San-Miguel-de-Allende-C\u00e9sar-Guadarrama-300x199.jpg 300w, http:\/\/www.eloriente.net\/home\/wp-content\/uploads\/2014\/10\/San-Miguel-de-Allende-C\u00e9sar-Guadarrama-1024x680.jpg 1024w, http:\/\/www.eloriente.net\/home\/wp-content\/uploads\/2014\/10\/San-Miguel-de-Allende-C\u00e9sar-Guadarrama.jpg 2048w\" sizes=\"(max-width: 300px) 100vw, 300px\" \/><\/a><\/p>\n<p>Foto:\u00a0<a class=\"owner-name truncate\" title=\"Ir a la galer\u00eda de C\u00e9sar Guadarrama\" href=\"http:\/\/www.flickr.com\/photos\/cesarguadarrama\/\" data-track=\"attributionNameClick\" data-rapid_p=\"22\">C\u00e9sar Guadarrama<\/a>\u00a0&#8211;\u00a0<a class=\"photo-license-url\" href=\"https:\/\/creativecommons.org\/licenses\/by\/2.0\/\" target=\"_newtab\" rel=\"license cc:license\" data-rapid_p=\"26\">Algunos derechos reservados<\/a><\/p>\n<p><strong>Entradas relacionadas:<\/strong><\/p>\n<div id=\"post-33411\" class=\"post-33411 post type-post status-publish format-standard has-post-thumbnail hentry category-entradas category-lo-mas-reciente category-mexico-y-el-mundo category-principal category-turismo-y-negocios tag-pasaporte tag-visa entry loop-default border_bottom_30\">\n<p class=\"entry_title\"><a title=\"Permalink to \u00bfA d\u00f3nde podemos viajar sin visa los mexicanos? #TurismoenJueves\" href=\"http:\/\/www.eloriente.net\/home\/2014\/10\/23\/a-donde-podemos-viajar-sin-visa-los-mexicanos-turismoenjueves\/\" rel=\"bookmark\">\u00bfA d\u00f3nde podemos viajar sin visa los mexicanos? #TurismoenJueves<\/a><\/p>\n<p><a href=\"http:\/\/www.eloriente.net\/home\/2014\/10\/23\/a-donde-podemos-viajar-sin-visa-los-mexicanos-turismoenjueves\/\" rel=\"bookmark\"><img decoding=\"async\" class=\"alignleft\" title=\"\u00bfA d\u00f3nde podemos viajar sin visa los mexicanos? #TurismoenJueves\" src=\"http:\/\/www.eloriente.net\/home\/wp-content\/themes\/city-desk\/timthumb.php?src=http%3A%2F%2Fwww.eloriente.net%2Fhome%2Fwp-content%2Fuploads%2F2014%2F10%2FLondres.jpg&amp;q=90&amp;w=160&amp;h=106&amp;zc=1\" alt=\"\u00bfA d\u00f3nde podemos viajar sin visa los mexicanos? #TurismoenJueves\" \/><\/a>eloriente.net 23\/octubre\/2014 La obtenci\u00f3n\u00a0de una visa de turista simple para ingresar a Estados Unidos, incluye la requisici\u00f3n de algunas solicitudes, pago de derechos, la programaci\u00f3n de una entrevista que puede tardar varios meses y en caso de ser aprobada, esperar la llegada del documento. Para ingresar a Canad\u00e1 se experimentan pasos similares, sin la entrevista; [\u2026]<\/p>\n<div class=\"sharedaddy sd-sharing-enabled\">\n<div class=\"robots-nocontent sd-block sd-social sd-social-icon-text sd-sharing\">\n<div class=\"sd-content\">\n<ul>\n<li><a class=\"sharing-anchor sd-button share-more\" href=\"http:\/\/www.eloriente.net\/home\/?x=0&amp;y=0&amp;s=turismo#\">Share<\/a><\/li>\n<li class=\"share-end\"><\/li>\n<\/ul>\n<div class=\"sharing-hidden\"><\/div>\n<\/div>\n<\/div>\n<\/div>\n<p class=\"postmeta\"><span class=\"meta_date\">October 23, 2014<\/span><\/p>\n<\/div>\n<div id=\"post-33399\" class=\"post-33399 post type-post status-publish format-standard has-post-thumbnail hentry category-entradas category-lo-mas-reciente category-mexico-y-el-mundo category-politica-y-gobierno category-turismo-y-negocios tag-trabajo-infantil entry loop-default border_bottom_30\">\n<p class=\"entry_title\"><a title=\"Permalink to El trabajo infantil en la industria del turismo\" href=\"http:\/\/www.eloriente.net\/home\/2014\/10\/22\/el-trabajo-infantil-en-la-industria-del-turismo\/\" rel=\"bookmark\">El trabajo infantil en la industria del turismo<\/a><\/p>\n<p><a href=\"http:\/\/www.eloriente.net\/home\/2014\/10\/22\/el-trabajo-infantil-en-la-industria-del-turismo\/\" rel=\"bookmark\"><img decoding=\"async\" class=\"alignleft\" title=\"El trabajo infantil en la industria del turismo\" src=\"http:\/\/www.eloriente.net\/home\/wp-content\/themes\/city-desk\/timthumb.php?src=http%3A%2F%2Fwww.eloriente.net%2Fhome%2Fwp-content%2Fuploads%2F2014%2F10%2Fkenya-80753_640.jpg&amp;q=90&amp;w=160&amp;h=106&amp;zc=1\" alt=\"El trabajo infantil en la industria del turismo\" \/><\/a>eloriente.net \/ OIT 23\/octubre\/2014 Los ni\u00f1os realizan diversos trabajos en la industria de la hoteler\u00eda, la restauraci\u00f3n y el turismo: botones, camareras de piso, lavaplatos, limpiadores de playa, vendedores callejeros, cadis en los campos de golf. Entre el 10 y el 15 por ciento de los trabajadores empleados en este sector en todo el mundo [\u2026]<\/p>\n<div class=\"sharedaddy sd-sharing-enabled\">\n<div class=\"robots-nocontent sd-block sd-social sd-social-icon-text sd-sharing\">\n<div class=\"sd-content\">\n<ul>\n<li><a class=\"sharing-anchor sd-button share-more\" href=\"http:\/\/www.eloriente.net\/home\/?x=0&amp;y=0&amp;s=turismo#\">Share<\/a><\/li>\n<li class=\"share-end\"><\/li>\n<\/ul>\n<div class=\"sharing-hidden\"><\/div>\n<\/div>\n<\/div>\n<\/div>\n<p class=\"postmeta\"><span class=\"meta_date\">October 22, 2014<\/span><\/p>\n<\/div>\n<div id=\"post-33282\" class=\"post-33282 post type-post status-publish format-standard has-post-thumbnail hentry category-deportes category-entradas category-lo-mas-reciente category-oaxaca-estados category-turismo-y-negocios tag-golf tag-huatulco tag-tangolunda entry loop-default border_bottom_30\">\n<p class=\"entry_title\"><a title=\"Permalink to 23 a\u00f1os de golf en Huatulco #TurismoenS\u00e1bado\" href=\"http:\/\/www.eloriente.net\/home\/2014\/10\/18\/23-anos-de-golf-en-huatulco-turismoensabado\/\" rel=\"bookmark\">23 a\u00f1os de golf en Huatulco #TurismoenS\u00e1bado<\/a><\/p>\n<p><a href=\"http:\/\/www.eloriente.net\/home\/2014\/10\/18\/23-anos-de-golf-en-huatulco-turismoensabado\/\" rel=\"bookmark\"><img decoding=\"async\" class=\"alignleft\" title=\"23 a\u00f1os de golf en Huatulco #TurismoenS\u00e1bado\" src=\"http:\/\/www.eloriente.net\/home\/wp-content\/themes\/city-desk\/timthumb.php?src=http%3A%2F%2Fwww.eloriente.net%2Fhome%2Fwp-content%2Fuploads%2F2014%2F10%2FGolf-Wojciech-Kulicki.jpg&amp;q=90&amp;w=160&amp;h=106&amp;zc=1\" alt=\"23 a\u00f1os de golf en Huatulco #TurismoenS\u00e1bado\" \/><\/a>eloriente.net 18\/octubre\/2014 En el a\u00f1o de 1991 se inaugur\u00f3 el Campo de Golf Tangolunda en Huatulco, campo de primer nivel \u00fanico en la regi\u00f3n, dise\u00f1ado por Mario Schjetnan Dantan y Pedro Guereca, enclavado en una excelente zona completada por tres hermosos lagos, sobre una superficie de 72.5 hect\u00e1reas, con 18 hoyos en par 72 categor\u00eda [\u2026]<\/p>\n<div class=\"sharedaddy sd-sharing-enabled\">\n<div class=\"robots-nocontent sd-block sd-social sd-social-icon-text sd-sharing\">\n<div class=\"sd-content\">\n<ul>\n<li><a class=\"sharing-anchor sd-button share-more\" href=\"http:\/\/www.eloriente.net\/home\/?x=0&amp;y=0&amp;s=turismo#\">Share<\/a><\/li>\n<li class=\"share-end\"><\/li>\n<\/ul>\n<div class=\"sharing-hidden\"><\/div>\n<\/div>\n<\/div>\n<\/div>\n<p class=\"postmeta\"><span class=\"meta_date\">October 18, 2014<\/span><\/p>\n<\/div>\n<p>&nbsp;<\/p>\n\n\t\t\t  <div \n\t\t\t  \tclass = \"fb-comments\" \n\t\t\t  \tdata-href = \"http:\/\/www.eloriente.net\/home\/2014\/10\/30\/que-nos-dejo-la-feria-de-turismo-cultural\/\"\n\t\t\t  \tdata-numposts = \"10\"\n\t\t\t\tdata-colorscheme = \"dark\"\n\t\t\t\tdata-order-by = \"social\"\n\t\t\t\tdata-mobile=true>\n\t\t\t  <\/div>\n\t\t  <style>\n\t\t\t.fb_iframe_widget_fluid_desktop iframe {\n\t\t\t    width: 100% !important;\n\t\t\t}\n\t\t  <\/style>\n\t\t  ","protected":false},"excerpt":{"rendered":"<p>eloriente.net 30\/octubre\/2014 \u00c1ngela Montesinos lleg\u00f3 desde Cuba para participar en la Quinta Feria de Turismo Cultural de M\u00e9xico, y qued\u00f3 sorprendida: en el primer d\u00eda ten\u00eda ya programadas 47 citas de negocios. Y es que ese es uno de los principales objetivos del evento dentro del \u00c1rea Comercial, donde se aseguraron m\u00e1s de 3 mil [&hellip;]<\/p>\n","protected":false},"author":1,"featured_media":33580,"comment_status":"open","ping_status":"open","sticky":false,"template":"","format":"standard","meta":{"_jetpack_memberships_contains_paid_content":false,"footnotes":""},"categories":[32,63,10,24,31,19],"tags":[2846],"class_list":["post-33579","post","type-post","status-publish","format-standard","has-post-thumbnail","hentry","category-entradas","category-estados","category-lo-mas-reciente","category-mexico-y-el-mundo","category-principal","category-turismo-y-negocios","tag-feria-del-turismo-cultural"],"jetpack_featured_media_url":"http:\/\/www.eloriente.net\/home\/wp-content\/uploads\/2014\/10\/San-Miguel-de-Allende-C\u00e9sar-Guadarrama.jpg","jetpack_sharing_enabled":true,"_links":{"self":[{"href":"http:\/\/www.eloriente.net\/home\/wp-json\/wp\/v2\/posts\/33579"}],"collection":[{"href":"http:\/\/www.eloriente.net\/home\/wp-json\/wp\/v2\/posts"}],"about":[{"href":"http:\/\/www.eloriente.net\/home\/wp-json\/wp\/v2\/types\/post"}],"author":[{"embeddable":true,"href":"http:\/\/www.eloriente.net\/home\/wp-json\/wp\/v2\/users\/1"}],"replies":[{"embeddable":true,"href":"http:\/\/www.eloriente.net\/home\/wp-json\/wp\/v2\/comments?post=33579"}],"version-history":[{"count":2,"href":"http:\/\/www.eloriente.net\/home\/wp-json\/wp\/v2\/posts\/33579\/revisions"}],"predecessor-version":[{"id":33582,"href":"http:\/\/www.eloriente.net\/home\/wp-json\/wp\/v2\/posts\/33579\/revisions\/33582"}],"wp:featuredmedia":[{"embeddable":true,"href":"http:\/\/www.eloriente.net\/home\/wp-json\/wp\/v2\/media\/33580"}],"wp:attachment":[{"href":"http:\/\/www.eloriente.net\/home\/wp-json\/wp\/v2\/media?parent=33579"}],"wp:term":[{"taxonomy":"category","embeddable":true,"href":"http:\/\/www.eloriente.net\/home\/wp-json\/wp\/v2\/categories?post=33579"},{"taxonomy":"post_tag","embeddable":true,"href":"http:\/\/www.eloriente.net\/home\/wp-json\/wp\/v2\/tags?post=33579"}],"curies":[{"name":"wp","href":"https:\/\/api.w.org\/{rel}","templated":true}]}}