{"id":33670,"date":"2014-11-04T00:00:06","date_gmt":"2014-11-04T06:00:06","guid":{"rendered":"http:\/\/www.eloriente.net\/home\/?p=33670"},"modified":"2014-11-04T21:26:08","modified_gmt":"2014-11-05T03:26:08","slug":"se-comenten-en-oaxaca-1-7-homicidios-dolosos-diarios","status":"publish","type":"post","link":"http:\/\/www.eloriente.net\/home\/2014\/11\/04\/se-comenten-en-oaxaca-1-7-homicidios-dolosos-diarios\/","title":{"rendered":"Se cometen en Oaxaca 1.7 homicidios dolosos diarios"},"content":{"rendered":"<p>eloriente.net<\/p>\n<p>3\/noviembre\/2014<\/p>\n<p>El Ministerio P\u00fablico en el estado de Oaxaca recibi\u00f3 53\u00a0denuncias por homicidio doloso en septiembre\u00a0de 2014, segundo mes con mayor cantidad de este tipo de delitos en el a\u00f1o, por debajo de julio cuando se registraron 71. Estos datos, est\u00e1n contenidos en\u00a0el informe <a href=\"http:\/\/www.secretariadoejecutivosnsp.gob.mx\/work\/models\/SecretariadoEjecutivo\/Resource\/131\/1\/images\/publicacionCIEISPsep14.pdf\" target=\"_blank\">\u201cIncidencia delictiva del Fuero Com\u00fan 2014\u2033 del Secretariado Ejecutivo del Sistema Nacional de Seguridad P\u00fablica<\/a>. En lo que va del a\u00f1o, se han presentado denuncias por m\u00e1s de 26 mil delitos en todo el estado, siendo los robos el m\u00e1s alto con 8,309 casos. Dentro de este rubro, el 63.6% de los robos ocurrieron sin violencia, mientras que 34.4% present\u00f3 alg\u00fan tipo de agresi\u00f3n.<\/p>\n<p><a href=\"http:\/\/www.eloriente.net\/home\/wp-content\/uploads\/2014\/11\/1.jpg\"><img loading=\"lazy\" decoding=\"async\" class=\"size-full wp-image-33673 aligncenter\" src=\"http:\/\/www.eloriente.net\/home\/wp-content\/uploads\/2014\/11\/1.jpg\" alt=\"1\" width=\"893\" height=\"790\" srcset=\"http:\/\/www.eloriente.net\/home\/wp-content\/uploads\/2014\/11\/1.jpg 893w, http:\/\/www.eloriente.net\/home\/wp-content\/uploads\/2014\/11\/1-300x265.jpg 300w\" sizes=\"(max-width: 893px) 100vw, 893px\" \/><\/a><\/p>\n<p>&nbsp;<\/p>\n<p><a href=\"http:\/\/www.eloriente.net\/home\/wp-content\/uploads\/2014\/11\/2.jpg\"><img loading=\"lazy\" decoding=\"async\" class=\"size-full wp-image-33674 aligncenter\" src=\"http:\/\/www.eloriente.net\/home\/wp-content\/uploads\/2014\/11\/2.jpg\" alt=\"2\" width=\"889\" height=\"190\" srcset=\"http:\/\/www.eloriente.net\/home\/wp-content\/uploads\/2014\/11\/2.jpg 889w, http:\/\/www.eloriente.net\/home\/wp-content\/uploads\/2014\/11\/2-300x64.jpg 300w\" sizes=\"(max-width: 889px) 100vw, 889px\" \/><\/a><\/p>\n<p>La informaci\u00f3n oficial, es decir, las denuncias registradas en los Ministerios P\u00fablicos de todo el pa\u00eds, se utilizan como base para realizar este tipo de mediciones, aunque muchas iniciativas para realizar sem\u00e1foros sobre incidencia delictiva, surgen de iniciativas ciudadanas. En el a\u00f1o 2008, <a href=\"http:\/\/www.criminologiaysociedad.com\/articulos\/archivos\/numero-02\/02%20Martin%20Trevino%20El%20semaforo%20del%20delito.pdf\" target=\"_blank\">en Nuevo Le\u00f3n se adopt\u00f3 el instrumento de medici\u00f3n denominado Sem\u00e1foro del Delito<\/a> impulsado por la organizaci\u00f3n \u201cIluminemos Nuevo Le\u00f3n, A. C.\u201d. A principios de cada mes, los medios de comunicaci\u00f3n difunden sus indicadores con amplitud. Este mecanismo forma parte de los trabajos que de manera sistem\u00e1tica viene realizando el Consejo Ciudadano de Seguridad P\u00fablica.<\/p>\n<p>En M\u00e9xico se han dise\u00f1ado <a href=\"http:\/\/www.mexicoevalua.org\/wp-content\/uploads\/2013\/03\/SIIS-2010.pdf\" target=\"_blank\">diferentes \u00edndices sobre inseguridad<\/a>. En estos \u00edndices se han ponderado especialmente la violencia o gravedad de los il\u00edcitos, es decir, se le da un peso mayor a delitos violentos o graves, tanto denunciados como no reportados (obtenidos a trav\u00e9s de encuestas).\u00a0El Centro de Investigaci\u00f3n para el Desarrollo cuenta tambi\u00e9n con un <a href=\"http:\/\/www.cidac.org\/esp\/uploads\/1\/__ndice_de_Incidencia_Delictiva_y_Violencia_2009_PDF.pdf\" target=\"_blank\">\u00cdndice de Incidencia Delictiva y Violencia<\/a>, as\u00ed como <a href=\"http:\/\/www.cidac.org\/esp\/uploads\/1\/__ndice_de_Incidencia_Delictiva_y_Violencia_2009_PDF.pdf\" target=\"_blank\">otros instrumentos<\/a> que comparan y establecen diferencias entre entidades federativas o per\u00edodos de tiempo. Cabe mencionar que la incidencia delictiva determina el n\u00famero de delitos que sucedieron en una zona o regi\u00f3n y el tipo. La incidencia delictiva es igual al n\u00famero de delitos denunciados m\u00e1s los delitos no denunciados o cifra negra.<\/p>\n<p>Por ejemplo, <a href=\"http:\/\/www.inegi.org.mx\/est\/contenidos\/Proyectos\/encuestas\/hogares\/regulares\/envipe\/envipe2014\/default.aspx\" target=\"_blank\">la Encuesta Nacional de Victimizaci\u00f3n y Percepci\u00f3n sobre Seguridad P\u00fablica (ENVIPE) 2014<\/a>,\u00a0tiene como objetivo recabar informaci\u00f3n, con representatividad tanto a nivel nacional como estatal (aunque s\u00f3lo para ciertas variables en el segundo caso), que permita llevar a cabo estimaciones sobre la prevalencia e incidencia delictiva que afecta a los hogares de M\u00e9xico y a los individuos integrantes de los mismos. Adicionalmente, con la ENVIPE se pueden hacer estimaciones sobre la cifra negra y las caracter\u00edsticas de los delitos cometidos, las v\u00edctimas de \u00e9stos, los delincuentes que los cometen y el contexto de la victimizaci\u00f3n. Como complemento de la informaci\u00f3n de victimizaci\u00f3n, con la ENVIPE tambi\u00e9n se obtiene informaci\u00f3n relativa a la percepci\u00f3n de la poblaci\u00f3n de 18 a\u00f1os y m\u00e1s respecto a la seguridad p\u00fablica y a las autoridades responsables de garantizarla. La importancia de este tipo de instrumentos permiten acercarnos m\u00e1s a los \u00edndices reales de incidencia delictiva, pues de ce\u00f1irse solamente a las cifras recabadas por los Ministerios P\u00fablicos se medir\u00eda mayormente la incidencia de denuncia y se despreciar\u00eda la cifra negra.<\/p>\n<p>De manera general, esa es la forma en que se mide la incidencia delictiva en M\u00e9xico, aunque existen muchas organizaciones civiles que utilizan datos oficiales o corren sus propias encuestas para obtener datos que sirvan como\u00a0herramienta de apoyo a la autoridad en el dise\u00f1o e instrumentaci\u00f3n de estrategias para prevenir el delito y, desde luego, conocer su utilidad para informar a la comunidad sobre la situaci\u00f3n que venimos padeciendo en esta materia.<\/p>\n<p><a href=\"http:\/\/www.eloriente.net\/home\/wp-content\/uploads\/2014\/11\/Seguridad-Lydia.jpg\"><img loading=\"lazy\" decoding=\"async\" class=\"alignnone size-medium wp-image-33676\" src=\"http:\/\/www.eloriente.net\/home\/wp-content\/uploads\/2014\/11\/Seguridad-Lydia-300x225.jpg\" alt=\"Seguridad - Lydia\" width=\"300\" height=\"225\" srcset=\"http:\/\/www.eloriente.net\/home\/wp-content\/uploads\/2014\/11\/Seguridad-Lydia-300x225.jpg 300w, http:\/\/www.eloriente.net\/home\/wp-content\/uploads\/2014\/11\/Seguridad-Lydia.jpg 1024w\" sizes=\"(max-width: 300px) 100vw, 300px\" \/><\/a><\/p>\n<p>Foto:\u00a0<a class=\"owner-name truncate\" title=\"Ir a la galer\u00eda de Lydia\" href=\"http:\/\/www.flickr.com\/photos\/lydiashiningbrightly\/\" data-track=\"attributionNameClick\" data-rapid_p=\"22\">Lydia<\/a>\u00a0&#8211;\u00a0<a href=\"https:\/\/creativecommons.org\/licenses\/by-sa\/2.0\/\">Algunos derechos reservados<\/a><\/p>\n<p><strong>Entradas relacionadas:<\/strong><\/p>\n<p class=\"entry_title\"><a title=\"Permalink to Ocurre un secuestro cada 8.3 d\u00edas en Oaxaca #Infograf\u00eda\" href=\"http:\/\/www.eloriente.net\/home\/2014\/06\/30\/ocurre-un-secuestro-cada-8-3-dias-en-oaxaca\/\" rel=\"bookmark\">Ocurre un secuestro cada 8.3 d\u00edas en Oaxaca #Infograf\u00eda<\/a><\/p>\n<p><a href=\"http:\/\/www.eloriente.net\/home\/2014\/06\/30\/ocurre-un-secuestro-cada-8-3-dias-en-oaxaca\/\" rel=\"bookmark\"><img decoding=\"async\" class=\"alignleft\" title=\"Ocurre un secuestro cada 8.3 d\u00edas en Oaxaca #Infograf\u00eda\" src=\"http:\/\/www.eloriente.net\/home\/wp-content\/themes\/city-desk\/timthumb.php?src=http%3A%2F%2Fwww.eloriente.net%2Fhome%2Fwp-content%2Fuploads%2F2014%2F06%2FPolic%C3%ADa-Por-GobOax.jpg&amp;q=90&amp;w=160&amp;h=106&amp;zc=1\" alt=\"Ocurre un secuestro cada 8.3 d\u00edas en Oaxaca #Infograf\u00eda\" \/><\/a><\/p>\n<p>eloriente.net 30\/junio\/2013 El Ministerio P\u00fablico en el estado de Oaxaca recibi\u00f3 siete denuncias por privaci\u00f3n de la libertad durante mayo de 2014, cifra superior en 250% en comparaci\u00f3n con el mes anterior, es decir, en abril se registraron dos secuestros, as\u00ed lo dio a conocer\u00a0el informe \u201cIncidencia delictiva del Fuero Com\u00fan 2014\u2033 del Secretariado Ejecutivo [\u2026]<\/p>\n<div class=\"sharedaddy sd-sharing-enabled\">\n<div class=\"robots-nocontent sd-block sd-social sd-social-icon-text sd-sharing\">\n<div class=\"sd-content\">\n<ul>\n<li><a class=\"sharing-anchor sd-button share-more\" href=\"http:\/\/www.eloriente.net\/home\/?x=0&amp;y=0&amp;s=ocurre+un+secuestro#\">Share<\/a><\/li>\n<li class=\"share-end\"><\/li>\n<\/ul>\n<div class=\"sharing-hidden\"><\/div>\n<\/div>\n<\/div>\n<\/div>\n<p class=\"postmeta\"><span class=\"meta_date\">June 30, 2014<\/span><\/p>\n<div id=\"post-29463\" class=\"post-29463 post type-post status-publish format-standard has-post-thumbnail hentry category-entradas category-estados category-secciones-oriente category-lo-mas-reciente category-oaxaca-estados category-politica-y-gobierno category-principal tag-cifras-negras tag-delitos tag-denuncias tag-envipe tag-justicia tag-ministerio tag-seguridad entry loop-default border_bottom_30\">\n<p class=\"entry_title\"><a title=\"Permalink to Alcanza 92.3% cifra negra en seguridad en Oaxaca\" href=\"http:\/\/www.eloriente.net\/home\/2014\/07\/14\/alcanza-92-3-cifra-negra-en-seguridad-en-oaxaca\/\" rel=\"bookmark\">Alcanza 92.3% cifra negra en seguridad en Oaxaca<\/a><\/p>\n<p><a href=\"http:\/\/www.eloriente.net\/home\/2014\/07\/14\/alcanza-92-3-cifra-negra-en-seguridad-en-oaxaca\/\" rel=\"bookmark\"><img decoding=\"async\" class=\"alignleft\" title=\"Alcanza 92.3% cifra negra en seguridad en Oaxaca\" src=\"http:\/\/www.eloriente.net\/home\/wp-content\/themes\/city-desk\/timthumb.php?src=http%3A%2F%2Fwww.eloriente.net%2Fhome%2Fwp-content%2Fuploads%2F2014%2F07%2FC%C3%A1rcel-Por-Rock-Rejas-Sonidos-desde-la-C%C3%A1rcel-Gira-2003.jpg&amp;q=90&amp;w=160&amp;h=106&amp;zc=1\" alt=\"Alcanza 92.3% cifra negra en seguridad en Oaxaca\" \/><\/a>eloriente.net 14\/julio\/2014 De acuerdo con la Encuesta Nacional de Victimizaci\u00f3n y Percepci\u00f3n sobre Seguridad P\u00fablica (Envipe) 2013, del Instituto Nacional de Estad\u00edstica y Geograf\u00eda (INEGI), publicado en septiembre de 2013, la cifra negra en el estado de Oaxaca alcanz\u00f3 una tasa de 92.3% durante el a\u00f1o 2012. \u00a0 \u00a0 La organizaci\u00f3n M\u00e9xico Eval\u00faa define como [\u2026]<\/p>\n<div class=\"sharedaddy sd-sharing-enabled\">\n<div class=\"robots-nocontent sd-block sd-social sd-social-icon-text sd-sharing\">\n<div class=\"sd-content\">\n<ul>\n<li><a class=\"sharing-anchor sd-button share-more\" href=\"http:\/\/www.eloriente.net\/home\/?x=0&amp;y=0&amp;s=delictiva#\">Share<\/a><\/li>\n<li class=\"share-end\"><\/li>\n<\/ul>\n<div class=\"sharing-hidden\"><\/div>\n<\/div>\n<\/div>\n<\/div>\n<p class=\"postmeta\"><span class=\"meta_date\">July 14, 2014<\/span><\/p>\n<\/div>\n<div id=\"post-29450\" class=\"post-29450 post type-post status-publish format-standard has-post-thumbnail hentry category-canal-1-tu-aula category-entradas category-estados category-lo-mas-reciente category-politica-y-gobierno tag-cifra-negra tag-cifras tag-delincuencia tag-estados-2 tag-gobierno tag-seguridad tag-transparencia entry loop-default border_bottom_30\">\n<p class=\"entry_title\"><a title=\"Permalink to Video: Las cifras negras en seguridad, M\u00e9xico Eval\u00faa\" href=\"http:\/\/www.eloriente.net\/home\/2014\/07\/14\/video-las-cifras-negras-en-seguridad-mexico-evalua\/\" rel=\"bookmark\">Video: Las cifras negras en seguridad, M\u00e9xico Eval\u00faa<\/a><\/p>\n<p><a href=\"http:\/\/www.eloriente.net\/home\/2014\/07\/14\/video-las-cifras-negras-en-seguridad-mexico-evalua\/\" rel=\"bookmark\"><img decoding=\"async\" class=\"alignleft\" title=\"Video: Las cifras negras en seguridad, M\u00e9xico Eval\u00faa\" src=\"http:\/\/www.eloriente.net\/home\/wp-content\/themes\/city-desk\/timthumb.php?src=http%3A%2F%2Fwww.eloriente.net%2Fhome%2Fwp-content%2Fuploads%2F2014%2F07%2FEdna-Jaime-Youtube.png&amp;q=90&amp;w=160&amp;h=106&amp;zc=1\" alt=\"Video: Las cifras negras en seguridad, M\u00e9xico Eval\u00faa\" \/><\/a>eloriente.net 14\/junio\/2014 En entrevista para la organizaci\u00f3n Red por la Rendici\u00f3n de Cuentas, Edna Jaime, directora de M\u00e9xico Eval\u00faa, instituci\u00f3n que se enfoca en la\u00a0evaluaci\u00f3n y monitoreo de la operaci\u00f3n gubernamental, habl\u00f3 sobre la transparencia entorno a la seguridad p\u00fablica y a los recursos que se ejercen en el pa\u00eds. Edna Jaime se\u00f1al\u00f3 que la [\u2026]<\/p>\n<div class=\"sharedaddy sd-sharing-enabled\">\n<div class=\"robots-nocontent sd-block sd-social sd-social-icon-text sd-sharing\">\n<div class=\"sd-content\">\n<ul>\n<li><a class=\"sharing-anchor sd-button share-more\" href=\"http:\/\/www.eloriente.net\/home\/?x=0&amp;y=0&amp;s=delictiva#\">Share<\/a><\/li>\n<li class=\"share-end\"><\/li>\n<\/ul>\n<div class=\"sharing-hidden\"><\/div>\n<\/div>\n<\/div>\n<\/div>\n<p class=\"postmeta\"><span class=\"meta_date\">July 14, 2014<\/span><\/p>\n<\/div>\n\n\t\t\t  <div \n\t\t\t  \tclass = \"fb-comments\" \n\t\t\t  \tdata-href = \"http:\/\/www.eloriente.net\/home\/2014\/11\/04\/se-comenten-en-oaxaca-1-7-homicidios-dolosos-diarios\/\"\n\t\t\t  \tdata-numposts = \"10\"\n\t\t\t\tdata-colorscheme = \"dark\"\n\t\t\t\tdata-order-by = \"social\"\n\t\t\t\tdata-mobile=true>\n\t\t\t  <\/div>\n\t\t  <style>\n\t\t\t.fb_iframe_widget_fluid_desktop iframe {\n\t\t\t    width: 100% !important;\n\t\t\t}\n\t\t  <\/style>\n\t\t  ","protected":false},"excerpt":{"rendered":"<p>eloriente.net 3\/noviembre\/2014 El Ministerio P\u00fablico en el estado de Oaxaca recibi\u00f3 53\u00a0denuncias por homicidio doloso en septiembre\u00a0de 2014, segundo mes con mayor cantidad de este tipo de delitos en el a\u00f1o, por debajo de julio cuando se registraron 71. Estos datos, est\u00e1n contenidos en\u00a0el informe \u201cIncidencia delictiva del Fuero Com\u00fan 2014\u2033 del Secretariado Ejecutivo del [&hellip;]<\/p>\n","protected":false},"author":1,"featured_media":33676,"comment_status":"open","ping_status":"open","sticky":false,"template":"","format":"standard","meta":{"_jetpack_memberships_contains_paid_content":false,"footnotes":""},"categories":[29,22,32,63,10,464,21,31],"tags":[2872,2867,73,206,2871],"class_list":["post-33670","post","type-post","status-publish","format-standard","has-post-thumbnail","hentry","category-capital","category-derechos-humanos","category-entradas","category-estados","category-lo-mas-reciente","category-oaxaca-estados","category-politica-y-gobierno","category-principal","tag-homicidios","tag-indice-delictivo","tag-oaxaca","tag-seguridad","tag-sspo"],"jetpack_featured_media_url":"http:\/\/www.eloriente.net\/home\/wp-content\/uploads\/2014\/11\/Seguridad-Lydia.jpg","jetpack_sharing_enabled":true,"_links":{"self":[{"href":"http:\/\/www.eloriente.net\/home\/wp-json\/wp\/v2\/posts\/33670"}],"collection":[{"href":"http:\/\/www.eloriente.net\/home\/wp-json\/wp\/v2\/posts"}],"about":[{"href":"http:\/\/www.eloriente.net\/home\/wp-json\/wp\/v2\/types\/post"}],"author":[{"embeddable":true,"href":"http:\/\/www.eloriente.net\/home\/wp-json\/wp\/v2\/users\/1"}],"replies":[{"embeddable":true,"href":"http:\/\/www.eloriente.net\/home\/wp-json\/wp\/v2\/comments?post=33670"}],"version-history":[{"count":2,"href":"http:\/\/www.eloriente.net\/home\/wp-json\/wp\/v2\/posts\/33670\/revisions"}],"predecessor-version":[{"id":33698,"href":"http:\/\/www.eloriente.net\/home\/wp-json\/wp\/v2\/posts\/33670\/revisions\/33698"}],"wp:featuredmedia":[{"embeddable":true,"href":"http:\/\/www.eloriente.net\/home\/wp-json\/wp\/v2\/media\/33676"}],"wp:attachment":[{"href":"http:\/\/www.eloriente.net\/home\/wp-json\/wp\/v2\/media?parent=33670"}],"wp:term":[{"taxonomy":"category","embeddable":true,"href":"http:\/\/www.eloriente.net\/home\/wp-json\/wp\/v2\/categories?post=33670"},{"taxonomy":"post_tag","embeddable":true,"href":"http:\/\/www.eloriente.net\/home\/wp-json\/wp\/v2\/tags?post=33670"}],"curies":[{"name":"wp","href":"https:\/\/api.w.org\/{rel}","templated":true}]}}