{"id":33678,"date":"2014-11-04T00:00:41","date_gmt":"2014-11-04T06:00:41","guid":{"rendered":"http:\/\/www.eloriente.net\/home\/?p=33678"},"modified":"2014-11-06T17:24:13","modified_gmt":"2014-11-06T23:24:13","slug":"convocatoria-fondo-sectorial-para-la-seguridad-publica-segob-cns-conacyt","status":"publish","type":"post","link":"http:\/\/www.eloriente.net\/home\/2014\/11\/04\/convocatoria-fondo-sectorial-para-la-seguridad-publica-segob-cns-conacyt\/","title":{"rendered":"Convocatoria Fondo Sectorial para la Seguridad P\u00fablica  SEGOB &#8211; CNS \u2013 CONACYT"},"content":{"rendered":"<p>eloriente.net<\/p>\n<p>3\/noviembre\/2014<\/p>\n<p>En una definici\u00f3n b\u00e1sica podr\u00edamos decir que Geolocalizaci\u00f3n es la palabra en espa\u00f1ol para el t\u00e9rmino geolocation, que se refiere a la localizaci\u00f3n geogr\u00e1fica de un dispositivo, como puede ser un dispositivo m\u00f3vil o una computadora con conexi\u00f3n a Internet. Por su parte un aut\u00f3mata puede definirse como un equipo electr\u00f3nico programable en lenguaje no inform\u00e1tico y dise\u00f1ado para controlar, en tiempo real y en ambiente industrial, procesos secuenciales. Sin embargo, la r\u00e1pida evoluci\u00f3n de los aut\u00f3matas hace que esta definici\u00f3n no est\u00e9 cerrada.<\/p>\n<p>R. E. Moreley, considerado por muchos el padre del aut\u00f3mata programable, desarroll\u00f3 un equipo que respond\u00eda a las necesidades que General Motors quer\u00eda incorporar a sus veh\u00edculos para dejar de utilizar rel\u00e9s o interruptores accionados por un electroim\u00e1n. Las primeras aplicaciones de los aut\u00f3matas programables se dieron en la industria automotriz para sustituir los complejos equipos basados en rel\u00e9s. Sin embargo, la disminuci\u00f3n de tama\u00f1o y el menor costo han permitido que los aut\u00f3matas sean utilizados en todos los sectores de la industria, b\u00e1sicamente en los controles de procesos. Por poner un ejemplo, es el regulador de la dosificaci\u00f3n, pesaje o mezcla en plantas qu\u00edmicas; as\u00ed como en la industria alimenticia se encarga del envasado, empaquetado, embotellado, almacenaje, llenado de botellas, etc. En resumen un aut\u00f3mata no es un dispositivo pers\u00e9 que cumpla una finalidad, es un mecanismo equipo que se programa para controlar a casi cualquier aparato automatizado.<\/p>\n<p>El Fondo Sectorial CONACYT-SEGOB-CNS para la Seguridad P\u00fablica convoca a las Universidades e Instituciones p\u00fablicas y particulares de Educaci\u00f3n Superior y Centros de Investigaci\u00f3n, que cuenten con Registro Nacional de Instituciones y Empresas Cient\u00edficas y Tecnol\u00f3gicas RENIECYT vigente al momento de ingresar su propuesta, y se encuentre vigente al momento de participar, a presentar propuestas de proyectos de desarrollo tecnol\u00f3gico e innovaci\u00f3n en \u00e1reas de seguridad p\u00fablica, a trav\u00e9s de la atenci\u00f3n de los siguientes retos y demandas espec\u00edficas:<\/p>\n<ul>\n<li>Dise\u00f1o y construcci\u00f3n de un dispositivo \u201cmicro-nano electr\u00f3nico de geo\u00a0localizaci\u00f3n en redes m\u00f3viles con eficiencia energ\u00e9tica\u201d.<\/li>\n<li>Dise\u00f1o e implementaci\u00f3n del \u201cSistema Aut\u00f3mata en Internet\u201d.<\/li>\n<li>Dise\u00f1o y construcci\u00f3n de un \u201cMultirotor Reconfigurable\u201d<\/li>\n<\/ul>\n<p>a) El proponente debe contar con el RENIECYT vigente al momento de ingresar su propuesta.<br \/>\nb) Se deber\u00e1 entregar en tiempo y forma la informaci\u00f3n y documentaci\u00f3n solicitada en los T\u00e9rminos de Referencia de acuerdo a cada uno de los retos en el (los) que haya inter\u00e9s en participar, y que permita evaluar las capacidades necesarias y obligatorias.<\/p>\n<p>Etapa de presentaci\u00f3n de prepropuestas:<br \/>\n1. La instituci\u00f3n interesada deber\u00e1 presentar una Prepropuesta T\u00e9cnica Ejecutiva, con un planteamiento de soluci\u00f3n al reto o demanda espec\u00edfica, debiendo presentar una prepropuesta para cada reto en el que se desee participar.<br \/>\n2. Se deber\u00e1 presentar documento que contenga estimados de costo unitario de horas hombre (rem\u00edtase al Apartado B de Glosario de T\u00e9rminos) de acuerdo al tipo de personal t\u00edpico asociado a proyectos de la naturaleza de esta convocatoria.<br \/>\n3. Para efectos de gesti\u00f3n de la propiedad intelectual y posible transferencia de tecnolog\u00eda, las instituciones deber\u00e1n expedir un oficio en donde acepten gestionar los derechos correspondientes para la protecci\u00f3n \u2013 apropiaci\u00f3n de derechos de Propiedad Intelectual (cuando aplique y como aplique -con cargo al proyecto) -, y otorgar la primera opci\u00f3n de cesi\u00f3n de una licencia de explotaci\u00f3n exclusiva, de manera irrevocable y a t\u00edtulo gratuito a la Polic\u00eda Federal, dentro del (los) campo(s) de actuaci\u00f3n correspondiente a las prioridades de la misma.<br \/>\n4. Documentaci\u00f3n correspondiente que permita evaluar las capacidades instaladas identificadas como m\u00ednimas, necesarias y obligatorias para cada reto o demanda.<\/p>\n<p>Para conocer la convocatoria completa, <a href=\"http:\/\/www.conacyt.mx\/index.php\/el-conacyt\/convocatorias-y-resultados-conacyt\/convocatorias-fondos-sectoriales-constituidos\/convocatoria-segob-conacyt-1\/2014-1\/4925-bases-de-la-convocatoria-83\/file\" target=\"_blank\">haz clic aqu\u00ed<\/a>.<\/p>\n<p><a href=\"http:\/\/www.eloriente.net\/home\/wp-content\/uploads\/2014\/10\/Inform\u00e1tica-felixtriller.jpg\"><img loading=\"lazy\" decoding=\"async\" class=\"alignnone size-medium wp-image-33129\" src=\"http:\/\/www.eloriente.net\/home\/wp-content\/uploads\/2014\/10\/Inform\u00e1tica-felixtriller-300x191.jpg\" alt=\"Inform\u00e1tica - felixtriller\" width=\"300\" height=\"191\" srcset=\"http:\/\/www.eloriente.net\/home\/wp-content\/uploads\/2014\/10\/Inform\u00e1tica-felixtriller-300x191.jpg 300w, http:\/\/www.eloriente.net\/home\/wp-content\/uploads\/2014\/10\/Inform\u00e1tica-felixtriller.jpg 1024w\" sizes=\"(max-width: 300px) 100vw, 300px\" \/><\/a><\/p>\n<p>Foto: Archivo ELORIENTE.NET<\/p>\n<p><strong>Entradas relacionadas:<\/strong><\/p>\n<div id=\"post-33585\" class=\"post-33585 post type-post status-publish format-standard has-post-thumbnail hentry category-convocatorias category-educacion-y-cultura category-entradas category-lo-mas-reciente tag-atanasio-g-saravia entry loop-default border_bottom_30\">\n<p class=\"entry_title\"><a title=\"Permalink to Convocatoria Premio de Historia Regional Mexicana\" href=\"http:\/\/www.eloriente.net\/home\/2014\/10\/30\/convocatoria-premio-de-historia-regional-mexicana\/\" rel=\"bookmark\">Convocatoria Premio de Historia Regional Mexicana<\/a><\/p>\n<p><a href=\"http:\/\/www.eloriente.net\/home\/2014\/10\/30\/convocatoria-premio-de-historia-regional-mexicana\/\" rel=\"bookmark\"><img decoding=\"async\" class=\"alignleft\" title=\"Convocatoria Premio de Historia Regional Mexicana\" src=\"http:\/\/www.eloriente.net\/home\/wp-content\/themes\/city-desk\/timthumb.php?src=http%3A%2F%2Fwww.eloriente.net%2Fhome%2Fwp-content%2Fuploads%2F2014%2F09%2FPancho-Villa.jpg&amp;q=90&amp;w=160&amp;h=106&amp;zc=1\" alt=\"Convocatoria Premio de Historia Regional Mexicana\" \/><\/a>eloriente.net 30\/octubre\/2014 Atanasio G. Saravia naci\u00f3 en la ciudad de Durango el 9 de junio de 1888 y falleci\u00f3 en la ciudad de M\u00e9xico, el 11 de mayo de 1969. Su inter\u00e9s por la historia de nuestro pa\u00eds lo llev\u00f3 a escribir y publicar varias obras sobre este tema. Uno de sus primeros ensayos fue [\u2026]<\/p>\n<div class=\"sharedaddy sd-sharing-enabled\">\n<div class=\"robots-nocontent sd-block sd-social sd-social-icon-text sd-sharing\">\n<div class=\"sd-content\">\n<ul>\n<li><a class=\"sharing-anchor sd-button share-more\" href=\"http:\/\/www.eloriente.net\/home\/category\/convocatorias\/#\">Share<\/a><\/li>\n<li class=\"share-end\"><\/li>\n<\/ul>\n<div class=\"sharing-hidden\"><\/div>\n<\/div>\n<\/div>\n<\/div>\n<p class=\"postmeta\"><span class=\"meta_date\">October 30, 2014<\/span><\/p>\n<\/div>\n<div id=\"post-33521\" class=\"post-33521 post type-post status-publish format-standard has-post-thumbnail hentry category-convocatorias category-educacion-y-cultura category-entradas category-lo-mas-reciente category-universidades tag-ciencia-politica tag-colmex tag-maestria entry loop-default border_bottom_30\">\n<p class=\"entry_title\"><a title=\"Permalink to Convocatoria: Maestr\u00eda en Ciencia Pol\u00edtica de El Colegio de M\u00e9xico\" href=\"http:\/\/www.eloriente.net\/home\/2014\/10\/28\/convocatoria-maestria-en-ciencia-politica-de-el-colegio-de-mexico\/\" rel=\"bookmark\">Convocatoria: Maestr\u00eda en Ciencia Pol\u00edtica de El Colegio de M\u00e9xico<\/a><\/p>\n<p><a href=\"http:\/\/www.eloriente.net\/home\/2014\/10\/28\/convocatoria-maestria-en-ciencia-politica-de-el-colegio-de-mexico\/\" rel=\"bookmark\"><img decoding=\"async\" class=\"alignleft\" title=\"Convocatoria: Maestr\u00eda en Ciencia Pol\u00edtica de El Colegio de M\u00e9xico\" src=\"http:\/\/www.eloriente.net\/home\/wp-content\/themes\/city-desk\/timthumb.php?src=http%3A%2F%2Fwww.eloriente.net%2Fhome%2Fwp-content%2Fuploads%2F2014%2F10%2FMaestr%C3%ADa-Pol%C3%ADtica-Robert-Couse-Baker.jpg&amp;q=90&amp;w=160&amp;h=106&amp;zc=1\" alt=\"Convocatoria: Maestr\u00eda en Ciencia Pol\u00edtica de El Colegio de M\u00e9xico\" \/><\/a>eloriente.net \/ El Colegio de M\u00e9xico 28\/octubre\/2014 La Maestr\u00eda en Ciencia Pol\u00edtica \u00a0se imparte en el Centro de Estudios Internacionales de El Colegio de M\u00e9xico. Aunque este programa ya exist\u00eda previamente, esta nueva etapa fue abierta en el 2007, por lo que ya son 4 generaciones de estudiantes que participan en el posgrado. Esta maestr\u00eda [\u2026]<\/p>\n<div class=\"sharedaddy sd-sharing-enabled\">\n<div class=\"robots-nocontent sd-block sd-social sd-social-icon-text sd-sharing\">\n<div class=\"sd-content\">\n<ul>\n<li><a class=\"sharing-anchor sd-button share-more\" href=\"http:\/\/www.eloriente.net\/home\/category\/convocatorias\/#\">Share<\/a><\/li>\n<li class=\"share-end\"><\/li>\n<\/ul>\n<div class=\"sharing-hidden\"><\/div>\n<\/div>\n<\/div>\n<\/div>\n<p class=\"postmeta\"><span class=\"meta_date\">October 28, 2014<\/span><\/p>\n<\/div>\n<div id=\"post-33425\" class=\"post-33425 post type-post status-publish format-standard has-post-thumbnail hentry category-convocatorias category-educacion-y-cultura category-entradas category-estados category-lo-mas-reciente tag-convocatoria-artistica tag-premio-cuento-joven-comala-2015 entry loop-default border_bottom_30\">\n<p class=\"entry_title\"><a title=\"Permalink to Convocatoria al Premio Cuento Joven Comala 2015\" href=\"http:\/\/www.eloriente.net\/home\/2014\/10\/23\/33425\/\" rel=\"bookmark\">Convocatoria al Premio Cuento Joven Comala 2015<\/a><\/p>\n<p><a href=\"http:\/\/www.eloriente.net\/home\/2014\/10\/23\/33425\/\" rel=\"bookmark\"><img decoding=\"async\" class=\"alignleft\" title=\"Convocatoria al Premio Cuento Joven Comala 2015\" src=\"http:\/\/www.eloriente.net\/home\/wp-content\/themes\/city-desk\/timthumb.php?src=http%3A%2F%2Fwww.eloriente.net%2Fhome%2Fwp-content%2Fuploads%2F2014%2F10%2FComala.jpg&amp;q=90&amp;w=160&amp;h=106&amp;zc=1\" alt=\"Convocatoria al Premio Cuento Joven Comala 2015\" \/><\/a>eloriente.net 23\/octubre\/2014 Javier Mu\u00f1oz de Baena, fue el acreedor al Premio Cuento Joven Comala 2014 por su obra \u201cY sin embargo, es un pa\u00f1uelo\u201d. El capitalino es egresado de la Licenciatura en Comunicaci\u00f3n de la Universidad Iberoamericana y trabaj\u00f3 cinco a\u00f1os como editor de comerciales en la agencia de publicidad Ter\u00e1n TBWA. Escritor de guiones [\u2026]<\/p>\n<div class=\"sharedaddy sd-sharing-enabled\">\n<div class=\"robots-nocontent sd-block sd-social sd-social-icon-text sd-sharing\">\n<div class=\"sd-content\">\n<ul>\n<li><a class=\"sharing-anchor sd-button share-more\" href=\"http:\/\/www.eloriente.net\/home\/category\/convocatorias\/#\">Share<\/a><\/li>\n<li class=\"share-end\"><\/li>\n<\/ul>\n<div class=\"sharing-hidden\"><\/div>\n<\/div>\n<\/div>\n<\/div>\n<p class=\"postmeta\"><span class=\"meta_date\">October 23, 2014<\/span><\/p>\n<\/div>\n\n\t\t\t  <div \n\t\t\t  \tclass = \"fb-comments\" \n\t\t\t  \tdata-href = \"http:\/\/www.eloriente.net\/home\/2014\/11\/04\/convocatoria-fondo-sectorial-para-la-seguridad-publica-segob-cns-conacyt\/\"\n\t\t\t  \tdata-numposts = \"10\"\n\t\t\t\tdata-colorscheme = \"dark\"\n\t\t\t\tdata-order-by = \"social\"\n\t\t\t\tdata-mobile=true>\n\t\t\t  <\/div>\n\t\t  <style>\n\t\t\t.fb_iframe_widget_fluid_desktop iframe {\n\t\t\t    width: 100% !important;\n\t\t\t}\n\t\t  <\/style>\n\t\t  ","protected":false},"excerpt":{"rendered":"<p>eloriente.net 3\/noviembre\/2014 En una definici\u00f3n b\u00e1sica podr\u00edamos decir que Geolocalizaci\u00f3n es la palabra en espa\u00f1ol para el t\u00e9rmino geolocation, que se refiere a la localizaci\u00f3n geogr\u00e1fica de un dispositivo, como puede ser un dispositivo m\u00f3vil o una computadora con conexi\u00f3n a Internet. Por su parte un aut\u00f3mata puede definirse como un equipo electr\u00f3nico programable en [&hellip;]<\/p>\n","protected":false},"author":1,"featured_media":33129,"comment_status":"open","ping_status":"open","sticky":false,"template":"","format":"standard","meta":{"_jetpack_memberships_contains_paid_content":false,"footnotes":""},"categories":[26,18,32,10,84],"tags":[2869,2868,2488],"class_list":["post-33678","post","type-post","status-publish","format-standard","has-post-thumbnail","hentry","category-convocatorias","category-educacion-y-cultura","category-entradas","category-lo-mas-reciente","category-universidades","tag-cns","tag-conacyt","tag-segob"],"jetpack_featured_media_url":"http:\/\/www.eloriente.net\/home\/wp-content\/uploads\/2014\/10\/Inform\u00e1tica-felixtriller.jpg","jetpack_sharing_enabled":true,"_links":{"self":[{"href":"http:\/\/www.eloriente.net\/home\/wp-json\/wp\/v2\/posts\/33678"}],"collection":[{"href":"http:\/\/www.eloriente.net\/home\/wp-json\/wp\/v2\/posts"}],"about":[{"href":"http:\/\/www.eloriente.net\/home\/wp-json\/wp\/v2\/types\/post"}],"author":[{"embeddable":true,"href":"http:\/\/www.eloriente.net\/home\/wp-json\/wp\/v2\/users\/1"}],"replies":[{"embeddable":true,"href":"http:\/\/www.eloriente.net\/home\/wp-json\/wp\/v2\/comments?post=33678"}],"version-history":[{"count":2,"href":"http:\/\/www.eloriente.net\/home\/wp-json\/wp\/v2\/posts\/33678\/revisions"}],"predecessor-version":[{"id":33762,"href":"http:\/\/www.eloriente.net\/home\/wp-json\/wp\/v2\/posts\/33678\/revisions\/33762"}],"wp:featuredmedia":[{"embeddable":true,"href":"http:\/\/www.eloriente.net\/home\/wp-json\/wp\/v2\/media\/33129"}],"wp:attachment":[{"href":"http:\/\/www.eloriente.net\/home\/wp-json\/wp\/v2\/media?parent=33678"}],"wp:term":[{"taxonomy":"category","embeddable":true,"href":"http:\/\/www.eloriente.net\/home\/wp-json\/wp\/v2\/categories?post=33678"},{"taxonomy":"post_tag","embeddable":true,"href":"http:\/\/www.eloriente.net\/home\/wp-json\/wp\/v2\/tags?post=33678"}],"curies":[{"name":"wp","href":"https:\/\/api.w.org\/{rel}","templated":true}]}}