{"id":33681,"date":"2014-11-04T00:00:42","date_gmt":"2014-11-04T06:00:42","guid":{"rendered":"http:\/\/www.eloriente.net\/home\/?p=33681"},"modified":"2014-11-03T17:53:16","modified_gmt":"2014-11-03T23:53:16","slug":"la-vela-revive-o-se-apaga","status":"publish","type":"post","link":"http:\/\/www.eloriente.net\/home\/2014\/11\/04\/la-vela-revive-o-se-apaga\/","title":{"rendered":"La vela revive o se apaga"},"content":{"rendered":"<p>eloriente.net<\/p>\n<p>4\/noviembre\/2014<\/p>\n<p style=\"text-align: right;\">Por <a href=\"http:\/\/www.eloriente.net\/home\/category\/colaboradores\/rodrigo-robles-brena\/\" target=\"_blank\">Rodrigo Robles<\/a><\/p>\n<p>Cuando se supone que el m\u00e1ximo anhelo de todo futbolista es el jugar una Copa del Mundo, y no s\u00f3lo eso, sino ganarla; cuando el factor exponencial para un jugador de f\u00fatbol en un Campeonato del Mundo es imprescindible, hubo quien declin\u00f3 el privilegio de los reflectores que propician la inercia de un Mundial.<\/p>\n<p>Esa es indiscutiblemente la primera reflexi\u00f3n que se viene a la mente cuando se toca el tema de Carlos Vela, que por m\u00e1s que se hable y se desgaste, siempre encuentra un nuevo cap\u00edtulo para aparecer en las noticias de mayor trascendencia de nuestro pa\u00eds.<\/p>\n<p>El tema vuelve a colaci\u00f3n por la reciente convocatoria del jugador a la Selecci\u00f3n Mexicana para sostener par de encuentros amistosos en el continente europeo. Los directivos del combinado nacional, incluido el Director T\u00e9cnico Miguel \u201cPiojo\u201d Herrera, saben que ya no pueden continuar la \u201cnovela\u201d en la que se convirti\u00f3 \u00e9ste tema, por lo que ahora simplemente lo convocaron y punto.<\/p>\n<p>En caso de una negativa, Carlos Vela tendr\u00eda que hacerse acreedor a una sanci\u00f3n por parte de la Federaci\u00f3n Internacional de Futbol Asociaci\u00f3n (FIFA), a menos de que su Club argumente una lesi\u00f3n seria o algo parecido.<\/p>\n<p>Las voces a favor o en contra de la convocatoria del jugador en cuesti\u00f3n son varias. Existen los puristas, para quienes es incre\u00edble que un jugador que se neg\u00f3 a participar con su selecci\u00f3n en el Campeonato Mundial de la especialidad celebrado en Brasil sea llamado nuevamente. Incomod\u00f3 en su momento que \u201cse le rogar\u00e1\u201d para vestir la camiseta nacional, eso para ellos es inadmisible.<\/p>\n<p>Existen tambi\u00e9n quienes defienden al jugador, alegando que est\u00e1 en su justo derecho de declinar si no se siente con la total capacidad para enfrentar una justa mundial. Algunos otros cr\u00edticos sin estar a favor o en contra, s\u00f3lo piden saber cu\u00e1l fue la raz\u00f3n principal por la que Carlos Vela no acept\u00f3 ser convocado por espacio de cuatro a\u00f1os.<\/p>\n<p>En lo particular, siento que algo grave debi\u00f3 pasar entre la Federaci\u00f3n Mexicana de F\u00fatbol (Femexfut) y Carlos para que \u00e9ste se haya negado en infinidad de ocasiones, porque es casi incomprensible que alguien se niegue a participar en una selecci\u00f3n de su pa\u00eds, justo cuando fue precisamente un \u00e9xito nacional su catapulta a los mejores equipos europeos \u2013el campeonato mundial Sub 17 Per\u00fa 2005-.<\/p>\n<p>Carlitos no debut\u00f3 en la Liga Mx, su campeonato de goleo en el certamen anteriormente mencionado lo llev\u00f3 directamente al Arsenal de Inglaterra, que quienes ante la imposibilidad de utilizarlo por no contar con la mayor\u00eda de edad, lo prestaron a otros equipos.<\/p>\n<p>Mientras eso suced\u00eda, fue Hugo S\u00e1nchez quien lo debut\u00f3 en la Selecci\u00f3n Mayor en el proceso eliminatorio rumbo a Sud\u00e1frica 2010, despu\u00e9s el suizo Sven Goran Eriksson lo mantuvo como titular en el ataque. Vela jug\u00f3 el que hasta ahora ha sido su \u00fanico mundial al mando de Javier Aguirre, con estos tres personajes nunca se neg\u00f3 a ser convocado.<\/p>\n<p>El otrora llamado enemigo de la patria, el que ahora habla con un acento espa\u00f1ol marcado, pudo tener su cl\u00edmax en 2010 cuando fue acusado por el entonces director de Selecciones Nacionales N\u00e9stor de la Torre de ser uno de los organizadores de una fiesta al interior del hotel de concentraci\u00f3n de la ciudad de Monterrey, lo que deriv\u00f3 en una suspensi\u00f3n de seis meses.<\/p>\n<p>Desde entonces se ha negado a todos los llamados y al final la Femexfut lo acusa de no venir. Como jugador se perdi\u00f3 de participar en la historia de la primera medalla de oro en los Juegos Ol\u00edmpicos de Londres 2012, y de perderse su segundo mundial, lo que no es poca cosa.<\/p>\n<p>C\u00f3mo sea, esta \u201cnovela\u201d tendr\u00e1 su final muy pronto.<\/p>\n<p>e-mail: rodrigoroblesbrena@gmail.com<br \/>\nTwitter: @rodrigoroblesb<\/p>\n<p><a href=\"http:\/\/www.eloriente.net\/home\/wp-content\/uploads\/2014\/11\/Carlos-Vela-Ronnie-Macdonald.jpg\"><img loading=\"lazy\" decoding=\"async\" class=\"alignnone size-medium wp-image-33682\" src=\"http:\/\/www.eloriente.net\/home\/wp-content\/uploads\/2014\/11\/Carlos-Vela-Ronnie-Macdonald-300x200.jpg\" alt=\"Carlos Vela - Ronnie Macdonald\" width=\"300\" height=\"200\" srcset=\"http:\/\/www.eloriente.net\/home\/wp-content\/uploads\/2014\/11\/Carlos-Vela-Ronnie-Macdonald-300x200.jpg 300w, http:\/\/www.eloriente.net\/home\/wp-content\/uploads\/2014\/11\/Carlos-Vela-Ronnie-Macdonald.jpg 1024w\" sizes=\"(max-width: 300px) 100vw, 300px\" \/><\/a><\/p>\n<p>Foto:\u00a0<a class=\"owner-name truncate\" title=\"Ir a la galer\u00eda de Ronnie Macdonald\" href=\"http:\/\/www.flickr.com\/photos\/ronmacphotos\/\" data-track=\"attributionNameClick\" data-rapid_p=\"22\">Ronnie Macdonald<\/a>\u00a0&#8211;\u00a0<a href=\"https:\/\/creativecommons.org\/licenses\/by-sa\/2.0\/\">Algunos derechos reservados<\/a><\/p>\n<p><strong>Entradas relacionadas:<\/strong><\/p>\n<div id=\"post-31476\" class=\"post-31476 post type-post status-publish format-standard has-post-thumbnail hentry category-colaboradores category-deportes category-entradas category-lo-mas-reciente category-rodrigo-robles-brena tag-inversion tag-marketing tag-marketing-deportivo tag-rodrigo-robles-brena-2 entry loop-default border_bottom_30\">\n<p class=\"entry_title\"><a title=\"Permalink to \u00bfVender patrocinio o comprar emociones?\" href=\"http:\/\/www.eloriente.net\/home\/2014\/08\/26\/vender-patrocinio-o-comprar-emociones\/\" rel=\"bookmark\">\u00bfVender patrocinio o comprar emociones?<\/a><\/p>\n<p><a href=\"http:\/\/www.eloriente.net\/home\/2014\/08\/26\/vender-patrocinio-o-comprar-emociones\/\" rel=\"bookmark\"><img decoding=\"async\" class=\"alignleft\" title=\"\u00bfVender patrocinio o comprar emociones?\" src=\"http:\/\/www.eloriente.net\/home\/wp-content\/themes\/city-desk\/timthumb.php?src=http%3A%2F%2Fwww.eloriente.net%2Fhome%2Fwp-content%2Fuploads%2F2014%2F08%2FDeportes-Clintus.jpg&amp;q=90&amp;w=160&amp;h=106&amp;zc=1\" alt=\"\u00bfVender patrocinio o comprar emociones?\" \/><\/a>eloriente.net 26\/agosto\/2014 Por:\u00a0Rodrigo A. Robles Brena* Toda organizaci\u00f3n deportiva, ll\u00e1mese club, Liga, Patrocinador, Federaci\u00f3n, Torneo, etc, buscan generar ingresos econ\u00f3micos y con ello propiciar la rentabilidad. En espacios anteriores se discern\u00eda que para generar dicha rentabilidad hace falta una planeaci\u00f3n estrat\u00e9gica adecuada a cada rubro deportivo, donde se identifiquen fortalezas y debilidades, objetivos primarios y [\u2026]<\/p>\n<div class=\"sharedaddy sd-sharing-enabled\">\n<div class=\"robots-nocontent sd-block sd-social sd-social-icon-text sd-sharing\">\n<div class=\"sd-content\">\n<ul>\n<li><a class=\"sharing-anchor sd-button share-more\" href=\"http:\/\/www.eloriente.net\/home\/category\/colaboradores\/rodrigo-robles-brena\/#\">Share<\/a><\/li>\n<li class=\"share-end\"><\/li>\n<\/ul>\n<div class=\"sharing-hidden\"><\/div>\n<\/div>\n<\/div>\n<\/div>\n<p class=\"postmeta\"><span class=\"meta_date\">August 26, 2014<\/span><\/p>\n<\/div>\n<div id=\"post-30530\" class=\"post-30530 post type-post status-publish format-standard has-post-thumbnail hentry category-colaboradores category-deportes category-entradas category-lo-mas-reciente category-rodrigo-robles-brena entry loop-default border_bottom_30\">\n<p class=\"entry_title\"><a title=\"Permalink to Las redes sociales en el deporte\" href=\"http:\/\/www.eloriente.net\/home\/2014\/08\/05\/las-redes-sociales-en-el-deporte\/\" rel=\"bookmark\">Las redes sociales en el deporte<\/a><\/p>\n<p><a href=\"http:\/\/www.eloriente.net\/home\/2014\/08\/05\/las-redes-sociales-en-el-deporte\/\" rel=\"bookmark\"><img decoding=\"async\" class=\"alignleft\" title=\"Las redes sociales en el deporte\" src=\"http:\/\/www.eloriente.net\/home\/wp-content\/themes\/city-desk\/timthumb.php?src=http%3A%2F%2Fwww.eloriente.net%2Fhome%2Fwp-content%2Fuploads%2F2014%2F08%2FRedes-sociales.jpg&amp;q=90&amp;w=160&amp;h=106&amp;zc=1\" alt=\"Las redes sociales en el deporte\" \/><\/a>eloriente.net\u00a0 04\/ agosto \/ 2014 Por:\u00a0Rodrigo A. Robles Brena*\u00a0 Desde antes de la aparici\u00f3n de las redes sociales en la cotidianidad de la sociedad, el objetivo de las \u00e1reas mercadol\u00f3gicas de la industria del deporte era el de mantener una comunicaci\u00f3n bidireccional con los aficionados. Las entidades deportivas ahora son capaces de capitalizar los alcances [\u2026]<\/p>\n<div class=\"sharedaddy sd-sharing-enabled\">\n<div class=\"robots-nocontent sd-block sd-social sd-social-icon-text sd-sharing\">\n<div class=\"sd-content\">\n<ul>\n<li><a class=\"sharing-anchor sd-button share-more\" href=\"http:\/\/www.eloriente.net\/home\/category\/colaboradores\/rodrigo-robles-brena\/#\">Share<\/a><\/li>\n<li class=\"share-end\"><\/li>\n<\/ul>\n<div class=\"sharing-hidden\"><\/div>\n<\/div>\n<\/div>\n<\/div>\n<p class=\"postmeta\"><span class=\"meta_date\">August 5, 2014<\/span><\/p>\n<\/div>\n<div id=\"post-29543\" class=\"post-29543 post type-post status-publish format-standard has-post-thumbnail hentry category-brasil-2014 category-colaboradores category-deportes category-entradas category-lo-mas-reciente category-rodrigo-robles-brena tag-alemania tag-brasil tag-copa tag-futbol tag-generaciones tag-impacto tag-mundial entry loop-default border_bottom_30\">\n<p class=\"entry_title\"><a title=\"Permalink to El impacto generacional del Mundial\" href=\"http:\/\/www.eloriente.net\/home\/2014\/07\/15\/el-impacto-generacional-del-mundial\/\" rel=\"bookmark\">El impacto generacional del Mundial<\/a><\/p>\n<p><a href=\"http:\/\/www.eloriente.net\/home\/2014\/07\/15\/el-impacto-generacional-del-mundial\/\" rel=\"bookmark\"><img decoding=\"async\" class=\"alignleft\" title=\"El impacto generacional del Mundial\" src=\"http:\/\/www.eloriente.net\/home\/wp-content\/themes\/city-desk\/timthumb.php?src=http%3A%2F%2Fwww.eloriente.net%2Fhome%2Fwp-content%2Fuploads%2F2014%2F07%2FAlemania-Lars-Baron-FIFAFIFA-via-Getty-Images.jpg&amp;q=90&amp;w=160&amp;h=106&amp;zc=1\" alt=\"El impacto generacional del Mundial\" \/><\/a>eloriente.net 15\/junio\/2014 Por: Rodrigo A. Robles Brena* Termin\u00f3 el Mundial y con \u00e9l las emociones, sentimientos, risas, llantos, alegr\u00edas y tristezas que provoca el solo rodar de un bal\u00f3n. Con una poderosa Alemania consiguiendo su cuarto t\u00edtulo en este tipo de competici\u00f3n para colocarse a uno de igualar a la ahora frustrante selecci\u00f3n brasile\u00f1a. Para [\u2026]<\/p>\n<div class=\"sharedaddy sd-sharing-enabled\">\n<div class=\"robots-nocontent sd-block sd-social sd-social-icon-text sd-sharing\">\n<div class=\"sd-content\">\n<ul>\n<li><a class=\"sharing-anchor sd-button share-more\" href=\"http:\/\/www.eloriente.net\/home\/category\/colaboradores\/rodrigo-robles-brena\/#\">Share<\/a><\/li>\n<li class=\"share-end\"><\/li>\n<\/ul>\n<div class=\"sharing-hidden\"><\/div>\n<\/div>\n<\/div>\n<\/div>\n<p class=\"postmeta\"><span class=\"meta_date\">July 15, 2014<\/span><\/p>\n<\/div>\n\n\t\t\t  <div \n\t\t\t  \tclass = \"fb-comments\" \n\t\t\t  \tdata-href = \"http:\/\/www.eloriente.net\/home\/2014\/11\/04\/la-vela-revive-o-se-apaga\/\"\n\t\t\t  \tdata-numposts = \"10\"\n\t\t\t\tdata-colorscheme = \"dark\"\n\t\t\t\tdata-order-by = \"social\"\n\t\t\t\tdata-mobile=true>\n\t\t\t  <\/div>\n\t\t  <style>\n\t\t\t.fb_iframe_widget_fluid_desktop iframe {\n\t\t\t    width: 100% !important;\n\t\t\t}\n\t\t  <\/style>\n\t\t  ","protected":false},"excerpt":{"rendered":"<p>eloriente.net 4\/noviembre\/2014 Por Rodrigo Robles Cuando se supone que el m\u00e1ximo anhelo de todo futbolista es el jugar una Copa del Mundo, y no s\u00f3lo eso, sino ganarla; cuando el factor exponencial para un jugador de f\u00fatbol en un Campeonato del Mundo es imprescindible, hubo quien declin\u00f3 el privilegio de los reflectores que propician la [&hellip;]<\/p>\n","protected":false},"author":30,"featured_media":33682,"comment_status":"open","ping_status":"open","sticky":false,"template":"","format":"standard","meta":{"_jetpack_memberships_contains_paid_content":false,"footnotes":""},"categories":[11,15,32,10,1545],"tags":[2870,266,1641,1089],"class_list":["post-33681","post","type-post","status-publish","format-standard","has-post-thumbnail","hentry","category-colaboradores","category-deportes","category-entradas","category-lo-mas-reciente","category-rodrigo-robles-brena","tag-carlos-vela","tag-futbol","tag-oribe-peralta","tag-seleccion-mexicana"],"jetpack_featured_media_url":"http:\/\/www.eloriente.net\/home\/wp-content\/uploads\/2014\/11\/Carlos-Vela-Ronnie-Macdonald.jpg","jetpack_sharing_enabled":true,"_links":{"self":[{"href":"http:\/\/www.eloriente.net\/home\/wp-json\/wp\/v2\/posts\/33681"}],"collection":[{"href":"http:\/\/www.eloriente.net\/home\/wp-json\/wp\/v2\/posts"}],"about":[{"href":"http:\/\/www.eloriente.net\/home\/wp-json\/wp\/v2\/types\/post"}],"author":[{"embeddable":true,"href":"http:\/\/www.eloriente.net\/home\/wp-json\/wp\/v2\/users\/30"}],"replies":[{"embeddable":true,"href":"http:\/\/www.eloriente.net\/home\/wp-json\/wp\/v2\/comments?post=33681"}],"version-history":[{"count":1,"href":"http:\/\/www.eloriente.net\/home\/wp-json\/wp\/v2\/posts\/33681\/revisions"}],"predecessor-version":[{"id":33683,"href":"http:\/\/www.eloriente.net\/home\/wp-json\/wp\/v2\/posts\/33681\/revisions\/33683"}],"wp:featuredmedia":[{"embeddable":true,"href":"http:\/\/www.eloriente.net\/home\/wp-json\/wp\/v2\/media\/33682"}],"wp:attachment":[{"href":"http:\/\/www.eloriente.net\/home\/wp-json\/wp\/v2\/media?parent=33681"}],"wp:term":[{"taxonomy":"category","embeddable":true,"href":"http:\/\/www.eloriente.net\/home\/wp-json\/wp\/v2\/categories?post=33681"},{"taxonomy":"post_tag","embeddable":true,"href":"http:\/\/www.eloriente.net\/home\/wp-json\/wp\/v2\/tags?post=33681"}],"curies":[{"name":"wp","href":"https:\/\/api.w.org\/{rel}","templated":true}]}}