{"id":33684,"date":"2014-11-03T18:51:31","date_gmt":"2014-11-04T00:51:31","guid":{"rendered":"http:\/\/www.eloriente.net\/home\/?p=33684"},"modified":"2014-11-03T18:56:21","modified_gmt":"2014-11-04T00:56:21","slug":"defensor-peimbert-define-apoyar-a-plascencia-para-cndh","status":"publish","type":"post","link":"http:\/\/www.eloriente.net\/home\/2014\/11\/03\/defensor-peimbert-define-apoyar-a-plascencia-para-cndh\/","title":{"rendered":"Defensor Peimbert define apoyar a Plascencia para CNDH"},"content":{"rendered":"<p>eloriente.net<\/p>\n<p>3 de noviembre de 2014<\/p>\n<p>eloriente.net (Oaxaca, M\u00e9xico a 3 de noviembre de 2014).- A escasos d\u00edas de darse conocer la determinaci\u00f3n del Senado de la Rep\u00fablica en torno a la elecci\u00f3n o reelecci\u00f3n del Presidente de la Comisi\u00f3n Nacional de Derechos Humanos, diversos titulares de Comisiones, Procuradur\u00edas y Defensor\u00edas de Derechos Humanos enviaron una carta p\u00fablica* al presidente de la C\u00e1mara Alta para manifestarle su apoyo a la \u00abreelecci\u00f3n del doctor (Ra\u00fal) Plascencia Villanueva\u00bb, por \u00abla pol\u00edtica incluyente planteada desde el inicio de su gesti\u00f3n, que se basa no s\u00f3lo en el trabajo conjunto con los organismos hom\u00f3logos, sino tambi\u00e9n en la definici\u00f3n de estrategias con la sociedad civil y las instituciones gubernamentales del Estado mexicano a favor de la protecci\u00f3n y promoci\u00f3n de la dignidad de las personas\u00bb.<\/p>\n<p>Entre los firmantes se encuentra el Defensor de los Derechos Humanos del Pueblo de Oaxaca, Arturo de Jes\u00fas Peimbert Calvo, as\u00ed como los titulares de organismos similares del pa\u00eds como Juan Jos\u00e9 R\u00edos de Sinaloa (y quien adem\u00e1s es presidente de la Federaci\u00f3n Mexicana de Organismos P\u00fablicos de Derechos Humanos), Adolfo L\u00f3pez Badillo de Puebla, Marco Antonio Morales del Estado de M\u00e9xico, Minerva Mart\u00ednez Garza de Nuevo Le\u00f3n, entre varios m\u00e1s.<\/p>\n<p>Los firmantes se\u00f1alaron que es necesario refrendar su confianza en el plan de trabajo del doctor Plascencia Villanueva, el cual, dijeron: \u00abha superado con \u00e9xito todos los medios de prueba y entregado resultados altamente satisfactorios que se reflejan en la calidad de vida de los mexicanos\u00bb.<\/p>\n<p>Cabe hacer menci\u00f3n que en el caso de Oaxaca resalta el hecho de que la CNDH ha efectuado numerosas recomendaciones, principalmente en el tema de salud, como se dio cuenta <a href=\"http:\/\/www.eloriente.net\/home\/2014\/07\/07\/emite-cndh-constantes-recomendaciones-sobre-salud-a-oaxaca\/\" target=\"_blank\">desde hace algunos meses<\/a>.<\/p>\n<p>Lo anterior, ante una serie de casos de inadecuadas atenciones m\u00e9dicas a mujeres embarazadas en diferentes municipios del estado.<\/p>\n<p><a href=\"http:\/\/www.eloriente.net\/home\/wp-content\/uploads\/2014\/11\/Arturo-peimbert-Defensori\u0301a.jpg\"><img loading=\"lazy\" decoding=\"async\" class=\"alignnone size-medium wp-image-33685\" src=\"http:\/\/www.eloriente.net\/home\/wp-content\/uploads\/2014\/11\/Arturo-peimbert-Defensori\u0301a-300x200.jpg\" alt=\"Arturo peimbert Defensori\u0301a\" width=\"300\" height=\"200\" srcset=\"http:\/\/www.eloriente.net\/home\/wp-content\/uploads\/2014\/11\/Arturo-peimbert-Defensori\u0301a-300x200.jpg 300w, http:\/\/www.eloriente.net\/home\/wp-content\/uploads\/2014\/11\/Arturo-peimbert-Defensori\u0301a-1024x682.jpg 1024w\" sizes=\"(max-width: 300px) 100vw, 300px\" \/><\/a><\/p>\n<p>Foto: Archivo DDHPO<\/p>\n<p>*Excelsior P. 22<\/p>\n<p><strong>OTRAS ENTRADAS:<\/strong><\/p>\n<div id=\"post-33368\" class=\"post-33368 post type-post status-publish format-standard has-post-thumbnail hentry category-comunicados-y-boletines category-congreso-y-justicia category-derechos-humanos category-entradas category-lo-mas-reciente category-oaxaca-estados tag-pjeo tag-tsj entry loop-default border_bottom_30\">\n<h2 class=\"entry_title\"><a title=\"Permalink to \u201cOn-line\u201d los Derechos Humanos en Oaxaca\" href=\"http:\/\/www.eloriente.net\/home\/2014\/10\/21\/on-line-los-derechos-humanos-en-oaxaca\/\" rel=\"bookmark\">\u201cOn-line\u201d los Derechos Humanos en Oaxaca<\/a><\/h2>\n<p><a href=\"http:\/\/www.eloriente.net\/home\/2014\/10\/21\/on-line-los-derechos-humanos-en-oaxaca\/\" rel=\"bookmark\"><img decoding=\"async\" class=\"alignleft\" title=\"\u201cOn-line\u201d los Derechos Humanos en Oaxaca\" src=\"http:\/\/www.eloriente.net\/home\/wp-content\/themes\/city-desk\/timthumb.php?src=http%3A%2F%2Fwww.eloriente.net%2Fhome%2Fwp-content%2Fuploads%2F2014%2F10%2Fp%C3%A1ginawebdh.jpg&amp;q=90&amp;w=160&amp;h=106&amp;zc=1\" alt=\"\u201cOn-line\u201d los Derechos Humanos en Oaxaca\" \/><\/a>eloriente.net \/ Tribunal Superior de Justicia 21\/octubre\/2014 \u201cLos Derechos Humanos son el conjunto de prerrogativas inherentes a la naturaleza de la persona, cuya realizaci\u00f3n efectiva resulta indispensable para el desarrollo integral del individuo que vive en una sociedad jur\u00eddicamente organizada. Estos derechos, establecidos en la Constituci\u00f3n y en las leyes, deben ser reconocidos y garantizados [\u2026]<\/p>\n<div class=\"sharedaddy sd-sharing-enabled\">\n<div class=\"robots-nocontent sd-block sd-social sd-social-icon-text sd-sharing\">\n<div class=\"sd-content\">\n<ul>\n<li><a class=\"sharing-anchor sd-button share-more\" href=\"http:\/\/www.eloriente.net\/home\/?x=0&amp;y=0&amp;s=derechos+humanos+oaxaca#\">Share <\/a><span class=\"meta_date\">October 21, 2014<\/span><\/li>\n<\/ul>\n<\/div>\n<\/div>\n<\/div>\n<\/div>\n<div id=\"post-16856\" class=\"post-16856 post type-post status-publish format-standard has-post-thumbnail hentry category-destacadas category-entradas category-estados category-lo-mas-reciente category-municipios entry loop-default border_bottom_30\">\n<h2 class=\"entry_title\"><a title=\"Permalink to Derechos Humanos en Oaxaca compromete estudio sobre pueblos en defensa del agua\" href=\"http:\/\/www.eloriente.net\/home\/2013\/10\/09\/derechos-humanos-en-oaxaca-compromete-estudio-sobre-pueblos-en-defensa-del-agua\/\" rel=\"bookmark\">Derechos Humanos en Oaxaca compromete estudio sobre pueblos en defensa del agua<\/a><\/h2>\n<p><a href=\"http:\/\/www.eloriente.net\/home\/2013\/10\/09\/derechos-humanos-en-oaxaca-compromete-estudio-sobre-pueblos-en-defensa-del-agua\/\" rel=\"bookmark\"><img decoding=\"async\" class=\"alignleft\" title=\"Derechos Humanos en Oaxaca compromete estudio sobre pueblos en defensa del agua\" src=\"http:\/\/www.eloriente.net\/home\/wp-content\/themes\/city-desk\/timthumb.php?src=http%3A%2F%2Fwww.eloriente.net%2Fhome%2Fwp-content%2Fuploads%2F2013%2F10%2FTemplo-de-Zimatla%CC%81n-Atribucio%CC%81nCompartir-bajo-la-misma-licencia-Algunos-derechos-reservados-por-no-rain-corp.-.jpg&amp;q=90&amp;w=160&amp;h=106&amp;zc=1\" alt=\"Derechos Humanos en Oaxaca compromete estudio sobre pueblos en defensa del agua\" \/><\/a>eloriente.net\/DDHPO* 9 de octubre de 2013 La Defensor\u00eda de los Derechos Humanos del Pueblo de Oaxaca (DDHPO) celebra que comunidades ind\u00edgenas zapotecas \u00a0de los distritos de Ocotl\u00e1n de Morelos \u00a0y Zimatl\u00e1n de \u00c1lvarez, en la regi\u00f3n de Valles Centrales, \u00a0\u00a0hayan obtenido una resoluci\u00f3n a su favor del Tribunal Colegiado en Materia Administrativa del Primer Circuito, [\u2026]<\/p>\n<div class=\"sharedaddy sd-sharing-enabled\">\n<div class=\"robots-nocontent sd-block sd-social sd-social-icon-text sd-sharing\">\n<div class=\"sd-content\">\n<ul>\n<li><a class=\"sharing-anchor sd-button share-more\" href=\"http:\/\/www.eloriente.net\/home\/?x=0&amp;y=0&amp;s=derechos+humanos+oaxaca#\">Share <\/a><span class=\"meta_date\">October 9, 2013<\/span><\/li>\n<\/ul>\n<\/div>\n<\/div>\n<\/div>\n<\/div>\n<div id=\"post-14844\" class=\"post-14844 post type-post status-publish format-standard hentry category-capital category-derechos-humanos category-entradas category-lo-mas-reciente entry loop-default border_bottom_30\">\n<h2 class=\"entry_title\"><a title=\"Permalink to Exigen organizaciones de Oaxaca garant\u00edas y protecci\u00f3n para defender derechos humanos en la regi\u00f3n\" href=\"http:\/\/www.eloriente.net\/home\/2013\/07\/19\/exigen-organizaciones-de-oaxaca-garantias-y-proteccion-para-defender-derechos-humanos-en-la-region\/\" rel=\"bookmark\">Exigen organizaciones de Oaxaca garant\u00edas y protecci\u00f3n para defender derechos humanos en la regi\u00f3n<\/a><\/h2>\n<p>eloriente.net\/ Red TDT\u00a0 19 de julio de 2013 Organizaciones de derechos humanos de Oaxaca hablan sobre la defensa de los derechos humanos en la regi\u00f3n. Amenazas, hostigamientos, agresiones f\u00edsicas y asesinatos, violaciones a derechos humanos en contra los defensores y defensoras de la regi\u00f3n Ayer, en el marco del Foro Defensa de Derechos Humanos en [\u2026]<\/p>\n<div class=\"sharedaddy sd-sharing-enabled\">\n<div class=\"robots-nocontent sd-block sd-social sd-social-icon-text sd-sharing\">\n<div class=\"sd-content\">\n<ul>\n<li><a class=\"sharing-anchor sd-button share-more\" href=\"http:\/\/www.eloriente.net\/home\/?x=0&amp;y=0&amp;s=derechos+humanos+oaxaca#\">Share <\/a><span class=\"meta_date\">July 19, 2013<br \/>\n<\/span><\/li>\n<\/ul>\n<\/div>\n<\/div>\n<\/div>\n<\/div>\n\n\t\t\t  <div \n\t\t\t  \tclass = \"fb-comments\" \n\t\t\t  \tdata-href = \"http:\/\/www.eloriente.net\/home\/2014\/11\/03\/defensor-peimbert-define-apoyar-a-plascencia-para-cndh\/\"\n\t\t\t  \tdata-numposts = \"10\"\n\t\t\t\tdata-colorscheme = \"dark\"\n\t\t\t\tdata-order-by = \"social\"\n\t\t\t\tdata-mobile=true>\n\t\t\t  <\/div>\n\t\t  <style>\n\t\t\t.fb_iframe_widget_fluid_desktop iframe {\n\t\t\t    width: 100% !important;\n\t\t\t}\n\t\t  <\/style>\n\t\t  ","protected":false},"excerpt":{"rendered":"<p>eloriente.net 3 de noviembre de 2014 eloriente.net (Oaxaca, M\u00e9xico a 3 de noviembre de 2014).- A escasos d\u00edas de darse conocer la determinaci\u00f3n del Senado de la Rep\u00fablica en torno a la elecci\u00f3n o reelecci\u00f3n del Presidente de la Comisi\u00f3n Nacional de Derechos Humanos, diversos titulares de Comisiones, Procuradur\u00edas y Defensor\u00edas de Derechos Humanos enviaron [&hellip;]<\/p>\n","protected":false},"author":1,"featured_media":33685,"comment_status":"open","ping_status":"open","sticky":false,"template":"","format":"standard","meta":{"_jetpack_memberships_contains_paid_content":false,"footnotes":""},"categories":[91,22,32,63,24,464,21,65],"tags":[],"class_list":["post-33684","post","type-post","status-publish","format-standard","has-post-thumbnail","hentry","category-congreso-y-justicia","category-derechos-humanos","category-entradas","category-estados","category-mexico-y-el-mundo","category-oaxaca-estados","category-politica-y-gobierno","category-puebla"],"jetpack_featured_media_url":"http:\/\/www.eloriente.net\/home\/wp-content\/uploads\/2014\/11\/Arturo-peimbert-Defensori\u0301a.jpg","jetpack_sharing_enabled":true,"_links":{"self":[{"href":"http:\/\/www.eloriente.net\/home\/wp-json\/wp\/v2\/posts\/33684"}],"collection":[{"href":"http:\/\/www.eloriente.net\/home\/wp-json\/wp\/v2\/posts"}],"about":[{"href":"http:\/\/www.eloriente.net\/home\/wp-json\/wp\/v2\/types\/post"}],"author":[{"embeddable":true,"href":"http:\/\/www.eloriente.net\/home\/wp-json\/wp\/v2\/users\/1"}],"replies":[{"embeddable":true,"href":"http:\/\/www.eloriente.net\/home\/wp-json\/wp\/v2\/comments?post=33684"}],"version-history":[{"count":1,"href":"http:\/\/www.eloriente.net\/home\/wp-json\/wp\/v2\/posts\/33684\/revisions"}],"predecessor-version":[{"id":33686,"href":"http:\/\/www.eloriente.net\/home\/wp-json\/wp\/v2\/posts\/33684\/revisions\/33686"}],"wp:featuredmedia":[{"embeddable":true,"href":"http:\/\/www.eloriente.net\/home\/wp-json\/wp\/v2\/media\/33685"}],"wp:attachment":[{"href":"http:\/\/www.eloriente.net\/home\/wp-json\/wp\/v2\/media?parent=33684"}],"wp:term":[{"taxonomy":"category","embeddable":true,"href":"http:\/\/www.eloriente.net\/home\/wp-json\/wp\/v2\/categories?post=33684"},{"taxonomy":"post_tag","embeddable":true,"href":"http:\/\/www.eloriente.net\/home\/wp-json\/wp\/v2\/tags?post=33684"}],"curies":[{"name":"wp","href":"https:\/\/api.w.org\/{rel}","templated":true}]}}