{"id":33687,"date":"2014-11-04T00:00:08","date_gmt":"2014-11-04T06:00:08","guid":{"rendered":"http:\/\/www.eloriente.net\/home\/?p=33687"},"modified":"2014-11-03T23:29:12","modified_gmt":"2014-11-04T05:29:12","slug":"cinco-vacantes-en-recursos-humanos-martesdevacantes","status":"publish","type":"post","link":"http:\/\/www.eloriente.net\/home\/2014\/11\/04\/cinco-vacantes-en-recursos-humanos-martesdevacantes\/","title":{"rendered":"Cinco vacantes en Recursos Humanos #MartesdeVacantes"},"content":{"rendered":"<p>eloriente.net<\/p>\n<p>4\/noviembre\/2014<\/p>\n<p>Conscientes de la importancia para la ciudadan\u00eda en general de la b\u00fasqueda de nuevas oportunidades de crecimiento profesional, ponemos a tu disposici\u00f3n semanalmente ofertas de empleo disponibles en la ciudad de Oaxaca de Ju\u00e1rez, municipios conurbados y en regiones al interior del estado.<\/p>\n<p>En esta ocasi\u00f3n, ELORIENTE.NET comparte cinco vacantes en recursos humanos. Si deseas aplicar para alguna de estas, deber\u00e1s darle clic al t\u00edtulo, el cual te llevar\u00e1 al sitio que te pondr\u00e1 en contacto con los empleadores.<\/p>\n<p><a href=\"https:\/\/www.occ.com.mx\/Empleo\/Oferta\/7763555\/Generalista-de-Recursos-Humanos-Oaxaca-Costa?bdtype=OCCM&amp;tm=7&amp;loc=MX-OAX&amp;categoria=13&amp;hits=50&amp;page=1&amp;fcat=CAT-13&amp;f=true\" target=\"_blank\"><strong>1. Generalista de Recursos Humanos<\/strong><\/a><\/p>\n<p>Grupo Salinas, empresa l\u00edder a nivel internacional dentro del sector financiero, te invita a formar parte de su exitoso equipo de trabajo, al participar en su proceso de Reclutamiento y Selecci\u00f3n.<\/p>\n<p>Perfil:<br \/>\nConocimientos y experiencia en RH Comercial \/ Venta de Productos \/ Servicios. (No Industrial, Manufactura, Producci\u00f3n)<br \/>\nAcostumbrado a Supervisi\u00f3n de Centros de Trabajo relacionados a Ventas; en temas de RH .<br \/>\nLiderazgo directo de Personal enfocado a resultados y objetivos de ventas.<br \/>\nDisponibilidad de horario, y total para viajar constantemente en municipios cercanos del estado y cambiar de residencia en opciones de crecimiento profesional.<br \/>\nDeseable experiencia en el sector financiero.<br \/>\nRadicar en los municipios de la Costa de Oaxaca, NO la ciudad capital (Huatulco, Puerto Escondido, y\/\u00f3 cercanos) ; \u00f3 tener disponibilidad total para cambio de residencia a los mismos municipios como sede de la oferta de empleo.<\/p>\n<p><strong><a href=\"https:\/\/www.occ.com.mx\/Empleo\/Oferta\/7657944\/AUXILIAR-DE-NOMINAS?bdtype=OCCM&amp;tm=7&amp;loc=MX-OAX&amp;categoria=13&amp;hits=50&amp;page=1&amp;fcat=CAT-13&amp;f=true\" target=\"_blank\">2. Auxiliar de N\u00f3minas &#8211; Coca Cola FEMSA<\/a><\/strong><\/p>\n<p>Requisitos<br \/>\nEscolaridad: Lic. En Contabilidad, LAE o Af\u00edn.<br \/>\nDisponibilidad Horario.<br \/>\nExperiencia m\u00ednima de 6 meses a un a\u00f1o como Auxiliar de Nomina.<br \/>\nManejo de Excel avanzado (comprobable).<br \/>\nActividades<br \/>\nControl y reporte de incidencias: faltas, permisos, vacaciones e incapacidades<br \/>\nProcesamiento de tiempo extra, vacaciones, aguinaldo, ptu, nominas especiales, etc.<br \/>\nApoyo en n\u00f3minas: altas, bajas y modificaciones en el IMSS<br \/>\nControl de archivo de recibo de n\u00f3minas.<br \/>\nOfrecemos<br \/>\nPrestaciones superiores a la ley<br \/>\nOportunidad de crecimiento<\/p>\n<p><strong><a href=\"https:\/\/www.occ.com.mx\/Empleo\/Oferta\/7763535\/Generalista-de-Recursos-Humanos-Oaxaca-Istmo?bdtype=OCCM&amp;tm=7&amp;loc=MX-OAX&amp;categoria=13&amp;hits=50&amp;page=1&amp;fcat=CAT-13&amp;f=true\" target=\"_blank\">3.Generalista de Recursos Humanos<\/a><\/strong><\/p>\n<p>Empresa l\u00edder a nivel internacional dentro del sector financiero, te invita a formar parte de su exitoso equipo de trabajo, al participar en su proceso de Reclutamiento y Selecci\u00f3n:<br \/>\nPerfil:<br \/>\nConocimientos y experiencia en RH Comercial \/ Venta de Productos \/ Servicios. (No Industrial, Manufactura, Producci\u00f3n)<br \/>\nAcostumbrado a Supervisi\u00f3n de Centros de Trabajo relacionados a Ventas; en temas de RH .<br \/>\nLiderazgo directo de Personal enfocado a resultados y objetivos de ventas.<br \/>\nDisponibilidad de horario, y total para viajar constantemente en municipios cercanos del estado y cambiar de residencia en opciones de crecimiento profesional.<br \/>\nDeseable experiencia en el sector financiero.<br \/>\nRadicar en los municipios del Istmo de Oaxaca (Juchitan, Tehuantepec, Salina Cruz); \u00f3 tener disponibilidad total para cambio de residencia a los mismos municipios como sede de la oferta de empleo.<\/p>\n<p><strong><a href=\"https:\/\/www.occ.com.mx\/Empleo\/Oferta\/7757782\/JEFE-DE-RECURSOS-HUMANOS?bdtype=OCCM&amp;tm=7&amp;loc=MX-OAX&amp;categoria=13&amp;hits=50&amp;page=1&amp;fcat=CAT-13&amp;f=true\" target=\"_blank\">4. Jefe de Recursos Humanos<\/a><\/strong><\/p>\n<p>Escolaridad: Licenciatura en Relaciones Industriales, Psicolog\u00eda, Administraci\u00f3n o carrera a fin.<br \/>\nEdad: Mayor a 26 a\u00f1os<br \/>\nINDISPENSABLE DISPONIBILIDAD DE CAMBIO DE RESIDENCIA A LA CIUDAD DE OAXACA<br \/>\nConocimientos:<br \/>\nElaboraci\u00f3n de contratos colectivos de trabajo<br \/>\nLey Federal de Trabajo<br \/>\nElaboraci\u00f3n de n\u00f3mina<br \/>\nImpuesto Sobre la Renta (I.S.R.)<br \/>\nExperiencia:<br \/>\nAl menos 3 a\u00f1os:<br \/>\nDesempe\u00f1\u00e1ndose en posiciones de jefatura de recursos humanos<br \/>\nAdministrando contratos colectivos y reglamentos internos<br \/>\nIdentificando, evaluando y controlando los factores de riesgo laboral<br \/>\nAtendiendo empleados y autoridades en temas de relaciones laborales<br \/>\nAdministrando sistema de compensaci\u00f3n y evaluaci\u00f3n de desempe\u00f1o<br \/>\nAdministrando el t\u00e9rmino de la relaci\u00f3n laboral<br \/>\nAdministrando estructuras y plantillas<br \/>\nRealizando seguimiento a incidencias de pago y pren\u00f3mina<\/p>\n<p><strong><a href=\"https:\/\/www.occ.com.mx\/Empleo\/Oferta\/7756799\/Generalista-de-Recursos-Humanos-Tuxtepec-Oaxaca?bdtype=OCCM&amp;tm=7&amp;loc=MX-OAX&amp;categoria=13&amp;hits=50&amp;page=1&amp;fcat=CAT-13&amp;f=true\" target=\"_blank\">5. Generalista de Recursos Humanos<\/a><\/strong><\/p>\n<p>Empresa l\u00edder a nivel internacional dentro del sector financiero, te invita a formar parte de su exitoso equipo de trabajo, al participar en su proceso de Reclutamiento y Selecci\u00f3n:<br \/>\nPerfil:<br \/>\nConocimientos y experiencia en RH Comercial \/ Venta de Productos \/ Servicios. (No Industrial, Manufactura, Producci\u00f3n)<br \/>\nAcostumbrado a Supervisi\u00f3n de Centros de Trabajo relacionados a Ventas; en temas de RH .<br \/>\nLiderazgo directo de Personal enfocado a resultados y objetivos de ventas.<br \/>\nDisponibilidad de horario, y total para viajar constantemente en municipios cercanos del estado y cambiar de residencia en opciones de crecimiento profesional.<br \/>\nLicencia de manejo vigente y acostumbrado a viajar por carretera a municipios cercanos.<br \/>\nDeseable experiencia en el sector financiero.<br \/>\nRadicar en los municipios de Tuxtepec, Oaxaca \u00f3 cercanos; \u00f3 tener disponibilidad total para cambio de residencia a los mismos municipios como sede de la oferta de empleo.<\/p>\n<p><a href=\"http:\/\/www.eloriente.net\/home\/wp-content\/uploads\/2014\/05\/martes-de-vacantes.jpg\"><img loading=\"lazy\" decoding=\"async\" class=\"alignnone size-medium wp-image-25869\" src=\"http:\/\/www.eloriente.net\/home\/wp-content\/uploads\/2014\/05\/martes-de-vacantes-300x199.jpg\" alt=\"martes de vacantes\" width=\"300\" height=\"199\" srcset=\"http:\/\/www.eloriente.net\/home\/wp-content\/uploads\/2014\/05\/martes-de-vacantes-300x199.jpg 300w, http:\/\/www.eloriente.net\/home\/wp-content\/uploads\/2014\/05\/martes-de-vacantes.jpg 1024w\" sizes=\"(max-width: 300px) 100vw, 300px\" \/><\/a><\/p>\n<p>Imagen: Archivo ELORIENTE.NET<\/p>\n<p><strong>Entradas relacionadas:<\/strong><\/p>\n<div id=\"post-33546\" class=\"post-33546 post type-post status-publish format-standard has-post-thumbnail hentry category-miercolesdeeconomia category-capital category-entradas category-especiales category-estados category-municipios category-oaxaca-estados category-politica-y-gobierno category-principal category-turismo-y-negocios tag-centro-historico tag-comercio tag-planton-magisterial tag-seccion-22 entry loop-default border_bottom_30\">\n<p class=\"entry_title\"><a title=\"Permalink to \u00bfD\u00f3nde est\u00e1n mis derechos?: Alex Gantonas\" href=\"http:\/\/www.eloriente.net\/home\/2014\/10\/29\/donde-estan-mis-derechos-hay-que-buscarlos\/\" rel=\"bookmark\">\u00bfD\u00f3nde est\u00e1n mis derechos?: Alex Gantonas<\/a><\/p>\n<p><a href=\"http:\/\/www.eloriente.net\/home\/2014\/10\/29\/donde-estan-mis-derechos-hay-que-buscarlos\/\" rel=\"bookmark\"><img decoding=\"async\" class=\"alignleft\" title=\"\u00bfD\u00f3nde est\u00e1n mis derechos?: Alex Gantonas\" src=\"http:\/\/www.eloriente.net\/home\/wp-content\/themes\/city-desk\/timthumb.php?src=http%3A%2F%2Fwww.eloriente.net%2Fhome%2Fwp-content%2Fuploads%2F2014%2F10%2FIMG_5777.jpg&amp;q=90&amp;w=160&amp;h=106&amp;zc=1\" alt=\"\u00bfD\u00f3nde est\u00e1n mis derechos?: Alex Gantonas\" \/><\/a>eloriente.net 29\/octubre\/2014 Fundado en 1924, La Lagunilla es uno de los comercios m\u00e1s antiguos del Centro Hist\u00f3rico de Oaxaca que sigue vigente. Tras pasar una severa crisis a causa del conflicto magisterial de hace 8 a\u00f1os, su propietario Alex Gantonas, afirma que el plant\u00f3n actual iniciado por los maestros y ahora apoyado por muchas otras [\u2026]<\/p>\n<div class=\"sharedaddy sd-sharing-enabled\">\n<div class=\"robots-nocontent sd-block sd-social sd-social-icon-text sd-sharing\">\n<div class=\"sd-content\">\n<ul>\n<li><a class=\"sharing-anchor sd-button share-more\" href=\"http:\/\/www.eloriente.net\/home\/category\/turismo-y-negocios\/miercolesdeeconomia\/#\">Share<\/a><\/li>\n<li class=\"share-end\"><\/li>\n<\/ul>\n<div class=\"sharing-hidden\"><\/div>\n<\/div>\n<\/div>\n<\/div>\n<p class=\"postmeta\"><span class=\"meta_date\">October 29, 2014<\/span><\/p>\n<\/div>\n<div id=\"post-33378\" class=\"post-33378 post type-post status-publish format-standard has-post-thumbnail hentry category-miercolesdeeconomia category-entradas category-lo-mas-reciente category-oaxaca-estados tag-chile-huacle tag-chilhuacle entry loop-default border_bottom_30\">\n<p class=\"entry_title\"><a title=\"Permalink to La reactivaci\u00f3n del chilhuacle\" href=\"http:\/\/www.eloriente.net\/home\/2014\/10\/22\/la-reactivacion-del-chilhuacle\/\" rel=\"bookmark\">La reactivaci\u00f3n del chilhuacle<\/a><\/p>\n<p><a href=\"http:\/\/www.eloriente.net\/home\/2014\/10\/22\/la-reactivacion-del-chilhuacle\/\" rel=\"bookmark\"><img decoding=\"async\" class=\"alignleft\" title=\"La reactivaci\u00f3n del chilhuacle\" src=\"http:\/\/www.eloriente.net\/home\/wp-content\/themes\/city-desk\/timthumb.php?src=http%3A%2F%2Fwww.eloriente.net%2Fhome%2Fwp-content%2Fuploads%2F2014%2F10%2FIMG_5550.jpg&amp;q=90&amp;w=160&amp;h=106&amp;zc=1\" alt=\"La reactivaci\u00f3n del chilhuacle\" \/><\/a>eloriente.net 22\/octubre\/2014 El chile huacle es un producto end\u00e9mico de Cuicatlan en la regi\u00f3n de la Ca\u00f1ada, con gran importancia cultural y gastron\u00f3mica para todo el estado, pues es el chile original con el que se elabora el mole negro oaxaque\u00f1o. Actualmente, su cultivo enfrenta problemas de distinta \u00edndole que se agravan con la aparici\u00f3n [\u2026]<\/p>\n<div class=\"sharedaddy sd-sharing-enabled\">\n<div class=\"robots-nocontent sd-block sd-social sd-social-icon-text sd-sharing\">\n<div class=\"sd-content\">\n<ul>\n<li><a class=\"sharing-anchor sd-button share-more\" href=\"http:\/\/www.eloriente.net\/home\/category\/turismo-y-negocios\/miercolesdeeconomia\/#\">Share<\/a><\/li>\n<li class=\"share-end\"><\/li>\n<\/ul>\n<div class=\"sharing-hidden\"><\/div>\n<\/div>\n<\/div>\n<\/div>\n<p class=\"postmeta\"><span class=\"meta_date\">October 22, 2014<\/span><\/p>\n<\/div>\n<div id=\"post-33158\" class=\"post-33158 post type-post status-publish format-standard has-post-thumbnail hentry category-miercolesdeeconomia category-entradas category-lo-mas-reciente category-municipios category-oaxaca-estados category-turismo-y-negocios tag-casos-de-exito tag-mezcal entry loop-default border_bottom_30\">\n<p class=\"entry_title\"><a title=\"Permalink to El encanto del mezcal cuishi\" href=\"http:\/\/www.eloriente.net\/home\/2014\/10\/15\/el-encanto-del-mezcal-cuishi\/\" rel=\"bookmark\">El encanto del mezcal cuishi<\/a><\/p>\n<p><a href=\"http:\/\/www.eloriente.net\/home\/2014\/10\/15\/el-encanto-del-mezcal-cuishi\/\" rel=\"bookmark\"><img decoding=\"async\" class=\"alignleft\" title=\"El encanto del mezcal cuishi\" src=\"http:\/\/www.eloriente.net\/home\/wp-content\/themes\/city-desk\/timthumb.php?src=http%3A%2F%2Fwww.eloriente.net%2Fhome%2Fwp-content%2Fuploads%2F2014%2F10%2FDo%C3%B1a-Berta.jpg&amp;q=90&amp;w=160&amp;h=106&amp;zc=1\" alt=\"El encanto del mezcal cuishi\" \/><\/a>eloriente.net 15\/octubre\/2014 Do\u00f1a Berta Hern\u00e1ndez pertenece a m\u00e1s all\u00e1 de la tercera generaci\u00f3n de productores del mezcal El Imperio, proveniente tambi\u00e9n de Santiago Matatl\u00e1n: \u201cDesde entonces venimos creciendo\u2026 desde los abuelos\u2026 antes hac\u00edan ya el mezcal\u201d, dice sin establecer la certeza de quien de sus antepasados inici\u00f3 en el cultivo de maguey y fabricaci\u00f3n de [\u2026]<\/p>\n<div class=\"sharedaddy sd-sharing-enabled\">\n<div class=\"robots-nocontent sd-block sd-social sd-social-icon-text sd-sharing\">\n<div class=\"sd-content\">\n<ul>\n<li><a class=\"sharing-anchor sd-button share-more\" href=\"http:\/\/www.eloriente.net\/home\/category\/turismo-y-negocios\/miercolesdeeconomia\/#\">Share<\/a><\/li>\n<li class=\"share-end\"><\/li>\n<\/ul>\n<div class=\"sharing-hidden\"><\/div>\n<\/div>\n<\/div>\n<\/div>\n<p class=\"postmeta\"><span class=\"meta_date\">October 15, 2014<\/span><\/p>\n<\/div>\n\n\t\t\t  <div \n\t\t\t  \tclass = \"fb-comments\" \n\t\t\t  \tdata-href = \"http:\/\/www.eloriente.net\/home\/2014\/11\/04\/cinco-vacantes-en-recursos-humanos-martesdevacantes\/\"\n\t\t\t  \tdata-numposts = \"10\"\n\t\t\t\tdata-colorscheme = \"dark\"\n\t\t\t\tdata-order-by = \"social\"\n\t\t\t\tdata-mobile=true>\n\t\t\t  <\/div>\n\t\t  <style>\n\t\t\t.fb_iframe_widget_fluid_desktop iframe {\n\t\t\t    width: 100% !important;\n\t\t\t}\n\t\t  <\/style>\n\t\t  ","protected":false},"excerpt":{"rendered":"<p>eloriente.net 4\/noviembre\/2014 Conscientes de la importancia para la ciudadan\u00eda en general de la b\u00fasqueda de nuevas oportunidades de crecimiento profesional, ponemos a tu disposici\u00f3n semanalmente ofertas de empleo disponibles en la ciudad de Oaxaca de Ju\u00e1rez, municipios conurbados y en regiones al interior del estado. En esta ocasi\u00f3n, ELORIENTE.NET comparte cinco vacantes en recursos humanos. [&hellip;]<\/p>\n","protected":false},"author":1,"featured_media":25869,"comment_status":"open","ping_status":"open","sticky":false,"template":"","format":"standard","meta":{"_jetpack_memberships_contains_paid_content":false,"footnotes":""},"categories":[942,32,10,464],"tags":[4080,1361],"class_list":["post-33687","post","type-post","status-publish","format-standard","has-post-thumbnail","hentry","category-martesdevacantes","category-entradas","category-lo-mas-reciente","category-oaxaca-estados","tag-martesdevacantes","tag-recursos-humanos"],"jetpack_featured_media_url":"http:\/\/www.eloriente.net\/home\/wp-content\/uploads\/2014\/05\/martes-de-vacantes.jpg","jetpack_sharing_enabled":true,"_links":{"self":[{"href":"http:\/\/www.eloriente.net\/home\/wp-json\/wp\/v2\/posts\/33687"}],"collection":[{"href":"http:\/\/www.eloriente.net\/home\/wp-json\/wp\/v2\/posts"}],"about":[{"href":"http:\/\/www.eloriente.net\/home\/wp-json\/wp\/v2\/types\/post"}],"author":[{"embeddable":true,"href":"http:\/\/www.eloriente.net\/home\/wp-json\/wp\/v2\/users\/1"}],"replies":[{"embeddable":true,"href":"http:\/\/www.eloriente.net\/home\/wp-json\/wp\/v2\/comments?post=33687"}],"version-history":[{"count":1,"href":"http:\/\/www.eloriente.net\/home\/wp-json\/wp\/v2\/posts\/33687\/revisions"}],"predecessor-version":[{"id":33688,"href":"http:\/\/www.eloriente.net\/home\/wp-json\/wp\/v2\/posts\/33687\/revisions\/33688"}],"wp:featuredmedia":[{"embeddable":true,"href":"http:\/\/www.eloriente.net\/home\/wp-json\/wp\/v2\/media\/25869"}],"wp:attachment":[{"href":"http:\/\/www.eloriente.net\/home\/wp-json\/wp\/v2\/media?parent=33687"}],"wp:term":[{"taxonomy":"category","embeddable":true,"href":"http:\/\/www.eloriente.net\/home\/wp-json\/wp\/v2\/categories?post=33687"},{"taxonomy":"post_tag","embeddable":true,"href":"http:\/\/www.eloriente.net\/home\/wp-json\/wp\/v2\/tags?post=33687"}],"curies":[{"name":"wp","href":"https:\/\/api.w.org\/{rel}","templated":true}]}}