{"id":33768,"date":"2014-11-07T00:00:29","date_gmt":"2014-11-07T06:00:29","guid":{"rendered":"http:\/\/www.eloriente.net\/home\/?p=33768"},"modified":"2014-11-06T22:51:40","modified_gmt":"2014-11-07T04:51:40","slug":"conoce-la-imagen-de-los-juegos-centroamericanos-veracruz-2014","status":"publish","type":"post","link":"http:\/\/www.eloriente.net\/home\/2014\/11\/07\/conoce-la-imagen-de-los-juegos-centroamericanos-veracruz-2014\/","title":{"rendered":"Conoce la imagen de los Juegos Centroamericanos Veracruz 2014"},"content":{"rendered":"<p>eloriente.net<\/p>\n<p>7\/noviembre\/2014<\/p>\n<p>Juegos Centroamericanos y del Caribe Veracruz 2014<\/p>\n<p>\u00a1Siente tus juegos!<\/p>\n<p><iframe loading=\"lazy\" src=\"\/\/www.youtube.com\/embed\/4l5QNw9ChyI\" width=\"560\" height=\"315\" frameborder=\"0\" allowfullscreen=\"allowfullscreen\"><\/iframe><\/p>\n<p>Ser\u00e1 la cuarta ocasi\u00f3n que M\u00e9xico sea sede de unos Juegos Centroamericanos (1926, 1954 y 1990), pero la primera fuera de la capital del pa\u00eds. Veracruz obtuvo la sede de los Juegos en el 2009 por la Organizaci\u00f3n Deportiva Centroamericana y del Caribe (ODECABE).<\/p>\n<p>Dentro de los elementos que forman parte de la imagen de estos Juegos Centroamericanos, tenemos al logotipo. El dise\u00f1o consiste en una llama conformada por cuatro ondas en colores azul, verde, rojo y amarillo, la cual proyecta una sombra de tres l\u00edneas coronadas cada una por una estrella que simboliza el podio de los ganadores. Debajo de la imagen se lee \u00abVeracruz 2014\u00bb.<\/p>\n<p><a href=\"http:\/\/www.eloriente.net\/home\/wp-content\/uploads\/2014\/11\/LOGO-2014.jpg\"><img loading=\"lazy\" decoding=\"async\" class=\"size-medium wp-image-33769 aligncenter\" src=\"http:\/\/www.eloriente.net\/home\/wp-content\/uploads\/2014\/11\/LOGO-2014-217x300.jpg\" alt=\"LOGO-2014\" width=\"217\" height=\"300\" srcset=\"http:\/\/www.eloriente.net\/home\/wp-content\/uploads\/2014\/11\/LOGO-2014-217x300.jpg 217w, http:\/\/www.eloriente.net\/home\/wp-content\/uploads\/2014\/11\/LOGO-2014.jpg 218w\" sizes=\"(max-width: 217px) 100vw, 217px\" \/><\/a><\/p>\n<p>Aunque Veracruz es la sede principal, la cantidad de eventos y disciplinas a desarrollarse hacen que otras ciudades del estado sean incluidas, como son Boca del R\u00edo,\u00a0Xalapa,\u00a0Tuxpan,\u00a0C\u00f3rdoba y\u00a0Coatzacoalcos. Los 22 recintos en donde se disputar\u00e1n las competencias deportivas, presentan un avance general del 99 por ciento y ya lucen los colores oficiales de los juegos, que no son otros que los presentes en los aros ol\u00edmpicos. Estadios emblem\u00e1ticos a nivel nacional como el \u00abPirata\u00bb Fuente para futbol o el Parque Beto \u00c1vila de beisbol, formar\u00e1n parte de esta magna justa.<\/p>\n<p><a href=\"http:\/\/www.eloriente.net\/home\/wp-content\/uploads\/2014\/11\/61.jpg\"><img loading=\"lazy\" decoding=\"async\" class=\"wp-image-33770 aligncenter\" src=\"http:\/\/www.eloriente.net\/home\/wp-content\/uploads\/2014\/11\/61.jpg\" alt=\"61\" width=\"759\" height=\"254\" srcset=\"http:\/\/www.eloriente.net\/home\/wp-content\/uploads\/2014\/11\/61.jpg 896w, http:\/\/www.eloriente.net\/home\/wp-content\/uploads\/2014\/11\/61-300x100.jpg 300w\" sizes=\"(max-width: 759px) 100vw, 759px\" \/><\/a><\/p>\n<p>Para seleccionar a las mascotas oficiales del evento, se convoc\u00f3 abiertamente al publico veracruzano a enviar sus dise\u00f1os. En septiembre del a\u00f1o pasado fueron presentados Toto y Bamba. El primero, representa a un ind\u00edgena totonaca de color verde que \u00ablleva el sabor de la vainila y fue creado por David Ya\u00f1ez. Bamba, es una iguana surgida del trabajo de Ang\u00e9lica Cabrera.<\/p>\n<p><a href=\"http:\/\/www.eloriente.net\/home\/wp-content\/uploads\/2014\/11\/Mascotas.jpg\"><img loading=\"lazy\" decoding=\"async\" class=\"size-medium wp-image-33771 aligncenter\" src=\"http:\/\/www.eloriente.net\/home\/wp-content\/uploads\/2014\/11\/Mascotas-300x200.jpg\" alt=\"Mascotas\" width=\"300\" height=\"200\" srcset=\"http:\/\/www.eloriente.net\/home\/wp-content\/uploads\/2014\/11\/Mascotas-300x200.jpg 300w, http:\/\/www.eloriente.net\/home\/wp-content\/uploads\/2014\/11\/Mascotas-1024x682.jpg 1024w, http:\/\/www.eloriente.net\/home\/wp-content\/uploads\/2014\/11\/Mascotas.jpg 1500w\" sizes=\"(max-width: 300px) 100vw, 300px\" \/><\/a><\/p>\n<p style=\"text-align: center;\">Foto: rtv.org<\/p>\n<p>La canci\u00f3n oficial de los Juegos Centroamericanos y del Caribe 2014, se titula\u00a0\u201cLo imposible no existe\u201d y es una composici\u00f3n del dueto veracruzano Silvia &amp; Karmen, ganadoras tambi\u00e9n de la\u00a0primera edici\u00f3n del concurso \u201cTu banda en Cumbre Taj\u00edn\u201d. Poseedor de 5 premios Grammy, el internacionalmente famoso Guillermo Gil, fue el encargado de producir el tema.<\/p>\n<p><iframe loading=\"lazy\" src=\"\/\/www.youtube.com\/embed\/BKXY-Y4Fw6U\" width=\"420\" height=\"315\" frameborder=\"0\" allowfullscreen=\"allowfullscreen\"><\/iframe><\/p>\n<p>Para escuchar la versi\u00f3n oficial dentro del sitio de los juegos, haz clic <a href=\"http:\/\/veracruz2014.mx\/cancion-oficial\/\" target=\"_blank\">aqu\u00ed<\/a>.<\/p>\n<p>*Fotos: veracruz2014.mx<\/p>\n<p><strong>Entradas relacionadas:<\/strong><\/p>\n<div id=\"post-33681\" class=\"post-33681 post type-post status-publish format-standard has-post-thumbnail hentry category-colaboradores category-deportes category-entradas category-lo-mas-reciente category-rodrigo-robles-brena tag-carlos-vela tag-futbol tag-oribe-peralta tag-seleccion-mexicana entry loop-default border_bottom_30\">\n<p class=\"entry_title\"><a title=\"Enlace Permanente a La vela revive o se apaga\" href=\"http:\/\/www.eloriente.net\/home\/2014\/11\/04\/la-vela-revive-o-se-apaga\/\" rel=\"bookmark\">La vela revive o se apaga<\/a><\/p>\n<p><a href=\"http:\/\/www.eloriente.net\/home\/2014\/11\/04\/la-vela-revive-o-se-apaga\/\" rel=\"bookmark\"><img decoding=\"async\" class=\"alignleft\" title=\"La vela revive o se apaga\" src=\"http:\/\/www.eloriente.net\/home\/wp-content\/themes\/city-desk\/timthumb.php?src=http%3A%2F%2Fwww.eloriente.net%2Fhome%2Fwp-content%2Fuploads%2F2014%2F11%2FCarlos-Vela-Ronnie-Macdonald.jpg&amp;q=90&amp;w=160&amp;h=106&amp;zc=1\" alt=\"La vela revive o se apaga\" \/><\/a>eloriente.net 4\/noviembre\/2014 Por Rodrigo Robles Cuando se supone que el m\u00e1ximo anhelo de todo futbolista es el jugar una Copa del Mundo, y no s\u00f3lo eso, sino ganarla; cuando el factor exponencial para un jugador de f\u00fatbol en un Campeonato del Mundo es imprescindible, hubo quien declin\u00f3 el privilegio de los reflectores que propician la [\u2026]<\/p>\n<div class=\"sharedaddy sd-sharing-enabled\">\n<div class=\"robots-nocontent sd-block sd-social sd-social-icon-text sd-sharing\">\n<div class=\"sd-content\">\n<ul>\n<li><a class=\"sharing-anchor sd-button share-more\" href=\"http:\/\/www.eloriente.net\/home\/category\/deportes\/#\">Compartir<\/a><\/li>\n<li class=\"share-end\"><\/li>\n<\/ul>\n<div class=\"sharing-hidden\"><\/div>\n<\/div>\n<\/div>\n<\/div>\n<p class=\"postmeta\"><span class=\"meta_date\">noviembre 4, 2014<\/span><\/p>\n<\/div>\n<div id=\"post-33653\" class=\"post-33653 post type-post status-publish format-standard has-post-thumbnail hentry category-colaboradores category-deportes category-entradas category-jaime-palau category-lo-mas-reciente tag-gigantes-de-san-francisco tag-serie-mundial entry loop-default border_bottom_30\">\n<p class=\"entry_title\"><a title=\"Enlace Permanente a Cr\u00f3nicas Beisboleras: Una nueva dinast\u00eda\" href=\"http:\/\/www.eloriente.net\/home\/2014\/11\/03\/cronicas-beisboleras-una-nueva-dinastia\/\" rel=\"bookmark\">Cr\u00f3nicas Beisboleras: Una nueva dinast\u00eda<\/a><\/p>\n<p><a href=\"http:\/\/www.eloriente.net\/home\/2014\/11\/03\/cronicas-beisboleras-una-nueva-dinastia\/\" rel=\"bookmark\"><img decoding=\"async\" class=\"alignleft\" title=\"Cr\u00f3nicas Beisboleras: Una nueva dinast\u00eda\" src=\"http:\/\/www.eloriente.net\/home\/wp-content\/themes\/city-desk\/timthumb.php?src=http%3A%2F%2Fwww.eloriente.net%2Fhome%2Fwp-content%2Fuploads%2F2014%2F11%2FGigantes-SD-Dirk.jpg&amp;q=90&amp;w=160&amp;h=106&amp;zc=1\" alt=\"Cr\u00f3nicas Beisboleras: Una nueva dinast\u00eda\" \/><\/a>eloriente.net 3\/noviembre\/2014 Por Jaime Palau Ranz Hace un par de semanas hice un an\u00e1lisis de los dos equipos que llegaban a la Serie Mundial, San Francisco y Kansas City, por supuesto que ambos ten\u00edan oportunidades ya que por algo llegaron hasta esta instancia, solo que en una serie larga el mejor equipo va a ganar, [\u2026]<\/p>\n<div class=\"sharedaddy sd-sharing-enabled\">\n<div class=\"robots-nocontent sd-block sd-social sd-social-icon-text sd-sharing\">\n<div class=\"sd-content\">\n<ul>\n<li><a class=\"sharing-anchor sd-button share-more\" href=\"http:\/\/www.eloriente.net\/home\/category\/deportes\/#\">Compartir<\/a><\/li>\n<li class=\"share-end\"><\/li>\n<\/ul>\n<div class=\"sharing-hidden\"><\/div>\n<\/div>\n<\/div>\n<\/div>\n<p class=\"postmeta\"><span class=\"meta_date\">noviembre 3, 2014<\/span><\/p>\n<p class=\"entry_title\"><a title=\"Enlace Permanente a 23 a\u00f1os de golf en Huatulco #TurismoenS\u00e1bado\" href=\"http:\/\/www.eloriente.net\/home\/2014\/10\/18\/23-anos-de-golf-en-huatulco-turismoensabado\/\" rel=\"bookmark\">23 a\u00f1os de golf en Huatulco #TurismoenS\u00e1bado<\/a><\/p>\n<p class=\"postmeta\"><a href=\"http:\/\/www.eloriente.net\/home\/2014\/10\/18\/23-anos-de-golf-en-huatulco-turismoensabado\/\" rel=\"bookmark\"><img decoding=\"async\" class=\"alignleft\" title=\"23 a\u00f1os de golf en Huatulco #TurismoenS\u00e1bado\" src=\"http:\/\/www.eloriente.net\/home\/wp-content\/themes\/city-desk\/timthumb.php?src=http%3A%2F%2Fwww.eloriente.net%2Fhome%2Fwp-content%2Fuploads%2F2014%2F10%2FGolf-Wojciech-Kulicki.jpg&amp;q=90&amp;w=160&amp;h=106&amp;zc=1\" alt=\"23 a\u00f1os de golf en Huatulco #TurismoenS\u00e1bado\" \/><\/a><\/p>\n<p>eloriente.net 18\/octubre\/2014 En el a\u00f1o de 1991 se inaugur\u00f3 el Campo de Golf Tangolunda en Huatulco, campo de primer nivel \u00fanico en la regi\u00f3n, dise\u00f1ado por Mario Schjetnan Dantan y Pedro Guereca, enclavado en una excelente zona completada por tres hermosos lagos, sobre una superficie de 72.5 hect\u00e1reas, con 18 hoyos en par 72 categor\u00eda [\u2026]<\/p>\n<div class=\"sharedaddy sd-sharing-enabled\">\n<div class=\"robots-nocontent sd-block sd-social sd-social-icon-text sd-sharing\">\n<div class=\"sd-content\">\n<ul>\n<li><a class=\"sharing-anchor sd-button share-more\" href=\"http:\/\/www.eloriente.net\/home\/category\/deportes\/#\">Compartir<\/a><\/li>\n<li class=\"share-end\"><\/li>\n<\/ul>\n<div class=\"sharing-hidden\"><\/div>\n<\/div>\n<\/div>\n<\/div>\n<p class=\"postmeta\"><span class=\"meta_date\">octubre 18, 2014<\/span><\/p>\n<\/div>\n<p>&nbsp;<\/p>\n\n\t\t\t  <div \n\t\t\t  \tclass = \"fb-comments\" \n\t\t\t  \tdata-href = \"http:\/\/www.eloriente.net\/home\/2014\/11\/07\/conoce-la-imagen-de-los-juegos-centroamericanos-veracruz-2014\/\"\n\t\t\t  \tdata-numposts = \"10\"\n\t\t\t\tdata-colorscheme = \"dark\"\n\t\t\t\tdata-order-by = \"social\"\n\t\t\t\tdata-mobile=true>\n\t\t\t  <\/div>\n\t\t  <style>\n\t\t\t.fb_iframe_widget_fluid_desktop iframe {\n\t\t\t    width: 100% !important;\n\t\t\t}\n\t\t  <\/style>\n\t\t  ","protected":false},"excerpt":{"rendered":"<p>eloriente.net 7\/noviembre\/2014 Juegos Centroamericanos y del Caribe Veracruz 2014 \u00a1Siente tus juegos! Ser\u00e1 la cuarta ocasi\u00f3n que M\u00e9xico sea sede de unos Juegos Centroamericanos (1926, 1954 y 1990), pero la primera fuera de la capital del pa\u00eds. Veracruz obtuvo la sede de los Juegos en el 2009 por la Organizaci\u00f3n Deportiva Centroamericana y del Caribe [&hellip;]<\/p>\n","protected":false},"author":1,"featured_media":33772,"comment_status":"open","ping_status":"open","sticky":false,"template":"","format":"standard","meta":{"_jetpack_memberships_contains_paid_content":false,"footnotes":""},"categories":[15,32,13,63,10,24,2627],"tags":[2904,2906,2905],"class_list":["post-33768","post","type-post","status-publish","format-standard","has-post-thumbnail","hentry","category-deportes","category-entradas","category-especiales","category-estados","category-lo-mas-reciente","category-mexico-y-el-mundo","category-veracruz-estados","tag-juegos-centroamericanos","tag-silvia-karmen","tag-veracruz-2014"],"jetpack_featured_media_url":"http:\/\/www.eloriente.net\/home\/wp-content\/uploads\/2014\/11\/Veracruz-2014.jpg","jetpack_sharing_enabled":true,"_links":{"self":[{"href":"http:\/\/www.eloriente.net\/home\/wp-json\/wp\/v2\/posts\/33768"}],"collection":[{"href":"http:\/\/www.eloriente.net\/home\/wp-json\/wp\/v2\/posts"}],"about":[{"href":"http:\/\/www.eloriente.net\/home\/wp-json\/wp\/v2\/types\/post"}],"author":[{"embeddable":true,"href":"http:\/\/www.eloriente.net\/home\/wp-json\/wp\/v2\/users\/1"}],"replies":[{"embeddable":true,"href":"http:\/\/www.eloriente.net\/home\/wp-json\/wp\/v2\/comments?post=33768"}],"version-history":[{"count":1,"href":"http:\/\/www.eloriente.net\/home\/wp-json\/wp\/v2\/posts\/33768\/revisions"}],"predecessor-version":[{"id":33773,"href":"http:\/\/www.eloriente.net\/home\/wp-json\/wp\/v2\/posts\/33768\/revisions\/33773"}],"wp:featuredmedia":[{"embeddable":true,"href":"http:\/\/www.eloriente.net\/home\/wp-json\/wp\/v2\/media\/33772"}],"wp:attachment":[{"href":"http:\/\/www.eloriente.net\/home\/wp-json\/wp\/v2\/media?parent=33768"}],"wp:term":[{"taxonomy":"category","embeddable":true,"href":"http:\/\/www.eloriente.net\/home\/wp-json\/wp\/v2\/categories?post=33768"},{"taxonomy":"post_tag","embeddable":true,"href":"http:\/\/www.eloriente.net\/home\/wp-json\/wp\/v2\/tags?post=33768"}],"curies":[{"name":"wp","href":"https:\/\/api.w.org\/{rel}","templated":true}]}}