{"id":33774,"date":"2014-11-07T08:46:23","date_gmt":"2014-11-07T14:46:23","guid":{"rendered":"http:\/\/www.eloriente.net\/home\/?p=33774"},"modified":"2014-11-07T08:47:27","modified_gmt":"2014-11-07T14:47:27","slug":"seccion-22-por-que-la-crisis-los-pulveriza","status":"publish","type":"post","link":"http:\/\/www.eloriente.net\/home\/2014\/11\/07\/seccion-22-por-que-la-crisis-los-pulveriza\/","title":{"rendered":"Secci\u00f3n 22: \u00bfpor qu\u00e9 la crisis los pulveriza?"},"content":{"rendered":"<p>eloriente.net<\/p>\n<p>7\/noviembre\/2014<\/p>\n<p style=\"text-align: right;\">Por <a href=\"http:\/\/www.eloriente.net\/home\/category\/colaboradores\/adrian-ortiz-romero\/\" target=\"_blank\">Adri\u00e1n Ortiz Romero<\/a><\/p>\n<p>Equilibrio de fuerzas, mito ante la realidad<\/p>\n<p>En memoria de \u00d3scar Ra\u00fal Ortiz Romero,<br \/>\nque ayer fue llamado a cuentas por el Creador.<\/p>\n<p>Hay quienes, en t\u00e9rminos muy simplistas, creen o que el gobierno del estado no tiene ning\u00fan tipo de relaci\u00f3n pol\u00edtica con la Secci\u00f3n 22 del SNTE o que, por el contrario, la connivencia es tal, que todas las acciones y silencios en el tema magisterial se encuentran relacionados con la alianza magisterio-gobierno en Oaxaca. Pero en realidad, la pol\u00edtica que se hace entre las fuerzas pol\u00edticas, las facciones y el gobierno con el magisterio son muchas m\u00e1s de las que podemos imaginarnos. Hoy menos que nunca la 22 es un grupo homog\u00e9neo, y al entender sus divisiones podremos tambi\u00e9n comprender muchas de sus acciones y movimientos dentro del largo conflicto que subsiste en nuestra entidad.<\/p>\n<p>En efecto, s\u00f3lo en los meses que llevan las movilizaciones en protesta por la reforma y la armonizaci\u00f3n de las normas en materia educativa, la Secci\u00f3n 22 ha demostrado ya no ser un solo frente, sino ser varios micro grupos que s\u00f3lo tienen temas en com\u00fan en los que logran ponerse de acuerdo para actuar, pero que entre ellos existen tantas divergencias que en ciertos momentos los llevan a tomar posiciones que los acercan much\u00edsimo a sus principales adversarios. Hemos visto, por ejemplo, a grupos de maestros actuando por consignas de dos grupos priistas distintos, a otros continuar acordando con el gobierno estatal, aunque ello implique lo que ellos denominan como la traici\u00f3n al movimiento. Y a algunos m\u00e1s tratando s\u00f3lo de minar a la actual dirigencia a partir de una suerte de oposici\u00f3n interna.<\/p>\n<p>En ese sentido, un texto publicado ayer en el peri\u00f3dico Noticias, titulado Cr\u00f3nica de un Prepleno Anunciado, y firmado por Pavel Sosa Mart\u00ednez, hace un recuento de esos grupos al interior de la Asamblea Estatal de la Secci\u00f3n 22, y las relaciones e implicaciones pol\u00edticas que tienen algunos de esos grupos con el gobierno, con los partidos y con posiciones pol\u00edticas e ideol\u00f3gicas al interior del sindicato. El punto central de dicho texto es preguntarse y prever c\u00f3mo la interacci\u00f3n de esos grupos va a generar que dicho Prepleno \u2014que dice, es donde la dirigencia magisterial debe rendir cuentas a sus bases\u2014 no cumpla con su objetivo.<\/p>\n<p>El autor de dicho texto hace cinco presagios, que en realidad es una disecci\u00f3n muy general en cinco aspectos, de las relaciones de los distintos grupos al interior de la Asamblea Estatal, que determinan el rumbo y las relaciones de la 22 con el exterior. As\u00ed, se\u00f1ala lo siguiente:<\/p>\n<p>\u201cPresagio 1.-El Comit\u00e9 Seccional, que encabeza Rub\u00e9n N\u00fa\u00f1ez Ginez, fue resultado de un gran pacto entre los grupos que se hacen llamar la amplia donde sobresalen la Uni\u00f3n de Trabajadores de la Educaci\u00f3n, el Bloque Democr\u00e1tico, Coordinadora Democr\u00e1tica Magisterial Oaxaque\u00f1a, Praxis, Maestros Democr\u00e1ticos de la Costa y la Ca\u00f1ada y Colectivo Magonista Libertario, entre otras expresiones<br \/>\n\u201cPresagio 2.-Los grupos que no lograron incrustar en los espacios deseados a su gente comenzaron a reunirse y generar situaciones de confrontaci\u00f3n e inestabilidad con la dirigencia; por un lado la Coordinaci\u00f3n Multilateral (parte de Codemo, Coordinaci\u00f3n de bases, Colectivo magonista libertario y Ex Utes) y por el otro Sangre Nueva o Insurgencia Magisterial (chepistas).<\/p>\n<p>\u201cPresagio 3.-El descr\u00e9dito a la Comisi\u00f3n Pol\u00edtica y el impulso de cambiar a los integrantes siguiendo el ejemplo de la Regi\u00f3n de la Sierra, sirvi\u00f3 para que los grupos afines al Estado y en especial al priismo echaran a andar esa maquinaria para reposicionarse, relevando a Isabel D\u00e1vila Rivera por Juli\u00e1n Ter\u00e1n Garc\u00eda, David Estrada Ba\u00f1os por Abelardo Salvador Carlos, Horacio G\u00f3mez Pineda por No\u00e9 Mendoza Aldaz y a Aciel Sibaja Mendoza por Gustavo Manzano Sosa, sembrando un precedente en este sentido.<\/p>\n<p>\u201cPresagio 4.- La evidente intromisi\u00f3n del priismo en el conflicto magisterial en la jornada de lucha nacional del 2013 evidencio\u0301 las dos posiciones que se disputan el control de la XXII. Por un lado, los muratistas que encabeza Francisco Villalobos y por el otro los evielistas, c\u00e9lebremente llamados pozoleros\u201d.<\/p>\n<p>\u201cPresagio 5.- La continuidad de la relaci\u00f3n de la UTE y Bloque Democr\u00e1tico con el gobernador Gabino Cu\u00e9 y la operaci\u00f3n pol\u00edtica en favor del proyecto del senador Benjam\u00edn Robles Montoya y Morena.\u201d<\/p>\n<p>CINCO BLOQUES<\/p>\n<p>Frente a esa diversidad de grupos queda claro que si hasta ahora la asamblea de la Secci\u00f3n 22 ha logrado ponerse de acuerdo para algunas cosas \u2014como el plant\u00f3n representativo en el z\u00f3calo, que es ampliamente cuestionado por ser una protesta meramente testimonial sin capacidad de trascender a los fines te\u00f3ricos de la lucha magisterial\u2014, es en realidad un logro mayor de lo que parece. Pues seg\u00fan parece quedar claro, en realidad al interior de la 22 ya hay una presencia mucho mayor de los partidos y las facciones pol\u00edticas que en otros tiempos, y eso est\u00e1 determinando el rumbo que tiene hoy el movimiento.<\/p>\n<p>Eso explica, por ejemplo, por qu\u00e9 son bloques de profesores los que en varios momentos han ido a lastimar objetivos muy concretos de los grupos al interior del PRI, y hasta pareciera que existe una correspondencia abierta entre la guerra de facciones al interior del tricolor, con algunas acciones que por un lado ha emprendido el magisterio del Istmo y que por el otro han tomado los llamados \u201cpozoleros\u201d para cobrar venganza.<\/p>\n<p>Del mismo modo, a partir de eso puede entenderse que s\u00ed haya un grupo de la 22, tan cuestionado como los que son afines al PRI, que sigue teniendo una relaci\u00f3n fluida, y hasta compromisos pol\u00edticos con el r\u00e9gimen en turno en Oaxaca, que responde a los intereses del senador Robles Montoya y que intentar\u00e1 ser un ala electoral dentro de dos a\u00f1os, primero para posicionar al michoacano como posible candidato a Gobernador por el PRD, y despu\u00e9s para apoyarlo con movilizaci\u00f3n y estructuras electorales en los tiempos de campa\u00f1a.<\/p>\n<p>\u00bfY EL MOVIMIENTO MAGISTERIAL?<\/p>\n<p>Esa es la pregunta base del Prepleno que, seg\u00fan vaticinan, no se va a responder. No va a ser as\u00ed porque todos los grupos determinantes al interior de la asamblea han fallado en sus tareas para fortalecer al movimiento. Por eso buscar\u00e1n que dicho espacio de evaluaci\u00f3n tome otro rumbo. As\u00ed tratar\u00e1n de evitar rendir cuentas sobre sus fallas. Aunque en el fondo el gran cuestionamiento pendiente sea sobre la incertidumbre que hoy priva del conflicto, lo ocupados que est\u00e1n los grupos principales en responder a otros intereses y lo descuidada que tienen la lucha magisterial de fondo. Algo as\u00ed como su peor escenario.<\/p>\n<p><a href=\"http:\/\/www.eloriente.net\/home\/wp-content\/uploads\/2014\/04\/Marcha-Contra-la-Reforma-Laboral-Por-Secci\u00f3n-22.jpg\"><img loading=\"lazy\" decoding=\"async\" class=\"alignnone size-medium wp-image-24642\" src=\"http:\/\/www.eloriente.net\/home\/wp-content\/uploads\/2014\/04\/Marcha-Contra-la-Reforma-Laboral-Por-Secci\u00f3n-22-300x224.jpg\" alt=\"Marcha-Contra-la-Reforma-Laboral-Por Secci\u00f3n 22\" width=\"300\" height=\"224\" srcset=\"http:\/\/www.eloriente.net\/home\/wp-content\/uploads\/2014\/04\/Marcha-Contra-la-Reforma-Laboral-Por-Secci\u00f3n-22-300x224.jpg 300w, http:\/\/www.eloriente.net\/home\/wp-content\/uploads\/2014\/04\/Marcha-Contra-la-Reforma-Laboral-Por-Secci\u00f3n-22-1024x767.jpg 1024w, http:\/\/www.eloriente.net\/home\/wp-content\/uploads\/2014\/04\/Marcha-Contra-la-Reforma-Laboral-Por-Secci\u00f3n-22.jpg 1559w\" sizes=\"(max-width: 300px) 100vw, 300px\" \/><\/a><\/p>\n<p>Foto: Archivo ELORIENTE.NET<\/p>\n<p><strong>Entradas relacionadas:<\/strong><\/p>\n<div id=\"post-33710\" class=\"post-33710 post type-post status-publish format-standard has-post-thumbnail hentry category-adrian-ortiz-romero category-colaboradores category-entradas category-lo-mas-reciente category-politica-y-gobierno tag-angel-aguirre tag-angel-heladio-aguirre tag-ayotzinapa tag-enrique-pena-nieto entry loop-default border_bottom_30\">\n<p class=\"entry_title\"><a title=\"Enlace Permanente a \u00bfPara qu\u00e9 querer que renuncie Pe\u00f1a Nieto?\" href=\"http:\/\/www.eloriente.net\/home\/2014\/11\/05\/para-que-querer-que-renuncie-pena-nieto\/\" rel=\"bookmark\">\u00bfPara qu\u00e9 querer que renuncie Pe\u00f1a Nieto?<\/a><\/p>\n<p><a href=\"http:\/\/www.eloriente.net\/home\/2014\/11\/05\/para-que-querer-que-renuncie-pena-nieto\/\" rel=\"bookmark\"><img decoding=\"async\" class=\"alignleft\" title=\"\u00bfPara qu\u00e9 querer que renuncie Pe\u00f1a Nieto?\" src=\"http:\/\/www.eloriente.net\/home\/wp-content\/themes\/city-desk\/timthumb.php?src=http%3A%2F%2Fwww.eloriente.net%2Fhome%2Fwp-content%2Fuploads%2F2012%2F09%2Fpe%C3%B1a-Nieto-World-Economic-Forum-flickr.jpg&amp;q=90&amp;w=160&amp;h=106&amp;zc=1\" alt=\"\u00bfPara qu\u00e9 querer que renuncie Pe\u00f1a Nieto?\" \/><\/a>eloriente.net 5\/noviembre\/2014 Por Adri\u00e1n Ortiz Romero Proclama vac\u00edo; no hay sentido en exigencia Ya renunci\u00f3 el gobernador \u00c1ngel Heladio Aguirre Rivero, ya detuvieron al exedil de Iguala y su esposa; la presi\u00f3n nacional e internacional ya hizo que todo el Estado mexicano se volcara a la b\u00fasqueda de los normalistas. Pero a\u00fan as\u00ed hay quienes [\u2026]<\/p>\n<div class=\"sharedaddy sd-sharing-enabled\">\n<div class=\"robots-nocontent sd-block sd-social sd-social-icon-text sd-sharing\">\n<div class=\"sd-content\">\n<ul>\n<li><a class=\"sharing-anchor sd-button share-more\" href=\"http:\/\/www.eloriente.net\/home\/category\/colaboradores\/adrian-ortiz-romero\/#\">Compartir<\/a><\/li>\n<li class=\"share-end\"><\/li>\n<\/ul>\n<div class=\"sharing-hidden\"><\/div>\n<\/div>\n<\/div>\n<\/div>\n<p class=\"postmeta\"><span class=\"meta_date\">noviembre 5, 2014<\/span><\/p>\n<\/div>\n<div id=\"post-33659\" class=\"post-33659 post type-post status-publish format-standard has-post-thumbnail hentry category-lunesdepolitica category-adrian-ortiz-romero category-colaboradores category-entradas category-lo-mas-reciente category-politica-y-gobierno tag-gasolinazo tag-pemex entry loop-default border_bottom_30\">\n<p class=\"entry_title\"><a title=\"Enlace Permanente a Gasolinazos: una discusi\u00f3n sin matices\" href=\"http:\/\/www.eloriente.net\/home\/2014\/11\/03\/gasolinazos-una-discusion-sin-matices\/\" rel=\"bookmark\">Gasolinazos: una discusi\u00f3n sin matices<\/a><\/p>\n<p><a href=\"http:\/\/www.eloriente.net\/home\/2014\/11\/03\/gasolinazos-una-discusion-sin-matices\/\" rel=\"bookmark\"><img decoding=\"async\" class=\"alignleft\" title=\"Gasolinazos: una discusi\u00f3n sin matices\" src=\"http:\/\/www.eloriente.net\/home\/wp-content\/themes\/city-desk\/timthumb.php?src=http%3A%2F%2Fwww.eloriente.net%2Fhome%2Fwp-content%2Fuploads%2F2014%2F01%2FPEMEX.jpg&amp;q=90&amp;w=160&amp;h=106&amp;zc=1\" alt=\"Gasolinazos: una discusi\u00f3n sin matices\" \/><\/a>eloriente.net 3\/noviembre\/2014 Por Adri\u00e1n Ortiz Romero \u00bfQu\u00e9 justifica el deslizamiento de precios? Hoy s\u00e1bado el precio del litro de gasolina Premium en M\u00e9xico alcanzar\u00e1 los 14 pesos, una vez que el gobierno federal aplique el d\u00e9cimo incremento mensual del a\u00f1o, como parte de su pol\u00edtica de eliminaci\u00f3n gradual del subsidio a los combustibles. Detr\u00e1s de [\u2026]<\/p>\n<div class=\"sharedaddy sd-sharing-enabled\">\n<div class=\"robots-nocontent sd-block sd-social sd-social-icon-text sd-sharing\">\n<div class=\"sd-content\">\n<ul>\n<li><a class=\"sharing-anchor sd-button share-more\" href=\"http:\/\/www.eloriente.net\/home\/category\/colaboradores\/adrian-ortiz-romero\/#\">Compartir<\/a><\/li>\n<li class=\"share-end\"><\/li>\n<\/ul>\n<div class=\"sharing-hidden\"><\/div>\n<\/div>\n<\/div>\n<\/div>\n<p class=\"postmeta\"><span class=\"meta_date\">noviembre 3, 2014<\/span><\/p>\n<\/div>\n<div id=\"post-33620\" class=\"post-33620 post type-post status-publish format-standard has-post-thumbnail hentry category-adrian-ortiz-romero category-colaboradores category-entradas category-lo-mas-reciente category-politica-y-gobierno tag-ayotzinapa tag-iguala entry loop-default border_bottom_30\">\n<p class=\"entry_title\"><a title=\"Enlace Permanente a EPN no orden\u00f3 las desapariciones, pero s\u00ed es responsable\" href=\"http:\/\/www.eloriente.net\/home\/2014\/10\/31\/epn-no-ordeno-las-desapariciones-pero-si-es-responsable\/\" rel=\"bookmark\">EPN no orden\u00f3 las desapariciones, pero s\u00ed es responsable<\/a><\/p>\n<p><a href=\"http:\/\/www.eloriente.net\/home\/2014\/10\/31\/epn-no-ordeno-las-desapariciones-pero-si-es-responsable\/\" rel=\"bookmark\"><img decoding=\"async\" class=\"alignleft\" title=\"EPN no orden\u00f3 las desapariciones, pero s\u00ed es responsable\" src=\"http:\/\/www.eloriente.net\/home\/wp-content\/themes\/city-desk\/timthumb.php?src=http%3A%2F%2Fwww.eloriente.net%2Fhome%2Fwp-content%2Fuploads%2F2013%2F01%2FEPNCom1-642x422.jpg&amp;q=90&amp;w=160&amp;h=106&amp;zc=1\" alt=\"EPN no orden\u00f3 las desapariciones, pero s\u00ed es responsable\" \/><\/a>eloriente.net 31\/octubre\/2014 Por Adri\u00e1n Ortiz Romero Los cr\u00edmenes de lesa humanidad no admiten jerarqu\u00edas A muchos sigue sin quedarles claro por qu\u00e9 si el gobierno del presidente Enrique Pe\u00f1a Nieto no orden\u00f3, ni ejecut\u00f3, ni consinti\u00f3, las detenciones-desapariciones de los 43 normalistas en Iguala el pasado 26 de septiembre, s\u00ed est\u00e1 obligado a responder por [\u2026]<\/p>\n<div class=\"sharedaddy sd-sharing-enabled\">\n<div class=\"robots-nocontent sd-block sd-social sd-social-icon-text sd-sharing\">\n<div class=\"sd-content\">\n<ul>\n<li><a class=\"sharing-anchor sd-button share-more\" href=\"http:\/\/www.eloriente.net\/home\/category\/colaboradores\/adrian-ortiz-romero\/#\">Compartir<\/a><\/li>\n<li class=\"share-end\"><\/li>\n<\/ul>\n<div class=\"sharing-hidden\"><\/div>\n<\/div>\n<\/div>\n<\/div>\n<p class=\"postmeta\"><span class=\"meta_date\">octubre 31, 2014<\/span><\/p>\n<\/div>\n\n\t\t\t  <div \n\t\t\t  \tclass = \"fb-comments\" \n\t\t\t  \tdata-href = \"http:\/\/www.eloriente.net\/home\/2014\/11\/07\/seccion-22-por-que-la-crisis-los-pulveriza\/\"\n\t\t\t  \tdata-numposts = \"10\"\n\t\t\t\tdata-colorscheme = \"dark\"\n\t\t\t\tdata-order-by = \"social\"\n\t\t\t\tdata-mobile=true>\n\t\t\t  <\/div>\n\t\t  <style>\n\t\t\t.fb_iframe_widget_fluid_desktop iframe {\n\t\t\t    width: 100% !important;\n\t\t\t}\n\t\t  <\/style>\n\t\t  ","protected":false},"excerpt":{"rendered":"<p>eloriente.net 7\/noviembre\/2014 Por Adri\u00e1n Ortiz Romero Equilibrio de fuerzas, mito ante la realidad En memoria de \u00d3scar Ra\u00fal Ortiz Romero, que ayer fue llamado a cuentas por el Creador. Hay quienes, en t\u00e9rminos muy simplistas, creen o que el gobierno del estado no tiene ning\u00fan tipo de relaci\u00f3n pol\u00edtica con la Secci\u00f3n 22 del SNTE [&hellip;]<\/p>\n","protected":false},"author":2,"featured_media":24642,"comment_status":"open","ping_status":"open","sticky":false,"template":"","format":"standard","meta":{"_jetpack_memberships_contains_paid_content":false,"footnotes":""},"categories":[38,11,32,10,464,21],"tags":[],"class_list":["post-33774","post","type-post","status-publish","format-standard","has-post-thumbnail","hentry","category-adrian-ortiz-romero","category-colaboradores","category-entradas","category-lo-mas-reciente","category-oaxaca-estados","category-politica-y-gobierno"],"jetpack_featured_media_url":"http:\/\/www.eloriente.net\/home\/wp-content\/uploads\/2014\/04\/Marcha-Contra-la-Reforma-Laboral-Por-Secci\u00f3n-22.jpg","jetpack_sharing_enabled":true,"_links":{"self":[{"href":"http:\/\/www.eloriente.net\/home\/wp-json\/wp\/v2\/posts\/33774"}],"collection":[{"href":"http:\/\/www.eloriente.net\/home\/wp-json\/wp\/v2\/posts"}],"about":[{"href":"http:\/\/www.eloriente.net\/home\/wp-json\/wp\/v2\/types\/post"}],"author":[{"embeddable":true,"href":"http:\/\/www.eloriente.net\/home\/wp-json\/wp\/v2\/users\/2"}],"replies":[{"embeddable":true,"href":"http:\/\/www.eloriente.net\/home\/wp-json\/wp\/v2\/comments?post=33774"}],"version-history":[{"count":1,"href":"http:\/\/www.eloriente.net\/home\/wp-json\/wp\/v2\/posts\/33774\/revisions"}],"predecessor-version":[{"id":33775,"href":"http:\/\/www.eloriente.net\/home\/wp-json\/wp\/v2\/posts\/33774\/revisions\/33775"}],"wp:featuredmedia":[{"embeddable":true,"href":"http:\/\/www.eloriente.net\/home\/wp-json\/wp\/v2\/media\/24642"}],"wp:attachment":[{"href":"http:\/\/www.eloriente.net\/home\/wp-json\/wp\/v2\/media?parent=33774"}],"wp:term":[{"taxonomy":"category","embeddable":true,"href":"http:\/\/www.eloriente.net\/home\/wp-json\/wp\/v2\/categories?post=33774"},{"taxonomy":"post_tag","embeddable":true,"href":"http:\/\/www.eloriente.net\/home\/wp-json\/wp\/v2\/tags?post=33774"}],"curies":[{"name":"wp","href":"https:\/\/api.w.org\/{rel}","templated":true}]}}