{"id":33781,"date":"2014-11-08T00:00:20","date_gmt":"2014-11-08T06:00:20","guid":{"rendered":"http:\/\/www.eloriente.net\/home\/?p=33781"},"modified":"2014-11-09T09:24:20","modified_gmt":"2014-11-09T15:24:20","slug":"objetivo-cortv-la-educacion-a-traves-de-los-medios","status":"publish","type":"post","link":"http:\/\/www.eloriente.net\/home\/2014\/11\/08\/objetivo-cortv-la-educacion-a-traves-de-los-medios\/","title":{"rendered":"Objetivo CORTV: La educaci\u00f3n a trav\u00e9s de los medios"},"content":{"rendered":"<p>eloriente.net<\/p>\n<p>8\/noviembre\/2014<\/p>\n<p>La televisi\u00f3n en Oaxaca se inicia durante el gobierno de Pedro V\u00e1squez Colmenares, rentando una hora de espacio en el antiguo canal 7 de Imevisi\u00f3n. El contenido presentado, eran las obras de la Compa\u00f1\u00eda Teatral Lola Bravo. Para 1988 el Lic. Heladio Ram\u00edrez, en ese entonces gobernador del Estado, decide abrir el IORTV (Instituto Oaxaque\u00f1o de Radio y Televisi\u00f3n) que un a\u00f1o despu\u00e9s cambiar\u00eda sus siglas a RTO (Radio y Televisi\u00f3n de Oaxaca) teniendo como noticiero \u201cContextos\u201d que se transmit\u00eda en dos emisiones. Fue el 22 de mayo de 1993, despu\u00e9s de que el Poder Legislativo aprobara el decreto de la creaci\u00f3n de la Corporaci\u00f3n Oaxaque\u00f1a de Radio y Televisi\u00f3n, (CORTV), cuando el gobernador Di\u00f3doro Carrasco Altamirano, inaugura oficialmente las transmisiones del canal.<\/p>\n<p>M\u00e1s de once a\u00f1os despu\u00e9s, la corporaci\u00f3n celebra otro hito en su historia, la ciudadanizaci\u00f3n y transparencia de los contenidos a partir de la instauraci\u00f3n de un Consejo Consultivo Ciudadano. Integrado por un presidente, a\u00fan por designar, y 29 vocales que provienen de todos los sectores de la sociedad, la calidad e imparcialidad de la programaci\u00f3n que empezar\u00e1 a presentarse en breve, estar\u00e1 garantizada.<\/p>\n<p>Desde acad\u00e9micos, especialistas en medio ambiente o p\u00fablico infantil, perspectiva de g\u00e9nero, sector salud o asuntos ind\u00edgenas, la CORTV pretende dar un paso importante en su historia: \u00abEste proyecto de comunicaci\u00f3n ciudadana, no intenta competir con los medios de comunicaci\u00f3n comerciales, ese no es el plan, no es ganar audiencias. Es educar a trav\u00e9s de los medios de comunicaci\u00f3n del estado\u00bb, mencion\u00f3 Miguel \u00c1ngel Mu\u00f1oz, Coordinador de Comunicaci\u00f3n Social del Estado.<\/p>\n<p><iframe loading=\"lazy\" src=\"\/\/www.youtube.com\/embed\/yANvBRTCIOs\" width=\"420\" height=\"315\" frameborder=\"0\" allowfullscreen=\"allowfullscreen\"><\/iframe><\/p>\n<p>A decir de Francisco Javier Garc\u00eda Ruiz, director del \u00e1rea de televisi\u00f3n de la CORTV, para el rubro de turismo y gastronom\u00eda se tienen contemplados distintos programas que saldr\u00e1n al aire de forma trimestral. Esto obedece a que todos los contenidos tendr\u00e1n una temporalidad establecida de tres meses por temporada, al t\u00e9rmino de esta, se decide si se produce una segunda temporada o se genera una nueva producci\u00f3n: \u00abPara este \u00faltimo semestre del a\u00f1o se est\u00e1 produciendo el programa &#8216;Mesa Puesta&#8217;, mientras que m\u00e1s enfocado al turismo se realizar\u00e1n especiales dedicados a la promoci\u00f3n de eventos culturales y deportivos que tienen como objetivo de dar a conocer las opciones que tiene Oaxaca para los visitantes locales, nacionales y extranjeros\u00bb.<\/p>\n<p>En esta nueva programaci\u00f3n se tienen contemplados los siguientes eventos especiales, FILO 2014, Instrumenta 2014, Festival Eduardo Mata, D\u00eda de Muertos y Noche de R\u00e1banos:<\/p>\n<ul>\n<li><strong>Especial d\u00eda de muertos en Oaxaca &#8211;\u00a0<\/strong>El documental muestra diversos relatos de la celebraci\u00f3n del D\u00eda de Muertos en Oaxaca. La m\u00fasica, leyendas, altares, tapetes, muerteadas y las narraciones de los abuelos nos llevan a trav\u00e9s de las tradiciones que Santa Cruz Xoxocotl\u00e1n, San Jer\u00f3nimo Yahuiche y los panteones de nuestra ciudad reviven a\u00f1o con a\u00f1o para recibir a las almas de nuestros fieles difuntos. Los d\u00edas de transmisi\u00f3n ser\u00e1n: s\u00e1bado 8 de noviembre 21:30 \u2013 22:30 horas y domingo 9 de noviembre 11:30-12:30 y 21:30 \u2013 22:30 horas.<\/li>\n<li><strong>Noche de R\u00e1banos 2014<\/strong>. Programa que muestra la tradici\u00f3n anual de concurso de figuras hechas con r\u00e1banos, flor inmortal y totomoxtle. Se busca mostrar la creatividad, ingenio y habilidad de los horticultores y floricultores oaxaque\u00f1os. El d\u00eda de transmisi\u00f3n en vivo propuesto es de 20:00 a 21:30 horas. Y se tienen contemplados como conductores al proyecto: Rodrigo Vargas, Lizbeth Javier y Almudena Villasante.<\/li>\n<li><strong>Mesa Puesta<\/strong>. Un recorrido a trav\u00e9s de las calles y restaurantes de Oaxaca para conocer, disfrutar y vivir diversas experiencias gastron\u00f3micas alrededor de la cocina oaxaque\u00f1a.<\/li>\n<\/ul>\n<p>La nueva programaci\u00f3n de CORTV, no ser\u00e1 vista solamente en territorio oaxaque\u00f1o. La cobertura a nivel nacional e internacional se lleva a cabo gracias a los convenios que tiene la televisora con otros medios y principalmente con la Red de Radiodifusoras y Televisoras Educativas y Culturales de M\u00e9xico A.C., que agrupa a todos los medios p\u00fablicos del pa\u00eds. En el caso de la se\u00f1al internacional, se logra mediante los convenios que se tiene con Canal 22 de CONACULTA, que trasmite en su se\u00f1al internacional distintos programas de las televisoras y con Mexicanal que cubre la parte sur de los Estados Unidos.<\/p>\n<p>Para el a\u00f1o 2015,\u00a0se tiene proyectado cubrir el 40% de programaci\u00f3n de la CORTV con producciones nuevas.<\/p>\n<p><iframe loading=\"lazy\" src=\"\/\/www.youtube.com\/embed\/uetyr_-TdG0\" width=\"420\" height=\"315\" frameborder=\"0\" allowfullscreen=\"allowfullscreen\"><\/iframe><\/p>\n<p><a href=\"http:\/\/www.eloriente.net\/home\/wp-content\/uploads\/2014\/04\/Intersecciones-Por-CORTV.jpg\"><img loading=\"lazy\" decoding=\"async\" class=\"alignnone size-medium wp-image-23747\" src=\"http:\/\/www.eloriente.net\/home\/wp-content\/uploads\/2014\/04\/Intersecciones-Por-CORTV-300x168.jpg\" alt=\"Intersecciones-Por CORTV\" width=\"300\" height=\"168\" srcset=\"http:\/\/www.eloriente.net\/home\/wp-content\/uploads\/2014\/04\/Intersecciones-Por-CORTV-300x168.jpg 300w, http:\/\/www.eloriente.net\/home\/wp-content\/uploads\/2014\/04\/Intersecciones-Por-CORTV.jpg 900w\" sizes=\"(max-width: 300px) 100vw, 300px\" \/><\/a><\/p>\n<p>Foto: Archivo ELORIENTE.NET<\/p>\n<p><strong>Entradas relacionadas:<\/strong><\/p>\n<div id=\"post-33576\" class=\"post-33576 post type-post status-publish format-standard has-post-thumbnail hentry category-articulistas category-derechos-humanos category-entradas category-estados category-lo-mas-reciente category-oaxaca-estados category-politica-y-gobierno entry loop-default border_bottom_30\">\n<p class=\"entry_title\"><a title=\"Enlace Permanente a La Voz de Amedi en Consejo Consultivo de CORTV, un art\u00edculo de Jorge Oropeza\" href=\"http:\/\/www.eloriente.net\/home\/2014\/10\/29\/la-voz-de-amedi-en-consejo-consultivo-de-cortv-un-articulo-de-jorge-oropeza\/\" rel=\"bookmark\">La Voz de Amedi en Consejo Consultivo de CORTV, un art\u00edculo de Jorge Oropeza<\/a><\/p>\n<p><a href=\"http:\/\/www.eloriente.net\/home\/2014\/10\/29\/la-voz-de-amedi-en-consejo-consultivo-de-cortv-un-articulo-de-jorge-oropeza\/\" rel=\"bookmark\"><img decoding=\"async\" class=\"alignleft\" title=\"La Voz de Amedi en Consejo Consultivo de CORTV, un art\u00edculo de Jorge Oropeza\" src=\"http:\/\/www.eloriente.net\/home\/wp-content\/themes\/city-desk\/timthumb.php?src=http%3A%2F%2Fwww.eloriente.net%2Fhome%2Fwp-content%2Fuploads%2F2014%2F10%2FTelevisi%C3%B3n.jpg&amp;q=90&amp;w=160&amp;h=106&amp;zc=1\" alt=\"La Voz de Amedi en Consejo Consultivo de CORTV, un art\u00edculo de Jorge Oropeza\" \/><\/a>eloriente.net\/Art\u00edculo invitado 29 de octubre de 2014 Por: Jorge Oropeza* Este 24 de octubre, a solicitud del Gobierno del Estado, se reunieron varios representantes de organizaciones de la sociedad civil y actores vinculados a las mismas, con el objetivo de integrar el Consejo Consultivo Ciudadano de la Corporaci\u00f3n Oaxaque\u00f1a de Radio y Televisi\u00f3n (CORTV). En [\u2026]<\/p>\n<div class=\"sharedaddy sd-sharing-enabled\">\n<div class=\"robots-nocontent sd-block sd-social sd-social-icon-text sd-sharing\">\n<div class=\"sd-content\">\n<ul>\n<li><a class=\"sharing-anchor sd-button share-more\" href=\"http:\/\/www.eloriente.net\/home\/?x=0&amp;y=0&amp;s=cortv#\">Compartir<\/a><\/li>\n<li class=\"share-end\"><\/li>\n<\/ul>\n<div class=\"sharing-hidden\"><\/div>\n<\/div>\n<\/div>\n<\/div>\n<p class=\"postmeta\"><span class=\"meta_date\">octubre 29, 2014<\/span><\/p>\n<\/div>\n<div id=\"post-32407\" class=\"post-32407 post type-post status-publish format-standard has-post-thumbnail hentry category-adrian-ortiz-romero category-colaboradores category-entradas category-lo-mas-reciente category-politica-y-gobierno entry loop-default border_bottom_30\">\n<p class=\"entry_title\"><a title=\"Enlace Permanente a CORTV: directivos hacen indeseable a TV oficial\" href=\"http:\/\/www.eloriente.net\/home\/2014\/09\/19\/cortv-directivos-hacen-indeseable-a-tv-oficial\/\" rel=\"bookmark\">CORTV: directivos hacen indeseable a TV oficial<\/a><\/p>\n<p><a href=\"http:\/\/www.eloriente.net\/home\/2014\/09\/19\/cortv-directivos-hacen-indeseable-a-tv-oficial\/\" rel=\"bookmark\"><img decoding=\"async\" class=\"alignleft\" title=\"CORTV: directivos hacen indeseable a TV oficial\" src=\"http:\/\/www.eloriente.net\/home\/wp-content\/themes\/city-desk\/timthumb.php?src=http%3A%2F%2Fwww.eloriente.net%2Fhome%2Fwp-content%2Fuploads%2F2014%2F04%2FIntersecciones-Por-CORTV.jpg&amp;q=90&amp;w=160&amp;h=106&amp;zc=1\" alt=\"CORTV: directivos hacen indeseable a TV oficial\" \/><\/a>eloriente.net 19\/septiembre\/2014 Por\u00a0Adri\u00e1n Ortiz Romero Demuestran su sometimiento e inconsciencia Durante el Desfile C\u00edvico-Militar del 16 de septiembre en Oaxaca, la Corporaci\u00f3n Oaxaque\u00f1a de Radio y Televisi\u00f3n (CORTV) decidi\u00f3 interrumpir la transmisi\u00f3n para evitar que aparecieran, en las pantallas de sus televidentes, im\u00e1genes de las protestas que realizan empleados y elementos de la Secretar\u00eda de [\u2026]<\/p>\n<div class=\"sharedaddy sd-sharing-enabled\">\n<div class=\"robots-nocontent sd-block sd-social sd-social-icon-text sd-sharing\">\n<div class=\"sd-content\">\n<ul>\n<li><a class=\"sharing-anchor sd-button share-more\" href=\"http:\/\/www.eloriente.net\/home\/?x=0&amp;y=0&amp;s=cortv#\">Compartir<\/a><\/li>\n<li class=\"share-end\"><\/li>\n<\/ul>\n<div class=\"sharing-hidden\"><\/div>\n<\/div>\n<\/div>\n<\/div>\n<p class=\"postmeta\"><span class=\"meta_date\">septiembre 19, 2014<\/span><\/p>\n<\/div>\n<div id=\"post-32155\" class=\"post-32155 post type-post status-publish format-standard has-post-thumbnail hentry category-comunicados-y-boletines category-congreso-y-justicia category-entradas category-lo-mas-reciente tag-tsj entry loop-default border_bottom_30\">\n<p class=\"entry_title\"><a title=\"Enlace Permanente a Convenio entre Poder Judicial y CORTV\" href=\"http:\/\/www.eloriente.net\/home\/2014\/09\/10\/convenio-entre-poder-judicial-y-cortv\/\" rel=\"bookmark\">Convenio entre Poder Judicial y CORTV<\/a><\/p>\n<p><a href=\"http:\/\/www.eloriente.net\/home\/2014\/09\/10\/convenio-entre-poder-judicial-y-cortv\/\" rel=\"bookmark\"><img decoding=\"async\" class=\"alignleft\" title=\"Convenio entre Poder Judicial y CORTV\" src=\"http:\/\/www.eloriente.net\/home\/wp-content\/themes\/city-desk\/timthumb.php?src=http%3A%2F%2Fwww.eloriente.net%2Fhome%2Fwp-content%2Fuploads%2F2014%2F09%2FPoder-Judicial-del-Estado-formaliz%C3%B3-convenio-de-colaboraci%C3%B3n-con-CORTV.jpg&amp;q=90&amp;w=160&amp;h=106&amp;zc=1\" alt=\"Convenio entre Poder Judicial y CORTV\" \/><\/a>eloriente.net \/ TSJ 10\/septiembre\/2014 \u00b7 El titular del Poder Judicial magistrado Alfredo Lagunas Rivera y el director de la CORTV, Emilio de Leo firmaron un convenio marco de colaboraci\u00f3n En los esfuerzos por establecer un v\u00ednculo m\u00e1s cercano con la sociedad y promover la cultura de la legalidad, el titular del Poder Judicial del Estado, [\u2026]<\/p>\n<div class=\"sharedaddy sd-sharing-enabled\">\n<div class=\"robots-nocontent sd-block sd-social sd-social-icon-text sd-sharing\">\n<div class=\"sd-content\">\n<ul>\n<li><a class=\"sharing-anchor sd-button share-more\" href=\"http:\/\/www.eloriente.net\/home\/?x=0&amp;y=0&amp;s=cortv#\">Compartir<\/a><\/li>\n<li class=\"share-end\"><\/li>\n<\/ul>\n<div class=\"sharing-hidden\"><\/div>\n<\/div>\n<\/div>\n<\/div>\n<p class=\"postmeta\"><span class=\"meta_date\">septiembre 10, 2014<\/span><\/p>\n<\/div>\n<p>&nbsp;<\/p>\n\n\t\t\t  <div \n\t\t\t  \tclass = \"fb-comments\" \n\t\t\t  \tdata-href = \"http:\/\/www.eloriente.net\/home\/2014\/11\/08\/objetivo-cortv-la-educacion-a-traves-de-los-medios\/\"\n\t\t\t  \tdata-numposts = \"10\"\n\t\t\t\tdata-colorscheme = \"dark\"\n\t\t\t\tdata-order-by = \"social\"\n\t\t\t\tdata-mobile=true>\n\t\t\t  <\/div>\n\t\t  <style>\n\t\t\t.fb_iframe_widget_fluid_desktop iframe {\n\t\t\t    width: 100% !important;\n\t\t\t}\n\t\t  <\/style>\n\t\t  ","protected":false},"excerpt":{"rendered":"<p>eloriente.net 8\/noviembre\/2014 La televisi\u00f3n en Oaxaca se inicia durante el gobierno de Pedro V\u00e1squez Colmenares, rentando una hora de espacio en el antiguo canal 7 de Imevisi\u00f3n. El contenido presentado, eran las obras de la Compa\u00f1\u00eda Teatral Lola Bravo. Para 1988 el Lic. Heladio Ram\u00edrez, en ese entonces gobernador del Estado, decide abrir el IORTV [&hellip;]<\/p>\n","protected":false},"author":1,"featured_media":23747,"comment_status":"open","ping_status":"open","sticky":false,"template":"","format":"standard","meta":{"_jetpack_memberships_contains_paid_content":false,"footnotes":""},"categories":[6,29,18,32,63,10,464,21],"tags":[2907,814,1392,1678,109],"class_list":["post-33781","post","type-post","status-publish","format-standard","has-post-thumbnail","hentry","category-canal-4-especiales","category-capital","category-educacion-y-cultura","category-entradas","category-estados","category-lo-mas-reciente","category-oaxaca-estados","category-politica-y-gobierno","tag-contenido-cultural","tag-cortv","tag-gastronomia-2","tag-programacion","tag-turismo"],"jetpack_featured_media_url":"http:\/\/www.eloriente.net\/home\/wp-content\/uploads\/2014\/04\/Intersecciones-Por-CORTV.jpg","jetpack_sharing_enabled":true,"_links":{"self":[{"href":"http:\/\/www.eloriente.net\/home\/wp-json\/wp\/v2\/posts\/33781"}],"collection":[{"href":"http:\/\/www.eloriente.net\/home\/wp-json\/wp\/v2\/posts"}],"about":[{"href":"http:\/\/www.eloriente.net\/home\/wp-json\/wp\/v2\/types\/post"}],"author":[{"embeddable":true,"href":"http:\/\/www.eloriente.net\/home\/wp-json\/wp\/v2\/users\/1"}],"replies":[{"embeddable":true,"href":"http:\/\/www.eloriente.net\/home\/wp-json\/wp\/v2\/comments?post=33781"}],"version-history":[{"count":1,"href":"http:\/\/www.eloriente.net\/home\/wp-json\/wp\/v2\/posts\/33781\/revisions"}],"predecessor-version":[{"id":33782,"href":"http:\/\/www.eloriente.net\/home\/wp-json\/wp\/v2\/posts\/33781\/revisions\/33782"}],"wp:featuredmedia":[{"embeddable":true,"href":"http:\/\/www.eloriente.net\/home\/wp-json\/wp\/v2\/media\/23747"}],"wp:attachment":[{"href":"http:\/\/www.eloriente.net\/home\/wp-json\/wp\/v2\/media?parent=33781"}],"wp:term":[{"taxonomy":"category","embeddable":true,"href":"http:\/\/www.eloriente.net\/home\/wp-json\/wp\/v2\/categories?post=33781"},{"taxonomy":"post_tag","embeddable":true,"href":"http:\/\/www.eloriente.net\/home\/wp-json\/wp\/v2\/tags?post=33781"}],"curies":[{"name":"wp","href":"https:\/\/api.w.org\/{rel}","templated":true}]}}