{"id":33796,"date":"2014-11-09T00:00:29","date_gmt":"2014-11-09T06:00:29","guid":{"rendered":"http:\/\/www.eloriente.net\/home\/?p=33796"},"modified":"2014-11-08T13:15:00","modified_gmt":"2014-11-08T19:15:00","slug":"fortalecer-los-organos-locales-una-preocupacion","status":"publish","type":"post","link":"http:\/\/www.eloriente.net\/home\/2014\/11\/09\/fortalecer-los-organos-locales-una-preocupacion\/","title":{"rendered":"Fortalecer los \u00f3rganos locales, una preocupaci\u00f3n"},"content":{"rendered":"<p>eloriente.net<\/p>\n<p>9\/noviembre\/2014<\/p>\n<p style=\"text-align: right;\">Por <a href=\"http:\/\/www.eloriente.net\/home\/category\/colaboradores\/alejandro-cruz-pimentel\/\" target=\"_blank\">Alejandro Salvador Cruz Pimentel<\/a>*<\/p>\n<p>Estamos ciertos que el objetivo de construir un Sistema Nacional de Transparencia en nuestro pa\u00eds, tiene como uno de sus postulados, la creaci\u00f3n de un \u00f3rgano nacional de acceso a la informaci\u00f3n que est\u00e9 configurado constitucionalmente aut\u00f3nomo y que pugne por promover la cultura de la transparencia y el acceso a la informaci\u00f3n a lo largo y ancho del pa\u00eds, m\u00e1s all\u00e1 de los m\u00ednimos legales que se tengan actualmente implementados en las legislaciones de los Estados, esto ya se logr\u00f3. A esta fecha no tenemos una pol\u00edtica p\u00fablica madura que recorra la geograf\u00eda del pa\u00eds de forma pareja, hay asimetr\u00edas considerables tanto con la ley federal como entre las mismas leyes estatales. Luego entonces se hace necesario mejorar y estandarizar los procesos de acceso a la informaci\u00f3n a nivel nacional, darle expedites al acceso, que se garantice la entrega de la informaci\u00f3n y se establezcan criterios claros de sanci\u00f3n cuando se niegue de manera deliberada. Por esto, una de las implicaciones de la reforma constitucional a desarrollarse en la legislaci\u00f3n secundaria, es dise\u00f1ar los procedimientos para el acceso a la informaci\u00f3n y resoluci\u00f3n de recursos de revisi\u00f3n.<\/p>\n<p>El actual modelo mexicano supone que la apelaci\u00f3n o el recurso de revisi\u00f3n se presentan ante el \u00f3rgano garante que es independiente y especializado en el acceso a la informaci\u00f3n. Sin embargo, como ya se ha se\u00f1alado reiterativamente en los distintos escenarios previos a la aprobaci\u00f3n de esta Reforma, los \u00f3rganos en el \u00e1mbito local, est\u00e1n en el regazo del poder legislativo o ejecutivo, con lo que se pone en duda su autonom\u00eda.<\/p>\n<p>Resulta que en mi estado, Oaxaca, tenemos un problema muy fuerte en el tema educativo, es conocido por muchos y no voy abundarlo. Sin embargo, paralelamente nuestro Congreso no ha realizado las modificaciones o adecuaciones en nuestra legislatura local conforme a la reforma constitucional educativa y sus leyes generales. Ante esta obviedad, se solicitaron las iniciativas de ley presentadas por el titular del Ejecutivo, por algunos legisladores y por un grupo de ciudadanos.<\/p>\n<p>Nuestra ley estatal de transparencia contempla en su art\u00edculo 14, la informaci\u00f3n adicional que deber\u00e1 hacer p\u00fablica el Poder Legislativo, en su fracci\u00f3n IV se\u00f1ala a las iniciativas de ley, decretos, acuerdos y dem\u00e1s. Sin embargo, a pesar del sustento legal, la informaci\u00f3n fue clasificada como reservada sin contar con una resoluci\u00f3n fundada y motivada que identifique el da\u00f1o al inter\u00e9s p\u00fablico. Pero ese no es problema may\u00fasculo, lo que se trata es sacar a la luz la existente contaminaci\u00f3n en los procesos de toma de decisi\u00f3n por presiones de diversa \u00edndole en los \u00f3rganos garantes de los estados. El \u00f3rgano garante, COTAIPO, al dar entrada al recurso de revisi\u00f3n (9-sep-2014), no opt\u00f3 por iniciar alg\u00fan mecanismo que garantizara la expedites de la entrega de la informaci\u00f3n, por tratarse \u00e9sta, de una obligaci\u00f3n de transparencia y mucho menos un procedimiento de responsabilidad administrativa se\u00f1alado en el art\u00edculo 77 de la ley de transparencia local.<\/p>\n<p>Por el contrario, otorga el tr\u00e1mite ordinario por ser el sujeto obligado, el poder legislativo; la consejera instructora se tom\u00f3 m\u00e1s de 35 d\u00edas naturales para emitir el acuerdo correspondiente a la vista del informe justificado al recurrente (16-oct-2014). C\u00f3mo se puede observar, falta el acuerdo para la exposici\u00f3n de alegatos, el cierre de instrucci\u00f3n y el acuerdo de resoluci\u00f3n; que si lo traducimos en d\u00edas todav\u00eda ser\u00e1n bastantes. Cabe mencionar que la solicitud de informaci\u00f3n se present\u00f3 el 19 de agosto. Todo esto contrasta con el ejercicio que se est\u00e1 llevando en el Senado de la Rep\u00fablica, mientras ah\u00ed se instalan grupos redactores de la ley general y se transparentan en los portales las iniciativas existentes. Aqu\u00ed en Oaxaca, se cocina una ley educativa, a espaldas e invisible para los ciudadanos con un evidente papel que juega el \u00f3rgano garante al ralentizar el acceso a la informaci\u00f3n y la inevitable lealtad pol\u00edtica que muestra al Poder que los hizo comisionados. Dicho en otras palabras, no se quieren dar a conocer las iniciativas y el \u00f3rgano garante coadyuva en ello.<\/p>\n<p>Otra vez, como dijera el Dr. Sergio L\u00f3pez Ayll\u00f3n, somos repetitivos y machacones con el \u00f3rgano garante de Oaxaca. Este ejemplo es nugatorio al acceso de la informaci\u00f3n y por ende, debilita la confianza en las instituciones llamadas garantes de un derecho. Sostenemos que en este contexto democr\u00e1tico de la reforma constitucional, es necesario implementar mecanismos de nombramientos transparentes, incluyentes y competitivos para garantizar el funcionamiento del \u00f3rgano garante.<\/p>\n<p>Es la oportunidad de saldar las deudas de la trasparencia con una ley progresista que tengan implicaciones de alcance nacional para el fortalecimiento de los \u00f3rganos locales, con mecanismos legales e institucionales que los blinden de los poderes pol\u00edticos como el caso expuesto. Ya vimos que no es suficiente el andamiaje legal, si en los hechos persiste la lealtad pol\u00edtica.<\/p>\n<p>*Consejero consultivo de la COTAIPO<br \/>\nTuiter: @acruzpi<\/p>\n<p><a href=\"http:\/\/www.eloriente.net\/home\/wp-content\/uploads\/2014\/11\/SIEAIP.jpg\"><img loading=\"lazy\" decoding=\"async\" class=\"alignnone size-medium wp-image-33797\" src=\"http:\/\/www.eloriente.net\/home\/wp-content\/uploads\/2014\/11\/SIEAIP-300x165.jpg\" alt=\"SIEAIP\" width=\"300\" height=\"165\" srcset=\"http:\/\/www.eloriente.net\/home\/wp-content\/uploads\/2014\/11\/SIEAIP-300x165.jpg 300w, http:\/\/www.eloriente.net\/home\/wp-content\/uploads\/2014\/11\/SIEAIP.jpg 443w\" sizes=\"(max-width: 300px) 100vw, 300px\" \/><\/a><\/p>\n<p><strong>M\u00e1s entradas del autor:<\/strong><\/p>\n<div id=\"post-33651\" class=\"post-33651 post type-post status-publish format-standard has-post-thumbnail hentry category-alejandro-cruz-pimentel category-colaboradores category-entradas category-lo-mas-reciente category-politica-y-gobierno tag-federalismo entry loop-default border_bottom_30\">\n<p class=\"entry_title\"><a title=\"Enlace Permanente a Federalismo de forma, centralizaci\u00f3n de hecho\" href=\"http:\/\/www.eloriente.net\/home\/2014\/11\/02\/federalismo-de-forma-centralizacion-de-hecho\/\" rel=\"bookmark\">Federalismo de forma, centralizaci\u00f3n de hecho<\/a><\/p>\n<p><a href=\"http:\/\/www.eloriente.net\/home\/2014\/11\/02\/federalismo-de-forma-centralizacion-de-hecho\/\" rel=\"bookmark\"><img decoding=\"async\" class=\"alignleft\" title=\"Federalismo de forma, centralizaci\u00f3n de hecho\" src=\"http:\/\/www.eloriente.net\/home\/wp-content\/themes\/city-desk\/timthumb.php?src=http%3A%2F%2Fwww.eloriente.net%2Fhome%2Fwp-content%2Fuploads%2F2012%2F12%2FAlgunos-derechos-reservados-por-alviseni-dinero.jpg&amp;q=90&amp;w=160&amp;h=106&amp;zc=1\" alt=\"Federalismo de forma, centralizaci\u00f3n de hecho\" \/><\/a>eloriente.net 3\/noviembre\/2014 Por Alejandro Salvador Cruz Pimentel* Iniciar\u00e9 con una remembranza de la d\u00e9cada de los ochentas y principios de los noventas, para retomar nuestro presente. Un elemento que es necesario considerar en el an\u00e1lisis de pol\u00edticas descentralizadoras es el origen del impulso descentralizador; es fundamental entender la naturaleza de las pol\u00edticas propuestas: si responden [\u2026]<\/p>\n<div class=\"sharedaddy sd-sharing-enabled\">\n<div class=\"robots-nocontent sd-block sd-social sd-social-icon-text sd-sharing\">\n<div class=\"sd-content\">\n<ul>\n<li><a class=\"sharing-anchor sd-button share-more\" href=\"http:\/\/www.eloriente.net\/home\/category\/colaboradores\/alejandro-cruz-pimentel\/#\">Compartir<\/a><\/li>\n<li class=\"share-end\"><\/li>\n<\/ul>\n<div class=\"sharing-hidden\"><\/div>\n<\/div>\n<\/div>\n<\/div>\n<p class=\"postmeta\"><span class=\"meta_date\">noviembre 2, 2014<\/span><\/p>\n<\/div>\n<div id=\"post-33472\" class=\"post-33472 post type-post status-publish format-standard has-post-thumbnail hentry category-alejandro-cruz-pimentel category-colaboradores category-entradas category-lo-mas-reciente category-politica-y-gobierno tag-transparencia entry loop-default border_bottom_30\">\n<p class=\"entry_title\"><a title=\"Enlace Permanente a La Reforma Constitucional en materia de Transparencia\" href=\"http:\/\/www.eloriente.net\/home\/2014\/10\/26\/la-reforma-constitucional-en-materia-de-transparencia\/\" rel=\"bookmark\">La Reforma Constitucional en materia de Transparencia<\/a><\/p>\n<p><a href=\"http:\/\/www.eloriente.net\/home\/2014\/10\/26\/la-reforma-constitucional-en-materia-de-transparencia\/\" rel=\"bookmark\"><img decoding=\"async\" class=\"alignleft\" title=\"La Reforma Constitucional en materia de Transparencia\" src=\"http:\/\/www.eloriente.net\/home\/wp-content\/themes\/city-desk\/timthumb.php?src=http%3A%2F%2Fwww.eloriente.net%2Fhome%2Fwp-content%2Fuploads%2F2014%2F08%2FLibros.jpg&amp;q=90&amp;w=160&amp;h=106&amp;zc=1\" alt=\"La Reforma Constitucional en materia de Transparencia\" \/><\/a>eloriente.net 26\/octubre\/2014 En M\u00e9xico el Derecho de Acceso a la Informaci\u00f3n (DAI), como lo conocemos actualmente, se incorpor\u00f3 mediante la reforma al Art\u00edculo Sexto Constitucional de diciembre de 1977. Como esta adici\u00f3n formo parte de los preceptos modificados en la reforma pol\u00edtica de 1977, durante varios a\u00f1os se estim\u00f3 que deb\u00eda comprenderse como una prerrogativa [\u2026]<\/p>\n<div class=\"sharedaddy sd-sharing-enabled\">\n<div class=\"robots-nocontent sd-block sd-social sd-social-icon-text sd-sharing\">\n<div class=\"sd-content\">\n<ul>\n<li><a class=\"sharing-anchor sd-button share-more\" href=\"http:\/\/www.eloriente.net\/home\/category\/colaboradores\/alejandro-cruz-pimentel\/#\">Compartir<\/a><\/li>\n<li class=\"share-end\"><\/li>\n<\/ul>\n<div class=\"sharing-hidden\"><\/div>\n<\/div>\n<\/div>\n<\/div>\n<p class=\"postmeta\"><span class=\"meta_date\">octubre 26, 2014<\/span><\/p>\n<\/div>\n\n\t\t\t  <div \n\t\t\t  \tclass = \"fb-comments\" \n\t\t\t  \tdata-href = \"http:\/\/www.eloriente.net\/home\/2014\/11\/09\/fortalecer-los-organos-locales-una-preocupacion\/\"\n\t\t\t  \tdata-numposts = \"10\"\n\t\t\t\tdata-colorscheme = \"dark\"\n\t\t\t\tdata-order-by = \"social\"\n\t\t\t\tdata-mobile=true>\n\t\t\t  <\/div>\n\t\t  <style>\n\t\t\t.fb_iframe_widget_fluid_desktop iframe {\n\t\t\t    width: 100% !important;\n\t\t\t}\n\t\t  <\/style>\n\t\t  ","protected":false},"excerpt":{"rendered":"<p>eloriente.net 9\/noviembre\/2014 Por Alejandro Salvador Cruz Pimentel* Estamos ciertos que el objetivo de construir un Sistema Nacional de Transparencia en nuestro pa\u00eds, tiene como uno de sus postulados, la creaci\u00f3n de un \u00f3rgano nacional de acceso a la informaci\u00f3n que est\u00e9 configurado constitucionalmente aut\u00f3nomo y que pugne por promover la cultura de la transparencia y [&hellip;]<\/p>\n","protected":false},"author":36,"featured_media":33797,"comment_status":"open","ping_status":"open","sticky":false,"template":"","format":"standard","meta":{"_jetpack_memberships_contains_paid_content":false,"footnotes":""},"categories":[2829,11,32,10,464,21],"tags":[2914,249],"class_list":["post-33796","post","type-post","status-publish","format-standard","has-post-thumbnail","hentry","category-alejandro-cruz-pimentel","category-colaboradores","category-entradas","category-lo-mas-reciente","category-oaxaca-estados","category-politica-y-gobierno","tag-cotaipo","tag-transparencia"],"jetpack_featured_media_url":"http:\/\/www.eloriente.net\/home\/wp-content\/uploads\/2014\/11\/SIEAIP.jpg","jetpack_sharing_enabled":true,"_links":{"self":[{"href":"http:\/\/www.eloriente.net\/home\/wp-json\/wp\/v2\/posts\/33796"}],"collection":[{"href":"http:\/\/www.eloriente.net\/home\/wp-json\/wp\/v2\/posts"}],"about":[{"href":"http:\/\/www.eloriente.net\/home\/wp-json\/wp\/v2\/types\/post"}],"author":[{"embeddable":true,"href":"http:\/\/www.eloriente.net\/home\/wp-json\/wp\/v2\/users\/36"}],"replies":[{"embeddable":true,"href":"http:\/\/www.eloriente.net\/home\/wp-json\/wp\/v2\/comments?post=33796"}],"version-history":[{"count":1,"href":"http:\/\/www.eloriente.net\/home\/wp-json\/wp\/v2\/posts\/33796\/revisions"}],"predecessor-version":[{"id":33798,"href":"http:\/\/www.eloriente.net\/home\/wp-json\/wp\/v2\/posts\/33796\/revisions\/33798"}],"wp:featuredmedia":[{"embeddable":true,"href":"http:\/\/www.eloriente.net\/home\/wp-json\/wp\/v2\/media\/33797"}],"wp:attachment":[{"href":"http:\/\/www.eloriente.net\/home\/wp-json\/wp\/v2\/media?parent=33796"}],"wp:term":[{"taxonomy":"category","embeddable":true,"href":"http:\/\/www.eloriente.net\/home\/wp-json\/wp\/v2\/categories?post=33796"},{"taxonomy":"post_tag","embeddable":true,"href":"http:\/\/www.eloriente.net\/home\/wp-json\/wp\/v2\/tags?post=33796"}],"curies":[{"name":"wp","href":"https:\/\/api.w.org\/{rel}","templated":true}]}}