{"id":33799,"date":"2014-11-09T00:00:00","date_gmt":"2014-11-09T06:00:00","guid":{"rendered":"http:\/\/www.eloriente.net\/home\/?p=33799"},"modified":"2023-02-20T09:15:35","modified_gmt":"2023-02-20T15:15:35","slug":"silvia-karmen-el-ritmo-de-veracruz-2014","status":"publish","type":"post","link":"http:\/\/www.eloriente.net\/home\/2014\/11\/09\/silvia-karmen-el-ritmo-de-veracruz-2014\/","title":{"rendered":"Silvia &#038; Karmen, el ritmo de Veracruz 2014"},"content":{"rendered":"<p>eloriente.net<\/p>\n<p>9\/noviembre\/2014<\/p>\n<p>\u00abYo tocaba la guitarra y cantaba en un caf\u00e9 de Veracruz\u00bb, relata Silvia Siu, \u00abUn d\u00eda se me hizo tarde y al llegar al trabajo, veo que alguien estaba ocupando mi lugar, pens\u00e9 que me iba a quitar la chamba\u00bb. La usurpadora\u00a0del escenario, respond\u00eda al nombre de Karmen Parroqu\u00edn, quien hab\u00eda ido a solicitar una oportunidad y ante la ausencia de la trovadora de siempre, los due\u00f1os decidieron dejarla cantar.<\/p>\n<p><center><script async src=\"https:\/\/pagead2.googlesyndication.com\/pagead\/js\/adsbygoogle.js\"><\/script><br \/>\n<!-- BANNER ELORIENTE INCRUSTADO NOTAS --><br \/>\n<ins class=\"adsbygoogle\" style=\"display: inline-block; width: 300px; height: 250px;\" data-ad-client=\"ca-pub-1136171134853753\" data-ad-slot=\"7974633627\"><\/ins><br \/>\n<script>\n     (adsbygoogle = window.adsbygoogle || []).push({});\n<\/script><center>\u00a0<\/center><\/center>\u00abMe sent\u00e9 de espaldas, para escucharla objetivamente\u00bb confiesa Silvia. Al poco tiempo, alguien en el p\u00fablico pidi\u00f3 una canci\u00f3n con acompa\u00f1amiento de guitarra, por lo que Silvia subi\u00f3 a recuperar a su p\u00fablico, sin saber que se encontrar\u00eda con algo m\u00e1s: \u00abDesde el inicio del tema, incluso sin saber nuestros nombres, sentimos una qu\u00edmica muy fuerte e instant\u00e1nea al momento de cantar\u00bb.<\/p>\n<p>Karmen, cuenta que nunca estudi\u00f3 m\u00fasica formalmente, aprendi\u00f3 a tocar la guitarra por imitar a su padre, pero lo suyo era escribir canciones. Empez\u00f3 a componer temas a los 13 y cuatro a\u00f1os despu\u00e9s se inici\u00f3 en clases de canto. Silvia, por el contrario, desde muy peque\u00f1a tom\u00f3 clases de piano cl\u00e1sico en un conservatorio, lo que fue el inicio para deambular entre el teclado, saxof\u00f3n, guitarra, saltando de escuela a escuela y de g\u00e9nero a g\u00e9nero. A sus 14 a\u00f1os, se decidi\u00f3 por la guitarra, la trova y el bossa nova.<\/p>\n<p>Ese fortuito encuentro, fue el comienzo del dueto Silvia &amp; Karmen, quienes ya presentadas formalmente, no dudaron en colaborar para crear m\u00fasica juntas.<\/p>\n<p>Reuni\u00e9ndose de manera regular, no tard\u00f3 mucho para que empezar\u00e1n a subir sus covers a YouTube y se dieran a conocer al mundo. En 2012 lanzan\u201cVoy a Atreverme\u201d, su primer disco, el cual fue grabado en vivo y con el que participaron y ganaron la primera edici\u00f3n del concurso \u201cTu banda en Cumbre Taj\u00edn\u201d.<\/p>\n<p>V\u00eda Skype con <a href=\"http:\/\/www.eloriente.net\/home\/category\/colaboradores\/alfredo-woolrich\/\" target=\"_blank\" rel=\"noopener\">Alfredo Woolrich de ELORIENTE.NET<\/a>, Silvia y Karmen nos cuentan:<\/p>\n<p><a href=\"http:\/\/www.eloriente.net\/home\/wp-content\/uploads\/2014\/11\/Picture-copia.jpg\"><img loading=\"lazy\" decoding=\"async\" class=\"size-medium wp-image-33802 aligncenter\" src=\"http:\/\/www.eloriente.net\/home\/wp-content\/uploads\/2014\/11\/Picture-copia-300x288.jpg\" alt=\"Skype - Silvia &amp; Karmen\" width=\"300\" height=\"288\" srcset=\"http:\/\/www.eloriente.net\/home\/wp-content\/uploads\/2014\/11\/Picture-copia-300x288.jpg 300w, http:\/\/www.eloriente.net\/home\/wp-content\/uploads\/2014\/11\/Picture-copia.jpg 965w\" sizes=\"(max-width: 300px) 100vw, 300px\" \/><\/a><\/p>\n<!--[if lt IE 9]><script>document.createElement('audio');<\/script><![endif]-->\n<audio class=\"wp-audio-shortcode\" id=\"audio-33799-1\" preload=\"none\" style=\"width: 100%;\" controls=\"controls\"><source type=\"audio\/mpeg\" src=\"http:\/\/www.eloriente.net\/home\/wp-content\/uploads\/2014\/11\/Cumbre-Taj\u00edn.mp3?_=1\" \/><a href=\"http:\/\/www.eloriente.net\/home\/wp-content\/uploads\/2014\/11\/Cumbre-Taj\u00edn.mp3\">http:\/\/www.eloriente.net\/home\/wp-content\/uploads\/2014\/11\/Cumbre-Taj\u00edn.mp3<\/a><\/audio>\n<p>Considerando que su estilo de m\u00fasica no encuadraba en alguno de los g\u00e9neros existentes, decidieron crear el suyo, bautiz\u00e1ndolo como Indie Pop Artesanal:<\/p>\n<audio class=\"wp-audio-shortcode\" id=\"audio-33799-2\" preload=\"none\" style=\"width: 100%;\" controls=\"controls\"><source type=\"audio\/mpeg\" src=\"http:\/\/www.eloriente.net\/home\/wp-content\/uploads\/2014\/11\/Indie-Pop-Artesanal.mp3?_=2\" \/><a href=\"http:\/\/www.eloriente.net\/home\/wp-content\/uploads\/2014\/11\/Indie-Pop-Artesanal.mp3\">http:\/\/www.eloriente.net\/home\/wp-content\/uploads\/2014\/11\/Indie-Pop-Artesanal.mp3<\/a><\/audio>\n<p>Con la fama ganada tras su presentaci\u00f3n en Cumbre Taj\u00edn, el Comit\u00e9 Organizador de los Juegos Centroamericanos y del Caribe Veracruz 2014, las contact\u00f3 y les propuso componer el tema oficial de la justa deportiva m\u00e1s importante de esta regi\u00f3n del planeta.<\/p>\n<p>Un reto, s\u00ed, pero tambi\u00e9n una oportunidad para presentar algo diferente a las acostumbradas canciones de eventos atl\u00e9ticos; fuera de ritmos movidos, Silvia &amp; Karmen se fueron por una letra y una melod\u00eda que inspirara a los participantes antes de su competencia, \u00abLo imposible no existe\u00bb es un himno de motivaci\u00f3n:<\/p>\n<audio class=\"wp-audio-shortcode\" id=\"audio-33799-3\" preload=\"none\" style=\"width: 100%;\" controls=\"controls\"><source type=\"audio\/mpeg\" src=\"http:\/\/www.eloriente.net\/home\/wp-content\/uploads\/2014\/11\/Lo-imposible-no-existe.mp3?_=3\" \/><a href=\"http:\/\/www.eloriente.net\/home\/wp-content\/uploads\/2014\/11\/Lo-imposible-no-existe.mp3\">http:\/\/www.eloriente.net\/home\/wp-content\/uploads\/2014\/11\/Lo-imposible-no-existe.mp3<\/a><\/audio>\n<p><iframe loading=\"lazy\" title=\"YouTube video player\" src=\"https:\/\/www.youtube.com\/embed\/rFsvrwyQtSo\" width=\"560\" height=\"315\" frameborder=\"0\" allowfullscreen=\"allowfullscreen\"><\/iframe><\/p>\n<p><script async src=\"https:\/\/pagead2.googlesyndication.com\/pagead\/js\/adsbygoogle.js\"><\/script><br \/>\n<ins class=\"adsbygoogle\" style=\"display: block; text-align: center;\" data-ad-layout=\"in-article\" data-ad-format=\"fluid\" data-ad-client=\"ca-pub-1136171134853753\" data-ad-slot=\"4724569608\"><\/ins><br \/>\n<script>\n     (adsbygoogle = window.adsbygoogle || []).push({});\n<\/script><\/p>\n<p>El calendario marca el 14 de noviembre como el d\u00eda en que \u00abLo imposible no existe\u00bb de Silvia &amp; Karmen, se d\u00e9 a conocer a m\u00e1s de cinco mil atletas de 31 pa\u00edses de todo el mundo durante la inauguraci\u00f3n del evento.<\/p>\n<p>Para 2015, un nuevo disco con un nuevo estilo, continuar\u00e1 la corta, pero ya exitosa historia de este dueto veracruzano:<\/p>\n<audio class=\"wp-audio-shortcode\" id=\"audio-33799-4\" preload=\"none\" style=\"width: 100%;\" controls=\"controls\"><source type=\"audio\/mpeg\" src=\"http:\/\/www.eloriente.net\/home\/wp-content\/uploads\/2014\/11\/Futuro.mp3?_=4\" \/><a href=\"http:\/\/www.eloriente.net\/home\/wp-content\/uploads\/2014\/11\/Futuro.mp3\">http:\/\/www.eloriente.net\/home\/wp-content\/uploads\/2014\/11\/Futuro.mp3<\/a><\/audio>\n<p><a href=\"http:\/\/www.eloriente.net\/home\/wp-content\/uploads\/2014\/11\/Silvia-Karmen.jpg\"><img loading=\"lazy\" decoding=\"async\" class=\"alignnone size-medium wp-image-33806\" src=\"http:\/\/www.eloriente.net\/home\/wp-content\/uploads\/2014\/11\/Silvia-Karmen-300x223.jpg\" alt=\"Silvia &amp; Karmen\" width=\"300\" height=\"223\" srcset=\"http:\/\/www.eloriente.net\/home\/wp-content\/uploads\/2014\/11\/Silvia-Karmen-300x223.jpg 300w, http:\/\/www.eloriente.net\/home\/wp-content\/uploads\/2014\/11\/Silvia-Karmen.jpg 943w\" sizes=\"(max-width: 300px) 100vw, 300px\" \/><\/a><\/p>\n<p>Foto: <a href=\"http:\/\/www.silviaykarmen.com\/\" target=\"_blank\" rel=\"noopener\">www.silviaykarmen.com<\/a><\/p>\n<p><script async src=\"https:\/\/pagead2.googlesyndication.com\/pagead\/js\/adsbygoogle.js\"><\/script><br \/>\n<ins class=\"adsbygoogle\" style=\"display: block; text-align: center;\" data-ad-layout=\"in-article\" data-ad-format=\"fluid\" data-ad-client=\"ca-pub-1136171134853753\" data-ad-slot=\"4724569608\"><\/ins><br \/>\n<script>\n     (adsbygoogle = window.adsbygoogle || []).push({});\n<\/script><\/p>\n<p><strong>Entradas relacionadas:<\/strong><\/p>\n<div id=\"post-33781\" class=\"post-33781 post type-post status-publish format-standard has-post-thumbnail hentry category-canal-4-especiales category-educacion-y-cultura category-entradas category-lo-mas-reciente category-oaxaca-estados category-principal tag-contenido-cultural tag-cortv tag-gastronomia-2 tag-programacion tag-turismo entry loop-default border_bottom_30\">\n<p class=\"entry_title\"><a title=\"Enlace Permanente a Objetivo CORTV: La educaci\u00f3n a trav\u00e9s de los medios\" href=\"http:\/\/www.eloriente.net\/home\/2014\/11\/08\/objetivo-cortv-la-educacion-a-traves-de-los-medios\/\" rel=\"bookmark\">Objetivo CORTV: La educaci\u00f3n a trav\u00e9s de los medios<\/a><\/p>\n<p><a href=\"http:\/\/www.eloriente.net\/home\/2014\/11\/08\/objetivo-cortv-la-educacion-a-traves-de-los-medios\/\" rel=\"bookmark\"><img decoding=\"async\" class=\"alignleft\" title=\"Objetivo CORTV: La educaci\u00f3n a trav\u00e9s de los medios\" src=\"http:\/\/www.eloriente.net\/home\/wp-content\/themes\/city-desk\/timthumb.php?src=http%3A%2F%2Fwww.eloriente.net%2Fhome%2Fwp-content%2Fuploads%2F2014%2F04%2FIntersecciones-Por-CORTV.jpg&amp;q=90&amp;w=160&amp;h=106&amp;zc=1\" alt=\"Objetivo CORTV: La educaci\u00f3n a trav\u00e9s de los medios\" \/><\/a>eloriente.net 8\/noviembre\/2014 La televisi\u00f3n en Oaxaca se inicia durante el gobierno de Pedro V\u00e1squez Colmenares, rentando una hora de espacio en el antiguo canal 7 de Imevisi\u00f3n. El contenido presentado, eran las obras de la Compa\u00f1\u00eda Teatral Lola Bravo. Para 1988 el Lic. Heladio Ram\u00edrez, en ese entonces gobernador del Estado, decide abrir el IORTV [\u2026]<\/p>\n<div class=\"sharedaddy sd-sharing-enabled\">\n<div class=\"robots-nocontent sd-block sd-social sd-social-icon-text sd-sharing\">\n<div class=\"sd-content\">\n<ul>\n<li><a class=\"sharing-anchor sd-button share-more\" href=\"http:\/\/www.eloriente.net\/home\/category\/educacion-y-cultura\/#\">Compartir<\/a><\/li>\n<\/ul>\n<\/div>\n<\/div>\n<\/div>\n<p class=\"postmeta\"><span class=\"meta_date\">noviembre 8, 2014<\/span><\/p>\n<\/div>\n<div id=\"post-33784\" class=\"post-33784 post type-post status-publish format-standard has-post-thumbnail hentry category-educacion-y-cultura category-entradas category-lo-mas-reciente category-oaxaca-estados category-universidades tag-grana-cochinilla tag-investigacion-academica tag-sabado-academico tag-umar entry loop-default border_bottom_30\">\n<p class=\"entry_title\"><a title=\"Enlace Permanente a Grana cochinilla, \u00bfestrategia de desarrollo sustentable para Oaxaca?\" href=\"http:\/\/www.eloriente.net\/home\/2014\/11\/08\/grana-cochinilla-estrategia-de-desarrollo-sustentable-para-oaxaca\/\" rel=\"bookmark\">Grana cochinilla, \u00bfestrategia de desarrollo sustentable para Oaxaca?<\/a><\/p>\n<p><a href=\"http:\/\/www.eloriente.net\/home\/2014\/11\/08\/grana-cochinilla-estrategia-de-desarrollo-sustentable-para-oaxaca\/\" rel=\"bookmark\"><img decoding=\"async\" class=\"alignleft\" title=\"Grana cochinilla, \u00bfestrategia de desarrollo sustentable para Oaxaca?\" src=\"http:\/\/www.eloriente.net\/home\/wp-content\/themes\/city-desk\/timthumb.php?src=http%3A%2F%2Fwww.eloriente.net%2Fhome%2Fwp-content%2Fuploads%2F2014%2F11%2FGrana-Cochinilla-it.wikipedia.org_.jpg&amp;q=90&amp;w=160&amp;h=106&amp;zc=1\" alt=\"Grana cochinilla, \u00bfestrategia de desarrollo sustentable para Oaxaca?\" \/><\/a>eloriente.net 7\/noviembre\/2014 Oaxaca ha sido un estado que se ha quedado fuera del proceso de desarrollo nacional desde finales del siglo XIX, rico por naturaleza, el estado encontr\u00f3 un desarrollo econ\u00f3mico estable durante la \u00e9poca de la Colonia, basado en la explotaci\u00f3n de su riqueza natural. Las caracter\u00edsticas geogr\u00e1ficas de la regi\u00f3n, propiciaron el desarrollo [\u2026]<\/p>\n<div class=\"sharedaddy sd-sharing-enabled\">\n<div class=\"robots-nocontent sd-block sd-social sd-social-icon-text sd-sharing\">\n<div class=\"sd-content\">\n<ul>\n<li><a class=\"sharing-anchor sd-button share-more\" href=\"http:\/\/www.eloriente.net\/home\/category\/educacion-y-cultura\/#\">Compartir<\/a><\/li>\n<\/ul>\n<\/div>\n<\/div>\n<\/div>\n<p class=\"postmeta\"><span class=\"meta_date\">noviembre 8, 2014<\/span><\/p>\n<\/div>\n\n\t\t\t  <div \n\t\t\t  \tclass = \"fb-comments\" \n\t\t\t  \tdata-href = \"http:\/\/www.eloriente.net\/home\/2014\/11\/09\/silvia-karmen-el-ritmo-de-veracruz-2014\/\"\n\t\t\t  \tdata-numposts = \"10\"\n\t\t\t\tdata-colorscheme = \"dark\"\n\t\t\t\tdata-order-by = \"social\"\n\t\t\t\tdata-mobile=true>\n\t\t\t  <\/div>\n\t\t  <style>\n\t\t\t.fb_iframe_widget_fluid_desktop iframe {\n\t\t\t    width: 100% !important;\n\t\t\t}\n\t\t  <\/style>\n\t\t  ","protected":false},"excerpt":{"rendered":"<p>eloriente.net 9\/noviembre\/2014 \u00abYo tocaba la guitarra y cantaba en un caf\u00e9 de Veracruz\u00bb, relata Silvia Siu, \u00abUn d\u00eda se me hizo tarde y al llegar al trabajo, veo que alguien estaba ocupando mi lugar, pens\u00e9 que me iba a quitar la chamba\u00bb. La usurpadora\u00a0del escenario, respond\u00eda al nombre de Karmen Parroqu\u00edn, quien hab\u00eda ido a [&hellip;]<\/p>\n","protected":false},"author":1,"featured_media":33806,"comment_status":"open","ping_status":"open","sticky":false,"template":"","format":"standard","meta":{"_jetpack_memberships_contains_paid_content":false,"footnotes":""},"categories":[5,18,32,63,10,24,31,2627],"tags":[2917,2904,149,2915,2906,2916,2905],"class_list":["post-33799","post","type-post","status-publish","format-standard","has-post-thumbnail","hentry","category-canal-3-musica","category-educacion-y-cultura","category-entradas","category-estados","category-lo-mas-reciente","category-mexico-y-el-mundo","category-principal","category-veracruz-estados","tag-bossa-nova","tag-juegos-centroamericanos","tag-musica","tag-pop-indie-artesanal","tag-silvia-karmen","tag-trova","tag-veracruz-2014"],"jetpack_featured_media_url":"http:\/\/www.eloriente.net\/home\/wp-content\/uploads\/2014\/11\/Silvia-Karmen.jpg","jetpack_sharing_enabled":true,"_links":{"self":[{"href":"http:\/\/www.eloriente.net\/home\/wp-json\/wp\/v2\/posts\/33799"}],"collection":[{"href":"http:\/\/www.eloriente.net\/home\/wp-json\/wp\/v2\/posts"}],"about":[{"href":"http:\/\/www.eloriente.net\/home\/wp-json\/wp\/v2\/types\/post"}],"author":[{"embeddable":true,"href":"http:\/\/www.eloriente.net\/home\/wp-json\/wp\/v2\/users\/1"}],"replies":[{"embeddable":true,"href":"http:\/\/www.eloriente.net\/home\/wp-json\/wp\/v2\/comments?post=33799"}],"version-history":[{"count":4,"href":"http:\/\/www.eloriente.net\/home\/wp-json\/wp\/v2\/posts\/33799\/revisions"}],"predecessor-version":[{"id":66131,"href":"http:\/\/www.eloriente.net\/home\/wp-json\/wp\/v2\/posts\/33799\/revisions\/66131"}],"wp:featuredmedia":[{"embeddable":true,"href":"http:\/\/www.eloriente.net\/home\/wp-json\/wp\/v2\/media\/33806"}],"wp:attachment":[{"href":"http:\/\/www.eloriente.net\/home\/wp-json\/wp\/v2\/media?parent=33799"}],"wp:term":[{"taxonomy":"category","embeddable":true,"href":"http:\/\/www.eloriente.net\/home\/wp-json\/wp\/v2\/categories?post=33799"},{"taxonomy":"post_tag","embeddable":true,"href":"http:\/\/www.eloriente.net\/home\/wp-json\/wp\/v2\/tags?post=33799"}],"curies":[{"name":"wp","href":"https:\/\/api.w.org\/{rel}","templated":true}]}}