{"id":33809,"date":"2014-11-10T00:00:51","date_gmt":"2014-11-10T06:00:51","guid":{"rendered":"http:\/\/www.eloriente.net\/home\/?p=33809"},"modified":"2014-11-10T08:53:29","modified_gmt":"2014-11-10T14:53:29","slug":"adn-ultimo-recurso-en-identificacion-de-restos","status":"publish","type":"post","link":"http:\/\/www.eloriente.net\/home\/2014\/11\/10\/adn-ultimo-recurso-en-identificacion-de-restos\/","title":{"rendered":"ADN, \u00faltimo recurso en identificaci\u00f3n de restos"},"content":{"rendered":"<p>eloriente.net<\/p>\n<p>10\/noviembre\/2014<\/p>\n<p>Las autoridades federales hallaron restos humanos calcinados en el municipio de Cocula y analizar\u00e1n si corresponden o no a los estudiantes normalistas de Ayotzinapa, seg\u00fan declaraciones del titular de la PGR, Jes\u00fas Murillo Karam, <a href=\"http:\/\/mexico.cnn.com\/nacional\/2014\/11\/07\/pgr-murillo-ayotzinapa-reporte-43-dias\" target=\"_blank\">el pasado 7 de noviembre<\/a>. Desde el inicio de este caso, un apoyo importante ha sido el Equipo Argentino de Antropolog\u00eda Forense, creado en 1984 despu\u00e9s de la \u00faltima dictadura militar en aquel pa\u00eds, con el objetivo de realizar las labores forenses para identificar a las v\u00edctimas por desaparici\u00f3n forzada durante el per\u00edodo que dur\u00f3 el r\u00e9gimen (1974-1983).<\/p>\n<p>Dentro de las ciencias y t\u00e9cnicas que utilizan los expertos argentinos, se encuentran la arqueolog\u00eda, la antropolog\u00eda, la medicina y gen\u00e9tica, que les permiten obtener informaci\u00f3n no s\u00f3lo para la identificaci\u00f3n de cuerpos, en algunos casos, dan indicios sobre el fallecimiento. Los an\u00e1lisis que piensan llevarse a cabo para los restos encontrados en Cocula, se centran en el campo de la gen\u00e9tica por medio de pruebas de ADN.<\/p>\n<p>El ADN o \u00c1cido Desoxirribonucleico (ADN) es el principal componente del material gen\u00e9tico contenido en nuestras c\u00e9lulas. Contiene la informaci\u00f3n necesaria para construir y mantener nuestro organismo. Es \u00fanico para cada persona (salvo en gemelos id\u00e9nticos) y es transmitido de generaci\u00f3n en generaci\u00f3n. El ADN puede ser extra\u00eddo y analizado de c\u00e9lulas de la sangre, la mucosa oral, el hueso, el m\u00fasculo, etc.<\/p>\n<p>Para identificar los restos de un ser humano, se extrae un segmento de este ADN de una muestra biol\u00f3gica y se lo compara con el ADN aislado de una muestra de sangre de sus familiares. Ambos segmentos se analizan y se obtienen los perfiles gen\u00e9ticos (similares a un c\u00f3digo de barras individual) que son comparados para comprobar con un alto grado de certeza si existe parentesco.<\/p>\n<p>Las particularidades del caso y el estado de conservaci\u00f3n de los restos encontrados en Cocula, dificulta en gran medida el an\u00e1lisis gen\u00e9tico, ya no se diga que es imposible\u00a0identificar los restos \u00f3seos a trav\u00e9s de m\u00e9todos antropol\u00f3gicos tradicionales, es decir, comparando las caracter\u00edsticas f\u00edsicas y m\u00e9dicas de las personas desaparecidas con las obtenidas del estudio de los restos \u00f3seos (sexo, edad, estatura, descripci\u00f3n odontol\u00f3gica y otros).<\/p>\n<p>Se ha propuesto un an\u00e1lisis del llamado ADN mitocondrial, empleado cuando se trata de identificar personas que han muerto hace mucho tiempo, cuyos restos se encuentran en mal estado o no se cuenta con informaci\u00f3n de los padres. \u00c9ste presenta algunas particularidades respecto al ADN denominado nuclear, es decir, extra\u00eddo del n\u00facleo de la c\u00e9lula. El ADN mitocondrial es circular y tiene herencia materna.<\/p>\n<p>En el citoplasma de todas nuestras c\u00e9lulas, excepto en los gl\u00f3bulos rojos maduros, se encuentran las mitocondrias. En ellas hay un cromosoma circular de un tama\u00f1o ocho mil veces menor que un cromosoma nuclear promedio. El ADN mitocondrial humano posee 37 genes que codifican para prote\u00ednas y para ARN transferente y mitocondrial. \u00c9ste ADN se pasa exclusivamente de madre a hijos y por eso se dice que tiene herencia materna.<\/p>\n<p>Por esto, los restos ser\u00e1n enviados <a href=\"http:\/\/www.eloriente.net\/home\/2014\/11\/10\/de-cocula-a-innsbruck-el-laboratorio-que-examinara-los-restos\/\" target=\"_blank\">al laboratorio de la Universidad de Innsbruck, Austria<\/a>, uno de m\u00e1s especializados en este tipo de an\u00e1lisis, donde debido a las circunstancias, <a href=\"http:\/\/www.24-horas.mx\/sin-fecha-para-validar-cientificamente-si-restos-son-de-normalistas-pgr\/\" target=\"_blank\">no se puede especificar una fecha definida para la entrega de sus resultados<\/a>.<\/p>\n<p>*Para conocer m\u00e1s sobre la labor del Equipo Argentino de Antropolog\u00eda en M\u00e9xico, te recomendamos ver el video contenido en el <a href=\"http:\/\/mexico.cnn.com\/videos\/2014\/11\/07\/la-tarea-de-forenses-argentinos-en-caso-ayotzinapa\" target=\"_blank\">siguiente enlace<\/a>.<\/p>\n<p><a href=\"http:\/\/www.eloriente.net\/home\/wp-content\/uploads\/2014\/11\/ADN.jpg\"><img loading=\"lazy\" decoding=\"async\" class=\"alignnone size-medium wp-image-33810\" src=\"http:\/\/www.eloriente.net\/home\/wp-content\/uploads\/2014\/11\/ADN-300x240.jpg\" alt=\"ADN\" width=\"300\" height=\"240\" srcset=\"http:\/\/www.eloriente.net\/home\/wp-content\/uploads\/2014\/11\/ADN-300x240.jpg 300w, http:\/\/www.eloriente.net\/home\/wp-content\/uploads\/2014\/11\/ADN-1024x819.jpg 1024w, http:\/\/www.eloriente.net\/home\/wp-content\/uploads\/2014\/11\/ADN.jpg 1280w\" sizes=\"(max-width: 300px) 100vw, 300px\" \/><\/a><\/p>\n<p>Imagen: commons.wikimedia.org<\/p>\n<p><strong>Entradas relacionadas:<\/strong><\/p>\n<div id=\"post-33796\" class=\"post-33796 post type-post status-publish format-standard has-post-thumbnail hentry category-alejandro-cruz-pimentel category-colaboradores category-entradas category-lo-mas-reciente category-oaxaca-estados category-politica-y-gobierno tag-cotaipo tag-transparencia entry loop-default border_bottom_30\">\n<p class=\"entry_title\"><a title=\"Enlace Permanente a Fortalecer los \u00f3rganos locales, una preocupaci\u00f3n\" href=\"http:\/\/www.eloriente.net\/home\/2014\/11\/09\/fortalecer-los-organos-locales-una-preocupacion\/\" rel=\"bookmark\">Fortalecer los \u00f3rganos locales, una preocupaci\u00f3n<\/a><\/p>\n<p><a href=\"http:\/\/www.eloriente.net\/home\/2014\/11\/09\/fortalecer-los-organos-locales-una-preocupacion\/\" rel=\"bookmark\"><img decoding=\"async\" class=\"alignleft\" title=\"Fortalecer los \u00f3rganos locales, una preocupaci\u00f3n\" src=\"http:\/\/www.eloriente.net\/home\/wp-content\/themes\/city-desk\/timthumb.php?src=http%3A%2F%2Fwww.eloriente.net%2Fhome%2Fwp-content%2Fuploads%2F2014%2F11%2FSIEAIP.jpg&amp;q=90&amp;w=160&amp;h=106&amp;zc=1\" alt=\"Fortalecer los \u00f3rganos locales, una preocupaci\u00f3n\" \/><\/a>eloriente.net 9\/noviembre\/2014 Por Alejandro Salvador Cruz Pimentel* Estamos ciertos que el objetivo de construir un Sistema Nacional de Transparencia en nuestro pa\u00eds, tiene como uno de sus postulados, la creaci\u00f3n de un \u00f3rgano nacional de acceso a la informaci\u00f3n que est\u00e9 configurado constitucionalmente aut\u00f3nomo y que pugne por promover la cultura de la transparencia y [\u2026]<\/p>\n<div class=\"sharedaddy sd-sharing-enabled\">\n<div class=\"robots-nocontent sd-block sd-social sd-social-icon-text sd-sharing\">\n<div class=\"sd-content\">\n<ul>\n<li><a class=\"sharing-anchor sd-button share-more\" href=\"http:\/\/www.eloriente.net\/home\/category\/politica-y-gobierno\/#\">Compartir<\/a><\/li>\n<li class=\"share-end\"><\/li>\n<\/ul>\n<div class=\"sharing-hidden\"><\/div>\n<\/div>\n<\/div>\n<\/div>\n<p class=\"postmeta\"><span class=\"meta_date\">noviembre 9, 2014<\/span><\/p>\n<\/div>\n<div id=\"post-33781\" class=\"post-33781 post type-post status-publish format-standard has-post-thumbnail hentry category-canal-4-especiales category-capital category-educacion-y-cultura category-entradas category-estados category-lo-mas-reciente category-oaxaca-estados category-politica-y-gobierno tag-contenido-cultural tag-cortv tag-gastronomia-2 tag-programacion tag-turismo entry loop-default border_bottom_30\">\n<p class=\"entry_title\"><a title=\"Enlace Permanente a Objetivo CORTV: La educaci\u00f3n a trav\u00e9s de los medios\" href=\"http:\/\/www.eloriente.net\/home\/2014\/11\/08\/objetivo-cortv-la-educacion-a-traves-de-los-medios\/\" rel=\"bookmark\">Objetivo CORTV: La educaci\u00f3n a trav\u00e9s de los medios<\/a><\/p>\n<p><a href=\"http:\/\/www.eloriente.net\/home\/2014\/11\/08\/objetivo-cortv-la-educacion-a-traves-de-los-medios\/\" rel=\"bookmark\"><img decoding=\"async\" class=\"alignleft\" title=\"Objetivo CORTV: La educaci\u00f3n a trav\u00e9s de los medios\" src=\"http:\/\/www.eloriente.net\/home\/wp-content\/themes\/city-desk\/timthumb.php?src=http%3A%2F%2Fwww.eloriente.net%2Fhome%2Fwp-content%2Fuploads%2F2014%2F04%2FIntersecciones-Por-CORTV.jpg&amp;q=90&amp;w=160&amp;h=106&amp;zc=1\" alt=\"Objetivo CORTV: La educaci\u00f3n a trav\u00e9s de los medios\" \/><\/a>eloriente.net 8\/noviembre\/2014 La televisi\u00f3n en Oaxaca se inicia durante el gobierno de Pedro V\u00e1squez Colmenares, rentando una hora de espacio en el antiguo canal 7 de Imevisi\u00f3n. El contenido presentado, eran las obras de la Compa\u00f1\u00eda Teatral Lola Bravo. Para 1988 el Lic. Heladio Ram\u00edrez, en ese entonces gobernador del Estado, decide abrir el IORTV [\u2026]<\/p>\n<div class=\"sharedaddy sd-sharing-enabled\">\n<div class=\"robots-nocontent sd-block sd-social sd-social-icon-text sd-sharing\">\n<div class=\"sd-content\">\n<ul>\n<li><a class=\"sharing-anchor sd-button share-more\" href=\"http:\/\/www.eloriente.net\/home\/category\/politica-y-gobierno\/#\">Compartir<\/a><\/li>\n<li class=\"share-end\"><\/li>\n<\/ul>\n<div class=\"sharing-hidden\"><\/div>\n<\/div>\n<\/div>\n<\/div>\n<p class=\"postmeta\"><span class=\"meta_date\">noviembre 8, 2014<\/span><\/p>\n<\/div>\n<div id=\"post-33774\" class=\"post-33774 post type-post status-publish format-standard has-post-thumbnail hentry category-adrian-ortiz-romero category-colaboradores category-entradas category-lo-mas-reciente category-oaxaca-estados category-politica-y-gobierno entry loop-default border_bottom_30\">\n<p class=\"entry_title\"><a title=\"Enlace Permanente a Secci\u00f3n 22: \u00bfpor qu\u00e9 la crisis los pulveriza?\" href=\"http:\/\/www.eloriente.net\/home\/2014\/11\/07\/seccion-22-por-que-la-crisis-los-pulveriza\/\" rel=\"bookmark\">Secci\u00f3n 22: \u00bfpor qu\u00e9 la crisis los pulveriza?<\/a><\/p>\n<p><a href=\"http:\/\/www.eloriente.net\/home\/2014\/11\/07\/seccion-22-por-que-la-crisis-los-pulveriza\/\" rel=\"bookmark\"><img decoding=\"async\" class=\"alignleft\" title=\"Secci\u00f3n 22: \u00bfpor qu\u00e9 la crisis los pulveriza?\" src=\"http:\/\/www.eloriente.net\/home\/wp-content\/themes\/city-desk\/timthumb.php?src=http%3A%2F%2Fwww.eloriente.net%2Fhome%2Fwp-content%2Fuploads%2F2014%2F04%2FMarcha-Contra-la-Reforma-Laboral-Por-Secci%C3%B3n-22.jpg&amp;q=90&amp;w=160&amp;h=106&amp;zc=1\" alt=\"Secci\u00f3n 22: \u00bfpor qu\u00e9 la crisis los pulveriza?\" \/><\/a>eloriente.net 7\/noviembre\/2014 Por Adri\u00e1n Ortiz Romero Equilibrio de fuerzas, mito ante la realidad En memoria de \u00d3scar Ra\u00fal Ortiz Romero, que ayer fue llamado a cuentas por el Creador. Hay quienes, en t\u00e9rminos muy simplistas, creen o que el gobierno del estado no tiene ning\u00fan tipo de relaci\u00f3n pol\u00edtica con la Secci\u00f3n 22 del SNTE [\u2026]<\/p>\n<div class=\"sharedaddy sd-sharing-enabled\">\n<div class=\"robots-nocontent sd-block sd-social sd-social-icon-text sd-sharing\">\n<div class=\"sd-content\">\n<ul>\n<li><a class=\"sharing-anchor sd-button share-more\" href=\"http:\/\/www.eloriente.net\/home\/category\/politica-y-gobierno\/#\">Compartir<\/a><\/li>\n<li class=\"share-end\"><\/li>\n<\/ul>\n<div class=\"sharing-hidden\"><\/div>\n<\/div>\n<\/div>\n<\/div>\n<p class=\"postmeta\"><span class=\"meta_date\">noviembre 7, 2014<\/span><\/p>\n<\/div>\n<p><script src=\"http:\/\/player.ooyala.com\/iframe.js#pbid=90aa1d0bf2054ecb8fa021fc3b5aa1ab&amp;ec=R0YjJscTqPUiwuTs-WwTcKpExUbNWV0l\"><\/script><\/p>\n\n\t\t\t  <div \n\t\t\t  \tclass = \"fb-comments\" \n\t\t\t  \tdata-href = \"http:\/\/www.eloriente.net\/home\/2014\/11\/10\/adn-ultimo-recurso-en-identificacion-de-restos\/\"\n\t\t\t  \tdata-numposts = \"10\"\n\t\t\t\tdata-colorscheme = \"dark\"\n\t\t\t\tdata-order-by = \"social\"\n\t\t\t\tdata-mobile=true>\n\t\t\t  <\/div>\n\t\t  <style>\n\t\t\t.fb_iframe_widget_fluid_desktop iframe {\n\t\t\t    width: 100% !important;\n\t\t\t}\n\t\t  <\/style>\n\t\t  ","protected":false},"excerpt":{"rendered":"<p>eloriente.net 10\/noviembre\/2014 Las autoridades federales hallaron restos humanos calcinados en el municipio de Cocula y analizar\u00e1n si corresponden o no a los estudiantes normalistas de Ayotzinapa, seg\u00fan declaraciones del titular de la PGR, Jes\u00fas Murillo Karam, el pasado 7 de noviembre. Desde el inicio de este caso, un apoyo importante ha sido el Equipo Argentino [&hellip;]<\/p>\n","protected":false},"author":1,"featured_media":33810,"comment_status":"open","ping_status":"open","sticky":false,"template":"","format":"standard","meta":{"_jetpack_memberships_contains_paid_content":false,"footnotes":""},"categories":[32,10,24,21,31],"tags":[2918,2716,2919,76],"class_list":["post-33809","post","type-post","status-publish","format-standard","has-post-thumbnail","hentry","category-entradas","category-lo-mas-reciente","category-mexico-y-el-mundo","category-politica-y-gobierno","category-principal","tag-adn","tag-ayotzinapa","tag-cocula","tag-guerrero"],"jetpack_featured_media_url":"http:\/\/www.eloriente.net\/home\/wp-content\/uploads\/2014\/11\/ADN.jpg","jetpack_sharing_enabled":true,"_links":{"self":[{"href":"http:\/\/www.eloriente.net\/home\/wp-json\/wp\/v2\/posts\/33809"}],"collection":[{"href":"http:\/\/www.eloriente.net\/home\/wp-json\/wp\/v2\/posts"}],"about":[{"href":"http:\/\/www.eloriente.net\/home\/wp-json\/wp\/v2\/types\/post"}],"author":[{"embeddable":true,"href":"http:\/\/www.eloriente.net\/home\/wp-json\/wp\/v2\/users\/1"}],"replies":[{"embeddable":true,"href":"http:\/\/www.eloriente.net\/home\/wp-json\/wp\/v2\/comments?post=33809"}],"version-history":[{"count":4,"href":"http:\/\/www.eloriente.net\/home\/wp-json\/wp\/v2\/posts\/33809\/revisions"}],"predecessor-version":[{"id":33824,"href":"http:\/\/www.eloriente.net\/home\/wp-json\/wp\/v2\/posts\/33809\/revisions\/33824"}],"wp:featuredmedia":[{"embeddable":true,"href":"http:\/\/www.eloriente.net\/home\/wp-json\/wp\/v2\/media\/33810"}],"wp:attachment":[{"href":"http:\/\/www.eloriente.net\/home\/wp-json\/wp\/v2\/media?parent=33809"}],"wp:term":[{"taxonomy":"category","embeddable":true,"href":"http:\/\/www.eloriente.net\/home\/wp-json\/wp\/v2\/categories?post=33809"},{"taxonomy":"post_tag","embeddable":true,"href":"http:\/\/www.eloriente.net\/home\/wp-json\/wp\/v2\/tags?post=33809"}],"curies":[{"name":"wp","href":"https:\/\/api.w.org\/{rel}","templated":true}]}}