{"id":33839,"date":"2014-11-10T14:24:53","date_gmt":"2014-11-10T20:24:53","guid":{"rendered":"http:\/\/www.eloriente.net\/home\/?p=33839"},"modified":"2014-11-10T16:40:11","modified_gmt":"2014-11-10T22:40:11","slug":"la-ciudad-de-mexico-podria-morir-de-sed","status":"publish","type":"post","link":"http:\/\/www.eloriente.net\/home\/2014\/11\/10\/la-ciudad-de-mexico-podria-morir-de-sed\/","title":{"rendered":"La Ciudad de M\u00e9xico, podr\u00eda morir de sed"},"content":{"rendered":"<p>eloriente.net \/ <a href=\"http:\/\/www.fahho.org\/home.php\" target=\"_blank\">FAHHO<\/a><\/p>\n<p>10\/noviembre\/2014<\/p>\n<p>\u00bfPuede una megaciudad movilizar a sus 22 millones de ciudadanos por un consumo de agua sustentable? Esta es la cuesti\u00f3n que aborda H2Omx, un documental dirigido por los mexicanos Jos\u00e9 Cohen y Lorenzo Hagerman, donde se hace un estudio ambiental del Valle de M\u00e9xico en su lucha por salvarse a s\u00ed mismo de la crisis h\u00eddrica, mientras que su poblaci\u00f3n sigue creciendo.<\/p>\n<p>Adem\u00e1s de la proyecci\u00f3n, que se llevar\u00e1 a cabo el mi\u00e9rcoles 12 de noviembre a las 19:00 horas con entrada libre, habr\u00e1 una mesa redonda con la productora Alejandra Liceaga y el director del INSO, Juan Jos\u00e9 Consejo, quienes profundizar\u00e1n en el tema.<\/p>\n<p>Alejandra Liceaga, de formaci\u00f3n autodidacta, se ha dedicado desde 1974 a la producci\u00f3n cinematogr\u00e1fica abarcando diferentes campos como productora, gerente de producci\u00f3n, productora de campo y de l\u00ednea. En 2010 obtuvo el premio Emmy a la Producci\u00f3n de Noticieros y Documentales Sobresalientes por su participaci\u00f3n como productora de campo en el largometraje documental Which way home, que tambi\u00e9n estuvo nominado al Oscar ese mismo a\u00f1o.<\/p>\n<p>Juan Jos\u00e9 Consejo es bi\u00f3logo y maestro en ciencias por la UNAM. Se dedica desde hace 28 a\u00f1os a la ecolog\u00eda social. Ha sido consultor del gobierno federal, gobiernos estatales y diversas ONG. Tiene estudios, libros y art\u00edculos sobre ecolog\u00eda y conservaci\u00f3n, particularmente de pol\u00edtica ecol\u00f3gica, participaci\u00f3n comunitaria, agua y \u00e1reas protegidas de M\u00e9xico, en especial en el Sur del pa\u00eds. Actualmente dirige el Instituto de la Naturaleza y la Sociedad de Oaxaca (INSO), organizaci\u00f3n que fund\u00f3 y que acompa\u00f1a a las comunidades en sus esfuerzos aut\u00f3nomos y concertados de conservaci\u00f3n natural y bienestar social. El principal proyecto del INSO en la actualidad se llama Aguaxaca y se propone cambiar la relaci\u00f3n social con el agua en los Valles Centrales.<\/p>\n<p>La Casa de la Ciudad, una iniciativa de la Fundaci\u00f3n Alfredo Harp Hel\u00fa Oaxaca (FAHHO), se encuentra ubicada en la calle de Porfirio D\u00edaz No. 115, esquina Morelos, Centro, de la ciudad de Oaxaca.<\/p>\n<p>&nbsp;<\/p>\n<p><a href=\"http:\/\/www.eloriente.net\/home\/wp-content\/uploads\/2014\/11\/Cartel.jpg\"><img loading=\"lazy\" decoding=\"async\" class=\"size-large wp-image-33840 aligncenter\" src=\"http:\/\/www.eloriente.net\/home\/wp-content\/uploads\/2014\/11\/Cartel-649x1024.jpg\" alt=\"CINE H2O MX entrada\" width=\"649\" height=\"1024\" srcset=\"http:\/\/www.eloriente.net\/home\/wp-content\/uploads\/2014\/11\/Cartel-649x1024.jpg 649w, http:\/\/www.eloriente.net\/home\/wp-content\/uploads\/2014\/11\/Cartel-190x300.jpg 190w, http:\/\/www.eloriente.net\/home\/wp-content\/uploads\/2014\/11\/Cartel-1024x1614.jpg 1024w, http:\/\/www.eloriente.net\/home\/wp-content\/uploads\/2014\/11\/Cartel.jpg 1575w\" sizes=\"(max-width: 649px) 100vw, 649px\" \/><\/a><\/p>\n<p>El aclamado documental \u2018H2Omx\u2019 se podr\u00e1 ver en Casa de la Ciudad<\/p>\n<p>En colaboraci\u00f3n con el Instituto de la Naturaleza y la Sociedad de Oaxaca (INSO) y ND Mantarraya se proyectar\u00e1 en Casa de la Ciudad este filme sobre la cultura del agua en la Ciudad de M\u00e9xico.<\/p>\n<p><a href=\"http:\/\/www.eloriente.net\/home\/wp-content\/uploads\/2014\/11\/M\u00e9xico-DF-Mark-Hogan.jpg\"><img loading=\"lazy\" decoding=\"async\" class=\"alignnone size-medium wp-image-33852\" src=\"http:\/\/www.eloriente.net\/home\/wp-content\/uploads\/2014\/11\/M\u00e9xico-DF-Mark-Hogan-300x225.jpg\" alt=\"M\u00e9xico DF - Mark Hogan\" width=\"300\" height=\"225\" srcset=\"http:\/\/www.eloriente.net\/home\/wp-content\/uploads\/2014\/11\/M\u00e9xico-DF-Mark-Hogan-300x225.jpg 300w, http:\/\/www.eloriente.net\/home\/wp-content\/uploads\/2014\/11\/M\u00e9xico-DF-Mark-Hogan-1024x768.jpg 1024w, http:\/\/www.eloriente.net\/home\/wp-content\/uploads\/2014\/11\/M\u00e9xico-DF-Mark-Hogan.jpg 2048w\" sizes=\"(max-width: 300px) 100vw, 300px\" \/><\/a><\/p>\n<p>&nbsp;<\/p>\n<p>Foto:\u00a0<a class=\"owner-name truncate\" title=\"Ir a la galer\u00eda de Mark Hogan\" href=\"http:\/\/www.flickr.com\/photos\/markhogan\/\" data-track=\"attributionNameClick\" data-rapid_p=\"22\">Mark Hogan<\/a>\u00a0&#8211;\u00a0<a class=\"photo-license-url\" href=\"https:\/\/creativecommons.org\/licenses\/by\/2.0\/\" target=\"_newtab\" rel=\"license cc:license\" data-rapid_p=\"26\">Algunos derechos reservados<\/a><\/p>\n<p><strong>Entradas relacionadas:<\/strong><\/p>\n<div id=\"post-33836\" class=\"post-33836 post type-post status-publish format-standard has-post-thumbnail hentry category-colaboradores category-destacadas category-educacion-y-cultura category-entradas category-lo-mas-reciente category-tecnologia category-tecnologico-de-monterrey tag-impi tag-itesm tag-itesm-puebla tag-patentes tag-puebla-2 tag-said-robles entry loop-default border_bottom_30\">\n<p class=\"entry_title\"><a title=\"Enlace Permanente a Said Robles, 24 patentes en cinco a\u00f1os\" href=\"http:\/\/www.eloriente.net\/home\/2014\/11\/10\/said-robles-24-patentes-en-cinco-anos\/\" rel=\"bookmark\">Said Robles, 24 patentes en cinco a\u00f1os<\/a><\/p>\n<p><a href=\"http:\/\/www.eloriente.net\/home\/2014\/11\/10\/said-robles-24-patentes-en-cinco-anos\/\" rel=\"bookmark\"><img decoding=\"async\" class=\"alignleft\" title=\"Said Robles, 24 patentes en cinco a\u00f1os\" src=\"http:\/\/www.eloriente.net\/home\/wp-content\/themes\/city-desk\/timthumb.php?src=http%3A%2F%2Fwww.eloriente.net%2Fhome%2Fwp-content%2Fuploads%2F2014%2F11%2FSAID-ROBLES-CASOLCO_INC-MONTERREY.jpg&amp;q=90&amp;w=160&amp;h=106&amp;zc=1\" alt=\"Said Robles, 24 patentes en cinco a\u00f1os\" \/><\/a>eloriente.net \/ ITESM Puebla 10\/noviembre\/2014 Registra IMPI a Said Robles como uno de los generadores de patentes m\u00e1s prol\u00edficos de M\u00e9xico Alta Ventures Mexico, una de las empresas m\u00e1s importantes en el ramo de la inversi\u00f3n en innovaci\u00f3n de tecnolog\u00eda mexicana, entreg\u00f3 a Said Robles Casolco, miembro de la Escuela Nacional de Ingenier\u00eda del Tecnol\u00f3gico [\u2026]<\/p>\n<div class=\"sharedaddy sd-sharing-enabled\">\n<div class=\"robots-nocontent sd-block sd-social sd-social-icon-text sd-sharing\">\n<div class=\"sd-content\">\n<ul>\n<li><a class=\"sharing-anchor sd-button share-more\" href=\"http:\/\/www.eloriente.net\/home\/category\/educacion-y-cultura\/#\">Compartir<\/a><\/li>\n<li class=\"share-end\"><\/li>\n<\/ul>\n<div class=\"sharing-hidden\"><\/div>\n<\/div>\n<\/div>\n<\/div>\n<p class=\"postmeta\"><span class=\"meta_date\">noviembre 10, 2014<\/span><\/p>\n<\/div>\n<div id=\"post-33833\" class=\"post-33833 post type-post status-publish format-standard has-post-thumbnail hentry category-capital category-comunicados-y-boletines category-congreso-y-justicia category-educacion-y-cultura category-entradas category-lo-mas-reciente category-oaxaca-estados category-universidades tag-cortv tag-jovenes tag-tsj entry loop-default border_bottom_30\">\n<p class=\"entry_title\"><a title=\"Enlace Permanente a \u201cGenerando Ideas GNY\u201d, nuevo espacio juvenil en TV de Oaxaca\" href=\"http:\/\/www.eloriente.net\/home\/2014\/11\/10\/generando-ideas-gny-nuevo-espacio-juvenil-en-tv-de-oaxaca\/\" rel=\"bookmark\">\u201cGenerando Ideas GNY\u201d, nuevo espacio juvenil en TV de Oaxaca<\/a><\/p>\n<p><a href=\"http:\/\/www.eloriente.net\/home\/2014\/11\/10\/generando-ideas-gny-nuevo-espacio-juvenil-en-tv-de-oaxaca\/\" rel=\"bookmark\"><img decoding=\"async\" class=\"alignleft\" title=\"\u201cGenerando Ideas GNY\u201d, nuevo espacio juvenil en TV de Oaxaca\" src=\"http:\/\/www.eloriente.net\/home\/wp-content\/themes\/city-desk\/timthumb.php?src=http%3A%2F%2Fwww.eloriente.net%2Fhome%2Fwp-content%2Fuploads%2F2014%2F11%2FPrimeras-acciones-derivadas-del-convenio-de-colaboaci%C3%B3n-entre-el-PJO-y-CORTV.jpg&amp;q=90&amp;w=160&amp;h=106&amp;zc=1\" alt=\"\u201cGenerando Ideas GNY\u201d, nuevo espacio juvenil en TV de Oaxaca\" \/><\/a>eloriente.net \/ Tribunal Superior de Justicia 10\/noviembre\/2014 Como un espacio de reflexi\u00f3n e intercambio de informaci\u00f3n para j\u00f3venes, el programa de televisi\u00f3n Generando Ideas GNY, iniciar\u00e1 transmisiones el pr\u00f3ximo martes 18 de noviembre El pr\u00f3ximo martes 18 de noviembre iniciar\u00e1 en Oaxaca la primera temporada del programa de televisi\u00f3n \u201cGenerando Ideas\u201d, \u00a0espacio de reflexi\u00f3n e [\u2026]<\/p>\n<div class=\"sharedaddy sd-sharing-enabled\">\n<div class=\"robots-nocontent sd-block sd-social sd-social-icon-text sd-sharing\">\n<div class=\"sd-content\">\n<ul>\n<li><a class=\"sharing-anchor sd-button share-more\" href=\"http:\/\/www.eloriente.net\/home\/category\/educacion-y-cultura\/#\">Compartir<\/a><\/li>\n<li class=\"share-end\"><\/li>\n<\/ul>\n<div class=\"sharing-hidden\"><\/div>\n<\/div>\n<\/div>\n<\/div>\n<p class=\"postmeta\"><span class=\"meta_date\">noviembre 10, 2014<\/span><\/p>\n<\/div>\n<div id=\"post-33818\" class=\"post-33818 post type-post status-publish format-standard has-post-thumbnail hentry category-canal-1-tu-aula category-educacion-y-cultura category-entradas category-lo-mas-reciente tag-adn tag-analisis tag-ciencia-forense tag-perito tag-prueba entry loop-default border_bottom_30\">\n<p class=\"entry_title\"><a title=\"Enlace Permanente a \u00bfQu\u00e9 es la Ciencia Forense?\" href=\"http:\/\/www.eloriente.net\/home\/2014\/11\/09\/que-es-la-ciencia-forense\/\" rel=\"bookmark\">\u00bfQu\u00e9 es la Ciencia Forense?<\/a><\/p>\n<p><a href=\"http:\/\/www.eloriente.net\/home\/2014\/11\/09\/que-es-la-ciencia-forense\/\" rel=\"bookmark\"><img decoding=\"async\" class=\"alignleft\" title=\"\u00bfQu\u00e9 es la Ciencia Forense?\" src=\"http:\/\/www.eloriente.net\/home\/wp-content\/themes\/city-desk\/timthumb.php?src=http%3A%2F%2Fwww.eloriente.net%2Fhome%2Fwp-content%2Fuploads%2F2014%2F11%2FCiencia-Forense-West-Midlands-Police.jpg&amp;q=90&amp;w=160&amp;h=106&amp;zc=1\" alt=\"\u00bfQu\u00e9 es la Ciencia Forense?\" \/><\/a>eloriente.net 10\/noviembre\/2014 La ciencia forense se define como la aplicaci\u00f3n de pr\u00e1cticas cient\u00edficas dentro del proceso legal. En otras palabras, es la participaci\u00f3n de investigadores altamente especializados, que pueden ser antrop\u00f3logos, m\u00e9dicos, criminalistas, etc., que se dedican a buscar evidencias en la escena del crimen para someterlas a an\u00e1lisis y con esto lograr pruebas concluyentes [\u2026]<\/p>\n<div class=\"sharedaddy sd-sharing-enabled\">\n<div class=\"robots-nocontent sd-block sd-social sd-social-icon-text sd-sharing\">\n<div class=\"sd-content\">\n<ul>\n<li><a class=\"sharing-anchor sd-button share-more\" href=\"http:\/\/www.eloriente.net\/home\/category\/educacion-y-cultura\/#\">Compartir<\/a><\/li>\n<li class=\"share-end\"><\/li>\n<\/ul>\n<div class=\"sharing-hidden\"><\/div>\n<\/div>\n<\/div>\n<\/div>\n<p class=\"postmeta\"><span class=\"meta_date\">noviembre 9, 2014<\/span><\/p>\n<\/div>\n\n\t\t\t  <div \n\t\t\t  \tclass = \"fb-comments\" \n\t\t\t  \tdata-href = \"http:\/\/www.eloriente.net\/home\/2014\/11\/10\/la-ciudad-de-mexico-podria-morir-de-sed\/\"\n\t\t\t  \tdata-numposts = \"10\"\n\t\t\t\tdata-colorscheme = \"dark\"\n\t\t\t\tdata-order-by = \"social\"\n\t\t\t\tdata-mobile=true>\n\t\t\t  <\/div>\n\t\t  <style>\n\t\t\t.fb_iframe_widget_fluid_desktop iframe {\n\t\t\t    width: 100% !important;\n\t\t\t}\n\t\t  <\/style>\n\t\t  ","protected":false},"excerpt":{"rendered":"<p>eloriente.net \/ FAHHO 10\/noviembre\/2014 \u00bfPuede una megaciudad movilizar a sus 22 millones de ciudadanos por un consumo de agua sustentable? Esta es la cuesti\u00f3n que aborda H2Omx, un documental dirigido por los mexicanos Jos\u00e9 Cohen y Lorenzo Hagerman, donde se hace un estudio ambiental del Valle de M\u00e9xico en su lucha por salvarse a s\u00ed [&hellip;]<\/p>\n","protected":false},"author":1,"featured_media":33852,"comment_status":"open","ping_status":"open","sticky":false,"template":"","format":"standard","meta":{"_jetpack_memberships_contains_paid_content":false,"footnotes":""},"categories":[8,29,32,10,20,464,30],"tags":[647,2937,2936,2935,2934,2933,1178],"class_list":["post-33839","post","type-post","status-publish","format-standard","has-post-thumbnail","hentry","category-agenda","category-capital","category-entradas","category-lo-mas-reciente","category-medio-ambiente","category-oaxaca-estados","category-salud","tag-agua","tag-aguaxaca","tag-escasez","tag-h2o","tag-inso","tag-juan-jose-consejo-2","tag-sequia"],"jetpack_featured_media_url":"http:\/\/www.eloriente.net\/home\/wp-content\/uploads\/2014\/11\/M\u00e9xico-DF-Mark-Hogan.jpg","jetpack_sharing_enabled":true,"_links":{"self":[{"href":"http:\/\/www.eloriente.net\/home\/wp-json\/wp\/v2\/posts\/33839"}],"collection":[{"href":"http:\/\/www.eloriente.net\/home\/wp-json\/wp\/v2\/posts"}],"about":[{"href":"http:\/\/www.eloriente.net\/home\/wp-json\/wp\/v2\/types\/post"}],"author":[{"embeddable":true,"href":"http:\/\/www.eloriente.net\/home\/wp-json\/wp\/v2\/users\/1"}],"replies":[{"embeddable":true,"href":"http:\/\/www.eloriente.net\/home\/wp-json\/wp\/v2\/comments?post=33839"}],"version-history":[{"count":3,"href":"http:\/\/www.eloriente.net\/home\/wp-json\/wp\/v2\/posts\/33839\/revisions"}],"predecessor-version":[{"id":33853,"href":"http:\/\/www.eloriente.net\/home\/wp-json\/wp\/v2\/posts\/33839\/revisions\/33853"}],"wp:featuredmedia":[{"embeddable":true,"href":"http:\/\/www.eloriente.net\/home\/wp-json\/wp\/v2\/media\/33852"}],"wp:attachment":[{"href":"http:\/\/www.eloriente.net\/home\/wp-json\/wp\/v2\/media?parent=33839"}],"wp:term":[{"taxonomy":"category","embeddable":true,"href":"http:\/\/www.eloriente.net\/home\/wp-json\/wp\/v2\/categories?post=33839"},{"taxonomy":"post_tag","embeddable":true,"href":"http:\/\/www.eloriente.net\/home\/wp-json\/wp\/v2\/tags?post=33839"}],"curies":[{"name":"wp","href":"https:\/\/api.w.org\/{rel}","templated":true}]}}