{"id":33843,"date":"2014-11-10T15:04:24","date_gmt":"2014-11-10T21:04:24","guid":{"rendered":"http:\/\/www.eloriente.net\/home\/?p=33843"},"modified":"2014-11-10T15:04:24","modified_gmt":"2014-11-10T21:04:24","slug":"a-establecer-vinculos-para-los-estudiantes-de-enfermeria","status":"publish","type":"post","link":"http:\/\/www.eloriente.net\/home\/2014\/11\/10\/a-establecer-vinculos-para-los-estudiantes-de-enfermeria\/","title":{"rendered":"A establecer v\u00ednculos para los estudiantes de enfermer\u00eda"},"content":{"rendered":"<p>eloriente.net \/ <a href=\"http:\/\/www.uabjo.mx\/\" target=\"_blank\">UABJO<\/a><\/p>\n<p>10\/noviembre\/2014<\/p>\n<p>Como resultado de un proceso de elecci\u00f3n transparente, realizado en un clima de tranquilidad y una participaci\u00f3n de la comunidad universitaria que alcanz\u00f3 el 90% del padr\u00f3n de votantes, el pasado 17 de octubre del a\u00f1o en curso, Luisa Ch\u00e1vez Solano fue elegida como la nueva Directora de la Facultad de Enfermer\u00eda y Obstetricia (FAEO) de la Universidad Aut\u00f3noma \u201cBenito Ju\u00e1rez\u201d de Oaxaca, para el periodo 2014 &#8211; 2017.<\/p>\n<p>Ch\u00e1vez Solano coment\u00f3 que entre los principales retos que enfrentar\u00e1 su gesti\u00f3n se encuentra el de elevar el nivel acad\u00e9mico, para lo cual considera fundamental el fortalecimiento de los espacios, el equipamiento y la vinculaci\u00f3n institucional para el desarrollo de pr\u00e1cticas, que permitan a las y los egresados adquirir la experiencia necesaria para su desarrollo profesional una vez se incorporen al mercado laboral.<\/p>\n<p>De igual forma, destac\u00f3 la importancia que tiene para la FAEO la vinculaci\u00f3n de sus estudiantes con la sociedad, por lo que dijo que durante su gesti\u00f3n favorecer\u00e1 el desarrollo de acciones de vinculaci\u00f3n que acerquen los servicios que presta la Facultad a las diferentes instituciones de salud presentes en las comunidades de nuestro estado.<\/p>\n<p>\u201cEs importante que los estudiantes establezcan v\u00ednculos de cooperaci\u00f3n y trabajo social, que les permitan poner en pr\u00e1ctica no s\u00f3lo sus los conocimientos te\u00f3ricos aprendidos en las aulas, sino que adem\u00e1s, lleven a la pr\u00e1ctica los valores universitarios, trabajando en beneficio de la sociedad y en consecuencia, del desarrollo de nuestro estado.\u201d<\/p>\n<p>Por otra parte, la funcionaria se\u00f1al\u00f3 que una de las metas que busca cumplir es el de llevar a buen t\u00e9rmino el proceso de acreditaci\u00f3n de la FAEO, el cual dijo ser\u00eda de gran trascendencia tanto para los estudiantes de la Facultad como para la Universidad en su conjunto.<\/p>\n<p>Finalmente, Ch\u00e1vez solano hizo una invitaci\u00f3n para que una vez concluido el proceso de elecci\u00f3n, todos los actores presentes en la FAEO se sumen a su proyecto a fin de que todos juntos contribuyan al logro de los objetivos planteados.<\/p>\n<p><a href=\"http:\/\/www.eloriente.net\/home\/wp-content\/uploads\/2014\/11\/102.jpg\"><img loading=\"lazy\" decoding=\"async\" class=\"alignnone size-medium wp-image-33844\" src=\"http:\/\/www.eloriente.net\/home\/wp-content\/uploads\/2014\/11\/102-300x200.jpg\" alt=\"10(2)\" width=\"300\" height=\"200\" srcset=\"http:\/\/www.eloriente.net\/home\/wp-content\/uploads\/2014\/11\/102-300x200.jpg 300w, http:\/\/www.eloriente.net\/home\/wp-content\/uploads\/2014\/11\/102-1024x682.jpg 1024w\" sizes=\"(max-width: 300px) 100vw, 300px\" \/><\/a><\/p>\n<p>Foto: UABJO<\/p>\n<p><strong>Entradas relacionadas:<\/strong><\/p>\n<div id=\"post-33738\" class=\"post-33738 post type-post status-publish format-standard has-post-thumbnail hentry category-comunicados-y-boletines category-educacion-y-cultura category-entradas category-lo-mas-reciente category-oaxaca-estados category-universidades tag-filo tag-libro tag-uabjo entry loop-default border_bottom_30\">\n<p class=\"entry_title\"><a title=\"Enlace Permanente a UABJO: Acercando la investigaci\u00f3n a Oaxaca en la FILO\" href=\"http:\/\/www.eloriente.net\/home\/2014\/11\/06\/la-uabjo-presente-en-la-filo-2014\/\" rel=\"bookmark\">UABJO: Acercando la investigaci\u00f3n a Oaxaca en la FILO<\/a><\/p>\n<p><a href=\"http:\/\/www.eloriente.net\/home\/2014\/11\/06\/la-uabjo-presente-en-la-filo-2014\/\" rel=\"bookmark\"><img decoding=\"async\" class=\"alignleft\" title=\"UABJO: Acercando la investigaci\u00f3n a Oaxaca en la FILO\" src=\"http:\/\/www.eloriente.net\/home\/wp-content\/themes\/city-desk\/timthumb.php?src=http%3A%2F%2Fwww.eloriente.net%2Fhome%2Fwp-content%2Fuploads%2F2014%2F11%2F05.jpg&amp;q=90&amp;w=160&amp;h=106&amp;zc=1\" alt=\"UABJO: Acercando la investigaci\u00f3n a Oaxaca en la FILO\" \/><\/a>eloriente.net \/ UABJO 6\/noviembre\/2014 La Fundaci\u00f3n pone a la venta cientos de libros escritos y editados en la Universidad Estuvieron presentes en la FIL de Chiapas y estar\u00e1n en la FIL de Guadalajara La Universidad Aut\u00f3noma \u201cBenito Ju\u00e1rez\u201d de Oaxaca (UABJO), a trav\u00e9s de la Fundaci\u00f3n UABJO, participa en la Feria Internacional del Libro Oaxaca [\u2026]<\/p>\n<div class=\"sharedaddy sd-sharing-enabled\">\n<div class=\"robots-nocontent sd-block sd-social sd-social-icon-text sd-sharing\">\n<div class=\"sd-content\">\n<ul>\n<li><a class=\"sharing-anchor sd-button share-more\" href=\"http:\/\/www.eloriente.net\/home\/?x=0&amp;y=0&amp;s=uabjo#\">Compartir<\/a><\/li>\n<li class=\"share-end\"><\/li>\n<\/ul>\n<div class=\"sharing-hidden\"><\/div>\n<\/div>\n<\/div>\n<\/div>\n<p class=\"postmeta\"><span class=\"meta_date\">noviembre 6, 2014<\/span><\/p>\n<\/div>\n<div id=\"post-33533\" class=\"post-33533 post type-post status-publish format-standard has-post-thumbnail hentry category-comunicados-y-boletines category-educacion-y-cultura category-entradas category-lo-mas-reciente category-oaxaca-estados category-universidades tag-uabjo entry loop-default border_bottom_30\">\n<p class=\"entry_title\"><a title=\"Enlace Permanente a Investigadora de la UABJO presenta su trabajo en Alemania y Austria\" href=\"http:\/\/www.eloriente.net\/home\/2014\/10\/28\/investigadora-de-la-uabjo-presenta-su-trabajo-en-alemania-y-austria\/\" rel=\"bookmark\">Investigadora de la UABJO presenta su trabajo en Alemania y Austria<\/a><\/p>\n<p><a href=\"http:\/\/www.eloriente.net\/home\/2014\/10\/28\/investigadora-de-la-uabjo-presenta-su-trabajo-en-alemania-y-austria\/\" rel=\"bookmark\"><img decoding=\"async\" class=\"alignleft\" title=\"Investigadora de la UABJO presenta su trabajo en Alemania y Austria\" src=\"http:\/\/www.eloriente.net\/home\/wp-content\/themes\/city-desk\/timthumb.php?src=http%3A%2F%2Fwww.eloriente.net%2Fhome%2Fwp-content%2Fuploads%2F2014%2F10%2F27.jpg&amp;q=90&amp;w=160&amp;h=106&amp;zc=1\" alt=\"Investigadora de la UABJO presenta su trabajo en Alemania y Austria\" \/><\/a>eloriente.net \/ UABJO 28\/octubre\/2014 Como parte del XVII Congreso Internacional de la Asociaci\u00f3n de Historiadores de Latinoam\u00e9rica, realizado en la Universidad Libre de Berl\u00edn del 9 al 13 de septiembre del presente a\u00f1o, la Dra. Olga J. Montes Garc\u00eda, profesora investigadora de la Universidad Aut\u00f3noma \u201cBenito Ju\u00e1rez\u201d de Oaxaca (UAJO), particip\u00f3 con la ponencia titulada [\u2026]<\/p>\n<div class=\"sharedaddy sd-sharing-enabled\">\n<div class=\"robots-nocontent sd-block sd-social sd-social-icon-text sd-sharing\">\n<div class=\"sd-content\">\n<ul>\n<li><a class=\"sharing-anchor sd-button share-more\" href=\"http:\/\/www.eloriente.net\/home\/?x=0&amp;y=0&amp;s=uabjo#\">Compartir<\/a><\/li>\n<li class=\"share-end\"><\/li>\n<\/ul>\n<div class=\"sharing-hidden\"><\/div>\n<\/div>\n<\/div>\n<\/div>\n<p class=\"postmeta\"><span class=\"meta_date\">octubre 28, 2014<\/span><\/p>\n<\/div>\n<div id=\"post-33495\" class=\"post-33495 post type-post status-publish format-standard has-post-thumbnail hentry category-educacion-y-cultura category-entradas category-lo-mas-reciente category-oaxaca-estados category-salud category-universidades tag-uabjo entry loop-default border_bottom_30\">\n<p class=\"entry_title\"><a title=\"Enlace Permanente a Nuevo descubrimiento por investigador de la UABJO\" href=\"http:\/\/www.eloriente.net\/home\/2014\/10\/27\/nuevo-descubrimiento-por-investigador-de-la-uabjo\/\" rel=\"bookmark\">Nuevo descubrimiento por investigador de la UABJO<\/a><\/p>\n<p><a href=\"http:\/\/www.eloriente.net\/home\/2014\/10\/27\/nuevo-descubrimiento-por-investigador-de-la-uabjo\/\" rel=\"bookmark\"><img decoding=\"async\" class=\"alignleft\" title=\"Nuevo descubrimiento por investigador de la UABJO\" src=\"http:\/\/www.eloriente.net\/home\/wp-content\/themes\/city-desk\/timthumb.php?src=http%3A%2F%2Fwww.eloriente.net%2Fhome%2Fwp-content%2Fuploads%2F2014%2F10%2F26.jpg&amp;q=90&amp;w=160&amp;h=106&amp;zc=1\" alt=\"Nuevo descubrimiento por investigador de la UABJO\" \/><\/a>eloriente.net \/ UABJO 27\/octubre\/2014 Investigador de la UABJO realiza nuevos descubrimientos en el campo de la agregaci\u00f3n plaquetaria femenina Con un amplio historial en el campo de la docencia y la investigaci\u00f3n en la Universidad Aut\u00f3noma \u201cBenito Ju\u00e1rez\u201d de Oaxaca (UABJO), el Dr. Gabriel Mayoral Andrade, integrante del Centro de Investigaci\u00f3n de la Facultad de [\u2026]<\/p>\n<div class=\"sharedaddy sd-sharing-enabled\">\n<div class=\"robots-nocontent sd-block sd-social sd-social-icon-text sd-sharing\">\n<div class=\"sd-content\">\n<ul>\n<li><a class=\"sharing-anchor sd-button share-more\" href=\"http:\/\/www.eloriente.net\/home\/?x=0&amp;y=0&amp;s=uabjo#\">Compartir<\/a><\/li>\n<li class=\"share-end\"><\/li>\n<\/ul>\n<div class=\"sharing-hidden\"><\/div>\n<\/div>\n<\/div>\n<\/div>\n<p class=\"postmeta\"><span class=\"meta_date\">octubre 27, 2014<\/span><\/p>\n<\/div>\n<p>&nbsp;<\/p>\n\n\t\t\t  <div \n\t\t\t  \tclass = \"fb-comments\" \n\t\t\t  \tdata-href = \"http:\/\/www.eloriente.net\/home\/2014\/11\/10\/a-establecer-vinculos-para-los-estudiantes-de-enfermeria\/\"\n\t\t\t  \tdata-numposts = \"10\"\n\t\t\t\tdata-colorscheme = \"dark\"\n\t\t\t\tdata-order-by = \"social\"\n\t\t\t\tdata-mobile=true>\n\t\t\t  <\/div>\n\t\t  <style>\n\t\t\t.fb_iframe_widget_fluid_desktop iframe {\n\t\t\t    width: 100% !important;\n\t\t\t}\n\t\t  <\/style>\n\t\t  ","protected":false},"excerpt":{"rendered":"<p>eloriente.net \/ UABJO 10\/noviembre\/2014 Como resultado de un proceso de elecci\u00f3n transparente, realizado en un clima de tranquilidad y una participaci\u00f3n de la comunidad universitaria que alcanz\u00f3 el 90% del padr\u00f3n de votantes, el pasado 17 de octubre del a\u00f1o en curso, Luisa Ch\u00e1vez Solano fue elegida como la nueva Directora de la Facultad de [&hellip;]<\/p>\n","protected":false},"author":1,"featured_media":33844,"comment_status":"open","ping_status":"open","sticky":false,"template":"","format":"standard","meta":{"_jetpack_memberships_contains_paid_content":false,"footnotes":""},"categories":[1588,18,32,10,464,84],"tags":[1573,2938,182,315],"class_list":["post-33843","post","type-post","status-publish","format-standard","has-post-thumbnail","hentry","category-comunicados-y-boletines","category-educacion-y-cultura","category-entradas","category-lo-mas-reciente","category-oaxaca-estados","category-universidades","tag-enfermeria","tag-trabajo-social","tag-uabjo","tag-vinculacion"],"jetpack_featured_media_url":"http:\/\/www.eloriente.net\/home\/wp-content\/uploads\/2014\/11\/102.jpg","jetpack_sharing_enabled":true,"_links":{"self":[{"href":"http:\/\/www.eloriente.net\/home\/wp-json\/wp\/v2\/posts\/33843"}],"collection":[{"href":"http:\/\/www.eloriente.net\/home\/wp-json\/wp\/v2\/posts"}],"about":[{"href":"http:\/\/www.eloriente.net\/home\/wp-json\/wp\/v2\/types\/post"}],"author":[{"embeddable":true,"href":"http:\/\/www.eloriente.net\/home\/wp-json\/wp\/v2\/users\/1"}],"replies":[{"embeddable":true,"href":"http:\/\/www.eloriente.net\/home\/wp-json\/wp\/v2\/comments?post=33843"}],"version-history":[{"count":1,"href":"http:\/\/www.eloriente.net\/home\/wp-json\/wp\/v2\/posts\/33843\/revisions"}],"predecessor-version":[{"id":33845,"href":"http:\/\/www.eloriente.net\/home\/wp-json\/wp\/v2\/posts\/33843\/revisions\/33845"}],"wp:featuredmedia":[{"embeddable":true,"href":"http:\/\/www.eloriente.net\/home\/wp-json\/wp\/v2\/media\/33844"}],"wp:attachment":[{"href":"http:\/\/www.eloriente.net\/home\/wp-json\/wp\/v2\/media?parent=33843"}],"wp:term":[{"taxonomy":"category","embeddable":true,"href":"http:\/\/www.eloriente.net\/home\/wp-json\/wp\/v2\/categories?post=33843"},{"taxonomy":"post_tag","embeddable":true,"href":"http:\/\/www.eloriente.net\/home\/wp-json\/wp\/v2\/tags?post=33843"}],"curies":[{"name":"wp","href":"https:\/\/api.w.org\/{rel}","templated":true}]}}