{"id":33846,"date":"2014-11-10T15:55:23","date_gmt":"2014-11-10T21:55:23","guid":{"rendered":"http:\/\/www.eloriente.net\/home\/?p=33846"},"modified":"2014-11-10T15:55:23","modified_gmt":"2014-11-10T21:55:23","slug":"responsabilizo-a-gobernador-duarte-por-agresiones-encinas-video","status":"publish","type":"post","link":"http:\/\/www.eloriente.net\/home\/2014\/11\/10\/responsabilizo-a-gobernador-duarte-por-agresiones-encinas-video\/","title":{"rendered":"Responsabilizo a gobernador Duarte por agresiones: Encinas (Video)"},"content":{"rendered":"<p>eloriente.net\/Senado de la Rep\u00fablica*<\/p>\n<p>10 de noviembre de 2014<\/p>\n<p>El senador Alejandro Encinas Rodr\u00edguez conden\u00f3 los actos realizados en su contra el d\u00eda de hoy mientras se encontraba con su equipo en la cafeter\u00eda \u201cLa parroquia\u201d \u00a0de la capital de Veracruz. Despu\u00e9s de realizar una conferencia de prensa sobre el caso de la masacre de Iguala, el legislador fue agredido por miembros del Frente Popular Revolucionario, organizaci\u00f3n estrechamente vinculada con el gobierno de Veracruz. Gustavo M\u00e9ndez Gallegos, uno de los l\u00edderes de dicha asociaci\u00f3n, es ampliamente conocido por su relaci\u00f3n con Javier Duarte, gobernador del estado.<\/p>\n<p style=\"text-align: center;\"><a href=\"http:\/\/www.eloriente.net\/home\/wp-content\/uploads\/2014\/11\/Senador-Encinas-senado.jpg\"><img loading=\"lazy\" decoding=\"async\" class=\"alignnone size-medium wp-image-33847\" src=\"http:\/\/www.eloriente.net\/home\/wp-content\/uploads\/2014\/11\/Senador-Encinas-senado-300x207.jpg\" alt=\"Senador Encinas senado\" width=\"300\" height=\"207\" srcset=\"http:\/\/www.eloriente.net\/home\/wp-content\/uploads\/2014\/11\/Senador-Encinas-senado-300x207.jpg 300w, http:\/\/www.eloriente.net\/home\/wp-content\/uploads\/2014\/11\/Senador-Encinas-senado.jpg 491w\" sizes=\"(max-width: 300px) 100vw, 300px\" \/><\/a><\/p>\n<p>El senador Encinas Rodr\u00edguez conden\u00f3 y \u00a0responsabiliz\u00f3 al gobernador Javier Duarte por hechos ocurridos en mi contra.<\/p>\n<p>\u201cEs lamentable que seudo-organizanizaciones, auspiciadas por el gobierno local y estatal, se escuden bajo el\u00a0 discurso del\u00a0 di\u00e1logo y la justicia cuando en la pr\u00e1ctica ejercen la provocaci\u00f3n y la agresi\u00f3n. Esta no es la manera de resolver los problemas. Condeno totalmente estos hechos.\u201d Se\u00f1al\u00f3<\/p>\n<p>Reiter\u00f3 que el derecho a la libre manifestaci\u00f3n es imprescindible e inalienable, pero no se debe caer en la provocaci\u00f3n y en la agresi\u00f3n.<\/p>\n<p>Por \u00faltimo, el senador Alejandro Encinas manifest\u00f3 que permanecer\u00e1 en el Estado de Veracruz para dar la \u201c<i>Conferencia sobre la situaci\u00f3n Econ\u00f3mica y Pol\u00edtica de M\u00e9xico\u201d<\/i>, convocado por el Foro Plural de Economistas de Veracruz, a las 18:30 hrs.<\/p>\n<p>*Informaci\u00f3n del Senado.<\/p>\n<p>A continuaci\u00f3n un video compartido este d\u00eda a trav\u00e9s de You Tube en relaci\u00f3n con los sucesos:<\/p>\n<p><iframe loading=\"lazy\" src=\"\/\/www.youtube.com\/embed\/NMhKnxekdxQ\" width=\"560\" height=\"315\" frameborder=\"0\" allowfullscreen=\"allowfullscreen\"><\/iframe><\/p>\n<p>OTRAS ENTRADAS:<\/p>\n<div id=\"post-25594\" class=\"post-25594 post type-post status-publish format-standard has-post-thumbnail hentry category-editorial category-entradas category-politica-y-gobierno entry loop-default border_bottom_30\">\n<h2 class=\"entry_title\"><a title=\"Enlace Permanente a Los Senadores Clave: escr\u00edbeles\" href=\"http:\/\/www.eloriente.net\/home\/2014\/05\/09\/los-senadores-clave-escribeles\/\" rel=\"bookmark\">Los Senadores Clave: escr\u00edbeles<\/a><\/h2>\n<p><a href=\"http:\/\/www.eloriente.net\/home\/2014\/05\/09\/los-senadores-clave-escribeles\/\" rel=\"bookmark\"><img decoding=\"async\" class=\"alignleft\" title=\"Los Senadores Clave: escr\u00edbeles\" src=\"http:\/\/www.eloriente.net\/home\/wp-content\/themes\/city-desk\/timthumb.php?src=http%3A%2F%2Fwww.eloriente.net%2Fhome%2Fwp-content%2Fuploads%2F2013%2F12%2Fsenado1.jpg&amp;q=90&amp;w=160&amp;h=106&amp;zc=1\" alt=\"Los Senadores Clave: escr\u00edbeles\" \/><\/a>eloriente.net 8 de mayo de 2014 Ninguna ciudadana o ciudadano deber\u00eda rehuir a la responsabilidad de hacer llegar sus reflexiones, comentarios y propuestas a los legisladores que en se encuentran, en estos d\u00edas, revisando y elaborando algunas de las leyes secundarias m\u00e1s importantes para el pa\u00eds: la energ\u00e9tica (en la que est\u00e1 en juego el [\u2026]<\/p>\n<div class=\"sharedaddy sd-sharing-enabled\">\n<div class=\"robots-nocontent sd-block sd-social sd-social-icon-text sd-sharing\">\n<div class=\"sd-content\">\n<ul>\n<li><a class=\"sharing-anchor sd-button share-more\" href=\"http:\/\/www.eloriente.net\/home\/?x=0&amp;y=0&amp;s=senador+encinas#\">Compartir <\/a><span class=\"meta_date\">mayo 9, 2014 <\/span><\/li>\n<\/ul>\n<\/div>\n<\/div>\n<\/div>\n<\/div>\n<div id=\"post-33472\" class=\"post-33472 post type-post status-publish format-standard has-post-thumbnail hentry category-alejandro-cruz-pimentel category-colaboradores category-entradas category-lo-mas-reciente category-politica-y-gobierno tag-transparencia entry loop-default border_bottom_30\">\n<h2 class=\"entry_title\"><a title=\"Enlace Permanente a La Reforma Constitucional en materia de Transparencia\" href=\"http:\/\/www.eloriente.net\/home\/2014\/10\/26\/la-reforma-constitucional-en-materia-de-transparencia\/\" rel=\"bookmark\">La Reforma Constitucional en materia de Transparencia<\/a><\/h2>\n<p><a href=\"http:\/\/www.eloriente.net\/home\/2014\/10\/26\/la-reforma-constitucional-en-materia-de-transparencia\/\" rel=\"bookmark\"><img decoding=\"async\" class=\"alignleft\" title=\"La Reforma Constitucional en materia de Transparencia\" src=\"http:\/\/www.eloriente.net\/home\/wp-content\/themes\/city-desk\/timthumb.php?src=http%3A%2F%2Fwww.eloriente.net%2Fhome%2Fwp-content%2Fuploads%2F2014%2F08%2FLibros.jpg&amp;q=90&amp;w=160&amp;h=106&amp;zc=1\" alt=\"La Reforma Constitucional en materia de Transparencia\" \/><\/a>eloriente.net 26\/octubre\/2014 En M\u00e9xico el Derecho de Acceso a la Informaci\u00f3n (DAI), como lo conocemos actualmente, se incorpor\u00f3 mediante la reforma al Art\u00edculo Sexto Constitucional de diciembre de 1977. Como esta adici\u00f3n formo parte de los preceptos modificados en la reforma pol\u00edtica de 1977, durante varios a\u00f1os se estim\u00f3 que deb\u00eda comprenderse como una prerrogativa [\u2026]<\/p>\n<div class=\"sharedaddy sd-sharing-enabled\">\n<div class=\"robots-nocontent sd-block sd-social sd-social-icon-text sd-sharing\">\n<div class=\"sd-content\">\n<ul>\n<li><a class=\"sharing-anchor sd-button share-more\" href=\"http:\/\/www.eloriente.net\/home\/?x=0&amp;y=0&amp;s=senador+encinas#\">Compartir <\/a><span class=\"meta_date\">octubre 26, 2014<br \/>\n<\/span><\/li>\n<\/ul>\n<\/div>\n<\/div>\n<\/div>\n<\/div>\n<p>&nbsp;<\/p>\n\n\t\t\t  <div \n\t\t\t  \tclass = \"fb-comments\" \n\t\t\t  \tdata-href = \"http:\/\/www.eloriente.net\/home\/2014\/11\/10\/responsabilizo-a-gobernador-duarte-por-agresiones-encinas-video\/\"\n\t\t\t  \tdata-numposts = \"10\"\n\t\t\t\tdata-colorscheme = \"dark\"\n\t\t\t\tdata-order-by = \"social\"\n\t\t\t\tdata-mobile=true>\n\t\t\t  <\/div>\n\t\t  <style>\n\t\t\t.fb_iframe_widget_fluid_desktop iframe {\n\t\t\t    width: 100% !important;\n\t\t\t}\n\t\t  <\/style>\n\t\t  ","protected":false},"excerpt":{"rendered":"<p>eloriente.net\/Senado de la Rep\u00fablica* 10 de noviembre de 2014 El senador Alejandro Encinas Rodr\u00edguez conden\u00f3 los actos realizados en su contra el d\u00eda de hoy mientras se encontraba con su equipo en la cafeter\u00eda \u201cLa parroquia\u201d \u00a0de la capital de Veracruz. Despu\u00e9s de realizar una conferencia de prensa sobre el caso de la masacre de [&hellip;]<\/p>\n","protected":false},"author":1,"featured_media":0,"comment_status":"closed","ping_status":"closed","sticky":false,"template":"","format":"standard","meta":{"_jetpack_memberships_contains_paid_content":false,"footnotes":""},"categories":[6,49,32,63,10,24,21,2627],"tags":[],"class_list":["post-33846","post","type-post","status-publish","format-standard","hentry","category-canal-4-especiales","category-destacadas","category-entradas","category-estados","category-lo-mas-reciente","category-mexico-y-el-mundo","category-politica-y-gobierno","category-veracruz-estados"],"jetpack_featured_media_url":"","jetpack_sharing_enabled":true,"_links":{"self":[{"href":"http:\/\/www.eloriente.net\/home\/wp-json\/wp\/v2\/posts\/33846"}],"collection":[{"href":"http:\/\/www.eloriente.net\/home\/wp-json\/wp\/v2\/posts"}],"about":[{"href":"http:\/\/www.eloriente.net\/home\/wp-json\/wp\/v2\/types\/post"}],"author":[{"embeddable":true,"href":"http:\/\/www.eloriente.net\/home\/wp-json\/wp\/v2\/users\/1"}],"replies":[{"embeddable":true,"href":"http:\/\/www.eloriente.net\/home\/wp-json\/wp\/v2\/comments?post=33846"}],"version-history":[{"count":1,"href":"http:\/\/www.eloriente.net\/home\/wp-json\/wp\/v2\/posts\/33846\/revisions"}],"predecessor-version":[{"id":33848,"href":"http:\/\/www.eloriente.net\/home\/wp-json\/wp\/v2\/posts\/33846\/revisions\/33848"}],"wp:attachment":[{"href":"http:\/\/www.eloriente.net\/home\/wp-json\/wp\/v2\/media?parent=33846"}],"wp:term":[{"taxonomy":"category","embeddable":true,"href":"http:\/\/www.eloriente.net\/home\/wp-json\/wp\/v2\/categories?post=33846"},{"taxonomy":"post_tag","embeddable":true,"href":"http:\/\/www.eloriente.net\/home\/wp-json\/wp\/v2\/tags?post=33846"}],"curies":[{"name":"wp","href":"https:\/\/api.w.org\/{rel}","templated":true}]}}