{"id":33876,"date":"2014-11-12T00:00:02","date_gmt":"2014-11-12T06:00:02","guid":{"rendered":"http:\/\/www.eloriente.net\/home\/?p=33876"},"modified":"2014-11-14T10:28:18","modified_gmt":"2014-11-14T16:28:18","slug":"oaxaca-hasta-11-millones-de-pesos-en-mejoras-a-mercados","status":"publish","type":"post","link":"http:\/\/www.eloriente.net\/home\/2014\/11\/12\/oaxaca-hasta-11-millones-de-pesos-en-mejoras-a-mercados\/","title":{"rendered":"Oaxaca: Hasta 11 millones de pesos en mejoras a mercados"},"content":{"rendered":"<p>eloriente.net<\/p>\n<p>12\/noviembre\/2014<\/p>\n<p>En 2012, el Programa de Competitividad en Log\u00edstica y Centrales de Abasto (PROLOGYCA) otorg\u00f3 m\u00e1s de 20 millones de pesos al Municipio de Oaxaca de Ju\u00e1rez para la realizaci\u00f3n de dos proyectos: Acondicionamiento Log\u00edstico-Comercial de la Zona H\u00fameda de la Central de Abasto y\u00a0Acondicionamiento Log\u00edstico-Comercial del Mercado Mayorista de Frutas y Verduras del Estado de Oaxaca, <a href=\"http:\/\/webcache.googleusercontent.com\/search?q=cache:hec1XhhMuIkJ:municipiodeoaxaca.gob.mx\/transparencia\/archivos\/Articulo%252016\/IX%2520APORTACIONES%2520FEDERALES%2520Y%2520ESTATALES\/2013\/prologyca.xlsx+&amp;cd=2&amp;hl=es-419&amp;ct=clnk&amp;gl=mx\" target=\"_blank\">seg\u00fan\u00a0el portal de transparencia del ayuntamiento<\/a>.<\/p>\n<p>El <a href=\"http:\/\/www.economia.gob.mx\/mexico-emprende\/programas\/127-programa-de-competitividad-en-logistica-y-centrales-de-abasto\" target=\"_blank\">Programa de Competitividad en Log\u00edstica y Centrales de Abasto (PROLOGYCA)<\/a> tiene como objetivo general promover el desarrollo de la log\u00edstica en el sector abasto, a trav\u00e9s del otorgamiento de apoyos a las empresas del sector favoreciendo la generaci\u00f3n de empleos y la atracci\u00f3n de inversi\u00f3n.\u00a0Con el apoyo de recursos econ\u00f3micos se busca modernizar al sector abasto nacional e internacional y a los mercados p\u00fablicos, con el fin de mejorar tiempos, calidad y accesibilidad a los productos.<\/p>\n<p>Esta iniciativa de la Secretar\u00eda de Econom\u00eda, abri\u00f3 su <a href=\"http:\/\/www.prologyca.economia.gob.mx\/docs\/reglas\/Convocatoria2014.pdf\" target=\"_blank\">convocatoria 2014<\/a> para\u00a0las personas morales de car\u00e1cter p\u00fablico Estatales, Municipales, del Distrito Federal, as\u00ed como Fideicomisos P\u00fablicos, cuando cualquiera de ellos administre Centrales de Abasto y mercados p\u00fablicos. El Municipio de Oaxaca de Ju\u00e1rez, aplic\u00f3 antes del cierre que fue el 22 de agosto de 2014.<\/p>\n<p><a href=\"http:\/\/oaxacaentrelineas.com\/noticias\/aperturan-convocatorias-del-fondo-nacional-emprendedor-del-inadem-%E2%80%93-secretaria-de-economia\/\" target=\"_blank\">Beatriz Rodr\u00edguez Casasnovas<\/a>, delegada federal de la SE, explic\u00f3 que PROLOGYCA 2014 otorga apoyos a proyectos integrales que fomentan la creaci\u00f3n, competitividad y sustentabilidad de las empresas en este campo. El monto m\u00e1ximo autorizado es de hasta 11 millones de pesos, lo que representa un porcentaje de hasta 40 por ciento, para la construcci\u00f3n, ampliaci\u00f3n, remodelaci\u00f3n y acondicionamiento de instalaciones log\u00edsticas, de transporte, de almacenamiento, de tratamiento, de conservaci\u00f3n, para centrales de abasto, centros de transporte y distribuci\u00f3n y\/o terminales intermodales.<\/p>\n<p>Oaxaca de Ju\u00e1rez, cuenta con cuatro espacios de este tipo\u00a0que\u00a0presentan importantes afectaciones en su estructura debido al paso del tiempo y aunque no se ha hecho p\u00fablico el monto que el ayuntamiento obtuvo de la convocatoria, Celestino G\u00f3mez y G\u00f3mez, Secretario de Econom\u00eda Municipal, se\u00f1al\u00f3 que los <a href=\"http:\/\/www.noticiasnet.mx\/portal\/en\/node\/234008\" target=\"_blank\">mercados beneficiados<\/a> ser\u00e1n el 20 de Noviembre, el mercado Democracia, el Pochote, y el mercado Benito Ju\u00e1rez buscando impulsar esquemas de mejoramiento y rehabilitaci\u00f3n de los edificios, a su vez que fomentar\u00e1n la competitividad de ese sector productivo y generar\u00e1n empleos.<\/p>\n<p>La gesti\u00f3n que se est\u00e1 logrando a trav\u00e9s de la Secretar\u00eda de Econom\u00eda, responde a una petici\u00f3n que hicieron los locatarios y l\u00edderes de los comerciantes.<\/p>\n<p><a href=\"http:\/\/www.eloriente.net\/home\/wp-content\/uploads\/2014\/11\/Mercado-en.wikipedia.org_.jpg\"><img loading=\"lazy\" decoding=\"async\" class=\"alignnone size-medium wp-image-33877\" src=\"http:\/\/www.eloriente.net\/home\/wp-content\/uploads\/2014\/11\/Mercado-en.wikipedia.org_-300x200.jpg\" alt=\"Mercado - en.wikipedia.org\" width=\"300\" height=\"200\" srcset=\"http:\/\/www.eloriente.net\/home\/wp-content\/uploads\/2014\/11\/Mercado-en.wikipedia.org_-300x200.jpg 300w, http:\/\/www.eloriente.net\/home\/wp-content\/uploads\/2014\/11\/Mercado-en.wikipedia.org_-1024x682.jpg 1024w\" sizes=\"(max-width: 300px) 100vw, 300px\" \/><\/a><\/p>\n<p>Foto: <a href=\"http:\/\/upload.wikimedia.org\/wikipedia\/commons\/7\/7d\/2013-12-27_Oaxaca_Markt_03_anagoria.JPG\" target=\"_blank\">en.wikipedia.org<\/a><\/p>\n<p><strong>Entradas relacionadas:<\/strong><\/p>\n<p class=\"entry_title\"><a title=\"Enlace Permanente a Apag\u00f3n anal\u00f3gico para 2015 en M\u00e9xico\" href=\"http:\/\/www.eloriente.net\/home\/2014\/10\/29\/apagon-analogico-para-2015-en-mexico\/\" rel=\"bookmark\">Apag\u00f3n anal\u00f3gico para 2015 en M\u00e9xico<\/a><\/p>\n<p><a href=\"http:\/\/www.eloriente.net\/home\/2014\/10\/29\/apagon-analogico-para-2015-en-mexico\/\" rel=\"bookmark\"><img decoding=\"async\" class=\"alignleft\" title=\"Apag\u00f3n anal\u00f3gico para 2015 en M\u00e9xico\" src=\"http:\/\/www.eloriente.net\/home\/wp-content\/themes\/city-desk\/timthumb.php?src=http%3A%2F%2Fwww.eloriente.net%2Fhome%2Fwp-content%2Fuploads%2F2014%2F10%2FTelevisi%C3%B3n.jpg&amp;q=90&amp;w=160&amp;h=106&amp;zc=1\" alt=\"Apag\u00f3n anal\u00f3gico para 2015 en M\u00e9xico\" \/><\/a><\/p>\n<p>eloriente.net 29\/octubre\/2014 El tan anunciado apag\u00f3n anal\u00f3gico inici\u00f3 en mayo de este a\u00f1o y de acuerdo a la Secretar\u00eda de Comunicaciones y Transportes, el avance al momento en la transici\u00f3n a la Televisi\u00f3n Digital Terrestre (TDT) es del 24.1% toda vez que las zonas Frontera Noreste, Frontera Norte, Noreste, La Laguna y Occidente-Baj\u00edo han completado [\u2026]<\/p>\n<div class=\"sharedaddy sd-sharing-enabled\">\n<div class=\"robots-nocontent sd-block sd-social sd-social-icon-text sd-sharing\">\n<div class=\"sd-content\">\n<ul>\n<li><a class=\"sharing-anchor sd-button share-more\" href=\"http:\/\/www.eloriente.net\/home\/?x=0&amp;y=0&amp;s=apag%C3%B3n#\">Compartir<\/a><\/li>\n<li class=\"share-end\"><\/li>\n<\/ul>\n<div class=\"sharing-hidden\"><\/div>\n<\/div>\n<\/div>\n<\/div>\n<p class=\"postmeta\"><span class=\"meta_date\">octubre 29, 2014<\/span><\/p>\n<div id=\"post-33693\" class=\"post-33693 post type-post status-publish format-standard has-post-thumbnail hentry category-infografias category-entradas category-estados category-secciones-oriente category-lo-mas-reciente category-mexico-y-el-mundo category-politica-y-gobierno category-principal tag-df-queretaro tag-mexico tag-queretaro tag-tren-de-alta-velocidad tag-tren-mexico tag-tren-mexico-queretaro entry loop-default border_bottom_30\">\n<p class=\"entry_title\"><a title=\"Enlace Permanente a M\u00e9xico-Quer\u00e9taro: 58 minutos por tren\" href=\"http:\/\/www.eloriente.net\/home\/2014\/11\/05\/mexico-queretaro-58-minutos-por-tren\/\" rel=\"bookmark\">M\u00e9xico-Quer\u00e9taro: 58 minutos por tren<\/a><\/p>\n<p><a href=\"http:\/\/www.eloriente.net\/home\/2014\/11\/05\/mexico-queretaro-58-minutos-por-tren\/\" rel=\"bookmark\"><img decoding=\"async\" class=\"alignleft\" title=\"M\u00e9xico-Quer\u00e9taro: 58 minutos por tren\" src=\"http:\/\/www.eloriente.net\/home\/wp-content\/themes\/city-desk\/timthumb.php?src=http%3A%2F%2Fwww.eloriente.net%2Fhome%2Fwp-content%2Fuploads%2F2014%2F11%2FTren-de-Alta-Velocidad-Jon-Curnow.jpg&amp;q=90&amp;w=160&amp;h=106&amp;zc=1\" alt=\"M\u00e9xico-Quer\u00e9taro: 58 minutos por tren\" \/><\/a>eloriente.net 7\/noviembre\/2014 *Actualizaci\u00f3n El fallo que fue otorgado para la construcci\u00f3n del tren r\u00e1pido M\u00e9xico-Quer\u00e9taro, fue revocado. El Secretario de Comunicaciones Gerardo Ruiz Esparza inform\u00f3 que el gobierno federal no desea que el proceso de licitaci\u00f3n sea cuestionado, as\u00ed que en unas semanas m\u00e1s se dar\u00e1 a conocer una nueva licitaci\u00f3n confiando que m\u00e1s fabricantes [\u2026]<\/p>\n<div class=\"sharedaddy sd-sharing-enabled\">\n<div class=\"robots-nocontent sd-block sd-social sd-social-icon-text sd-sharing\">\n<div class=\"sd-content\">\n<ul>\n<li><a class=\"sharing-anchor sd-button share-more\" href=\"http:\/\/www.eloriente.net\/home\/2014\/11\/05\/#\">Compartir<\/a><\/li>\n<li class=\"share-end\"><\/li>\n<\/ul>\n<div class=\"sharing-hidden\"><\/div>\n<\/div>\n<\/div>\n<\/div>\n<p class=\"postmeta\"><span class=\"meta_date\">noviembre 5, 2014<\/span><\/p>\n<\/div>\n<div id=\"post-33689\" class=\"post-33689 post type-post status-publish format-standard has-post-thumbnail hentry category-miercolesdeeconomia category-entradas category-lo-mas-reciente category-oaxaca-estados category-politica-y-gobierno tag-tenencia entry loop-default border_bottom_30\">\n<p class=\"entry_title\"><a title=\"Enlace Permanente a $1.00 de tenencia hasta 30 de diciembre\" href=\"http:\/\/www.eloriente.net\/home\/2014\/11\/05\/1-00-de-tenencia-hasta-30-de-diciembre\/\" rel=\"bookmark\">$1.00 de tenencia hasta 30 de diciembre<\/a><\/p>\n<p><a href=\"http:\/\/www.eloriente.net\/home\/2014\/11\/05\/1-00-de-tenencia-hasta-30-de-diciembre\/\" rel=\"bookmark\"><img decoding=\"async\" class=\"alignleft\" title=\"$1.00 de tenencia hasta 30 de diciembre\" src=\"http:\/\/www.eloriente.net\/home\/wp-content\/themes\/city-desk\/timthumb.php?src=http%3A%2F%2Fwww.eloriente.net%2Fhome%2Fwp-content%2Fuploads%2F2014%2F11%2FFerrari-Axion23.jpg&amp;q=90&amp;w=160&amp;h=106&amp;zc=1\" alt=\"$1.00 de tenencia hasta 30 de diciembre\" \/><\/a>eloriente.net 4\/noviembre\/2014 Un peso ser\u00e1 el monto de tenencia que deber\u00e1n pagar aquellos que hayan comprado recientemente o est\u00e9n pensando adquirir un autom\u00f3vil o motocicleta pr\u00f3ximamente. La Secretar\u00eda de Finanzas del Gobierno de Oaxaca busca fomentar el pago de impuesto sobre tenencia o uso de veh\u00edculos. Los propietarios o tenedores de autos y motocicletas enajenados [\u2026]<\/p>\n<div class=\"sharedaddy sd-sharing-enabled\">\n<div class=\"robots-nocontent sd-block sd-social sd-social-icon-text sd-sharing\">\n<div class=\"sd-content\">\n<ul>\n<li><a class=\"sharing-anchor sd-button share-more\" href=\"http:\/\/www.eloriente.net\/home\/2014\/11\/05\/#\">Compartir<\/a><\/li>\n<li class=\"share-end\"><\/li>\n<\/ul>\n<div class=\"sharing-hidden\"><\/div>\n<\/div>\n<\/div>\n<\/div>\n<p class=\"postmeta\"><span class=\"meta_date\">noviembre 5, 2014<\/span><\/p>\n<\/div>\n<p>&nbsp;<\/p>\n\n\t\t\t  <div \n\t\t\t  \tclass = \"fb-comments\" \n\t\t\t  \tdata-href = \"http:\/\/www.eloriente.net\/home\/2014\/11\/12\/oaxaca-hasta-11-millones-de-pesos-en-mejoras-a-mercados\/\"\n\t\t\t  \tdata-numposts = \"10\"\n\t\t\t\tdata-colorscheme = \"dark\"\n\t\t\t\tdata-order-by = \"social\"\n\t\t\t\tdata-mobile=true>\n\t\t\t  <\/div>\n\t\t  <style>\n\t\t\t.fb_iframe_widget_fluid_desktop iframe {\n\t\t\t    width: 100% !important;\n\t\t\t}\n\t\t  <\/style>\n\t\t  ","protected":false},"excerpt":{"rendered":"<p>eloriente.net 12\/noviembre\/2014 En 2012, el Programa de Competitividad en Log\u00edstica y Centrales de Abasto (PROLOGYCA) otorg\u00f3 m\u00e1s de 20 millones de pesos al Municipio de Oaxaca de Ju\u00e1rez para la realizaci\u00f3n de dos proyectos: Acondicionamiento Log\u00edstico-Comercial de la Zona H\u00fameda de la Central de Abasto y\u00a0Acondicionamiento Log\u00edstico-Comercial del Mercado Mayorista de Frutas y Verduras del [&hellip;]<\/p>\n","protected":false},"author":1,"featured_media":33944,"comment_status":"open","ping_status":"open","sticky":false,"template":"","format":"standard","meta":{"_jetpack_memberships_contains_paid_content":false,"footnotes":""},"categories":[2435,32,13,10,464],"tags":[2450,2953,779],"class_list":["post-33876","post","type-post","status-publish","format-standard","has-post-thumbnail","hentry","category-miercolesdeeconomia","category-entradas","category-especiales","category-lo-mas-reciente","category-oaxaca-estados","tag-miercolesdeeconomia-2","tag-economia-mercados","tag-mercados"],"jetpack_featured_media_url":"http:\/\/www.eloriente.net\/home\/wp-content\/uploads\/2014\/11\/Market-Oaxaca.jpg","jetpack_sharing_enabled":true,"_links":{"self":[{"href":"http:\/\/www.eloriente.net\/home\/wp-json\/wp\/v2\/posts\/33876"}],"collection":[{"href":"http:\/\/www.eloriente.net\/home\/wp-json\/wp\/v2\/posts"}],"about":[{"href":"http:\/\/www.eloriente.net\/home\/wp-json\/wp\/v2\/types\/post"}],"author":[{"embeddable":true,"href":"http:\/\/www.eloriente.net\/home\/wp-json\/wp\/v2\/users\/1"}],"replies":[{"embeddable":true,"href":"http:\/\/www.eloriente.net\/home\/wp-json\/wp\/v2\/comments?post=33876"}],"version-history":[{"count":1,"href":"http:\/\/www.eloriente.net\/home\/wp-json\/wp\/v2\/posts\/33876\/revisions"}],"predecessor-version":[{"id":33878,"href":"http:\/\/www.eloriente.net\/home\/wp-json\/wp\/v2\/posts\/33876\/revisions\/33878"}],"wp:featuredmedia":[{"embeddable":true,"href":"http:\/\/www.eloriente.net\/home\/wp-json\/wp\/v2\/media\/33944"}],"wp:attachment":[{"href":"http:\/\/www.eloriente.net\/home\/wp-json\/wp\/v2\/media?parent=33876"}],"wp:term":[{"taxonomy":"category","embeddable":true,"href":"http:\/\/www.eloriente.net\/home\/wp-json\/wp\/v2\/categories?post=33876"},{"taxonomy":"post_tag","embeddable":true,"href":"http:\/\/www.eloriente.net\/home\/wp-json\/wp\/v2\/tags?post=33876"}],"curies":[{"name":"wp","href":"https:\/\/api.w.org\/{rel}","templated":true}]}}