{"id":33887,"date":"2014-11-12T14:14:10","date_gmt":"2014-11-12T20:14:10","guid":{"rendered":"http:\/\/www.eloriente.net\/home\/?p=33887"},"modified":"2014-11-12T14:14:10","modified_gmt":"2014-11-12T20:14:10","slug":"escucha-a-rocio-olivera-jesus-rito-y-a-la-seleccion-de-basquetbol-del-ito-en-todo-oaxaca-radio-11nov2014","status":"publish","type":"post","link":"http:\/\/www.eloriente.net\/home\/2014\/11\/12\/escucha-a-rocio-olivera-jesus-rito-y-a-la-seleccion-de-basquetbol-del-ito-en-todo-oaxaca-radio-11nov2014\/","title":{"rendered":"Escucha a Roc\u00edo Olivera, Jes\u00fas Rito y a la Selecci\u00f3n de Basquetbol del ITO en Todo Oaxaca Radio 11\/Nov\/2014"},"content":{"rendered":"<p>todooaxacaradio.com<\/p>\n<p>5\/noviembre\/2014<\/p>\n<p>Como cada martes, en punto de las 17:00 horas se transmiti\u00f3 el programa Todo Oaxaca Radio completamente en vivo desde la Ciudad de Oaxaca de Ju\u00e1rez, a trav\u00e9s de las frecuencias abiertas 570 AM, 94.9 FM y para todo el mundo a trav\u00e9s de www.todooaxacaradio.com.<\/p>\n<p>El programa es conducido por Rub\u00e9n Vasconcelos Beltr\u00e1n, cronista de la Ciudad de Oaxaca, as\u00ed como Guadalupe Zarza Brise\u00f1o, reconocida empresaria y representante de la sociedad civil.<\/p>\n<p>Nuestros temas e invitados del 11 de noviembre\u00a0de 2014:<\/p>\n<p>En esta segunda emisi\u00f3n de noviembre de 2014, charlamos con varias\u00a0personalidades para abordar temas de inter\u00e9s art\u00edstico, social y cultural que conciernen a nuestra entidad oaxaque\u00f1a, \u00bfquieres saber m\u00e1s? Escucha el programa dando click en el reproductor localizado al final de la redacci\u00f3n.<\/p>\n<p><strong>Minuto 6&#8242; 01\u00bb<\/strong><\/p>\n<p><a href=\"http:\/\/www.eloriente.net\/home\/wp-content\/uploads\/2014\/11\/IMG_5920.jpg\"><img loading=\"lazy\" decoding=\"async\" class=\"alignnone size-medium wp-image-33893\" src=\"http:\/\/www.eloriente.net\/home\/wp-content\/uploads\/2014\/11\/IMG_5920-300x200.jpg\" alt=\"IMG_5920\" width=\"300\" height=\"200\" srcset=\"http:\/\/www.eloriente.net\/home\/wp-content\/uploads\/2014\/11\/IMG_5920-300x200.jpg 300w, http:\/\/www.eloriente.net\/home\/wp-content\/uploads\/2014\/11\/IMG_5920-1024x682.jpg 1024w\" sizes=\"(max-width: 300px) 100vw, 300px\" \/><\/a><\/p>\n<p>Roc\u00edo Olivera Toro Maya, Secretaria T\u00e9cnica del Foro Oaxaque\u00f1o del Agua<\/p>\n<p><em>\u00abEl foro oaxaque\u00f1o del agua es un espacio de concertaci\u00f3n donde participa el gobierno federal con dependencias sector ambiental y tambi\u00e9n instancias del gobierno del estado, instituciones acad\u00e9micas, organismos no gubernamentales, comunidades, autoridades municipales y gente de la sociedad interesada en el tema del agua.\u00bb<\/em><\/p>\n<p><em>\u00abDentro del foro discutimos de manera concertada la problem\u00e1tica que se vive en los Valles Centrales sobre la disponibilidad del agua junto con los problemas en las comunidades y municipios, para buscar de manera conjunta soluci\u00f3n a la problem\u00e1tica.\u00bb<\/em><\/p>\n<p><em>\u00abLa cordillera norte forma parte de la Sierra Norte o Sierra Ju\u00e1rez, y es un zona muy importante para el estado de Oaxaca en t\u00e9rminos de diversidad de plantas y animales. Desde la \u00e9pcoa prehispanica, hace 10 mil a\u00f1os, tenemos evidencia de que ya habia manipulaci\u00f3n del cultivo del ma\u00edz.\u00bb<\/em><\/p>\n<p><em>\u00abEsta zona posee bosque de pino, de encino, selva subcaducifocilia y mucho endemismos, es decir, especies que solo se encuentran en esa zona y no en otra. Hist\u00f3ricamente ha dado servicios escosist\u00e9micos a la ciudad de Oaxaca como agua, madera, captura de carbono, regulaci\u00f3n del clima, temperatura e inundaciones&#8230; Ah\u00ed est\u00e1 la importancia de la region.\u00bb<\/em><\/p>\n<p><em>\u00abEn los a\u00f1os 30, el General L\u00e1zaro C\u00e1rdenas decret\u00f3 varios parques en todo el pa\u00eds, entre ellos el Parque Nacional Benito J\u00faarez que va desde Tlalixtac, Donaj\u00ed, San Felipe del Agua, San Pablo Etla y Huayapam.\u00bb<\/em><\/p>\n<p><strong>Minuto 30&#8242; 52 y 41&#8242; 37\u00bb<\/strong><\/p>\n<p><a href=\"http:\/\/www.eloriente.net\/home\/wp-content\/uploads\/2014\/11\/IMG_5936.jpg\"><img loading=\"lazy\" decoding=\"async\" class=\"alignnone size-medium wp-image-33891\" src=\"http:\/\/www.eloriente.net\/home\/wp-content\/uploads\/2014\/11\/IMG_5936-300x200.jpg\" alt=\"IMG_5936\" width=\"300\" height=\"200\" srcset=\"http:\/\/www.eloriente.net\/home\/wp-content\/uploads\/2014\/11\/IMG_5936-300x200.jpg 300w, http:\/\/www.eloriente.net\/home\/wp-content\/uploads\/2014\/11\/IMG_5936-1024x682.jpg 1024w\" sizes=\"(max-width: 300px) 100vw, 300px\" \/><\/a><\/p>\n<p>Selecci\u00f3n de Basquetbol Varonil del Instituto Tecnol\u00f3gico de Oaxaca, dirigidos por Luis \u00abCamacho\u00bb Luna D\u00edaz e integrada por Margarito L\u00f3pez, Alan Audelo y Yair Viruel.<\/p>\n<p><em>\u00abEstos muchachos, un servidor (Prof. Camacho) y la comunidad tecnol\u00f3gica, nos sentimos muy orgullosos de representar a Oaxaca y demostrar que aqu\u00ed se hace buen basquetbol. Y no solo se trabaja lo deportivo sino tambi\u00e9n lo acad\u00e9mico&#8230; Nos sentimos orgullosos de los alumnos que dan la cara por Oaxaca y por su instituci\u00f3n. Aparte de todo lo malo que hay, seguimos trabajando por nuestro estado.\u00bb<\/em><\/p>\n<p><em>\u00abEste campeonato nos supo a gloria. Son 15 zonas m\u00e1s la sede son 16&#8230; entre los mejores del pa\u00eds resultamos en primer lugar. Es un orgullo porque es algo que quer\u00edamos desde hace 5 generaciones atr\u00e1s que se vino trabajando, es un proceso&#8230;\u00bb<\/em><\/p>\n<p><em>\u00abEl a\u00f1o pasado dimos la sorpresa, pero para este a\u00f1o no sorprendimos a nadie porque \u00edbamos como capeones a defender nuestro t\u00edtulo y les demostramos que no fue suerte, sino constancia y trabajo en equipo. Dejamos en claro que el equipo est\u00e1 para eso y para m\u00e1s&#8230; El bicampeonato nos supo a gloria&#8230; 85-72 fue el marcador en la final contra Chihuahua.\u00bb<\/em><\/p>\n<p><em>\u00abComo entrenador estoy muy contento y tengo que reconocer a sus familiares, amigos, a todos los que est\u00e1n detr\u00e1s&#8230; a sus entrenadores de antes, porque cuando llegan al tecnol\u00f3gico uno nada mas los pule y ya estamos pensando en el tricampeonato.\u00bb<\/em><\/p>\n<p><em>\u00abParticipamos en una liga nacional estudiantil con partidos fuera de Oaxaca, a visita rec\u00edproca. \u00a0Este viernes jugamos a las 7 de la noche contra el Tec de Monterrey Campus Santa Fe.\u00bb<\/em><\/p>\n<p><em>\u00abAndamos en varios estados jugando, compitiendo y poniendo en alto el nombre de Oaxaca. Eso nos sirvi\u00f3 de fogueo para lograr el bicampeonato nacional\u00bb.<\/em><\/p>\n<p><strong>Minuto 37&#8217;43\u00bb<\/strong><\/p>\n<p><a href=\"http:\/\/www.eloriente.net\/home\/wp-content\/uploads\/2014\/11\/IMG_5928.jpg\"><img loading=\"lazy\" decoding=\"async\" class=\"alignnone size-medium wp-image-33892\" src=\"http:\/\/www.eloriente.net\/home\/wp-content\/uploads\/2014\/11\/IMG_5928-300x200.jpg\" alt=\"IMG_5928\" width=\"300\" height=\"200\" srcset=\"http:\/\/www.eloriente.net\/home\/wp-content\/uploads\/2014\/11\/IMG_5928-300x200.jpg 300w, http:\/\/www.eloriente.net\/home\/wp-content\/uploads\/2014\/11\/IMG_5928-1024x682.jpg 1024w\" sizes=\"(max-width: 300px) 100vw, 300px\" \/><\/a><\/p>\n<p>*V\u00eda telef\u00f3nica &#8211; Jes\u00fas Rito, promotor del Festival Abasto de Letras<\/p>\n<p>\u00abEstamos promocionando el Festival Abasto de Letras en su 4\u00aa edici\u00f3n, con el objetivo de llevar actividades art\u00edsticas al mercado mas importante de la ciudad de Oaxaca, el mercado de abasto.\u00bb<\/p>\n<p>\u00abEntre las actividades, tendremos un autocinema por un par de d\u00edas el estacionamiento del mercado al lado de perif\u00e9rico. Vamos a proyectar dos documentales sobre el tema de migraci\u00f3n y dos cl\u00e1iscos que son &#8216;Ah\u00ed est\u00e1 el detalle&#8217; de Cantinflas y &#8216;El Rey del Barrio&#8217; de Tin Tan.\u00bb<\/p>\n<p>\u00abLa idea es tanto informar a la poblaci\u00f3n que concurra al mercado de abasto, como ofrecer un sano esparcimiento. Surgi\u00f3 a partir de la propuesta de artistas y comerciantes de la central de abastos para con la ciudad y el mercado.\u00bb<\/p>\n<p>\u00abEstamos promoviendo la literatura, el cine&#8230; abrir un nuevo espacio para las actividades culturales para los j\u00f3venes artistas se lancen a presentar su trabajo en el mercado de abasto.\u00bb<\/p>\n<p>\u00bb La promotora cultural y comerciante del mercado, Martha Acevedo, nos abri\u00f3 las puertas para realizar las actividades. Culminamos el 15 de noviembre con la funci\u00f3n de autocinema\u00bb<\/p>\n<p><iframe loading=\"lazy\" src=\"http:\/\/www.ivoox.com\/player_ek_3727952_2_1.html?data=lJyfmZ6Zdo6ZmKialp6Jd6KmlZKSmaiRdo6ZmKiakpKJe6ShkZKSmaiRmNDY0JC8w93Fp8Kfs8bRy9SPktDqysraxNfJb5KlhpewjZeUdZWhhpywj7nTqNCfsMblw8jFb7PVxc7cj4qbh46o&amp;\" width=\"238\" height=\"48\" frameborder=\"0\" scrolling=\"no\" allowfullscreen=\"allowfullscreen\"><\/iframe><\/p>\n<p><strong>Entradas relacionadas:<\/strong><\/p>\n<div id=\"post-33706\" class=\"post-33706 post type-post status-publish format-standard has-post-thumbnail hentry category-educacion-y-cultura category-entradas category-lo-mas-reciente category-municipios category-oaxaca-estados category-todo-oaxaca-radio tag-campana-de-recoleccion tag-centro-de-acopio tag-ferrocarril-mexicano-del-sur tag-manos-en-accion tag-todo-oaxaca-radio-2 tag-tor entry loop-default border_bottom_30\">\n<p class=\"entry_title\"><a title=\"Enlace Permanente a Escucha a Miguel Ortega y Amanda Avenda\u00f1o en Todo Oaxaca Radio 4\/Nov\/2014\" href=\"http:\/\/www.eloriente.net\/home\/2014\/11\/05\/escucha-a-miguel-ortega-y-amanda-avendano-en-todo-oaxaca-radio-4nov2014\/\" rel=\"bookmark\">Escucha a Miguel Ortega y Amanda Avenda\u00f1o en Todo Oaxaca Radio 4\/Nov\/2014<\/a><\/p>\n<p><a href=\"http:\/\/www.eloriente.net\/home\/2014\/11\/05\/escucha-a-miguel-ortega-y-amanda-avendano-en-todo-oaxaca-radio-4nov2014\/\" rel=\"bookmark\"><img decoding=\"async\" class=\"alignleft\" title=\"Escucha a Miguel Ortega y Amanda Avenda\u00f1o en Todo Oaxaca Radio 4\/Nov\/2014\" src=\"http:\/\/www.eloriente.net\/home\/wp-content\/themes\/city-desk\/timthumb.php?src=http%3A%2F%2Fwww.eloriente.net%2Fhome%2Fwp-content%2Fuploads%2F2014%2F11%2FIMG_5783.jpg&amp;q=90&amp;w=160&amp;h=106&amp;zc=1\" alt=\"Escucha a Miguel Ortega y Amanda Avenda\u00f1o en Todo Oaxaca Radio 4\/Nov\/2014\" \/><\/a>todooaxacaradio.com 5\/noviembre\/2014 Como cada martes, en punto de las 17:00 horas se transmiti\u00f3 el programa Todo Oaxaca Radio completamente en vivo desde la Ciudad de Oaxaca de Ju\u00e1rez, a trav\u00e9s de las frecuencias abiertas 570 AM, 94.9 FM y para todo el mundo a trav\u00e9s de www.todooaxacaradio.com. El programa es conducido por Rub\u00e9n Vasconcelos Beltr\u00e1n, [\u2026]<\/p>\n<div class=\"sharedaddy sd-sharing-enabled\">\n<div class=\"robots-nocontent sd-block sd-social sd-social-icon-text sd-sharing\">\n<div class=\"sd-content\">\n<ul>\n<li><a class=\"sharing-anchor sd-button share-more\" href=\"http:\/\/www.eloriente.net\/home\/category\/todo-oaxaca-radio\/#\">Compartir<\/a><\/li>\n<li class=\"share-end\"><\/li>\n<\/ul>\n<div class=\"sharing-hidden\"><\/div>\n<\/div>\n<\/div>\n<\/div>\n<p class=\"postmeta\"><span class=\"meta_date\">noviembre 5, 2014<\/span><\/p>\n<\/div>\n<div id=\"post-33553\" class=\"post-33553 post type-post status-publish format-standard has-post-thumbnail hentry category-educacion-y-cultura category-entradas category-lo-mas-reciente category-musica-de-oaxaca category-oaxaca-estados category-todo-oaxaca-radio tag-tor entry loop-default border_bottom_30\">\n<p class=\"entry_title\"><a title=\"Enlace Permanente a Escucha a Bertha Cervantes, Laura Herrera, Alfonso Silva y Silvia Z\u00fa\u00f1iga en Todo Oaxaca Radio 28\/Oct\/2014\" href=\"http:\/\/www.eloriente.net\/home\/2014\/10\/29\/escucha-a-bertha-cervantes-laura-herrera-alfonso-silva-y-silvia-zuniga-en-todo-oaxaca-radio-28oct2014\/\" rel=\"bookmark\">Escucha a Bertha Cervantes, Laura Herrera, Alfonso Silva y Silvia Z\u00fa\u00f1iga en Todo Oaxaca Radio 28\/Oct\/2014<\/a><\/p>\n<p><a href=\"http:\/\/www.eloriente.net\/home\/2014\/10\/29\/escucha-a-bertha-cervantes-laura-herrera-alfonso-silva-y-silvia-zuniga-en-todo-oaxaca-radio-28oct2014\/\" rel=\"bookmark\"><img decoding=\"async\" class=\"alignleft\" title=\"Escucha a Bertha Cervantes, Laura Herrera, Alfonso Silva y Silvia Z\u00fa\u00f1iga en Todo Oaxaca Radio 28\/Oct\/2014\" src=\"http:\/\/www.eloriente.net\/home\/wp-content\/themes\/city-desk\/timthumb.php?src=http%3A%2F%2Fwww.eloriente.net%2Fhome%2Fwp-content%2Fuploads%2F2014%2F10%2FIMG_5730.jpg&amp;q=90&amp;w=160&amp;h=106&amp;zc=1\" alt=\"Escucha a Bertha Cervantes, Laura Herrera, Alfonso Silva y Silvia Z\u00fa\u00f1iga en Todo Oaxaca Radio 28\/Oct\/2014\" \/><\/a>todooaxacaradio.com 28\/octubre\/2014 Como cada martes, en punto de las 17:00 horas se transmiti\u00f3 el programa Todo Oaxaca Radio completamente en vivo desde la Ciudad de Oaxaca de Ju\u00e1rez, a trav\u00e9s de las frecuencias abiertas 570 AM, 94.9 FM y para todo el mundo a trav\u00e9s de www.todooaxacaradio.com. El programa es conducido por Rub\u00e9n Vasconcelos Beltr\u00e1n, [\u2026]<\/p>\n<div class=\"sharedaddy sd-sharing-enabled\">\n<div class=\"robots-nocontent sd-block sd-social sd-social-icon-text sd-sharing\">\n<div class=\"sd-content\">\n<ul>\n<li><a class=\"sharing-anchor sd-button share-more\" href=\"http:\/\/www.eloriente.net\/home\/category\/todo-oaxaca-radio\/#\">Compartir<\/a><\/li>\n<li class=\"share-end\"><\/li>\n<\/ul>\n<div class=\"sharing-hidden\"><\/div>\n<\/div>\n<\/div>\n<\/div>\n<p class=\"postmeta\"><span class=\"meta_date\">octubre 29, 2014<\/span><\/p>\n<\/div>\n<div id=\"post-33384\" class=\"post-33384 post type-post status-publish format-standard has-post-thumbnail hentry category-educacion-y-cultura category-entradas category-lo-mas-reciente category-oaxaca-estados category-todo-oaxaca-radio tag-carlomagno-pedro tag-claudia-monet tag-paulina-gutierrez tag-premio-nacional-de-las-artes tag-silvia-martell tag-tor entry loop-default border_bottom_30\">\n<p class=\"entry_title\"><a title=\"Enlace Permanente a Escucha a Silvia Martell, Claudia Monet, Paulina Guti\u00e9rrez y Carlomagno Pedro en Todo Oaxaca Radio 22\/Oct\/2014\" href=\"http:\/\/www.eloriente.net\/home\/2014\/10\/22\/escucha-a-silvia-martell-claudia-monet-paulina-gutierrez-y-carlomagno-pedro-en-todo-oaxaca-radio-22oct2014\/\" rel=\"bookmark\">Escucha a Silvia Martell, Claudia Monet, Paulina Guti\u00e9rrez y Carlomagno Pedro en Todo Oaxaca Radio 22\/Oct\/2014<\/a><\/p>\n<p><a href=\"http:\/\/www.eloriente.net\/home\/2014\/10\/22\/escucha-a-silvia-martell-claudia-monet-paulina-gutierrez-y-carlomagno-pedro-en-todo-oaxaca-radio-22oct2014\/\" rel=\"bookmark\"><img decoding=\"async\" class=\"alignleft\" title=\"Escucha a Silvia Martell, Claudia Monet, Paulina Guti\u00e9rrez y Carlomagno Pedro en Todo Oaxaca Radio 22\/Oct\/2014\" src=\"http:\/\/www.eloriente.net\/home\/wp-content\/themes\/city-desk\/timthumb.php?src=http%3A%2F%2Fwww.eloriente.net%2Fhome%2Fwp-content%2Fuploads%2F2014%2F10%2FIMG_5605.jpg&amp;q=90&amp;w=160&amp;h=106&amp;zc=1\" alt=\"Escucha a Silvia Martell, Claudia Monet, Paulina Guti\u00e9rrez y Carlomagno Pedro en Todo Oaxaca Radio 22\/Oct\/2014\" \/><\/a>todooaxacaradio.com 21\/octubre\/2014 Como cada martes, en punto de las 17:00 horas se transmiti\u00f3 el programa Todo Oaxaca Radio completamente en vivo desde la Ciudad de Oaxaca de Ju\u00e1rez, a trav\u00e9s de las frecuencias abiertas 570 AM, 94.9 FM y para todo el mundo a trav\u00e9s de www.todooaxacaradio.com. El programa es conducido por Rub\u00e9n Vasconcelos Beltr\u00e1n, [\u2026]<\/p>\n<div class=\"sharedaddy sd-sharing-enabled\">\n<div class=\"robots-nocontent sd-block sd-social sd-social-icon-text sd-sharing\">\n<div class=\"sd-content\">\n<ul>\n<li><a class=\"sharing-anchor sd-button share-more\" href=\"http:\/\/www.eloriente.net\/home\/category\/todo-oaxaca-radio\/#\">Compartir<\/a><\/li>\n<li class=\"share-end\"><\/li>\n<\/ul>\n<div class=\"sharing-hidden\"><\/div>\n<\/div>\n<\/div>\n<\/div>\n<p class=\"postmeta\"><span class=\"meta_date\">octubre 22, 2014<\/span><\/p>\n<\/div>\n\n\t\t\t  <div \n\t\t\t  \tclass = \"fb-comments\" \n\t\t\t  \tdata-href = \"http:\/\/www.eloriente.net\/home\/2014\/11\/12\/escucha-a-rocio-olivera-jesus-rito-y-a-la-seleccion-de-basquetbol-del-ito-en-todo-oaxaca-radio-11nov2014\/\"\n\t\t\t  \tdata-numposts = \"10\"\n\t\t\t\tdata-colorscheme = \"dark\"\n\t\t\t\tdata-order-by = \"social\"\n\t\t\t\tdata-mobile=true>\n\t\t\t  <\/div>\n\t\t  <style>\n\t\t\t.fb_iframe_widget_fluid_desktop iframe {\n\t\t\t    width: 100% !important;\n\t\t\t}\n\t\t  <\/style>\n\t\t  ","protected":false},"excerpt":{"rendered":"<p>todooaxacaradio.com 5\/noviembre\/2014 Como cada martes, en punto de las 17:00 horas se transmiti\u00f3 el programa Todo Oaxaca Radio completamente en vivo desde la Ciudad de Oaxaca de Ju\u00e1rez, a trav\u00e9s de las frecuencias abiertas 570 AM, 94.9 FM y para todo el mundo a trav\u00e9s de www.todooaxacaradio.com. El programa es conducido por Rub\u00e9n Vasconcelos Beltr\u00e1n, [&hellip;]<\/p>\n","protected":false},"author":1,"featured_media":33890,"comment_status":"open","ping_status":"open","sticky":false,"template":"","format":"standard","meta":{"_jetpack_memberships_contains_paid_content":false,"footnotes":""},"categories":[29,15,32,10,20,464,12],"tags":[2234,2959,2955,1394],"class_list":["post-33887","post","type-post","status-publish","format-standard","has-post-thumbnail","hentry","category-capital","category-deportes","category-entradas","category-lo-mas-reciente","category-medio-ambiente","category-oaxaca-estados","category-todo-oaxaca-radio","tag-basquetbol","tag-cordillera-norte","tag-ito","tag-todo-oaxaca"],"jetpack_featured_media_url":"http:\/\/www.eloriente.net\/home\/wp-content\/uploads\/2014\/11\/IMG_5944.jpg","jetpack_sharing_enabled":true,"_links":{"self":[{"href":"http:\/\/www.eloriente.net\/home\/wp-json\/wp\/v2\/posts\/33887"}],"collection":[{"href":"http:\/\/www.eloriente.net\/home\/wp-json\/wp\/v2\/posts"}],"about":[{"href":"http:\/\/www.eloriente.net\/home\/wp-json\/wp\/v2\/types\/post"}],"author":[{"embeddable":true,"href":"http:\/\/www.eloriente.net\/home\/wp-json\/wp\/v2\/users\/1"}],"replies":[{"embeddable":true,"href":"http:\/\/www.eloriente.net\/home\/wp-json\/wp\/v2\/comments?post=33887"}],"version-history":[{"count":1,"href":"http:\/\/www.eloriente.net\/home\/wp-json\/wp\/v2\/posts\/33887\/revisions"}],"predecessor-version":[{"id":33894,"href":"http:\/\/www.eloriente.net\/home\/wp-json\/wp\/v2\/posts\/33887\/revisions\/33894"}],"wp:featuredmedia":[{"embeddable":true,"href":"http:\/\/www.eloriente.net\/home\/wp-json\/wp\/v2\/media\/33890"}],"wp:attachment":[{"href":"http:\/\/www.eloriente.net\/home\/wp-json\/wp\/v2\/media?parent=33887"}],"wp:term":[{"taxonomy":"category","embeddable":true,"href":"http:\/\/www.eloriente.net\/home\/wp-json\/wp\/v2\/categories?post=33887"},{"taxonomy":"post_tag","embeddable":true,"href":"http:\/\/www.eloriente.net\/home\/wp-json\/wp\/v2\/tags?post=33887"}],"curies":[{"name":"wp","href":"https:\/\/api.w.org\/{rel}","templated":true}]}}