{"id":33947,"date":"2014-11-14T12:05:46","date_gmt":"2014-11-14T18:05:46","guid":{"rendered":"http:\/\/www.eloriente.net\/home\/?p=33947"},"modified":"2014-11-14T12:05:46","modified_gmt":"2014-11-14T18:05:46","slug":"15-semifinalistas-para-jovenes-por-oaxaca","status":"publish","type":"post","link":"http:\/\/www.eloriente.net\/home\/2014\/11\/14\/15-semifinalistas-para-jovenes-por-oaxaca\/","title":{"rendered":"15 semifinalistas para JovenEs por Oaxaca"},"content":{"rendered":"<p>eloriente.net<\/p>\n<p>14\/noviembre\/2014<\/p>\n<p>\u2022 Presentan nombres de 15 semifinalistas originarios de diferentes regiones del estado: Sierra Sur, Mixteca, Istmo y Valles Centrales.<\/p>\n<p>Concluy\u00f3 el proceso de selecci\u00f3n de la primera etapa de la Convocatoria \u201cIniciativa JovenEs por Oaxaca\u201d, que fue lanzada el pasado 27 de agosto del presente a\u00f1o, impulsada por el Consejo Ciudadano de la Juventud A.C. que preside Alejandra Silva Soriano y respaldada por la Comisi\u00f3n de Juventud del H. Congreso de la Uni\u00f3n.<\/p>\n<p>En este ejercicio, participaron j\u00f3venes entre los 18 y 29 a\u00f1os, originarios de las 8 regiones del estado de Oaxaca. El objetivo de Iniciativa es impulsar la participaci\u00f3n de las juventudes, de manera activa y propositiva en los asuntos p\u00fablicos, mediante la presentaci\u00f3n de reformas, adiciones e iniciativas de ley federal en materia de juventud.<\/p>\n<p>Como parte de la primera etapa del proyecto, se dieron a conocer los nombres de 15 j\u00f3venes que pasar\u00e1n a la siguiente fase, donde ser\u00e1n elegidos 4 ganadores, quienes adem\u00e1s de recibir un est\u00edmulo econ\u00f3mico, tendr\u00e1n el respaldo de la actual Legislatura del estado para dar seguimiento a sus propuestas.<\/p>\n<p>El proyecto en Oaxaca, es coordinado tambi\u00e9n por el Instituto de la Juventud del Estado de Oaxaca, el Instituto Nacional Electoral, la LXII Legislatura del Estado y el Consejo Nacional de Juventud del IMJUVE, todas ellas, instituciones comprometidas con el desarrollo de las y los j\u00f3venes.<\/p>\n<p><a href=\"http:\/\/www.eloriente.net\/home\/wp-content\/uploads\/2014\/11\/semi_municipiossss.jpg\"><img loading=\"lazy\" decoding=\"async\" class=\"size-large wp-image-33948 aligncenter\" src=\"http:\/\/www.eloriente.net\/home\/wp-content\/uploads\/2014\/11\/semi_municipiossss-774x1024.jpg\" alt=\"semi_municipiossss\" width=\"774\" height=\"1024\" srcset=\"http:\/\/www.eloriente.net\/home\/wp-content\/uploads\/2014\/11\/semi_municipiossss-774x1024.jpg 774w, http:\/\/www.eloriente.net\/home\/wp-content\/uploads\/2014\/11\/semi_municipiossss-227x300.jpg 227w, http:\/\/www.eloriente.net\/home\/wp-content\/uploads\/2014\/11\/semi_municipiossss-1024x1353.jpg 1024w\" sizes=\"(max-width: 774px) 100vw, 774px\" \/><\/a><\/p>\n<p><strong>Entradas relacionadas:<\/strong><\/p>\n<p class=\"entry_title\"><a title=\"Enlace Permanente a Iniciativa Joven-Es Por Oaxaca, presentada por el Consejo Ciudadano de la Juventud\" href=\"http:\/\/www.eloriente.net\/home\/2014\/08\/25\/iniciativa-joven-es-por-oaxaca-presentada-por-el-consejo-ciudadano-de-la-juventud\/\" rel=\"bookmark\">Iniciativa Joven-Es Por Oaxaca, presentada por el Consejo Ciudadano de la Juventud<\/a><\/p>\n<p><a href=\"http:\/\/www.eloriente.net\/home\/2014\/08\/25\/iniciativa-joven-es-por-oaxaca-presentada-por-el-consejo-ciudadano-de-la-juventud\/\" rel=\"bookmark\"><img decoding=\"async\" class=\"alignleft\" title=\"Iniciativa Joven-Es Por Oaxaca, presentada por el Consejo Ciudadano de la Juventud\" src=\"http:\/\/www.eloriente.net\/home\/wp-content\/themes\/city-desk\/timthumb.php?src=http%3A%2F%2Fwww.eloriente.net%2Fhome%2Fwp-content%2Fuploads%2F2014%2F08%2FJoven-Es.jpg&amp;q=90&amp;w=160&amp;h=106&amp;zc=1\" alt=\"Iniciativa Joven-Es Por Oaxaca, presentada por el Consejo Ciudadano de la Juventud\" \/><\/a><\/p>\n<p>eloriente.net 25\/agosto\/2014 Como resultado de la gesti\u00f3n realizada por Alejandra Silva Soriano, Presidenta del Consejo Ciudadano de la Juventud A.C., Oaxaca ser\u00e1 el primer estado de la Rep\u00fablica en replicar el proyecto \u201cIniciativa Joven-es por M\u00e9xico\u201d. El pr\u00f3ximo 27 de agosto del presente a\u00f1o, con la presencia del Dip. Fed, Jos\u00e9 Luis Oliveros Usabiaga, Presidente [\u2026]<\/p>\n<div class=\"sharedaddy sd-sharing-enabled\">\n<div class=\"robots-nocontent sd-block sd-social sd-social-icon-text sd-sharing\">\n<div class=\"sd-content\">\n<ul>\n<li><a class=\"sharing-anchor sd-button share-more\" href=\"http:\/\/www.eloriente.net\/home\/?x=0&amp;y=0&amp;s=Iniciativa+Joven-Es+Por+Oaxaca%2C+presentada+por+el+Consejo+Ciudadano+de+la+Juventud#\">Compartir<\/a><\/li>\n<li class=\"share-end\"><\/li>\n<\/ul>\n<div class=\"sharing-hidden\"><\/div>\n<\/div>\n<\/div>\n<\/div>\n<p class=\"postmeta\"><span class=\"meta_date\">agosto 25, 2014<\/span><\/p>\n<p class=\"entry_title\"><a title=\"Enlace Permanente a J\u00f3venes revolucionan juicios orales en Oaxaca\" href=\"http:\/\/www.eloriente.net\/home\/2014\/10\/03\/jovenes-revolucionan-juicios-orales-en-oaxaca\/\" rel=\"bookmark\">J\u00f3venes revolucionan juicios orales en Oaxaca<\/a><\/p>\n<p><a href=\"http:\/\/www.eloriente.net\/home\/2014\/10\/03\/jovenes-revolucionan-juicios-orales-en-oaxaca\/\" rel=\"bookmark\"><img decoding=\"async\" class=\"alignleft\" title=\"J\u00f3venes revolucionan juicios orales en Oaxaca\" src=\"http:\/\/www.eloriente.net\/home\/wp-content\/themes\/city-desk\/timthumb.php?src=http%3A%2F%2Fwww.eloriente.net%2Fhome%2Fwp-content%2Fuploads%2F2014%2F10%2FCertamen-Juicios-Orales-CONATRIB-Foto-Alfredo-Woolrich-eloriente.net_.jpg&amp;q=90&amp;w=160&amp;h=106&amp;zc=1\" alt=\"J\u00f3venes revolucionan juicios orales en Oaxaca\" \/><\/a><\/p>\n<p>eloriente.net 3 de octubre de 2014 La Sala de Juicios Orales del Tribunal Superior de Justicia en Oaxaca recibi\u00f3 a equipos de j\u00f3venes universitarios para ejercitarse en el arte del litigio de nuestros nuevos tiempos: los juicios orales. Estudiantes de las universidades Aut\u00f3noma Benito Ju\u00e1rez de Oaxaca (UABJO); La Salle Oaxaca; Regional del Sureste (URSE); [\u2026]<\/p>\n<div class=\"sharedaddy sd-sharing-enabled\">\n<div class=\"robots-nocontent sd-block sd-social sd-social-icon-text sd-sharing\">\n<div class=\"sd-content\">\n<ul>\n<li><a class=\"sharing-anchor sd-button share-more\" href=\"http:\/\/www.eloriente.net\/home\/?x=0&amp;y=0&amp;s=jovenes+por+oaxaca#\">Compartir<\/a><\/li>\n<li class=\"share-end\"><\/li>\n<\/ul>\n<div class=\"sharing-hidden\"><\/div>\n<\/div>\n<\/div>\n<\/div>\n<p class=\"postmeta\"><span class=\"meta_date\">octubre 3, 2014<\/span><\/p>\n<p class=\"entry_title\"><a title=\"Enlace Permanente a Sociedad Civil representada por Una Luz M\u00e1s en Oaxaca\" href=\"http:\/\/www.eloriente.net\/home\/2014\/10\/15\/sociedad-civil-de-oaxaca-representada-por-una-luz-mas\/\" rel=\"bookmark\">Sociedad Civil representada por Una Luz M\u00e1s en Oaxaca<\/a><\/p>\n<p><a href=\"http:\/\/www.eloriente.net\/home\/2014\/10\/15\/sociedad-civil-de-oaxaca-representada-por-una-luz-mas\/\" rel=\"bookmark\"><img decoding=\"async\" class=\"alignleft\" title=\"Sociedad Civil representada por Una Luz M\u00e1s en Oaxaca\" src=\"http:\/\/www.eloriente.net\/home\/wp-content\/themes\/city-desk\/timthumb.php?src=http%3A%2F%2Fwww.eloriente.net%2Fhome%2Fwp-content%2Fuploads%2F2014%2F10%2FASS.jpg&amp;q=90&amp;w=160&amp;h=106&amp;zc=1\" alt=\"Sociedad Civil representada por Una Luz M\u00e1s en Oaxaca\" \/><\/a><\/p>\n<p>eloriente.net 15\/octubre\/2014 \u201cPor primera vez en a\u00f1os, un Presidente mencion\u00f3 en su discurso la importancia de incluir a las Personas con Discapacidad. Despu\u00e9s de a\u00f1os, estuvo presente en el evento m\u00e1s importante de Sociedad Civil en M\u00e9xico\u201d es la apreciaci\u00f3n de Alejandra Silva Soriano, directora de la asociaci\u00f3n civil Una Luz M\u00e1s en Oaxaca. Alejandra [\u2026]<\/p>\n<div class=\"sharedaddy sd-sharing-enabled\">\n<div class=\"robots-nocontent sd-block sd-social sd-social-icon-text sd-sharing\">\n<div class=\"sd-content\">\n<ul>\n<li><a class=\"sharing-anchor sd-button share-more\" href=\"http:\/\/www.eloriente.net\/home\/?x=0&amp;y=0&amp;s=jovenes+por+oaxaca#\">Compartir<\/a><\/li>\n<li class=\"share-end\"><\/li>\n<\/ul>\n<div class=\"sharing-hidden\"><\/div>\n<\/div>\n<\/div>\n<\/div>\n<p class=\"postmeta\"><span class=\"meta_date\">octubre 15, 2014<\/span><\/p>\n\n\t\t\t  <div \n\t\t\t  \tclass = \"fb-comments\" \n\t\t\t  \tdata-href = \"http:\/\/www.eloriente.net\/home\/2014\/11\/14\/15-semifinalistas-para-jovenes-por-oaxaca\/\"\n\t\t\t  \tdata-numposts = \"10\"\n\t\t\t\tdata-colorscheme = \"dark\"\n\t\t\t\tdata-order-by = \"social\"\n\t\t\t\tdata-mobile=true>\n\t\t\t  <\/div>\n\t\t  <style>\n\t\t\t.fb_iframe_widget_fluid_desktop iframe {\n\t\t\t    width: 100% !important;\n\t\t\t}\n\t\t  <\/style>\n\t\t  ","protected":false},"excerpt":{"rendered":"<p>eloriente.net 14\/noviembre\/2014 \u2022 Presentan nombres de 15 semifinalistas originarios de diferentes regiones del estado: Sierra Sur, Mixteca, Istmo y Valles Centrales. Concluy\u00f3 el proceso de selecci\u00f3n de la primera etapa de la Convocatoria \u201cIniciativa JovenEs por Oaxaca\u201d, que fue lanzada el pasado 27 de agosto del presente a\u00f1o, impulsada por el Consejo Ciudadano de la [&hellip;]<\/p>\n","protected":false},"author":1,"featured_media":33949,"comment_status":"open","ping_status":"open","sticky":false,"template":"","format":"standard","meta":{"_jetpack_memberships_contains_paid_content":false,"footnotes":""},"categories":[32,10,464],"tags":[2986],"class_list":["post-33947","post","type-post","status-publish","format-standard","has-post-thumbnail","hentry","category-entradas","category-lo-mas-reciente","category-oaxaca-estados","tag-jovenes-por-oaxaca"],"jetpack_featured_media_url":"http:\/\/www.eloriente.net\/home\/wp-content\/uploads\/2014\/11\/21.jpg","jetpack_sharing_enabled":true,"_links":{"self":[{"href":"http:\/\/www.eloriente.net\/home\/wp-json\/wp\/v2\/posts\/33947"}],"collection":[{"href":"http:\/\/www.eloriente.net\/home\/wp-json\/wp\/v2\/posts"}],"about":[{"href":"http:\/\/www.eloriente.net\/home\/wp-json\/wp\/v2\/types\/post"}],"author":[{"embeddable":true,"href":"http:\/\/www.eloriente.net\/home\/wp-json\/wp\/v2\/users\/1"}],"replies":[{"embeddable":true,"href":"http:\/\/www.eloriente.net\/home\/wp-json\/wp\/v2\/comments?post=33947"}],"version-history":[{"count":1,"href":"http:\/\/www.eloriente.net\/home\/wp-json\/wp\/v2\/posts\/33947\/revisions"}],"predecessor-version":[{"id":33950,"href":"http:\/\/www.eloriente.net\/home\/wp-json\/wp\/v2\/posts\/33947\/revisions\/33950"}],"wp:featuredmedia":[{"embeddable":true,"href":"http:\/\/www.eloriente.net\/home\/wp-json\/wp\/v2\/media\/33949"}],"wp:attachment":[{"href":"http:\/\/www.eloriente.net\/home\/wp-json\/wp\/v2\/media?parent=33947"}],"wp:term":[{"taxonomy":"category","embeddable":true,"href":"http:\/\/www.eloriente.net\/home\/wp-json\/wp\/v2\/categories?post=33947"},{"taxonomy":"post_tag","embeddable":true,"href":"http:\/\/www.eloriente.net\/home\/wp-json\/wp\/v2\/tags?post=33947"}],"curies":[{"name":"wp","href":"https:\/\/api.w.org\/{rel}","templated":true}]}}