{"id":33975,"date":"2014-11-14T00:00:53","date_gmt":"2014-11-14T06:00:53","guid":{"rendered":"http:\/\/www.eloriente.net\/home\/?p=33975"},"modified":"2014-11-15T09:42:28","modified_gmt":"2014-11-15T15:42:28","slug":"urgente-el-tema-de-la-infancia-en-oaxaca","status":"publish","type":"post","link":"http:\/\/www.eloriente.net\/home\/2014\/11\/14\/urgente-el-tema-de-la-infancia-en-oaxaca\/","title":{"rendered":"Urgente el tema de la infancia en Oaxaca"},"content":{"rendered":"<p>eloriente.net \/ <a href=\"http:\/\/www.tribunaloax.gob.mx\/\" target=\"_blank\">Tribunal Superior de Justicia<\/a><\/p>\n<p>14\/noviembre\/2014<\/p>\n<p>Intervendr\u00e1n peritos especialistas en casos que involucren a menores de edad<\/p>\n<p>\u00b7 Los titulares de ambas instituciones firmaron un convenio para que peritos psic\u00f3logos atiendan casos que involucren a menores de edad y mujeres<\/p>\n<p>En su compromiso de ser garante de los derechos humanos y de la protecci\u00f3n integral de la infancia, el titular del Poder Judicial del Estado, magistrado Alfredo Rodrigo Lagunas Rivera y el procurador General de Justicia, H\u00e9ctor Joaqu\u00edn Carrillo Ruiz, firmaron un convenio de colaboraci\u00f3n para acceder de manera coordinada al servicio de peritos especialistas en psicolog\u00eda, en los procedimientos judiciales que involucren a ni\u00f1as, ni\u00f1os y adolescentes.<\/p>\n<p>Las instituciones de procuraci\u00f3n e impartici\u00f3n de justicia en Oaxaca intercambiar\u00e1n tecnolog\u00eda, infraestructura y conocimiento de profesionales, en la elaboraci\u00f3n de pruebas cient\u00edficas y asistencia t\u00e9cnica inmediata, as\u00ed como en la atenci\u00f3n de menores de edad y mujeres que requieren oportuna intervenci\u00f3n judicial para preservar su dignidad y derechos.<\/p>\n<p>Durante la firma del acuerdo, que se efectu\u00f3 en la sede del Consejo de la Judicatura y que fue atestiguada por magistradas, magistrados, jueces y juezas en materia familiar, as\u00ed como consejeras y consejeros de la judicatura y funcionarios de la Procuradur\u00eda General de Justicia, Lagunas Rivera resalt\u00f3 que el tema de la infancia en Oaxaca tiene \u00e1mbitos de urgente atenci\u00f3n y el espacio de la administraci\u00f3n de justicia es uno de ellos.<\/p>\n<p>\u201cEsa es la raz\u00f3n que nos ha conducido a dise\u00f1ar y emprender acciones para proteger y garantizar los cuatro valores y principios fundamentales de la infancia, de acuerdo con los est\u00e1ndares internacionales y constitucionales en la materia como son: el inter\u00e9s superior de la infancia, la no discriminaci\u00f3n, el derecho a la participaci\u00f3n en los asuntos que afectan a las y los menores, y el derecho a la vida, la supervivencia y el desarrollo\u201d, afirm\u00f3.<\/p>\n<p>Luego de se\u00f1alar la urgencia de fomentar un pensamiento operativo de la justicia acorde a sus valores y principios para acotar las relaciones de discriminaci\u00f3n y violencia que actualmente sacuden a la sociedad, expres\u00f3 su confianza en que ambas instituciones, logren conjuntamente l\u00edneas de acci\u00f3n que diagnostiquen, planifiquen y construyan los mejores indicadores que en Oaxaca las cosas est\u00e1n cambiando en los hechos y no solo en las palabras.<\/p>\n<p>Reitera PGJE compromiso de trabajo interinstitucional<\/p>\n<p>En su oportunidad, el procurador Carrillo Ruiz, quien estuvo acompa\u00f1ado por los subprocuradores de las zonas Norte y Sur, Jorge Octavio Aquino Reyes y Javier Villanueva Hern\u00e1ndez, respectivamente; reconoci\u00f3 la importancia de unir esfuerzos con el Poder Judicial y generar las oportunidades que garanticen el trabajo coordinado, con la finalidad de ofrecer a las y los justiciables procesos judiciales de calidad, tal como lo establecen las Reformas Constitucionales en materia penal.<\/p>\n<p>En este sentido, puso a disposici\u00f3n de las y los juzgadores, de las v\u00edctimas de delitos y dem\u00e1s actores que intervienen en los procesos judiciales de los sistemas acusatorio y tradicional, el equipo tecnol\u00f3gico, laboratorios, adem\u00e1s de la experiencia en investigaci\u00f3n de las y los especialistas de la instituci\u00f3n a su cargo, para mejorar la calidad de la impartici\u00f3n de justicia.<\/p>\n<p><a href=\"http:\/\/www.eloriente.net\/home\/wp-content\/uploads\/2014\/11\/Titulares-del-PJO-y-PGJE-firmaron-convenio-de-colaboraci\u00f3n.jpg\"><img loading=\"lazy\" decoding=\"async\" class=\"alignnone size-medium wp-image-33976\" src=\"http:\/\/www.eloriente.net\/home\/wp-content\/uploads\/2014\/11\/Titulares-del-PJO-y-PGJE-firmaron-convenio-de-colaboraci\u00f3n-300x199.jpg\" alt=\"???????????????????????????????\" width=\"300\" height=\"199\" srcset=\"http:\/\/www.eloriente.net\/home\/wp-content\/uploads\/2014\/11\/Titulares-del-PJO-y-PGJE-firmaron-convenio-de-colaboraci\u00f3n-300x199.jpg 300w, http:\/\/www.eloriente.net\/home\/wp-content\/uploads\/2014\/11\/Titulares-del-PJO-y-PGJE-firmaron-convenio-de-colaboraci\u00f3n-1024x681.jpg 1024w\" sizes=\"(max-width: 300px) 100vw, 300px\" \/><\/a><\/p>\n<p>Foto: TSJ<\/p>\n<p><strong>Entradas relacionadas:<\/strong><\/p>\n<div id=\"post-33833\" class=\"post-33833 post type-post status-publish format-standard has-post-thumbnail hentry category-capital category-comunicados-y-boletines category-congreso-y-justicia category-educacion-y-cultura category-entradas category-lo-mas-reciente category-oaxaca-estados category-universidades tag-cortv tag-jovenes tag-tsj entry loop-default border_bottom_30\">\n<p class=\"entry_title\"><a title=\"Enlace Permanente a \u201cGenerando Ideas GNY\u201d, nuevo espacio juvenil en TV de Oaxaca\" href=\"http:\/\/www.eloriente.net\/home\/2014\/11\/10\/generando-ideas-gny-nuevo-espacio-juvenil-en-tv-de-oaxaca\/\" rel=\"bookmark\">\u201cGenerando Ideas GNY\u201d, nuevo espacio juvenil en TV de Oaxaca<\/a><\/p>\n<p><a href=\"http:\/\/www.eloriente.net\/home\/2014\/11\/10\/generando-ideas-gny-nuevo-espacio-juvenil-en-tv-de-oaxaca\/\" rel=\"bookmark\"><img decoding=\"async\" class=\"alignleft\" title=\"\u201cGenerando Ideas GNY\u201d, nuevo espacio juvenil en TV de Oaxaca\" src=\"http:\/\/www.eloriente.net\/home\/wp-content\/themes\/city-desk\/timthumb.php?src=http%3A%2F%2Fwww.eloriente.net%2Fhome%2Fwp-content%2Fuploads%2F2014%2F11%2FPrimeras-acciones-derivadas-del-convenio-de-colaboaci%C3%B3n-entre-el-PJO-y-CORTV.jpg&amp;q=90&amp;w=160&amp;h=106&amp;zc=1\" alt=\"\u201cGenerando Ideas GNY\u201d, nuevo espacio juvenil en TV de Oaxaca\" \/><\/a>eloriente.net \/ Tribunal Superior de Justicia 10\/noviembre\/2014 Como un espacio de reflexi\u00f3n e intercambio de informaci\u00f3n para j\u00f3venes, el programa de televisi\u00f3n Generando Ideas GNY, iniciar\u00e1 transmisiones el pr\u00f3ximo martes 18 de noviembre El pr\u00f3ximo martes 18 de noviembre iniciar\u00e1 en Oaxaca la primera temporada del programa de televisi\u00f3n \u201cGenerando Ideas\u201d, \u00a0espacio de reflexi\u00f3n e [\u2026]<\/p>\n<div class=\"sharedaddy sd-sharing-enabled\">\n<div class=\"robots-nocontent sd-block sd-social sd-social-icon-text sd-sharing\">\n<div class=\"sd-content\">\n<ul>\n<li><a class=\"sharing-anchor sd-button share-more\" href=\"http:\/\/www.eloriente.net\/home\/tag\/tsj\/#\">Compartir<\/a><\/li>\n<li class=\"share-end\"><\/li>\n<\/ul>\n<div class=\"sharing-hidden\"><\/div>\n<\/div>\n<\/div>\n<\/div>\n<p class=\"postmeta\"><span class=\"meta_date\">noviembre 10, 2014<\/span><\/p>\n<\/div>\n<div id=\"post-33529\" class=\"post-33529 post type-post status-publish format-standard has-post-thumbnail hentry category-comunicados-y-boletines category-congreso-y-justicia category-entradas category-lo-mas-reciente category-oaxaca-estados tag-secretarios-judiciales tag-tsj entry loop-default border_bottom_30\">\n<p class=\"entry_title\"><a title=\"Enlace Permanente a Futuros Secretarios Judiciales en curso de especializaci\u00f3n\" href=\"http:\/\/www.eloriente.net\/home\/2014\/10\/28\/futuros-secretarios-judiciales-en-curso-de-especializacion\/\" rel=\"bookmark\">Futuros Secretarios Judiciales en curso de especializaci\u00f3n<\/a><\/p>\n<p><a href=\"http:\/\/www.eloriente.net\/home\/2014\/10\/28\/futuros-secretarios-judiciales-en-curso-de-especializacion\/\" rel=\"bookmark\"><img decoding=\"async\" class=\"alignleft\" title=\"Futuros Secretarios Judiciales en curso de especializaci\u00f3n\" src=\"http:\/\/www.eloriente.net\/home\/wp-content\/themes\/city-desk\/timthumb.php?src=http%3A%2F%2Fwww.eloriente.net%2Fhome%2Fwp-content%2Fuploads%2F2014%2F08%2FPostulantes-al-cargo-de-secretarios-contin%C3%BAan-siendo-evaluados-T.jpg&amp;q=90&amp;w=160&amp;h=106&amp;zc=1\" alt=\"Futuros Secretarios Judiciales en curso de especializaci\u00f3n\" \/><\/a>eloriente.net \/ Tribunal Superior de Justicia 28\/octubre\/2014 \u2022 El magistrado Alfredo Lagunas Rivera inform\u00f3 que de noviembre del 2013 a octubre de este a\u00f1o se realiz\u00f3 la rotaci\u00f3n de 79 juzgadores y 205 secretarios y secretarias de acuerdo De 114 jueces y juezas que se encuentran adscritos a los diferentes juzgados de Oaxaca de los [\u2026]<\/p>\n<div class=\"sharedaddy sd-sharing-enabled\">\n<div class=\"robots-nocontent sd-block sd-social sd-social-icon-text sd-sharing\">\n<div class=\"sd-content\">\n<ul>\n<li><a class=\"sharing-anchor sd-button share-more\" href=\"http:\/\/www.eloriente.net\/home\/tag\/tsj\/#\">Compartir<\/a><\/li>\n<li class=\"share-end\"><\/li>\n<\/ul>\n<div class=\"sharing-hidden\"><\/div>\n<\/div>\n<\/div>\n<\/div>\n<p class=\"postmeta\"><span class=\"meta_date\">octubre 28, 2014<\/span><\/p>\n<\/div>\n<div id=\"post-33368\" class=\"post-33368 post type-post status-publish format-standard has-post-thumbnail hentry category-comunicados-y-boletines category-congreso-y-justicia category-derechos-humanos category-entradas category-lo-mas-reciente category-oaxaca-estados tag-pjeo tag-tsj entry loop-default border_bottom_30\">\n<p class=\"entry_title\"><a title=\"Enlace Permanente a \u201cOn-line\u201d los Derechos Humanos en Oaxaca\" href=\"http:\/\/www.eloriente.net\/home\/2014\/10\/21\/on-line-los-derechos-humanos-en-oaxaca\/\" rel=\"bookmark\">\u201cOn-line\u201d los Derechos Humanos en Oaxaca<\/a><\/p>\n<p><a href=\"http:\/\/www.eloriente.net\/home\/2014\/10\/21\/on-line-los-derechos-humanos-en-oaxaca\/\" rel=\"bookmark\"><img decoding=\"async\" class=\"alignleft\" title=\"\u201cOn-line\u201d los Derechos Humanos en Oaxaca\" src=\"http:\/\/www.eloriente.net\/home\/wp-content\/themes\/city-desk\/timthumb.php?src=http%3A%2F%2Fwww.eloriente.net%2Fhome%2Fwp-content%2Fuploads%2F2014%2F10%2Fp%C3%A1ginawebdh.jpg&amp;q=90&amp;w=160&amp;h=106&amp;zc=1\" alt=\"\u201cOn-line\u201d los Derechos Humanos en Oaxaca\" \/><\/a>eloriente.net \/ Tribunal Superior de Justicia 21\/octubre\/2014 \u201cLos Derechos Humanos son el conjunto de prerrogativas inherentes a la naturaleza de la persona, cuya realizaci\u00f3n efectiva resulta indispensable para el desarrollo integral del individuo que vive en una sociedad jur\u00eddicamente organizada. Estos derechos, establecidos en la Constituci\u00f3n y en las leyes, deben ser reconocidos y garantizados [\u2026]<\/p>\n<div class=\"sharedaddy sd-sharing-enabled\">\n<div class=\"robots-nocontent sd-block sd-social sd-social-icon-text sd-sharing\">\n<div class=\"sd-content\">\n<ul>\n<li><a class=\"sharing-anchor sd-button share-more\" href=\"http:\/\/www.eloriente.net\/home\/tag\/tsj\/#\">Compartir<\/a><\/li>\n<li class=\"share-end\"><\/li>\n<\/ul>\n<div class=\"sharing-hidden\"><\/div>\n<\/div>\n<\/div>\n<\/div>\n<p class=\"postmeta\"><span class=\"meta_date\">octubre 21, 2014<\/span><\/p>\n<\/div>\n\n\t\t\t  <div \n\t\t\t  \tclass = \"fb-comments\" \n\t\t\t  \tdata-href = \"http:\/\/www.eloriente.net\/home\/2014\/11\/14\/urgente-el-tema-de-la-infancia-en-oaxaca\/\"\n\t\t\t  \tdata-numposts = \"10\"\n\t\t\t\tdata-colorscheme = \"dark\"\n\t\t\t\tdata-order-by = \"social\"\n\t\t\t\tdata-mobile=true>\n\t\t\t  <\/div>\n\t\t  <style>\n\t\t\t.fb_iframe_widget_fluid_desktop iframe {\n\t\t\t    width: 100% !important;\n\t\t\t}\n\t\t  <\/style>\n\t\t  ","protected":false},"excerpt":{"rendered":"<p>eloriente.net \/ Tribunal Superior de Justicia 14\/noviembre\/2014 Intervendr\u00e1n peritos especialistas en casos que involucren a menores de edad \u00b7 Los titulares de ambas instituciones firmaron un convenio para que peritos psic\u00f3logos atiendan casos que involucren a menores de edad y mujeres En su compromiso de ser garante de los derechos humanos y de la protecci\u00f3n [&hellip;]<\/p>\n","protected":false},"author":1,"featured_media":33976,"comment_status":"open","ping_status":"open","sticky":false,"template":"","format":"standard","meta":{"_jetpack_memberships_contains_paid_content":false,"footnotes":""},"categories":[1588,91,32,10,464],"tags":[1102,225],"class_list":["post-33975","post","type-post","status-publish","format-standard","has-post-thumbnail","hentry","category-comunicados-y-boletines","category-congreso-y-justicia","category-entradas","category-lo-mas-reciente","category-oaxaca-estados","tag-infancia","tag-tsj"],"jetpack_featured_media_url":"http:\/\/www.eloriente.net\/home\/wp-content\/uploads\/2014\/11\/Titulares-del-PJO-y-PGJE-firmaron-convenio-de-colaboraci\u00f3n.jpg","jetpack_sharing_enabled":true,"_links":{"self":[{"href":"http:\/\/www.eloriente.net\/home\/wp-json\/wp\/v2\/posts\/33975"}],"collection":[{"href":"http:\/\/www.eloriente.net\/home\/wp-json\/wp\/v2\/posts"}],"about":[{"href":"http:\/\/www.eloriente.net\/home\/wp-json\/wp\/v2\/types\/post"}],"author":[{"embeddable":true,"href":"http:\/\/www.eloriente.net\/home\/wp-json\/wp\/v2\/users\/1"}],"replies":[{"embeddable":true,"href":"http:\/\/www.eloriente.net\/home\/wp-json\/wp\/v2\/comments?post=33975"}],"version-history":[{"count":1,"href":"http:\/\/www.eloriente.net\/home\/wp-json\/wp\/v2\/posts\/33975\/revisions"}],"predecessor-version":[{"id":33977,"href":"http:\/\/www.eloriente.net\/home\/wp-json\/wp\/v2\/posts\/33975\/revisions\/33977"}],"wp:featuredmedia":[{"embeddable":true,"href":"http:\/\/www.eloriente.net\/home\/wp-json\/wp\/v2\/media\/33976"}],"wp:attachment":[{"href":"http:\/\/www.eloriente.net\/home\/wp-json\/wp\/v2\/media?parent=33975"}],"wp:term":[{"taxonomy":"category","embeddable":true,"href":"http:\/\/www.eloriente.net\/home\/wp-json\/wp\/v2\/categories?post=33975"},{"taxonomy":"post_tag","embeddable":true,"href":"http:\/\/www.eloriente.net\/home\/wp-json\/wp\/v2\/tags?post=33975"}],"curies":[{"name":"wp","href":"https:\/\/api.w.org\/{rel}","templated":true}]}}