{"id":34001,"date":"2014-10-04T12:18:09","date_gmt":"2014-10-04T18:18:09","guid":{"rendered":"http:\/\/www.eloriente.net\/home\/?p=34001"},"modified":"2014-11-18T12:41:16","modified_gmt":"2014-11-18T18:41:16","slug":"ramiro-vasquez-y-las-artes-del-libro","status":"publish","type":"post","link":"http:\/\/www.eloriente.net\/home\/2014\/10\/04\/ramiro-vasquez-y-las-artes-del-libro\/","title":{"rendered":"Ramiro V\u00e1squez y las artes del libro"},"content":{"rendered":"<p>eloriente.net \/ <a href=\"uabjo.mx\" target=\"_blank\">UABJO<\/a><\/p>\n<p>4\/octubre\/2014<\/p>\n<p>La Direcci\u00f3n de Servicios Editoriales de la UABJO, una tradici\u00f3n universitaria<\/p>\n<p>\u2022 Imparten Taller de Tipograf\u00eda en coordinaci\u00f3n con el CDO y el Centro Cultural San Pablo<\/p>\n<p>En el marco del 475 aniversario de la imprenta en M\u00e9xico, la Direcci\u00f3n de Servicios Editoriales de la Universidad Aut\u00f3noma \u201cBenito Ju\u00e1rez\u201d de Oaxaca (UABJO) organiz\u00f3 el taller de tipograf\u00eda impartido por el maestro Ramiro V\u00e1squez, como parte del ciclo de actividades \u201cLas Artes del Libro\u201d: Pr\u00f3logo\u201d organizado por el Centro de Dise\u00f1o de Oaxaca (CDO) y el Centro Cultural San Pablo.<\/p>\n<p>A decir de N\u00e9stor Guti\u00e9rrez Jim\u00e9nez Director de Servicios Editoriales de la UABJO, el objetivo de este taller es introducir a los participantes en el uso de los tipos m\u00f3viles, la prensa plana y la distribuci\u00f3n de los textos en distintos formatos de papel, as\u00ed como el uso de los cuadratines, m\u00faltiplos y subm\u00faltiplos y el m\u00e9todo de levantamiento de l\u00ednea.<\/p>\n<p>\u201cNos interesa que las nuevas generaciones conozcan este tipo de t\u00e9cnicas, que aunque ahora han sido desplazadas por las nuevas herramientas tecnol\u00f3gicas, tienen una enorme tradici\u00f3n y constituyen parte fundamental de la historia de la imprenta\u201d.<\/p>\n<p>Por otra parte, Guti\u00e9rrez Jim\u00e9nez, quien recientemente ha sido designado como Director del \u00e1rea, destac\u00f3 la labor que se realiza en los talleres de impresi\u00f3n de la Universidad y se\u00f1al\u00f3 que entre los principales retos que enfrentar\u00e1 su gesti\u00f3n est\u00e1n el de modernizar los procesos de producci\u00f3n a trav\u00e9s de la utilizaci\u00f3n de mejores equipos y la capacitaci\u00f3n de los trabajadores.<\/p>\n<p>\u201cEl trabajo que se realiza en la imprenta es fundamental para la comunidad universitaria pues, adem\u00e1s de la gaceta universitaria, imprimimos libros, revistas, carteles y en general, materiales que sirven para la difusi\u00f3n del trabajo que se realiza al interior de las diferentes unidades educativas. El \u00e1rea de Servicios Editoriales tiene una tradici\u00f3n de m\u00e1s de 50 a\u00f1os al servicio de los universitarios.\u201d<\/p>\n<p>Asimismo, el funcionario se\u00f1al\u00f3 que buscar\u00e1 promover el trabajo que se realiza en el \u00e1rea entre la comunidad universitaria, a fin de que los estudiantes conozcan la labor que Servicios Editoriales ha desarrollado y la manera en c\u00f3mo forma parte de la tradici\u00f3n universitaria.<\/p>\n<p>\u201cTenemos la idea de mantener un programa de capacitaci\u00f3n abierta al p\u00fablico de manera permanente, pero no s\u00f3lo eso; a lo largo de los a\u00f1os se ha ido formando un acervo de trabajos de impresi\u00f3n realizados en nuestros talleres que vale la pena mostrar para que la comunidad universitaria los conozca y valore, por lo que existe la propuesta de montar una exposici\u00f3n que sirva como un recorrido a trav\u00e9s de la historia y muestre parte del trabajo que se ha venido realizando.\u201d<\/p>\n<p><a href=\"http:\/\/www.eloriente.net\/home\/wp-content\/uploads\/2014\/11\/051.jpg\"><img loading=\"lazy\" decoding=\"async\" class=\"alignnone size-medium wp-image-34002\" src=\"http:\/\/www.eloriente.net\/home\/wp-content\/uploads\/2014\/11\/051-300x200.jpg\" alt=\"05\" width=\"300\" height=\"200\" srcset=\"http:\/\/www.eloriente.net\/home\/wp-content\/uploads\/2014\/11\/051-300x200.jpg 300w, http:\/\/www.eloriente.net\/home\/wp-content\/uploads\/2014\/11\/051-1024x682.jpg 1024w\" sizes=\"(max-width: 300px) 100vw, 300px\" \/><\/a><\/p>\n<p>Foto: UABJO<\/p>\n<p><strong>Entradas relacionadas:<\/strong><\/p>\n<div id=\"post-33931\" class=\"post-33931 post type-post status-publish format-standard has-post-thumbnail hentry category-comunicados-y-boletines category-educacion-y-cultura category-entradas category-lo-mas-reciente category-oaxaca-estados category-universidades tag-congreso-internacional tag-derecho-procesal-penal tag-uabjo entry loop-default border_bottom_30\">\n<p class=\"entry_title\"><a title=\"Enlace Permanente a Expertos internacionales en Derecho Procesal Penal vendr\u00e1n a Oaxaca\" href=\"http:\/\/www.eloriente.net\/home\/2014\/11\/13\/expertos-internacionales-en-derecho-procesal-penal-vendran-a-oaxaca\/\" rel=\"bookmark\">Expertos internacionales en Derecho Procesal Penal vendr\u00e1n a Oaxaca<\/a><\/p>\n<p><a href=\"http:\/\/www.eloriente.net\/home\/2014\/11\/13\/expertos-internacionales-en-derecho-procesal-penal-vendran-a-oaxaca\/\" rel=\"bookmark\"><img decoding=\"async\" class=\"alignleft\" title=\"Expertos internacionales en Derecho Procesal Penal vendr\u00e1n a Oaxaca\" src=\"http:\/\/www.eloriente.net\/home\/wp-content\/themes\/city-desk\/timthumb.php?src=http%3A%2F%2Fwww.eloriente.net%2Fhome%2Fwp-content%2Fuploads%2F2014%2F11%2F13.jpg&amp;q=90&amp;w=160&amp;h=106&amp;zc=1\" alt=\"Expertos internacionales en Derecho Procesal Penal vendr\u00e1n a Oaxaca\" \/><\/a>eloriente.net \/ UABJO 13\/noviembre\/2014 Facultad de Derecho y Fundaci\u00f3n UABJO anuncia su Congreso Internacional de Derecho Procesal Penal \u2022 Ponentes de talla internacional del 25 al 28 de noviembre Como parte de las actividades acad\u00e9micas que se realizan en la Universidad Aut\u00f3noma \u201cBenito Ju\u00e1rez\u201d de Oaxaca (UABJO), el director de la Facultad de Derecho y [\u2026]<\/p>\n<div class=\"sharedaddy sd-sharing-enabled\">\n<div class=\"robots-nocontent sd-block sd-social sd-social-icon-text sd-sharing\">\n<div class=\"sd-content\">\n<ul>\n<li><a class=\"sharing-anchor sd-button share-more\" href=\"http:\/\/www.eloriente.net\/home\/tag\/uabjo\/#\">Compartir<\/a><\/li>\n<li class=\"share-end\"><\/li>\n<\/ul>\n<div class=\"sharing-hidden\"><\/div>\n<\/div>\n<\/div>\n<\/div>\n<p class=\"postmeta\"><span class=\"meta_date\">noviembre 13, 2014<\/span><\/p>\n<\/div>\n<div id=\"post-33870\" class=\"post-33870 post type-post status-publish format-standard has-post-thumbnail hentry category-comunicados-y-boletines category-educacion-y-cultura category-entradas category-lo-mas-reciente category-oaxaca-estados category-universidades tag-acreditacion tag-biologia tag-ciees tag-escuela-de-ciencias tag-fisica tag-uabjo entry loop-default border_bottom_30\">\n<p class=\"entry_title\"><a title=\"Enlace Permanente a Todo el empe\u00f1o generar\u00e1 la acreditaci\u00f3n: Magaly Hern\u00e1ndez\" href=\"http:\/\/www.eloriente.net\/home\/2014\/11\/11\/toda-el-empeno-generara-la-acreditacion-magaly-hernandez\/\" rel=\"bookmark\">Todo el empe\u00f1o generar\u00e1 la acreditaci\u00f3n: Magaly Hern\u00e1ndez<\/a><\/p>\n<p><a href=\"http:\/\/www.eloriente.net\/home\/2014\/11\/11\/toda-el-empeno-generara-la-acreditacion-magaly-hernandez\/\" rel=\"bookmark\"><img decoding=\"async\" class=\"alignleft\" title=\"Todo el empe\u00f1o generar\u00e1 la acreditaci\u00f3n: Magaly Hern\u00e1ndez\" src=\"http:\/\/www.eloriente.net\/home\/wp-content\/themes\/city-desk\/timthumb.php?src=http%3A%2F%2Fwww.eloriente.net%2Fhome%2Fwp-content%2Fuploads%2F2014%2F11%2F112.jpg&amp;q=90&amp;w=160&amp;h=106&amp;zc=1\" alt=\"Todo el empe\u00f1o generar\u00e1 la acreditaci\u00f3n: Magaly Hern\u00e1ndez\" \/><\/a>eloriente.net \/ UABJO 11\/noviembre\/2014 Avanza proceso de acreditaci\u00f3n de licenciaturas en Escuela de Ciencias de la UABJO Como resultado del proceso para alcanzar la acreditaci\u00f3n de las licenciaturas en Biolog\u00eda y F\u00edsica de la Escuela de Ciencias de la Universidad Aut\u00f3noma \u201cBenito Ju\u00e1rez\u201d de Oaxaca (UABJO), se realiz\u00f3 el acto protocolario para la entrega formal [\u2026]<\/p>\n<div class=\"sharedaddy sd-sharing-enabled\">\n<div class=\"robots-nocontent sd-block sd-social sd-social-icon-text sd-sharing\">\n<div class=\"sd-content\">\n<ul>\n<li><a class=\"sharing-anchor sd-button share-more\" href=\"http:\/\/www.eloriente.net\/home\/tag\/uabjo\/#\">Compartir<\/a><\/li>\n<li class=\"share-end\"><\/li>\n<\/ul>\n<div class=\"sharing-hidden\"><\/div>\n<\/div>\n<\/div>\n<\/div>\n<p class=\"postmeta\"><span class=\"meta_date\">noviembre 11, 2014<\/span><\/p>\n<\/div>\n<div id=\"post-33843\" class=\"post-33843 post type-post status-publish format-standard has-post-thumbnail hentry category-comunicados-y-boletines category-educacion-y-cultura category-entradas category-lo-mas-reciente category-oaxaca-estados category-universidades tag-enfermeria tag-trabajo-social tag-uabjo tag-vinculacion entry loop-default border_bottom_30\">\n<p class=\"entry_title\"><a title=\"Enlace Permanente a A establecer v\u00ednculos para los estudiantes de enfermer\u00eda\" href=\"http:\/\/www.eloriente.net\/home\/2014\/11\/10\/a-establecer-vinculos-para-los-estudiantes-de-enfermeria\/\" rel=\"bookmark\">A establecer v\u00ednculos para los estudiantes de enfermer\u00eda<\/a><\/p>\n<p><a href=\"http:\/\/www.eloriente.net\/home\/2014\/11\/10\/a-establecer-vinculos-para-los-estudiantes-de-enfermeria\/\" rel=\"bookmark\"><img decoding=\"async\" class=\"alignleft\" title=\"A establecer v\u00ednculos para los estudiantes de enfermer\u00eda\" src=\"http:\/\/www.eloriente.net\/home\/wp-content\/themes\/city-desk\/timthumb.php?src=http%3A%2F%2Fwww.eloriente.net%2Fhome%2Fwp-content%2Fuploads%2F2014%2F11%2F102.jpg&amp;q=90&amp;w=160&amp;h=106&amp;zc=1\" alt=\"A establecer v\u00ednculos para los estudiantes de enfermer\u00eda\" \/><\/a>eloriente.net \/ UABJO 10\/noviembre\/2014 Como resultado de un proceso de elecci\u00f3n transparente, realizado en un clima de tranquilidad y una participaci\u00f3n de la comunidad universitaria que alcanz\u00f3 el 90% del padr\u00f3n de votantes, el pasado 17 de octubre del a\u00f1o en curso, Luisa Ch\u00e1vez Solano fue elegida como la nueva Directora de la Facultad de [\u2026]<\/p>\n<div class=\"sharedaddy sd-sharing-enabled\">\n<div class=\"robots-nocontent sd-block sd-social sd-social-icon-text sd-sharing\">\n<div class=\"sd-content\">\n<ul>\n<li><a class=\"sharing-anchor sd-button share-more\" href=\"http:\/\/www.eloriente.net\/home\/tag\/uabjo\/#\">Compartir<\/a><\/li>\n<li class=\"share-end\"><\/li>\n<\/ul>\n<div class=\"sharing-hidden\"><\/div>\n<\/div>\n<\/div>\n<\/div>\n<p class=\"postmeta\"><span class=\"meta_date\">noviembre 10, 2014<\/span><\/p>\n<\/div>\n\n\t\t\t  <div \n\t\t\t  \tclass = \"fb-comments\" \n\t\t\t  \tdata-href = \"http:\/\/www.eloriente.net\/home\/2014\/10\/04\/ramiro-vasquez-y-las-artes-del-libro\/\"\n\t\t\t  \tdata-numposts = \"10\"\n\t\t\t\tdata-colorscheme = \"dark\"\n\t\t\t\tdata-order-by = \"social\"\n\t\t\t\tdata-mobile=true>\n\t\t\t  <\/div>\n\t\t  <style>\n\t\t\t.fb_iframe_widget_fluid_desktop iframe {\n\t\t\t    width: 100% !important;\n\t\t\t}\n\t\t  <\/style>\n\t\t  ","protected":false},"excerpt":{"rendered":"<p>eloriente.net \/ UABJO 4\/octubre\/2014 La Direcci\u00f3n de Servicios Editoriales de la UABJO, una tradici\u00f3n universitaria \u2022 Imparten Taller de Tipograf\u00eda en coordinaci\u00f3n con el CDO y el Centro Cultural San Pablo En el marco del 475 aniversario de la imprenta en M\u00e9xico, la Direcci\u00f3n de Servicios Editoriales de la Universidad Aut\u00f3noma \u201cBenito Ju\u00e1rez\u201d de Oaxaca [&hellip;]<\/p>\n","protected":false},"author":1,"featured_media":34002,"comment_status":"open","ping_status":"open","sticky":false,"template":"","format":"standard","meta":{"_jetpack_memberships_contains_paid_content":false,"footnotes":""},"categories":[1588,18,32,10,464],"tags":[182],"class_list":["post-34001","post","type-post","status-publish","format-standard","has-post-thumbnail","hentry","category-comunicados-y-boletines","category-educacion-y-cultura","category-entradas","category-lo-mas-reciente","category-oaxaca-estados","tag-uabjo"],"jetpack_featured_media_url":"http:\/\/www.eloriente.net\/home\/wp-content\/uploads\/2014\/11\/051.jpg","jetpack_sharing_enabled":true,"_links":{"self":[{"href":"http:\/\/www.eloriente.net\/home\/wp-json\/wp\/v2\/posts\/34001"}],"collection":[{"href":"http:\/\/www.eloriente.net\/home\/wp-json\/wp\/v2\/posts"}],"about":[{"href":"http:\/\/www.eloriente.net\/home\/wp-json\/wp\/v2\/types\/post"}],"author":[{"embeddable":true,"href":"http:\/\/www.eloriente.net\/home\/wp-json\/wp\/v2\/users\/1"}],"replies":[{"embeddable":true,"href":"http:\/\/www.eloriente.net\/home\/wp-json\/wp\/v2\/comments?post=34001"}],"version-history":[{"count":4,"href":"http:\/\/www.eloriente.net\/home\/wp-json\/wp\/v2\/posts\/34001\/revisions"}],"predecessor-version":[{"id":34015,"href":"http:\/\/www.eloriente.net\/home\/wp-json\/wp\/v2\/posts\/34001\/revisions\/34015"}],"wp:featuredmedia":[{"embeddable":true,"href":"http:\/\/www.eloriente.net\/home\/wp-json\/wp\/v2\/media\/34002"}],"wp:attachment":[{"href":"http:\/\/www.eloriente.net\/home\/wp-json\/wp\/v2\/media?parent=34001"}],"wp:term":[{"taxonomy":"category","embeddable":true,"href":"http:\/\/www.eloriente.net\/home\/wp-json\/wp\/v2\/categories?post=34001"},{"taxonomy":"post_tag","embeddable":true,"href":"http:\/\/www.eloriente.net\/home\/wp-json\/wp\/v2\/tags?post=34001"}],"curies":[{"name":"wp","href":"https:\/\/api.w.org\/{rel}","templated":true}]}}