{"id":34047,"date":"2014-11-19T08:46:11","date_gmt":"2014-11-19T14:46:11","guid":{"rendered":"http:\/\/www.eloriente.net\/home\/?p=34047"},"modified":"2014-11-19T08:46:57","modified_gmt":"2014-11-19T14:46:57","slug":"descredito-de-partidos-quien-propone-alternativas","status":"publish","type":"post","link":"http:\/\/www.eloriente.net\/home\/2014\/11\/19\/descredito-de-partidos-quien-propone-alternativas\/","title":{"rendered":"Descr\u00e9dito de partidos: \u00bfQui\u00e9n propone alternativas?"},"content":{"rendered":"<p>eloriente.net<\/p>\n<p>19\/noviembre\/2014<\/p>\n<p>Por Adri\u00e1n Ortiz Romero<\/p>\n<p>Inconformes, van a nada; violencia liquida legitimidad<\/p>\n<p>Hoy en M\u00e9xico nos encontramos en un callej\u00f3n sin salida. En una v\u00eda, de los amplios sectores inconformes por las desapariciones, la violencia, la corrupci\u00f3n y la impunidad que el caso de Guerrero puso al descubierto, no han podido articularse para emprender un proceso civilizado y amplio de construcci\u00f3n de alternativas; en otra v\u00eda, paralela a la primera, se encuentran los partidos que se niegan a reconocer la crisis de Estado por la que atraviesa el pa\u00eds, y en una tercera v\u00eda se encuentran aquellos grupos que insisten en traducir la inconformidad en violencia. Todo eso, junto, nos lleva a la nada. \u00bfEs eso lo que queremos?<\/p>\n<p>En efecto, hoy en d\u00eda M\u00e9xico vive una crisis sin precedentes porque todo el sistema de partidos ha demostrado preocupantes signos de fatiga, que van desde la imposibilidad de enfrentar una crisis como la de los normalistas de Guerrero, hasta el hecho de que hoy toda la clase pol\u00edtica parece estar machaconamente coludida para minimizar lo ocurrido frente a una sociedad que simplemente ya no les cree. Hay grupos que dicen que se deben buscar alternativas de manera urgente (y aunque ya parecen tener m\u00e1s o menos claro el qu\u00e9, no han podido articular los c\u00f3mos). Pero hay otros que simplemente est\u00e1n apostando todo a la violencia.<\/p>\n<p>Deber\u00edamos poder ver este asunto en una perspectiva m\u00e1s amplia. Porque lo que los partidos y la clase pol\u00edtica han insistido en hacer es simplemente enfrentar esta crisis como si fuera un tema simple de comisi\u00f3n de delitos. Es decir, exigiendo comprensi\u00f3n a la ciudadan\u00eda, no mostrando acciones excepcionales, y minimizando el impacto de las inconformidades, como si lo ocurrido hubiera sido un simple enfrentamiento entre particulares y evitando reconocer que se trata no de un crimen de Estado, sino de un conjunto de hechos que generaron una responsabilidad de Estado.<br \/>\nQuienes insisten en atajar ese reconocimiento lo hacen porque dicen que reconocer la existencia del crimen de Estado implica aceptar todas las banderas que grupos pol\u00edticos han ondeado para golpear al grupo gobernante. En esa parte tienen raz\u00f3n, pues muchos de los que han insistido en el crimen de Estado lo que quieren es responsabilizar al gobierno federal directamente por los hechos de Guerrero, como si el Presidente hubiera mandado a detener y desaparecer a los normalistas de Ayotzinapa.<\/p>\n<p>Pero el hecho de que el gobierno federal rechace la existencia de un crimen de Estado no significa que no deba reconocer que s\u00ed existe una responsabilidad de Estado, que es una cuesti\u00f3n muy distinta a la del crimen de Estado, y que al margen de cualquier visi\u00f3n \u201cpartidizada\u201d s\u00ed existe en este caso (ver Al Margen 30.10.2014). \u00bfCu\u00e1l es el problema? Que el Estado sigue resisti\u00e9ndose a tomar acciones excepcionales, y eso genera una enorme incredulidad e indignaci\u00f3n entre la sociedad, que s\u00ed quiere respuestas extraordinarias a hechos que considera \u2014y con toda la raz\u00f3n\u2014 fuera de cualquier posibilidad de ser tolerados y permitidos dentro de la \u201ccotidianidad\u201d de los hechos.<\/p>\n<p>Al lado de eso se encuentran los partidos pol\u00edticos, que siguen esa misma v\u00eda en la resistencia de no perder su estatus de privilegio. El PRI, por ejemplo, se ha limitado a hacer una discreta defensa del gobierno federal emanado de su partido, pero no ha sido capaz de tomar la bandera de las reformas institucionales para cerrarle la puerta definitivamente a este tipo de hechos.<br \/>\nNo quieren, en resumen, incomodar a su Presidente, a\u00fan cuando su pasividad incomoda e indigna al pa\u00eds. El PAN tambi\u00e9n se encuentra en esa situaci\u00f3n. Y el PRD, que es quien vive la crisis m\u00e1s fuerte por sus implicaciones con las autoridades corruptas y criminales de Guerrero, lo est\u00e1 arrastrando a un lodazal del cual, adem\u00e1s, no hace nada para salir.<\/p>\n<p>Todo eso hace de esta crisis excepcional, porque ni las instituciones ni los partidos son capaces de asumir el fondo de este problema, y mucho menos de proponer alternativas bien vistas por la ciudadan\u00eda. \u00bfQu\u00e9 quedar\u00eda? Lo \u00fanico son los caminos de la democracia participativa\u2026 que hoy se encuentran tambi\u00e9n gravemente amenazados por la insistencia de quienes prefieren la violencia a la propuesta, y con ello le dan la raz\u00f3n a los que quieren que las cosas no cambien. Veamos.<\/p>\n<p>LOS INCONFORMES SE BOICOTEAN SOLOS<\/p>\n<p>El pa\u00eds lleva 50 d\u00edas en una crisis sin precedentes y las propuestas de reforma apenas comienzan a emerger. Ninguna de esas iniciativas es de la clase pol\u00edtica, y hemos visto tambi\u00e9n muy pocas de la ciudadan\u00eda organizada. Lo que hoy inunda al pa\u00eds es la violencia de otros grupos que, tambi\u00e9n organizados, prefieren gastar su tiempo en marchar y asumirse como inconformes, pero sin proponer soluciones.<\/p>\n<p>En ese sentido, hay una clara proclividad a la violencia. S\u00f3lo que la violencia es por definici\u00f3n incompatible con la raz\u00f3n. Y lo que urge en M\u00e9xico son propuestas razonables para salir de esta crisis, antes que esas banderas sean tomadas por los mismos bribones que lo llevaron a esta situaci\u00f3n, y hagan los cambios cosm\u00e9ticos que no resuelvan de fondo los problemas que existen. Eso es urgente. Y sin embargo resulta que la violencia es lo que sigue permeando y, al mismo tiempo, ahuyentando del posible debate a quienes s\u00ed tienen al menos una propuesta para que el Estado mexicano salga de este hoyo.<\/p>\n<p>Por esa raz\u00f3n es urgente que en todo el pa\u00eds, y en los grupos organizados, quepa la cordura y comiencen ya a canalizar sus inconformidades por otras v\u00edas. De otro modo lo que seguir\u00edan haciendo es boicotearse solos, y minando los fr\u00e1giles caminos de la democracia participativa \u2014que es esa forma de democracia en la que la ciudadan\u00eda asume directamente parte del costo de las decisiones evitando que su voluntad sea suplida o interpretada por quienes son sus representantes ante los poderes del Estado\u2014. \u00c9ste debiera ser, pues, el momento en que los mexicanos tom\u00e1ramos parte de la situaci\u00f3n para hacer algo por nuestro pa\u00eds. Pero por eso mismo, quienes insisten en la violencia lo \u00fanico que hacen es alejar la propuesta y legitimar a los que quieren que nada cambie.<\/p>\n<p>OPOSICI\u00d3N DE PAPEL<\/p>\n<p>Si la bancada priista en el Congreso local insiste en que la integraci\u00f3n de la Mesa Directiva es ilegal, \u00bfpor qu\u00e9 no combate esos actos en los tribunales? No lo hace, y por eso su indignaci\u00f3n y su oposici\u00f3n se ve desde afuera como una mera pose que no se ve respaldada con acciones concretas y cre\u00edbles para defender la constitucionalidad que s\u00ed habr\u00eda podido ser vulnerada por los acuerdos de las dem\u00e1s bancadas. \u00bfEntonces?<\/p>\n<p><a href=\"http:\/\/www.eloriente.net\/home\/wp-content\/uploads\/2014\/11\/M\u00e9xico-Gris-Sapdiel-G\u00f3mez-Guti\u00e9rrez.jpg\"><img loading=\"lazy\" decoding=\"async\" class=\"alignnone size-medium wp-image-34048\" src=\"http:\/\/www.eloriente.net\/home\/wp-content\/uploads\/2014\/11\/M\u00e9xico-Gris-Sapdiel-G\u00f3mez-Guti\u00e9rrez-300x199.jpg\" alt=\"M\u00e9xico Gris - Sapdiel G\u00f3mez Guti\u00e9rrez\" width=\"300\" height=\"199\" srcset=\"http:\/\/www.eloriente.net\/home\/wp-content\/uploads\/2014\/11\/M\u00e9xico-Gris-Sapdiel-G\u00f3mez-Guti\u00e9rrez-300x199.jpg 300w, http:\/\/www.eloriente.net\/home\/wp-content\/uploads\/2014\/11\/M\u00e9xico-Gris-Sapdiel-G\u00f3mez-Guti\u00e9rrez-1024x682.jpg 1024w, http:\/\/www.eloriente.net\/home\/wp-content\/uploads\/2014\/11\/M\u00e9xico-Gris-Sapdiel-G\u00f3mez-Guti\u00e9rrez.jpg 2048w\" sizes=\"(max-width: 300px) 100vw, 300px\" \/><\/a><\/p>\n<p>Foto:\u00a0<a class=\"owner-name truncate\" title=\"Ir a la galer\u00eda de Sapdiel G\u00f3mez Guti\u00e9rrez\" href=\"https:\/\/www.flickr.com\/photos\/127788031@N03\/\" data-track=\"attributionNameClick\" data-rapid_p=\"23\">Sapdiel G\u00f3mez Guti\u00e9rrez<\/a>\u00a0&#8211;\u00a0<a class=\"photo-license-url\" href=\"https:\/\/creativecommons.org\/licenses\/by-sa\/2.0\/\" target=\"_newtab\" rel=\"license cc:license\" data-rapid_p=\"28\">Algunos derechos reservados<\/a><\/p>\n<p><strong>Entradas relacionadas:<\/strong><\/p>\n<div id=\"post-33895\" class=\"post-33895 post type-post status-publish format-standard has-post-thumbnail hentry category-adrian-ortiz-romero category-colaboradores category-entradas category-lo-mas-reciente category-oaxaca-estados category-politica-y-gobierno tag-lxii-legislatura entry loop-default border_bottom_30\">\n<p class=\"entry_title\"><a title=\"Enlace Permanente a LXII Legislatura: \u00bfA qui\u00e9n rinde resultados la Jucopo?\" href=\"http:\/\/www.eloriente.net\/home\/2014\/11\/12\/lxii-legislatura-a-quien-rinde-resultados-la-jucopo\/\" rel=\"bookmark\">LXII Legislatura: \u00bfA qui\u00e9n rinde resultados la Jucopo?<\/a><\/p>\n<p><a href=\"http:\/\/www.eloriente.net\/home\/2014\/11\/12\/lxii-legislatura-a-quien-rinde-resultados-la-jucopo\/\" rel=\"bookmark\"><img decoding=\"async\" class=\"alignleft\" title=\"LXII Legislatura: \u00bfA qui\u00e9n rinde resultados la Jucopo?\" src=\"http:\/\/www.eloriente.net\/home\/wp-content\/themes\/city-desk\/timthumb.php?src=http%3A%2F%2Fwww.eloriente.net%2Fhome%2Fwp-content%2Fuploads%2F2014%2F06%2FDiputados-Por-Congreso1.jpg&amp;q=90&amp;w=160&amp;h=106&amp;zc=1\" alt=\"LXII Legislatura: \u00bfA qui\u00e9n rinde resultados la Jucopo?\" \/><\/a>eloriente.net 12\/noviembre\/2014 Por Adri\u00e1n Ortiz Romero Sin controles ni contrapesos, el Congreso va a la nada Ma\u00f1ana jueves arrancar\u00e1n t\u00e9cnicamente los trabajos del segundo a\u00f1o de labores de la LXII Legislatura, y hasta hoy nadie ha podido explicar cu\u00e1l es la raz\u00f3n de los nulos resultados de su primer a\u00f1o de trabajo, y de que [\u2026]<\/p>\n<div class=\"sharedaddy sd-sharing-enabled\">\n<div class=\"robots-nocontent sd-block sd-social sd-social-icon-text sd-sharing\">\n<div class=\"sd-content\">\n<ul>\n<li><a class=\"sharing-anchor sd-button share-more\" href=\"http:\/\/www.eloriente.net\/home\/category\/colaboradores\/adrian-ortiz-romero\/#\">Compartir<\/a><\/li>\n<li class=\"share-end\"><\/li>\n<\/ul>\n<div class=\"sharing-hidden\"><\/div>\n<\/div>\n<\/div>\n<\/div>\n<p class=\"postmeta\"><span class=\"meta_date\">noviembre 12, 2014<\/span><\/p>\n<\/div>\n<div id=\"post-33827\" class=\"post-33827 post type-post status-publish format-standard has-post-thumbnail hentry category-lunesdepolitica category-adrian-ortiz-romero category-colaboradores category-entradas category-lo-mas-reciente category-politica-y-gobierno tag-consulta tag-consulta-popular tag-referendum entry loop-default border_bottom_30\">\n<p class=\"entry_title\"><a title=\"Enlace Permanente a Refer\u00e9ndums: en M\u00e9xico, s\u00f3lo manipulaci\u00f3n\" href=\"http:\/\/www.eloriente.net\/home\/2014\/11\/10\/referendums-en-mexico-solo-manipulacion\/\" rel=\"bookmark\">Refer\u00e9ndums: en M\u00e9xico, s\u00f3lo manipulaci\u00f3n<\/a><\/p>\n<p><a href=\"http:\/\/www.eloriente.net\/home\/2014\/11\/10\/referendums-en-mexico-solo-manipulacion\/\" rel=\"bookmark\"><img decoding=\"async\" class=\"alignleft\" title=\"Refer\u00e9ndums: en M\u00e9xico, s\u00f3lo manipulaci\u00f3n\" src=\"http:\/\/www.eloriente.net\/home\/wp-content\/themes\/city-desk\/timthumb.php?src=http%3A%2F%2Fwww.eloriente.net%2Fhome%2Fwp-content%2Fuploads%2F2014%2F11%2FRefer%C3%A9ndum-en.wikipedia.org_.jpg&amp;q=90&amp;w=160&amp;h=106&amp;zc=1\" alt=\"Refer\u00e9ndums: en M\u00e9xico, s\u00f3lo manipulaci\u00f3n\" \/><\/a>eloriente.net 10\/noviembre\/2014 Por Adri\u00e1n Ortiz Romero En EEUU consultas s\u00ed definen temas p\u00fablicos Hace unos d\u00edas, el pleno de la Suprema Corte de Justicia de la Naci\u00f3n declar\u00f3 inconstitucional e improcedente la consulta popular sobre la reforma energ\u00e9tica que plante\u00f3 el Movimiento de Regeneraci\u00f3n Popular de Andr\u00e9s Manuel L\u00f3pez Obrador. Antes hab\u00eda hecho lo mismo [\u2026]<\/p>\n<div class=\"sharedaddy sd-sharing-enabled\">\n<div class=\"robots-nocontent sd-block sd-social sd-social-icon-text sd-sharing\">\n<div class=\"sd-content\">\n<ul>\n<li><a class=\"sharing-anchor sd-button share-more\" href=\"http:\/\/www.eloriente.net\/home\/category\/colaboradores\/adrian-ortiz-romero\/#\">Compartir<\/a><\/li>\n<li class=\"share-end\"><\/li>\n<\/ul>\n<div class=\"sharing-hidden\"><\/div>\n<\/div>\n<\/div>\n<\/div>\n<p class=\"postmeta\"><span class=\"meta_date\">noviembre 10, 2014<\/span><\/p>\n<\/div>\n<div id=\"post-33774\" class=\"post-33774 post type-post status-publish format-standard has-post-thumbnail hentry category-adrian-ortiz-romero category-colaboradores category-entradas category-lo-mas-reciente category-oaxaca-estados category-politica-y-gobierno entry loop-default border_bottom_30\">\n<p class=\"entry_title\"><a title=\"Enlace Permanente a Secci\u00f3n 22: \u00bfpor qu\u00e9 la crisis los pulveriza?\" href=\"http:\/\/www.eloriente.net\/home\/2014\/11\/07\/seccion-22-por-que-la-crisis-los-pulveriza\/\" rel=\"bookmark\">Secci\u00f3n 22: \u00bfpor qu\u00e9 la crisis los pulveriza?<\/a><\/p>\n<p><a href=\"http:\/\/www.eloriente.net\/home\/2014\/11\/07\/seccion-22-por-que-la-crisis-los-pulveriza\/\" rel=\"bookmark\"><img decoding=\"async\" class=\"alignleft\" title=\"Secci\u00f3n 22: \u00bfpor qu\u00e9 la crisis los pulveriza?\" src=\"http:\/\/www.eloriente.net\/home\/wp-content\/themes\/city-desk\/timthumb.php?src=http%3A%2F%2Fwww.eloriente.net%2Fhome%2Fwp-content%2Fuploads%2F2014%2F04%2FMarcha-Contra-la-Reforma-Laboral-Por-Secci%C3%B3n-22.jpg&amp;q=90&amp;w=160&amp;h=106&amp;zc=1\" alt=\"Secci\u00f3n 22: \u00bfpor qu\u00e9 la crisis los pulveriza?\" \/><\/a>eloriente.net 7\/noviembre\/2014 Por Adri\u00e1n Ortiz Romero Equilibrio de fuerzas, mito ante la realidad En memoria de \u00d3scar Ra\u00fal Ortiz Romero, que ayer fue llamado a cuentas por el Creador. Hay quienes, en t\u00e9rminos muy simplistas, creen o que el gobierno del estado no tiene ning\u00fan tipo de relaci\u00f3n pol\u00edtica con la Secci\u00f3n 22 del SNTE [\u2026]<\/p>\n<div class=\"sharedaddy sd-sharing-enabled\">\n<div class=\"robots-nocontent sd-block sd-social sd-social-icon-text sd-sharing\">\n<div class=\"sd-content\">\n<ul>\n<li><a class=\"sharing-anchor sd-button share-more\" href=\"http:\/\/www.eloriente.net\/home\/category\/colaboradores\/adrian-ortiz-romero\/#\">Compartir<\/a><\/li>\n<li class=\"share-end\"><\/li>\n<\/ul>\n<div class=\"sharing-hidden\"><\/div>\n<\/div>\n<\/div>\n<\/div>\n<p class=\"postmeta\"><span class=\"meta_date\">noviembre 7, 2014<\/span><\/p>\n<\/div>\n\n\t\t\t  <div \n\t\t\t  \tclass = \"fb-comments\" \n\t\t\t  \tdata-href = \"http:\/\/www.eloriente.net\/home\/2014\/11\/19\/descredito-de-partidos-quien-propone-alternativas\/\"\n\t\t\t  \tdata-numposts = \"10\"\n\t\t\t\tdata-colorscheme = \"dark\"\n\t\t\t\tdata-order-by = \"social\"\n\t\t\t\tdata-mobile=true>\n\t\t\t  <\/div>\n\t\t  <style>\n\t\t\t.fb_iframe_widget_fluid_desktop iframe {\n\t\t\t    width: 100% !important;\n\t\t\t}\n\t\t  <\/style>\n\t\t  ","protected":false},"excerpt":{"rendered":"<p>eloriente.net 19\/noviembre\/2014 Por Adri\u00e1n Ortiz Romero Inconformes, van a nada; violencia liquida legitimidad Hoy en M\u00e9xico nos encontramos en un callej\u00f3n sin salida. En una v\u00eda, de los amplios sectores inconformes por las desapariciones, la violencia, la corrupci\u00f3n y la impunidad que el caso de Guerrero puso al descubierto, no han podido articularse para emprender [&hellip;]<\/p>\n","protected":false},"author":2,"featured_media":34048,"comment_status":"open","ping_status":"open","sticky":false,"template":"","format":"standard","meta":{"_jetpack_memberships_contains_paid_content":false,"footnotes":""},"categories":[38,11,32,10,24,21],"tags":[2716,579,159,192],"class_list":["post-34047","post","type-post","status-publish","format-standard","has-post-thumbnail","hentry","category-adrian-ortiz-romero","category-colaboradores","category-entradas","category-lo-mas-reciente","category-mexico-y-el-mundo","category-politica-y-gobierno","tag-ayotzinapa","tag-pan","tag-prd","tag-pri"],"jetpack_featured_media_url":"http:\/\/www.eloriente.net\/home\/wp-content\/uploads\/2014\/11\/M\u00e9xico-Gris-Sapdiel-G\u00f3mez-Guti\u00e9rrez.jpg","jetpack_sharing_enabled":true,"_links":{"self":[{"href":"http:\/\/www.eloriente.net\/home\/wp-json\/wp\/v2\/posts\/34047"}],"collection":[{"href":"http:\/\/www.eloriente.net\/home\/wp-json\/wp\/v2\/posts"}],"about":[{"href":"http:\/\/www.eloriente.net\/home\/wp-json\/wp\/v2\/types\/post"}],"author":[{"embeddable":true,"href":"http:\/\/www.eloriente.net\/home\/wp-json\/wp\/v2\/users\/2"}],"replies":[{"embeddable":true,"href":"http:\/\/www.eloriente.net\/home\/wp-json\/wp\/v2\/comments?post=34047"}],"version-history":[{"count":1,"href":"http:\/\/www.eloriente.net\/home\/wp-json\/wp\/v2\/posts\/34047\/revisions"}],"predecessor-version":[{"id":34049,"href":"http:\/\/www.eloriente.net\/home\/wp-json\/wp\/v2\/posts\/34047\/revisions\/34049"}],"wp:featuredmedia":[{"embeddable":true,"href":"http:\/\/www.eloriente.net\/home\/wp-json\/wp\/v2\/media\/34048"}],"wp:attachment":[{"href":"http:\/\/www.eloriente.net\/home\/wp-json\/wp\/v2\/media?parent=34047"}],"wp:term":[{"taxonomy":"category","embeddable":true,"href":"http:\/\/www.eloriente.net\/home\/wp-json\/wp\/v2\/categories?post=34047"},{"taxonomy":"post_tag","embeddable":true,"href":"http:\/\/www.eloriente.net\/home\/wp-json\/wp\/v2\/tags?post=34047"}],"curies":[{"name":"wp","href":"https:\/\/api.w.org\/{rel}","templated":true}]}}