{"id":34068,"date":"2014-11-19T11:52:47","date_gmt":"2014-11-19T17:52:47","guid":{"rendered":"http:\/\/www.eloriente.net\/home\/?p=34068"},"modified":"2014-11-19T11:52:47","modified_gmt":"2014-11-19T17:52:47","slug":"san-juan-del-estado-desarrollo-con-sustento-academico","status":"publish","type":"post","link":"http:\/\/www.eloriente.net\/home\/2014\/11\/19\/san-juan-del-estado-desarrollo-con-sustento-academico\/","title":{"rendered":"San Juan del Estado, desarrollo con sustento acad\u00e9mico"},"content":{"rendered":"<p>eloriente.net \/ <a href=\"http:\/\/uabjo.mx\" target=\"_blank\">UABJO<\/a><\/p>\n<p>19\/noviembre\/2014<\/p>\n<p>El rector de la Universidad Aut\u00f3noma \u201cBenito Ju\u00e1rez\u201d de Oaxaca (UABJO), Eduardo Mart\u00ednez Helmes, acompa\u00f1ado de la directora de la Agencia de Desarrollo UABJO, Ana Luz Ramos Soto, entreg\u00f3 el Plan de Desarrollo Municipal elaborado por acad\u00e9micos de la instituci\u00f3n, al presidente de la comunidad de San Juan del Estado, Pedro Antonio S\u00e1nchez.<\/p>\n<p>Al hacer entrega formal de este trabajo colegiado e interdisciplinario, el Rector agradeci\u00f3 la confianza depositada en la Universidad para llevar a cabo los trabajos de diagn\u00f3stico y planeaci\u00f3n de estrategias para responder a las necesidades de la poblaci\u00f3n.<\/p>\n<p>El documento reviste de una gran importancia, pues no s\u00f3lo cumple con una obligaci\u00f3n jur\u00eddica que tiene la autoridad, sino m\u00e1s bien traza el rumbo ante las necesidades primordiales de los ciudadanos, de tal modo que facilitar\u00e1 la gesti\u00f3n de programas, proyectos y acciones acordes con las caracter\u00edsticas del municipio.<\/p>\n<p>En este sentido el presidente Municipal reconoci\u00f3 el trabajo profesional que se realiz\u00f3 en la comunidad, misma que asciende a m\u00e1s de 2 mil 500 habitantes, quienes ser\u00e1n beneficiados a trav\u00e9s de los proyectos establecidos en el plan.<\/p>\n<p>Por su parte directora de la agencia inform\u00f3 que dentro de las principales problem\u00e1ticas, se encuentra la cuesti\u00f3n ambiental, la deforestaci\u00f3n, contaminaci\u00f3n y desaprovechamiento de los recursos naturales, lo cual ha causado un suministro menor de agua en la comunidad.<\/p>\n<p>Por lo tanto el objetivo final es contribuir a la disminuci\u00f3n de la pobreza de los habitantes y las familias a trav\u00e9s de las pol\u00edticas, programas y acciones enfocadas a reducir las carencias sociales, atendiendo a los sectores m\u00e1s vulnerables y desprotegidos para disminuir las desigualdades sociales y promover la equidad.<\/p>\n<p>As\u00ed tambi\u00e9n se busca impulsar el desarrollo a trav\u00e9s de la ejecuci\u00f3n de obras y acciones que coadyuven a ampliar la cobertura de los servicios de infraestructura social para elevar la calidad de vida.<\/p>\n<p>Cabe mencionar que previo a estos trabajos, la Agencia de Desarrollo entreg\u00f3 500 libros en su programa de \u201cGuelaguetza de Acervo bibliogr\u00e1fico\u201d lo cual se suma a las acciones que apoya la Universidad en pro del desarrollo social.<\/p>\n<p><a href=\"http:\/\/www.eloriente.net\/home\/wp-content\/uploads\/2014\/11\/19.jpg\"><img loading=\"lazy\" decoding=\"async\" class=\"alignnone size-medium wp-image-34069\" src=\"http:\/\/www.eloriente.net\/home\/wp-content\/uploads\/2014\/11\/19-300x199.jpg\" alt=\"19\" width=\"300\" height=\"199\" srcset=\"http:\/\/www.eloriente.net\/home\/wp-content\/uploads\/2014\/11\/19-300x199.jpg 300w, http:\/\/www.eloriente.net\/home\/wp-content\/uploads\/2014\/11\/19-1024x682.jpg 1024w\" sizes=\"(max-width: 300px) 100vw, 300px\" \/><\/a><\/p>\n<p>Foto: UABJO<\/p>\n<p><strong>Entradas relacionadas:<\/strong><\/p>\n<div id=\"post-34023\" class=\"post-34023 post type-post status-publish format-standard has-post-thumbnail hentry category-comunicados-y-boletines category-educacion-y-cultura category-entradas category-lo-mas-reciente category-oaxaca-estados category-universidades tag-facultad-de-medicina tag-uabjo entry loop-default border_bottom_30\">\n<p class=\"entry_title\"><a title=\"Enlace Permanente a Tiempo de remodelaci\u00f3n para Medicina UABJO\" href=\"http:\/\/www.eloriente.net\/home\/2014\/11\/18\/tiempo-de-remodelacion-para-medicina-uabjo\/\" rel=\"bookmark\">Tiempo de remodelaci\u00f3n para Medicina UABJO<\/a><\/p>\n<p><a href=\"http:\/\/www.eloriente.net\/home\/2014\/11\/18\/tiempo-de-remodelacion-para-medicina-uabjo\/\" rel=\"bookmark\"><img decoding=\"async\" class=\"alignleft\" title=\"Tiempo de remodelaci\u00f3n para Medicina UABJO\" src=\"http:\/\/www.eloriente.net\/home\/wp-content\/themes\/city-desk\/timthumb.php?src=http%3A%2F%2Fwww.eloriente.net%2Fhome%2Fwp-content%2Fuploads%2F2014%2F11%2F181.jpg&amp;q=90&amp;w=160&amp;h=106&amp;zc=1\" alt=\"Tiempo de remodelaci\u00f3n para Medicina UABJO\" \/><\/a>eloriente.net \/ UABJO 18\/noviembre\/2014 Arrancan trabajos de infraestructura en la Facultad de Medicina de la UABJO \u2022 Durante 5 meses se trabajar\u00e1 intensamente en la remodelaci\u00f3n del inmueble Al dar inicio a la restauraci\u00f3n del Edificio Frontispicio de la Facultad de Medicina y Cirug\u00eda, el Gobernador Constitucional del Estado de Oaxaca, Gabino Cu\u00e9 Monteagudo y [\u2026]<\/p>\n<div class=\"sharedaddy sd-sharing-enabled\">\n<div class=\"robots-nocontent sd-block sd-social sd-social-icon-text sd-sharing\">\n<div class=\"sd-content\">\n<ul>\n<li><a class=\"sharing-anchor sd-button share-more\" href=\"http:\/\/www.eloriente.net\/home\/tag\/uabjo\/#\">Compartir<\/a><\/li>\n<li class=\"share-end\"><\/li>\n<\/ul>\n<div class=\"sharing-hidden\"><\/div>\n<\/div>\n<\/div>\n<\/div>\n<p class=\"postmeta\"><span class=\"meta_date\">noviembre 18, 2014<\/span><\/p>\n<\/div>\n<div id=\"post-33931\" class=\"post-33931 post type-post status-publish format-standard has-post-thumbnail hentry category-comunicados-y-boletines category-educacion-y-cultura category-entradas category-lo-mas-reciente category-oaxaca-estados category-universidades tag-congreso-internacional tag-derecho-procesal-penal tag-uabjo entry loop-default border_bottom_30\">\n<p class=\"entry_title\"><a title=\"Enlace Permanente a Expertos internacionales en Derecho Procesal Penal vendr\u00e1n a Oaxaca\" href=\"http:\/\/www.eloriente.net\/home\/2014\/11\/13\/expertos-internacionales-en-derecho-procesal-penal-vendran-a-oaxaca\/\" rel=\"bookmark\">Expertos internacionales en Derecho Procesal Penal vendr\u00e1n a Oaxaca<\/a><\/p>\n<p><a href=\"http:\/\/www.eloriente.net\/home\/2014\/11\/13\/expertos-internacionales-en-derecho-procesal-penal-vendran-a-oaxaca\/\" rel=\"bookmark\"><img decoding=\"async\" class=\"alignleft\" title=\"Expertos internacionales en Derecho Procesal Penal vendr\u00e1n a Oaxaca\" src=\"http:\/\/www.eloriente.net\/home\/wp-content\/themes\/city-desk\/timthumb.php?src=http%3A%2F%2Fwww.eloriente.net%2Fhome%2Fwp-content%2Fuploads%2F2014%2F11%2F13.jpg&amp;q=90&amp;w=160&amp;h=106&amp;zc=1\" alt=\"Expertos internacionales en Derecho Procesal Penal vendr\u00e1n a Oaxaca\" \/><\/a>eloriente.net \/ UABJO 13\/noviembre\/2014 Facultad de Derecho y Fundaci\u00f3n UABJO anuncia su Congreso Internacional de Derecho Procesal Penal \u2022 Ponentes de talla internacional del 25 al 28 de noviembre Como parte de las actividades acad\u00e9micas que se realizan en la Universidad Aut\u00f3noma \u201cBenito Ju\u00e1rez\u201d de Oaxaca (UABJO), el director de la Facultad de Derecho y [\u2026]<\/p>\n<div class=\"sharedaddy sd-sharing-enabled\">\n<div class=\"robots-nocontent sd-block sd-social sd-social-icon-text sd-sharing\">\n<div class=\"sd-content\">\n<ul>\n<li><a class=\"sharing-anchor sd-button share-more\" href=\"http:\/\/www.eloriente.net\/home\/tag\/uabjo\/#\">Compartir<\/a><\/li>\n<li class=\"share-end\"><\/li>\n<\/ul>\n<div class=\"sharing-hidden\"><\/div>\n<\/div>\n<\/div>\n<\/div>\n<p class=\"postmeta\"><span class=\"meta_date\">noviembre 13, 2014<\/span><\/p>\n<\/div>\n<div id=\"post-33870\" class=\"post-33870 post type-post status-publish format-standard has-post-thumbnail hentry category-comunicados-y-boletines category-educacion-y-cultura category-entradas category-lo-mas-reciente category-oaxaca-estados category-universidades tag-acreditacion tag-biologia tag-ciees tag-escuela-de-ciencias tag-fisica tag-uabjo entry loop-default border_bottom_30\">\n<p class=\"entry_title\"><a title=\"Enlace Permanente a Todo el empe\u00f1o generar\u00e1 la acreditaci\u00f3n: Magaly Hern\u00e1ndez\" href=\"http:\/\/www.eloriente.net\/home\/2014\/11\/11\/toda-el-empeno-generara-la-acreditacion-magaly-hernandez\/\" rel=\"bookmark\">Todo el empe\u00f1o generar\u00e1 la acreditaci\u00f3n: Magaly Hern\u00e1ndez<\/a><\/p>\n<p><a href=\"http:\/\/www.eloriente.net\/home\/2014\/11\/11\/toda-el-empeno-generara-la-acreditacion-magaly-hernandez\/\" rel=\"bookmark\"><img decoding=\"async\" class=\"alignleft\" title=\"Todo el empe\u00f1o generar\u00e1 la acreditaci\u00f3n: Magaly Hern\u00e1ndez\" src=\"http:\/\/www.eloriente.net\/home\/wp-content\/themes\/city-desk\/timthumb.php?src=http%3A%2F%2Fwww.eloriente.net%2Fhome%2Fwp-content%2Fuploads%2F2014%2F11%2F112.jpg&amp;q=90&amp;w=160&amp;h=106&amp;zc=1\" alt=\"Todo el empe\u00f1o generar\u00e1 la acreditaci\u00f3n: Magaly Hern\u00e1ndez\" \/><\/a>eloriente.net \/ UABJO 11\/noviembre\/2014 Avanza proceso de acreditaci\u00f3n de licenciaturas en Escuela de Ciencias de la UABJO Como resultado del proceso para alcanzar la acreditaci\u00f3n de las licenciaturas en Biolog\u00eda y F\u00edsica de la Escuela de Ciencias de la Universidad Aut\u00f3noma \u201cBenito Ju\u00e1rez\u201d de Oaxaca (UABJO), se realiz\u00f3 el acto protocolario para la entrega formal [\u2026]<\/p>\n<div class=\"sharedaddy sd-sharing-enabled\">\n<div class=\"robots-nocontent sd-block sd-social sd-social-icon-text sd-sharing\">\n<div class=\"sd-content\">\n<ul>\n<li><a class=\"sharing-anchor sd-button share-more\" href=\"http:\/\/www.eloriente.net\/home\/tag\/uabjo\/#\">Compartir<\/a><\/li>\n<li class=\"share-end\"><\/li>\n<\/ul>\n<div class=\"sharing-hidden\"><\/div>\n<\/div>\n<\/div>\n<\/div>\n<p class=\"postmeta\"><span class=\"meta_date\">noviembre 11, 2014<\/span><\/p>\n<\/div>\n\n\t\t\t  <div \n\t\t\t  \tclass = \"fb-comments\" \n\t\t\t  \tdata-href = \"http:\/\/www.eloriente.net\/home\/2014\/11\/19\/san-juan-del-estado-desarrollo-con-sustento-academico\/\"\n\t\t\t  \tdata-numposts = \"10\"\n\t\t\t\tdata-colorscheme = \"dark\"\n\t\t\t\tdata-order-by = \"social\"\n\t\t\t\tdata-mobile=true>\n\t\t\t  <\/div>\n\t\t  <style>\n\t\t\t.fb_iframe_widget_fluid_desktop iframe {\n\t\t\t    width: 100% !important;\n\t\t\t}\n\t\t  <\/style>\n\t\t  ","protected":false},"excerpt":{"rendered":"<p>eloriente.net \/ UABJO 19\/noviembre\/2014 El rector de la Universidad Aut\u00f3noma \u201cBenito Ju\u00e1rez\u201d de Oaxaca (UABJO), Eduardo Mart\u00ednez Helmes, acompa\u00f1ado de la directora de la Agencia de Desarrollo UABJO, Ana Luz Ramos Soto, entreg\u00f3 el Plan de Desarrollo Municipal elaborado por acad\u00e9micos de la instituci\u00f3n, al presidente de la comunidad de San Juan del Estado, Pedro [&hellip;]<\/p>\n","protected":false},"author":1,"featured_media":34069,"comment_status":"open","ping_status":"open","sticky":false,"template":"","format":"standard","meta":{"_jetpack_memberships_contains_paid_content":false,"footnotes":""},"categories":[1588,18,32,10,23,464,84],"tags":[3016,3017,182],"class_list":["post-34068","post","type-post","status-publish","format-standard","has-post-thumbnail","hentry","category-comunicados-y-boletines","category-educacion-y-cultura","category-entradas","category-lo-mas-reciente","category-municipios","category-oaxaca-estados","category-universidades","tag-plan-de-desarrollo-municipal","tag-san-juan-del-estado","tag-uabjo"],"jetpack_featured_media_url":"http:\/\/www.eloriente.net\/home\/wp-content\/uploads\/2014\/11\/19.jpg","jetpack_sharing_enabled":true,"_links":{"self":[{"href":"http:\/\/www.eloriente.net\/home\/wp-json\/wp\/v2\/posts\/34068"}],"collection":[{"href":"http:\/\/www.eloriente.net\/home\/wp-json\/wp\/v2\/posts"}],"about":[{"href":"http:\/\/www.eloriente.net\/home\/wp-json\/wp\/v2\/types\/post"}],"author":[{"embeddable":true,"href":"http:\/\/www.eloriente.net\/home\/wp-json\/wp\/v2\/users\/1"}],"replies":[{"embeddable":true,"href":"http:\/\/www.eloriente.net\/home\/wp-json\/wp\/v2\/comments?post=34068"}],"version-history":[{"count":1,"href":"http:\/\/www.eloriente.net\/home\/wp-json\/wp\/v2\/posts\/34068\/revisions"}],"predecessor-version":[{"id":34070,"href":"http:\/\/www.eloriente.net\/home\/wp-json\/wp\/v2\/posts\/34068\/revisions\/34070"}],"wp:featuredmedia":[{"embeddable":true,"href":"http:\/\/www.eloriente.net\/home\/wp-json\/wp\/v2\/media\/34069"}],"wp:attachment":[{"href":"http:\/\/www.eloriente.net\/home\/wp-json\/wp\/v2\/media?parent=34068"}],"wp:term":[{"taxonomy":"category","embeddable":true,"href":"http:\/\/www.eloriente.net\/home\/wp-json\/wp\/v2\/categories?post=34068"},{"taxonomy":"post_tag","embeddable":true,"href":"http:\/\/www.eloriente.net\/home\/wp-json\/wp\/v2\/tags?post=34068"}],"curies":[{"name":"wp","href":"https:\/\/api.w.org\/{rel}","templated":true}]}}