{"id":34074,"date":"2014-11-19T13:59:51","date_gmt":"2014-11-19T19:59:51","guid":{"rendered":"http:\/\/www.eloriente.net\/home\/?p=34074"},"modified":"2014-11-19T15:29:10","modified_gmt":"2014-11-19T21:29:10","slug":"adn-para-identificar-victimas-de-desaparicion-forzada","status":"publish","type":"post","link":"http:\/\/www.eloriente.net\/home\/2014\/11\/19\/adn-para-identificar-victimas-de-desaparicion-forzada\/","title":{"rendered":"Gobernanza Forense desarrolla base de ADN para identificar desaparecidos"},"content":{"rendered":"<p>eloriente.net\/DDHPO<\/p>\n<p>19\/noviembre\/2014<\/p>\n<p>\u00b7 Familiares de v\u00edctimas no conf\u00edan en procedimientos gubernamentales<\/p>\n<p>\u00b7 Estado rebasado por el n\u00famero de casos<\/p>\n<p>\u00b7 Acercar procesos forenses permitir\u00e1 acceso de v\u00edctimas a la justicia<\/p>\n<p>Familiares de v\u00edctimas de desaparici\u00f3n forzada est\u00e1n creando una base de datos de muestras de ADN para tener certeza en la identificaci\u00f3n de desparecidas y desparecidos, a falta de una base de datos oficial, inform\u00f3 la integrante de Asociaci\u00f3n de Familiares de Detenidos Desaparecidos y V\u00edctimas de Violaciones a los Derechos Humanos en M\u00e9xico (Afadem), Tita Radilla Mart\u00ednez.<\/p>\n<p>Tras su participaci\u00f3n en la presentaci\u00f3n del libro \u201cNo me rend\u00ed y no me rindo\u201d, de Josefina Mart\u00ednez Rojas, realizada el 12 de noviembre en las instalaciones de la Defensor\u00eda de los Derechos Humanos del Pueblo de Oaxaca, Radilla Mart\u00ednez dijo que este proyecto est\u00e1 cristalizando mediante la organizaci\u00f3n Gobernanza Forense Ciudadana (GFC), encargada de recolectar las muestras de ADN y resguardarlas en el extranjero para una preservaci\u00f3n m\u00e1s segura.<\/p>\n<p>La defensora de derechos humanos se\u00f1al\u00f3 que ante la debilidad institucional, la impunidad y la falta de capacitaci\u00f3n oficial en la b\u00fasqueda e identificaci\u00f3n de los restos, fue necesario que la sociedad se organizar\u00e1 para crear GFC, junto con otra organizaci\u00f3n llamada Ciencia Forense Ciudadana, que tiene el objetivo de ciudadanizar los procedimientos de investigaci\u00f3n forense y darle a las personas certeza de que la identificaci\u00f3n de restos humanos es correcta.<\/p>\n<p>Puntualiz\u00f3 que este proyecto tiene varias l\u00edneas de acci\u00f3n para que las v\u00edctimas de desaparici\u00f3n forzada y los familiares puedan acceder a la justicia. Entre esas l\u00edneas de acci\u00f3n, cit\u00f3 la de presionar para que el Estado reconozca casos de desaparici\u00f3n forzada, a fin de proporcionar a los familiares el acceso a t\u00e9cnicas forenses que permitan coadyuvar a la localizaci\u00f3n de las v\u00edctimas, pues debido al n\u00famero de casos el gobierno se ha visto rebasado.<\/p>\n<p>Radilla Mart\u00ednez coment\u00f3 que una de las t\u00e9cnicas forenses fundamentales dentro de este proyecto es la formaci\u00f3n de la base datos en las que est\u00e9n las muestras de ADN de los familiares de las v\u00edctimas de desaparici\u00f3n forzada de todo el pa\u00eds, para que cuando las autoridades les digan que han hallado restos de una persona, independientemente de las pruebas oficiales, ellos puedan acceder a la base y contrastar para verificar los resultados.<\/p>\n<p>Agreg\u00f3 que la construcci\u00f3n de la base se est\u00e1 haciendo de forma que los familiares puedan tener acceso de forma r\u00e1pida y segura, sin costo, para lo cual existe una plataforma en internet con la direcci\u00f3n <a href=\"http:\/\/gobernanzaforense.org\/esp\/index.html\" target=\"_blank\">http:\/\/gobernanzaforense.org\/esp\/index.html<\/a>, en la que se puede obtener informaci\u00f3n para iniciar el procedimiento.<\/p>\n<p>Detall\u00f3 que esta iniciativa opera ya en algunas entidades \u2013como Chihuahua, Baja California, Nuevo Le\u00f3n y Guerrero\u2013 con el apoyo de casi 16 organizaciones defensoras de derechos humanos y de familiares de desaparecidos de todo el pa\u00eds.<\/p>\n<p><a href=\"http:\/\/www.eloriente.net\/home\/wp-content\/uploads\/2014\/11\/20141112-Tita-Radilla.jpg\"><img loading=\"lazy\" decoding=\"async\" class=\"alignnone size-medium wp-image-34075\" src=\"http:\/\/www.eloriente.net\/home\/wp-content\/uploads\/2014\/11\/20141112-Tita-Radilla-300x168.jpg\" alt=\"20141112 Tita Radilla\" width=\"300\" height=\"168\" srcset=\"http:\/\/www.eloriente.net\/home\/wp-content\/uploads\/2014\/11\/20141112-Tita-Radilla-300x168.jpg 300w, http:\/\/www.eloriente.net\/home\/wp-content\/uploads\/2014\/11\/20141112-Tita-Radilla.jpg 984w\" sizes=\"(max-width: 300px) 100vw, 300px\" \/><\/a><\/p>\n<p>Foto: DDHPO<\/p>\n<p><strong>Entradas relacionadas:<\/strong><\/p>\n<p class=\"entry_title\"><a title=\"Enlace Permanente a ADN, \u00faltimo recurso en identificaci\u00f3n de restos\" href=\"http:\/\/www.eloriente.net\/home\/2014\/11\/10\/adn-ultimo-recurso-en-identificacion-de-restos\/\" rel=\"bookmark\">ADN, \u00faltimo recurso en identificaci\u00f3n de restos<\/a><\/p>\n<p><a href=\"http:\/\/www.eloriente.net\/home\/2014\/11\/10\/adn-ultimo-recurso-en-identificacion-de-restos\/\" rel=\"bookmark\"><img decoding=\"async\" class=\"alignleft\" title=\"ADN, \u00faltimo recurso en identificaci\u00f3n de restos\" src=\"http:\/\/www.eloriente.net\/home\/wp-content\/themes\/city-desk\/timthumb.php?src=http%3A%2F%2Fwww.eloriente.net%2Fhome%2Fwp-content%2Fuploads%2F2014%2F11%2FADN.jpg&amp;q=90&amp;w=160&amp;h=106&amp;zc=1\" alt=\"ADN, \u00faltimo recurso en identificaci\u00f3n de restos\" \/><\/a><\/p>\n<p>eloriente.net 10\/noviembre\/2014 Las autoridades federales hallaron restos humanos calcinados en el municipio de Cocula y analizar\u00e1n si corresponden o no a los estudiantes normalistas de Ayotzinapa, seg\u00fan declaraciones del titular de la PGR, Jes\u00fas Murillo Karam, el pasado 7 de noviembre. Desde el inicio de este caso, un apoyo importante ha sido el Equipo Argentino [\u2026]<\/p>\n<div class=\"sharedaddy sd-sharing-enabled\">\n<div class=\"robots-nocontent sd-block sd-social sd-social-icon-text sd-sharing\">\n<div class=\"sd-content\">\n<ul>\n<li><a class=\"sharing-anchor sd-button share-more\" href=\"http:\/\/www.eloriente.net\/home\/?x=0&amp;y=0&amp;s=adn#\">Compartir<\/a><\/li>\n<li class=\"share-end\"><\/li>\n<\/ul>\n<div class=\"sharing-hidden\"><\/div>\n<\/div>\n<\/div>\n<\/div>\n<p class=\"postmeta\"><span class=\"meta_date\">noviembre 10, 2014<\/span><\/p>\n<div id=\"post-33812\" class=\"post-33812 post type-post status-publish format-standard has-post-thumbnail hentry category-derechos-humanos category-destacadas category-entradas category-especiales category-lo-mas-reciente category-mexico-y-el-mundo category-politica-y-gobierno tag-adn tag-cocula tag-innsbruck tag-universidad-medica-de-innsbruck entry loop-default border_bottom_30\">\n<p class=\"entry_title\"><a title=\"Enlace Permanente a De Cocula a Innsbruck: el laboratorio que examinar\u00e1 los restos\" href=\"http:\/\/www.eloriente.net\/home\/2014\/11\/10\/de-cocula-a-innsbruck-el-laboratorio-que-examinara-los-restos\/\" rel=\"bookmark\">De Cocula a Innsbruck: el laboratorio que examinar\u00e1 los restos<\/a><\/p>\n<p><a href=\"http:\/\/www.eloriente.net\/home\/2014\/11\/10\/de-cocula-a-innsbruck-el-laboratorio-que-examinara-los-restos\/\" rel=\"bookmark\"><img decoding=\"async\" class=\"alignleft\" title=\"De Cocula a Innsbruck: el laboratorio que examinar\u00e1 los restos\" src=\"http:\/\/www.eloriente.net\/home\/wp-content\/themes\/city-desk\/timthumb.php?src=http%3A%2F%2Fwww.eloriente.net%2Fhome%2Fwp-content%2Fuploads%2F2014%2F11%2FLaboratorio-IAEA-Imagebank.jpg&amp;q=90&amp;w=160&amp;h=106&amp;zc=1\" alt=\"De Cocula a Innsbruck: el laboratorio que examinar\u00e1 los restos\" \/><\/a>eloriente.net 10\/noviembre\/2014 El laboratorio del Instituto de Medicina Legal, de la Universidad M\u00e9dica de Innsbruck en Austria, ser\u00e1 el encargado de analizar los restos humanos encontrados en Cocula, Guerrero. Es uno de los sitios en el mundo m\u00e1s especializados para estas pr\u00e1cticas y tambi\u00e9n sede del Laboratorio Central de Bases de Datos de ADN de [\u2026]<\/p>\n<div class=\"sharedaddy sd-sharing-enabled\">\n<div class=\"robots-nocontent sd-block sd-social sd-social-icon-text sd-sharing\">\n<div class=\"sd-content\">\n<ul>\n<li><a class=\"sharing-anchor sd-button share-more\" href=\"http:\/\/www.eloriente.net\/home\/?x=0&amp;y=0&amp;s=adn#\">Compartir<\/a><\/li>\n<li class=\"share-end\"><\/li>\n<\/ul>\n<div class=\"sharing-hidden\"><\/div>\n<\/div>\n<\/div>\n<\/div>\n<p class=\"postmeta\"><span class=\"meta_date\">noviembre 10, 2014<\/span><\/p>\n<\/div>\n<div id=\"post-33818\" class=\"post-33818 post type-post status-publish format-standard has-post-thumbnail hentry category-canal-1-tu-aula category-educacion-y-cultura category-entradas category-lo-mas-reciente tag-adn tag-analisis tag-ciencia-forense tag-perito tag-prueba entry loop-default border_bottom_30\">\n<p class=\"entry_title\"><a title=\"Enlace Permanente a \u00bfQu\u00e9 es la Ciencia Forense?\" href=\"http:\/\/www.eloriente.net\/home\/2014\/11\/09\/que-es-la-ciencia-forense\/\" rel=\"bookmark\">\u00bfQu\u00e9 es la Ciencia Forense?<\/a><\/p>\n<p><a href=\"http:\/\/www.eloriente.net\/home\/2014\/11\/09\/que-es-la-ciencia-forense\/\" rel=\"bookmark\"><img decoding=\"async\" class=\"alignleft\" title=\"\u00bfQu\u00e9 es la Ciencia Forense?\" src=\"http:\/\/www.eloriente.net\/home\/wp-content\/themes\/city-desk\/timthumb.php?src=http%3A%2F%2Fwww.eloriente.net%2Fhome%2Fwp-content%2Fuploads%2F2014%2F11%2FCiencia-Forense-West-Midlands-Police.jpg&amp;q=90&amp;w=160&amp;h=106&amp;zc=1\" alt=\"\u00bfQu\u00e9 es la Ciencia Forense?\" \/><\/a>eloriente.net 10\/noviembre\/2014 La ciencia forense se define como la aplicaci\u00f3n de pr\u00e1cticas cient\u00edficas dentro del proceso legal. En otras palabras, es la participaci\u00f3n de investigadores altamente especializados, que pueden ser antrop\u00f3logos, m\u00e9dicos, criminalistas, etc., que se dedican a buscar evidencias en la escena del crimen para someterlas a an\u00e1lisis y con esto lograr pruebas concluyentes [\u2026]<\/p>\n<div class=\"sharedaddy sd-sharing-enabled\">\n<div class=\"robots-nocontent sd-block sd-social sd-social-icon-text sd-sharing\">\n<div class=\"sd-content\">\n<ul>\n<li><a class=\"sharing-anchor sd-button share-more\" href=\"http:\/\/www.eloriente.net\/home\/?x=0&amp;y=0&amp;s=adn#\">Compartir<\/a><\/li>\n<li class=\"share-end\"><\/li>\n<\/ul>\n<div class=\"sharing-hidden\"><\/div>\n<\/div>\n<\/div>\n<\/div>\n<p class=\"postmeta\"><span class=\"meta_date\">noviembre 9, 2014<\/span><\/p>\n<\/div>\n<p>&nbsp;<\/p>\n\n\t\t\t  <div \n\t\t\t  \tclass = \"fb-comments\" \n\t\t\t  \tdata-href = \"http:\/\/www.eloriente.net\/home\/2014\/11\/19\/adn-para-identificar-victimas-de-desaparicion-forzada\/\"\n\t\t\t  \tdata-numposts = \"10\"\n\t\t\t\tdata-colorscheme = \"dark\"\n\t\t\t\tdata-order-by = \"social\"\n\t\t\t\tdata-mobile=true>\n\t\t\t  <\/div>\n\t\t  <style>\n\t\t\t.fb_iframe_widget_fluid_desktop iframe {\n\t\t\t    width: 100% !important;\n\t\t\t}\n\t\t  <\/style>\n\t\t  ","protected":false},"excerpt":{"rendered":"<p>eloriente.net\/DDHPO 19\/noviembre\/2014 \u00b7 Familiares de v\u00edctimas no conf\u00edan en procedimientos gubernamentales \u00b7 Estado rebasado por el n\u00famero de casos \u00b7 Acercar procesos forenses permitir\u00e1 acceso de v\u00edctimas a la justicia Familiares de v\u00edctimas de desaparici\u00f3n forzada est\u00e1n creando una base de datos de muestras de ADN para tener certeza en la identificaci\u00f3n de desparecidas y [&hellip;]<\/p>\n","protected":false},"author":1,"featured_media":34075,"comment_status":"open","ping_status":"open","sticky":false,"template":"","format":"standard","meta":{"_jetpack_memberships_contains_paid_content":false,"footnotes":""},"categories":[1588,22,32,63,10,464,21],"tags":[2918,3020],"class_list":["post-34074","post","type-post","status-publish","format-standard","has-post-thumbnail","hentry","category-comunicados-y-boletines","category-derechos-humanos","category-entradas","category-estados","category-lo-mas-reciente","category-oaxaca-estados","category-politica-y-gobierno","tag-adn","tag-desaparicion-forzada"],"jetpack_featured_media_url":"http:\/\/www.eloriente.net\/home\/wp-content\/uploads\/2014\/11\/20141112-Tita-Radilla.jpg","jetpack_sharing_enabled":true,"_links":{"self":[{"href":"http:\/\/www.eloriente.net\/home\/wp-json\/wp\/v2\/posts\/34074"}],"collection":[{"href":"http:\/\/www.eloriente.net\/home\/wp-json\/wp\/v2\/posts"}],"about":[{"href":"http:\/\/www.eloriente.net\/home\/wp-json\/wp\/v2\/types\/post"}],"author":[{"embeddable":true,"href":"http:\/\/www.eloriente.net\/home\/wp-json\/wp\/v2\/users\/1"}],"replies":[{"embeddable":true,"href":"http:\/\/www.eloriente.net\/home\/wp-json\/wp\/v2\/comments?post=34074"}],"version-history":[{"count":4,"href":"http:\/\/www.eloriente.net\/home\/wp-json\/wp\/v2\/posts\/34074\/revisions"}],"predecessor-version":[{"id":34080,"href":"http:\/\/www.eloriente.net\/home\/wp-json\/wp\/v2\/posts\/34074\/revisions\/34080"}],"wp:featuredmedia":[{"embeddable":true,"href":"http:\/\/www.eloriente.net\/home\/wp-json\/wp\/v2\/media\/34075"}],"wp:attachment":[{"href":"http:\/\/www.eloriente.net\/home\/wp-json\/wp\/v2\/media?parent=34074"}],"wp:term":[{"taxonomy":"category","embeddable":true,"href":"http:\/\/www.eloriente.net\/home\/wp-json\/wp\/v2\/categories?post=34074"},{"taxonomy":"post_tag","embeddable":true,"href":"http:\/\/www.eloriente.net\/home\/wp-json\/wp\/v2\/tags?post=34074"}],"curies":[{"name":"wp","href":"https:\/\/api.w.org\/{rel}","templated":true}]}}