{"id":34153,"date":"2014-11-24T00:00:20","date_gmt":"2014-11-24T06:00:20","guid":{"rendered":"http:\/\/www.eloriente.net\/home\/?p=34153"},"modified":"2014-11-23T20:17:04","modified_gmt":"2014-11-24T02:17:04","slug":"juchitan-en-consulta-popular-sobre-parques-eolicos","status":"publish","type":"post","link":"http:\/\/www.eloriente.net\/home\/2014\/11\/24\/juchitan-en-consulta-popular-sobre-parques-eolicos\/","title":{"rendered":"Juchit\u00e1n en consulta popular sobre parques e\u00f3licos"},"content":{"rendered":"<p>eloriente.net<\/p>\n<p>24\/noviembre\/2014<\/p>\n<p>En octubre pasado, <a href=\"http:\/\/www.noticiasnet.mx\/portal\/sites\/default\/files\/flipping_book\/oax\/2014\/10\/20\/secc_a\/files\/assets\/basic-html\/page9.html\" target=\"_blank\">cuatro cooperativas de pescadores tarralleros<\/a> se inconformaron debido a que la empresa Zapoteca de Energ\u00eda, pretend\u00eda instalar aerogeneradores cerca de las lagunas en donde acuden a pescar. Los manifestantes no est\u00e1n en contra del desarrollo del nuevo parque e\u00f3lico de dicha empresa,\u00a0pero el hecho de que\u00a0las torres se ubiquen cerca de sus \u00e1reas de pesca, ahuyenta a los peces debido al ruido y luces emitidas, tal como ha sucedido en Playa Vicente.<\/p>\n<p><a href=\"http:\/\/imparcialoaxaca.mx\/istmo\/19u\/obreros-exigen-consulta-popular-e%C3%B3lica-en-juchit%C3%A1n\" target=\"_blank\">Obreros y materialistas<\/a> tambi\u00e9n exigieron la instalaci\u00f3n de una consulta popular para la edificaci\u00f3n de un nuevo parque e\u00f3lico, por esa raz\u00f3n el Ayuntamiento de Juchit\u00e1n de Zaragoza, encabezado por Sa\u00fal Vicente V\u00e1squez, convoc\u00f3 a toda la comunidad juchiteca para que expusiera sus inquietides sobre el tema. Esta consulta inici\u00f3 su primera fase desde el 3 de noviembre, con fundamento en el convenio <a href=\"http:\/\/www.ilo.org\/indigenous\/Conventions\/no169\/lang--es\/index.htm\" target=\"_blank\">N\u00ba\u00a0169 de la OIT<\/a>.<\/p>\n<p>De acuerdo con la Asociaci\u00f3n Mexicana de Energ\u00eda E\u00f3lica (AMEE), de 1994 hasta 2013, <a href=\"http:\/\/pagina3.mx\/2014\/11\/consulta-popular-sobre-eolicas-se-convirtio-en-foro-para-amenazas-de-muerte-ongs\/\" target=\"_blank\">en el estado de Oaxaca se han proyectado diecis\u00e9is parques de energ\u00eda e\u00f3lica<\/a>; sin embargo, no existe un precedente de que se haya celebrado una consulta previa, libre e informada. El proyecto del que es objeto la consulta, plantea la instalaci\u00f3n de 132 aerogeneradores de Energ\u00eda E\u00f3lica del Sur (EES), en un terreno de 168 mil hect\u00e1reas.<\/p>\n<p>Desde el\u00a0<a href=\"http:\/\/www.diarioaxaca.com\/regiones\/16-istmo\/74727-inicia-consulta-popular-sobre-proyecto-eolico-en-juchitan\" target=\"_blank\">20 de octubre<\/a> se hizo p\u00fablica la convocatoria\u00a0en medios de comunicaci\u00f3n regionales, dirigida a 14 instancias representativas del municipio zapoteco\u00a0 como son las autoridades agrarias, municipales, poseedores o titulares de terrenos, residentes, directivos y profesores de los centros escolares y culturales, ubicados en el pol\u00edgono de incidencia.<\/p>\n<p>Con el fin de que la sociedad juchiteca avale o rechace el proyecto de generaci\u00f3n de energ\u00eda e\u00f3lica en Juchit\u00e1n, a cargo de la empresa E\u00f3lica del Sur, se est\u00e1 llevando la primera de cinco fases que se efectuar\u00e1n; esta, llamada Acuerdos Previos contempla un calendario de quince d\u00edas en donde seis grupos previamente divididos por rubros, dialogar\u00e1n y propondr\u00e1n acciones en torno a su aprobaci\u00f3n o desacuerdo para instalar el parque e\u00f3lico en terreno zapoteca.<\/p>\n<p>Los cinco rubros en que se divide esta fase de<a href=\"http:\/\/pagina3.mx\/2014\/11\/inicia-primera-fase-de-la-consulta-para-instalacion-de-un-parque-eolico-en-juchitan\/\" target=\"_blank\"> acuerdos previos<\/a>, integra a due\u00f1os de bienes o derechos sobre los terrenos donde se ubicar\u00e1n las torres e\u00f3licas, representantes de instituciones educativas, habitantes de las localidades y asentamientos humanos, asociaciones ganaderas y productivas, integrantes del padr\u00f3n b\u00e1sico de comuneros y ejidatarios del municipio de Juchit\u00e1n.<\/p>\n<p>Como mencion\u00e1bamos, es la primera vez que se efect\u00faa una consulta popular en un municipio de la regi\u00f3n del Istmo de Tehuantepec, pese a que en la zona est\u00e1n actualmente instalados 21 parques e\u00f3licos \u00a0y 1186 aerogeneradores, en terreno de Juchit\u00e1n y dos agencias municipales (la Venta y la Ventosa) , adem\u00e1s \u00a0de municipios como Santo Domingo Ingenio, Uni\u00f3n Hidalgo, El Espinal e Ixtaltepec, el cual se le conoce como Corredor E\u00f3lico del Istmo de Tehuantepec y representan el 90 por ciento de toda la energ\u00eda e\u00f3lica que se produce en el pa\u00eds.<\/p>\n<p>Es importante mencionar que durante esta fase llamada \u201cAcuerdos Previos\u201d, se\u00a0documentaron <a href=\"http:\/\/pagina3.mx\/2014\/11\/preocupantes-violaciones-en-consulta-sobre-proyecto-eolico-en-juchitan-genera-confrontacion\/\" target=\"_blank\">varios casos de amenazas y hostigamientos<\/a>.\u00a0Los hechos ya fueron denunciados y dados a conocer a los representantes de la Secretar\u00eda de Gobernaci\u00f3n que fungieron como garantes de la seguridad en este proceso, sin embargo, a\u00fan no existe un mecanismo claro que garantice que estos incidentes no se repitan.<\/p>\n<p><a href=\"http:\/\/www.eloriente.net\/home\/wp-content\/uploads\/2014\/11\/Consulta-Popular-Comit\u00e9-Melendre.jpg\"><img loading=\"lazy\" decoding=\"async\" class=\"alignnone size-medium wp-image-34155\" src=\"http:\/\/www.eloriente.net\/home\/wp-content\/uploads\/2014\/11\/Consulta-Popular-Comit\u00e9-Melendre-300x224.jpg\" alt=\"Consulta Popular - Comit\u00e9 Melendre\" width=\"300\" height=\"224\" srcset=\"http:\/\/www.eloriente.net\/home\/wp-content\/uploads\/2014\/11\/Consulta-Popular-Comit\u00e9-Melendre-300x224.jpg 300w, http:\/\/www.eloriente.net\/home\/wp-content\/uploads\/2014\/11\/Consulta-Popular-Comit\u00e9-Melendre.jpg 960w\" sizes=\"(max-width: 300px) 100vw, 300px\" \/><\/a><\/p>\n<p>Foto:\u00a0<a href=\"http:\/\/2.bp.blogspot.com\/-E__3i0XCuBY\/VFrM75hr3uI\/AAAAAAAAHf8\/gwVusfOMjgA\/s1600\/LO%2BQUE%2BEST%C3%81%2BEN%2BJUEGO,%2Badem%C3%A1s%2Bde%2Beste%2Bproyecto%2Be%C3%B3lico%2Ben%2Bparticular,%2Bes%2Bla%2Brecuperaci%C3%B3n%2Bde%2Bla%2Bforma%2Btradicional%2Bde%2Bdecidir.jpg\" target=\"_blank\">comitemelendre.blogspot.com<\/a><\/p>\n<p>&nbsp;<\/p>\n<p><strong>Entradas relacionadas:<\/strong><\/p>\n<div id=\"post-33017\" class=\"post-33017 post type-post status-publish format-standard has-post-thumbnail hentry category-entradas category-lo-mas-reciente category-municipios category-oaxaca-estados category-politica-y-gobierno category-principal tag-desarrollo tag-heroica-ciudad-de-juchitan-de-zaragoza tag-juchitan tag-juchitan-de-zaragoza tag-plan-de-desarrollo entry loop-default border_bottom_30\">\n<p class=\"entry_title\"><a title=\"Enlace Permanente a Juchit\u00e1n, la hist\u00f3rica ciudad que busca el desarrollo\" href=\"http:\/\/www.eloriente.net\/home\/2014\/10\/10\/juchitan-la-historica-ciudad-que-busca-el-desarrollo\/\" rel=\"bookmark\">Juchit\u00e1n, la hist\u00f3rica ciudad que busca el desarrollo<\/a><\/p>\n<p><a href=\"http:\/\/www.eloriente.net\/home\/2014\/10\/10\/juchitan-la-historica-ciudad-que-busca-el-desarrollo\/\" rel=\"bookmark\"><img decoding=\"async\" class=\"alignleft\" title=\"Juchit\u00e1n, la hist\u00f3rica ciudad que busca el desarrollo\" src=\"http:\/\/www.eloriente.net\/home\/wp-content\/themes\/city-desk\/timthumb.php?src=http%3A%2F%2Fwww.eloriente.net%2Fhome%2Fwp-content%2Fuploads%2F2014%2F10%2F07-2.jpg&amp;q=90&amp;w=160&amp;h=106&amp;zc=1\" alt=\"Juchit\u00e1n, la hist\u00f3rica ciudad que busca el desarrollo\" \/><\/a>eloriente.net \/ UABJO 10\/octubre\/2014 Fue en 1480 cuando el monarca zapoteca Cosijop\u00ed Sicasib\u00ed funda Juchit\u00e1n. La hoy ciudad, se ubica en el Istmo de Tehuantepec, la parte continental m\u00e1s angosta entre el oc\u00e9ano Pac\u00edfico y el Golfo de M\u00e9xico en Am\u00e9rica del Norte (191 km), y desde tiempos prehisp\u00e1nicos ha sido un importante centro comercial [\u2026]<\/p>\n<div class=\"sharedaddy sd-sharing-enabled\">\n<div class=\"robots-nocontent sd-block sd-social sd-social-icon-text sd-sharing\">\n<div class=\"sd-content\">\n<ul>\n<li><a class=\"sharing-anchor sd-button share-more\" href=\"http:\/\/www.eloriente.net\/home\/?x=0&amp;y=0&amp;s=juchit%C3%A1n#\">Compartir<\/a><\/li>\n<li class=\"share-end\"><\/li>\n<\/ul>\n<div class=\"sharing-hidden\"><\/div>\n<\/div>\n<\/div>\n<\/div>\n<p class=\"postmeta\"><span class=\"meta_date\">octubre 10, 2014<\/span><\/p>\n<\/div>\n<div id=\"post-32720\" class=\"post-32720 post type-post status-publish format-standard has-post-thumbnail hentry category-comunicados-y-boletines category-congreso-y-justicia category-entradas category-estados category-municipios category-oaxaca-estados tag-tsj entry loop-default border_bottom_30\">\n<p class=\"entry_title\"><a title=\"Enlace Permanente a Juzgado Civil de Juchit\u00e1n reanuda servicios\" href=\"http:\/\/www.eloriente.net\/home\/2014\/09\/30\/juzgado-civil-de-juchitan-reanuda-servicios\/\" rel=\"bookmark\">Juzgado Civil de Juchit\u00e1n reanuda servicios<\/a><\/p>\n<p><a href=\"http:\/\/www.eloriente.net\/home\/2014\/09\/30\/juzgado-civil-de-juchitan-reanuda-servicios\/\" rel=\"bookmark\"><img decoding=\"async\" class=\"alignleft\" title=\"Juzgado Civil de Juchit\u00e1n reanuda servicios\" src=\"http:\/\/www.eloriente.net\/home\/wp-content\/themes\/city-desk\/timthumb.php?src=http%3A%2F%2Fwww.eloriente.net%2Fhome%2Fwp-content%2Fuploads%2F2014%2F05%2FSesi%C3%B3n-tribunal-Por-TSJ.jpg&amp;q=90&amp;w=160&amp;h=106&amp;zc=1\" alt=\"Juzgado Civil de Juchit\u00e1n reanuda servicios\" \/><\/a>eloriente.net \/ Tribunal Superior de Justicia 30\/septiembre\/2014 Luego del incendio registrado en las oficinas, se habilitaron nuevas instalaciones para no retrasar m\u00e1s los asuntos ah\u00ed radicados, dijo el magistrado Alfredo Lagunas Rivera A partir de este martes 30 de septiembre el Juzgado Civil de Juchit\u00e1n reiniciar\u00e1 actividades en un nuevo domicilio habilitado para continuar con [\u2026]<\/p>\n<div class=\"sharedaddy sd-sharing-enabled\">\n<div class=\"robots-nocontent sd-block sd-social sd-social-icon-text sd-sharing\">\n<div class=\"sd-content\">\n<ul>\n<li><a class=\"sharing-anchor sd-button share-more\" href=\"http:\/\/www.eloriente.net\/home\/?x=0&amp;y=0&amp;s=juchit%C3%A1n#\">Compartir<\/a><\/li>\n<li class=\"share-end\"><\/li>\n<\/ul>\n<div class=\"sharing-hidden\"><\/div>\n<\/div>\n<\/div>\n<\/div>\n<p class=\"postmeta\"><span class=\"meta_date\">septiembre 30, 2014<\/span><\/p>\n<\/div>\n<div id=\"post-23822\" class=\"post-23822 post type-post status-publish format-standard has-post-thumbnail hentry category-articulistas category-educacion-y-cultura category-entradas category-estados category-lo-mas-reciente category-municipios category-oaxaca-estados category-samael-hernandez tag-cultura tag-istmo tag-juchitan tag-libertad tag-lucha tag-sociedad tag-zapotecas entry loop-default border_bottom_30\">\n<p class=\"entry_title\"><a title=\"Enlace Permanente a \u201cJuchit\u00e1n sin estima o la p\u00e9rdida de acci\u00f3n colectiva\u201d, un art\u00edculo de Samael Herna\u0301ndez\" href=\"http:\/\/www.eloriente.net\/home\/2014\/04\/07\/juchitan-sin-estima-o-la-perdida-de-accion-colectiva-un-articulo-de-samael-herna%cc%81ndez-ruiz\/\" rel=\"bookmark\">\u201cJuchit\u00e1n sin estima o la p\u00e9rdida de acci\u00f3n colectiva\u201d, un art\u00edculo de Samael Herna\u0301ndez<\/a><\/p>\n<p><a href=\"http:\/\/www.eloriente.net\/home\/2014\/04\/07\/juchitan-sin-estima-o-la-perdida-de-accion-colectiva-un-articulo-de-samael-herna%cc%81ndez-ruiz\/\" rel=\"bookmark\"><img decoding=\"async\" class=\"alignleft\" title=\"\u201cJuchit\u00e1n sin estima o la p\u00e9rdida de acci\u00f3n colectiva\u201d, un art\u00edculo de Samael Herna\u0301ndez\" src=\"http:\/\/www.eloriente.net\/home\/wp-content\/themes\/city-desk\/timthumb.php?src=http%3A%2F%2Fwww.eloriente.net%2Fhome%2Fwp-content%2Fuploads%2F2014%2F04%2FJuchit%C3%A1n-Por-Janice-Waltzer.jpg&amp;q=90&amp;w=160&amp;h=106&amp;zc=1\" alt=\"\u201cJuchit\u00e1n sin estima o la p\u00e9rdida de acci\u00f3n colectiva\u201d, un art\u00edculo de Samael Herna\u0301ndez\" \/><\/a>eloriente.net 7 de abril de 2014 Por: Samael Hern\u00e1ndez Ruiz La imagen Un problema que parece complejo, por lo regular es complejo. Desde hace algunos an\u0303os Juchita\u0301n parece ser el centro de un remolino que amenaza con llevarse todo al fondo de un mar de confusiones, un mar donde la criminalidad reconocible se combina con [\u2026]<\/p>\n<div class=\"sharedaddy sd-sharing-enabled\">\n<div class=\"robots-nocontent sd-block sd-social sd-social-icon-text sd-sharing\">\n<div class=\"sd-content\">\n<ul>\n<li><a class=\"sharing-anchor sd-button share-more\" href=\"http:\/\/www.eloriente.net\/home\/?x=0&amp;y=0&amp;s=juchit%C3%A1n#\">Compartir<\/a><\/li>\n<li class=\"share-end\"><\/li>\n<\/ul>\n<div class=\"sharing-hidden\"><\/div>\n<\/div>\n<\/div>\n<\/div>\n<p class=\"postmeta\"><span class=\"meta_date\">abril 7, 2014<\/span><\/p>\n<\/div>\n<p>&nbsp;<\/p>\n\n\t\t\t  <div \n\t\t\t  \tclass = \"fb-comments\" \n\t\t\t  \tdata-href = \"http:\/\/www.eloriente.net\/home\/2014\/11\/24\/juchitan-en-consulta-popular-sobre-parques-eolicos\/\"\n\t\t\t  \tdata-numposts = \"10\"\n\t\t\t\tdata-colorscheme = \"dark\"\n\t\t\t\tdata-order-by = \"social\"\n\t\t\t\tdata-mobile=true>\n\t\t\t  <\/div>\n\t\t  <style>\n\t\t\t.fb_iframe_widget_fluid_desktop iframe {\n\t\t\t    width: 100% !important;\n\t\t\t}\n\t\t  <\/style>\n\t\t  ","protected":false},"excerpt":{"rendered":"<p>eloriente.net 24\/noviembre\/2014 En octubre pasado, cuatro cooperativas de pescadores tarralleros se inconformaron debido a que la empresa Zapoteca de Energ\u00eda, pretend\u00eda instalar aerogeneradores cerca de las lagunas en donde acuden a pescar. Los manifestantes no est\u00e1n en contra del desarrollo del nuevo parque e\u00f3lico de dicha empresa,\u00a0pero el hecho de que\u00a0las torres se ubiquen cerca [&hellip;]<\/p>\n","protected":false},"author":1,"featured_media":34155,"comment_status":"open","ping_status":"open","sticky":false,"template":"","format":"standard","meta":{"_jetpack_memberships_contains_paid_content":false,"footnotes":""},"categories":[2434,32,10,20,23,464,21],"tags":[394,2856,821,3036],"class_list":["post-34153","post","type-post","status-publish","format-standard","has-post-thumbnail","hentry","category-lunesdepolitica","category-entradas","category-lo-mas-reciente","category-medio-ambiente","category-municipios","category-oaxaca-estados","category-politica-y-gobierno","tag-consulta-popular","tag-energia-eolica","tag-juchitan","tag-parque-eolico"],"jetpack_featured_media_url":"http:\/\/www.eloriente.net\/home\/wp-content\/uploads\/2014\/11\/Consulta-Popular-Comit\u00e9-Melendre.jpg","jetpack_sharing_enabled":true,"_links":{"self":[{"href":"http:\/\/www.eloriente.net\/home\/wp-json\/wp\/v2\/posts\/34153"}],"collection":[{"href":"http:\/\/www.eloriente.net\/home\/wp-json\/wp\/v2\/posts"}],"about":[{"href":"http:\/\/www.eloriente.net\/home\/wp-json\/wp\/v2\/types\/post"}],"author":[{"embeddable":true,"href":"http:\/\/www.eloriente.net\/home\/wp-json\/wp\/v2\/users\/1"}],"replies":[{"embeddable":true,"href":"http:\/\/www.eloriente.net\/home\/wp-json\/wp\/v2\/comments?post=34153"}],"version-history":[{"count":1,"href":"http:\/\/www.eloriente.net\/home\/wp-json\/wp\/v2\/posts\/34153\/revisions"}],"predecessor-version":[{"id":34156,"href":"http:\/\/www.eloriente.net\/home\/wp-json\/wp\/v2\/posts\/34153\/revisions\/34156"}],"wp:featuredmedia":[{"embeddable":true,"href":"http:\/\/www.eloriente.net\/home\/wp-json\/wp\/v2\/media\/34155"}],"wp:attachment":[{"href":"http:\/\/www.eloriente.net\/home\/wp-json\/wp\/v2\/media?parent=34153"}],"wp:term":[{"taxonomy":"category","embeddable":true,"href":"http:\/\/www.eloriente.net\/home\/wp-json\/wp\/v2\/categories?post=34153"},{"taxonomy":"post_tag","embeddable":true,"href":"http:\/\/www.eloriente.net\/home\/wp-json\/wp\/v2\/tags?post=34153"}],"curies":[{"name":"wp","href":"https:\/\/api.w.org\/{rel}","templated":true}]}}