{"id":34157,"date":"2014-11-24T00:00:08","date_gmt":"2014-11-24T06:00:08","guid":{"rendered":"http:\/\/www.eloriente.net\/home\/?p=34157"},"modified":"2014-11-23T22:40:52","modified_gmt":"2014-11-24T04:40:52","slug":"proyecto-de-eolica-del-sur-en-oaxaca","status":"publish","type":"post","link":"http:\/\/www.eloriente.net\/home\/2014\/11\/24\/proyecto-de-eolica-del-sur-en-oaxaca\/","title":{"rendered":"Proyecto de E\u00f3lica del Sur en Oaxaca"},"content":{"rendered":"<p>eloriente.net<\/p>\n<p>24\/noviembre\/2014<\/p>\n<p>La empresa E\u00f3lica del Sur, antes conocida como Mare\u00f1a Renovables, pretend\u00eda la construcci\u00f3n de un parque e\u00f3lico en la barra de Santa Teresa, municipio de San Dionisio del Mar. La historia comenz\u00f3 en 2006, cuando la trasnacional espa\u00f1ola Preneal,<a href=\"http:\/\/www.jornada.unam.mx\/2013\/02\/18\/sociedad\/039n1soc\" target=\"_blank\"> firm\u00f3 un contrato con Santa Mar\u00eda del Mar<\/a> para instalar 30 aerogeneradores con 90 megavatios de capacidad instalada en un terreno de 2 mil hect\u00e1reas por 30 a\u00f1os con opci\u00f3n de pr\u00f3rroga.<\/p>\n<p>Preneal negoci\u00f3 con las comunidades de Santa Mar\u00eda y San Dionisio del Mar, porque ten\u00eda proyectado un gran parque e\u00f3lico totalizando 396 megavatios, que los convertir\u00edan en la mayor instalaci\u00f3n e\u00f3lica de Am\u00e9rica Latina. En 2011, la empresa espa\u00f1ola, vendi\u00f3 ambos proyectos por 89 millones de d\u00f3lares (63 millones 200 mil euros) a Mare\u00f1a Renovables, consorcio integrado por el grupo empresarial mexicano Fomento Econ\u00f3mico Mexicano (Femsa Coca-Cola), el Fondo de Infraestructura Macquarie M\u00e9xico (FIMM) y la sociedad Macquarie Capital.<\/p>\n<p>La edificaci\u00f3n\u00a0se vino retrasando varios meses, debido a la oposici\u00f3n de los habitantes de la zona, al grado declarar <a href=\"http:\/\/www.jornada.unam.mx\/2014\/01\/09\/sociedad\/035n1soc\" target=\"_blank\">muerto<\/a> el proyecto. En agosto de 2014, el <a href=\"http:\/\/www.noticiasnet.mx\/portal\/oaxaca\/general\/economia\/230188-buscan-anular-contrato-marena-renovables\" target=\"_blank\">Comisariado de Bienes Comunales de Santa Mar\u00eda del Mar<\/a> inici\u00f3 un juicio civil en contra de Mare\u00f1a Renovables para anular el contrato ya firmado con ellos, ya que las condiciones establecidas eran muy desventajosas para la comunidad.<\/p>\n<p>E\u00f3lica del Sur, <a href=\"http:\/\/www.tiempoenlinea.com.mx\/index.php\/explore\/informacion\/26306-instalaranhttp-www-tiempoenlinea-com-mx-administrator-index-php-option-com-content-view-article-layout-edit-publishing-eolica-en-el-espinal\" target=\"_blank\">anunci\u00f3 la construcci\u00f3n del parque hom\u00f3nimo<\/a> en El Espinal, Juchit\u00e1n. Es uno de los dos proyectos que est\u00e1n pendientes de la primera y actual temporada abierta denominada <a href=\"http:\/\/www.tiempoenlinea.com.mx\/index.php\/explore\/features-3\/11281-instalacion-de-eolica-del-sur-esta-en-riesgo\" target=\"_blank\">\u201cIxtepec Potencia 2000 megawatts\u201d<\/a>.\u00a0El otro proyecto se llama \u201cSureste II\u201d, es de 100 megawatts, propiedad de la Comisi\u00f3n Federal de Electricidad (CFE) y se construir\u00e1 en tierras de La Mata, agencia de Asunci\u00f3n Ixtaltepec. Los dos proyectos \u201cE\u00f3lica del Sur\u201d y \u201cSureste II\u201d deben construirse este a\u00f1o, de lo contrario sus propietarios ser\u00e1n penalizados. \u201cSureste II\u201d, ya logr\u00f3 el aval. Pas\u00f3 la consulta de los due\u00f1os de las tierras.<\/p>\n<p>Ante la falta de certidumbre, se especul\u00f3 que E\u00f3lica del Sur podr\u00eda retirar su proyectos en suelo oaxaque\u00f1o, <a href=\"http:\/\/imparcialoaxaca.mx\/general\/1HZ\/rechazan-que-mare%C3%B1a-renovables-se-vaya\" target=\"_blank\">hecho que fue desmentido por el Gobernador del Estado<\/a> el pasado 21 de noviembre. La todav\u00eda llamada Mare\u00f1a Renovables contempla una inversi\u00f3n de 13 mil millones de pesos para la instalaci\u00f3n de aerogeneradores de energ\u00eda e\u00f3lica, y ya ha presentado los permisos de las instancias federales que garantizan que no afectar\u00e1n el entorno natural de la comunidad huave de San Dionisio del Mar.<\/p>\n<p>Record\u00f3 que la empresa lleva cuatro a\u00f1os de tener presencia en Oaxaca, tiempo en el que ha solventado el pago de la renta de las hect\u00e1reas donde tiene planeado instalar los aerogeneradores, adem\u00e1s de pagar los impuestos y derechos federales, estatales y municipales para ejercitar su actividad productiva.<\/p>\n<p><a href=\"http:\/\/www.eloriente.net\/home\/wp-content\/uploads\/2014\/11\/E\u00f3lica.jpg\"><img loading=\"lazy\" decoding=\"async\" class=\"alignnone size-medium wp-image-34158\" src=\"http:\/\/www.eloriente.net\/home\/wp-content\/uploads\/2014\/11\/E\u00f3lica-300x200.jpg\" alt=\"SONY DSC\" width=\"300\" height=\"200\" srcset=\"http:\/\/www.eloriente.net\/home\/wp-content\/uploads\/2014\/11\/E\u00f3lica-300x200.jpg 300w, http:\/\/www.eloriente.net\/home\/wp-content\/uploads\/2014\/11\/E\u00f3lica-1024x685.jpg 1024w\" sizes=\"(max-width: 300px) 100vw, 300px\" \/><\/a><\/p>\n<p>Foto: <a href=\"http:\/\/upload.wikimedia.org\/wikipedia\/commons\/2\/27\/Turbinas_e%C3%B3licas.JPG\" target=\"_blank\">commons.wikimedia.org<\/a><\/p>\n<p><strong>Entradas relacionadas:<\/strong><\/p>\n<div id=\"post-8502\" class=\"post-8502 post type-post status-publish format-standard has-post-thumbnail hentry category-entradas category-lo-mas-reciente category-municipios entry loop-default border_bottom_30\">\n<p class=\"entry_title\"><a title=\"Enlace Permanente a Instalan mesa de negociaci\u00f3n por parque e\u00f3lico en \u00c1lvaro obreg\u00f3n\" href=\"http:\/\/www.eloriente.net\/home\/2013\/02\/18\/instalan-mesa-de-negociacion-por-parque-eolico-en-alvaro-obregon\/\" rel=\"bookmark\">Instalan mesa de negociaci\u00f3n por parque e\u00f3lico en \u00c1lvaro obreg\u00f3n<\/a><\/p>\n<p><a href=\"http:\/\/www.eloriente.net\/home\/2013\/02\/18\/instalan-mesa-de-negociacion-por-parque-eolico-en-alvaro-obregon\/\" rel=\"bookmark\"><img decoding=\"async\" class=\"alignleft\" title=\"Instalan mesa de negociaci\u00f3n por parque e\u00f3lico en \u00c1lvaro obreg\u00f3n\" src=\"http:\/\/www.eloriente.net\/home\/wp-content\/themes\/city-desk\/timthumb.php?src=http%3A%2F%2Fwww.eloriente.net%2Fhome%2Fwp-content%2Fuploads%2F2013%2F02%2Freunio%CC%81n-el-a%CC%81lvaro-obrego%CC%81n.jpg&amp;q=90&amp;w=160&amp;h=106&amp;zc=1\" alt=\"Instalan mesa de negociaci\u00f3n por parque e\u00f3lico en \u00c1lvaro obreg\u00f3n\" \/><\/a>eloriente.net 18 de febrero de 2013 eloriente.net (Oaxaca, Oax.) 18 de febrero de 2013.-El Secretario General de Gobierno de Oaxaca, Jes\u00fas Mart\u00ednez \u00c1lvarez logr\u00f3 instalar el d\u00eda de ayer una mesa de di\u00e1logo con las organizaciones anti e\u00f3licas que mantienen el bloqueo de la carretera que impiden el ingreso de la maquinaria de la empresa [\u2026]<\/p>\n<div class=\"sharedaddy sd-sharing-enabled\">\n<div class=\"robots-nocontent sd-block sd-social sd-social-icon-text sd-sharing\">\n<div class=\"sd-content\">\n<ul>\n<li><a class=\"sharing-anchor sd-button share-more\" href=\"http:\/\/www.eloriente.net\/home\/?x=0&amp;y=0&amp;s=parque+e%C3%B3lico#\">Compartir<\/a><\/li>\n<li class=\"share-end\"><\/li>\n<\/ul>\n<div class=\"sharing-hidden\"><\/div>\n<\/div>\n<\/div>\n<\/div>\n<p class=\"postmeta\"><span class=\"meta_date\">febrero 18, 2013<\/span><\/p>\n<\/div>\n<div id=\"post-25420\" class=\"post-25420 post type-post status-publish format-standard has-post-thumbnail hentry category-congreso-y-justicia category-entradas category-estados category-medio-ambiente category-oaxaca-estados category-politica-y-gobierno tag-empresarios tag-energia tag-eolica tag-fomento tag-inversion tag-istmo tag-renovable entry loop-default border_bottom_30\">\n<p class=\"entry_title\"><a title=\"Enlace Permanente a Se estima inversi\u00f3n de 4 mil mdd en proyecto e\u00f3lico en Oaxaca: diputado Moreno Sada\" href=\"http:\/\/www.eloriente.net\/home\/2014\/05\/07\/inversion-4-mil-mdd-proyecto-eolico-oaxac\/\" rel=\"bookmark\">Se estima inversi\u00f3n de 4 mil mdd en proyecto e\u00f3lico en Oaxaca: diputado Moreno Sada<\/a><\/p>\n<p><a href=\"http:\/\/www.eloriente.net\/home\/2014\/05\/07\/inversion-4-mil-mdd-proyecto-eolico-oaxac\/\" rel=\"bookmark\"><img decoding=\"async\" class=\"alignleft\" title=\"Se estima inversi\u00f3n de 4 mil mdd en proyecto e\u00f3lico en Oaxaca: diputado Moreno Sada\" src=\"http:\/\/www.eloriente.net\/home\/wp-content\/themes\/city-desk\/timthumb.php?src=http%3A%2F%2Fwww.eloriente.net%2Fhome%2Fwp-content%2Fuploads%2F2014%2F05%2FDiputado-Por-Congreso.jpg&amp;q=90&amp;w=160&amp;h=106&amp;zc=1\" alt=\"Se estima inversi\u00f3n de 4 mil mdd en proyecto e\u00f3lico en Oaxaca: diputado Moreno Sada\" \/><\/a>eloriente.net\/Congreso del Estado 7 de mayo de 2014 En este a\u00f1o se tendr\u00e1 una capacidad de 2,500 megawatts con una inversi\u00f3n de m\u00e1s de 4 mil millones de d\u00f3lares, anunci\u00f3 el presidente de la\u00a0Comisi\u00f3n Permanente de Fomento de Energ\u00eda Renovable, Juan Jos\u00e9 Moreno Sada En Oaxaca hay condiciones favorables para la inversi\u00f3n en el estado, [\u2026]<\/p>\n<div class=\"sharedaddy sd-sharing-enabled\">\n<div class=\"robots-nocontent sd-block sd-social sd-social-icon-text sd-sharing\">\n<div class=\"sd-content\">\n<ul>\n<li><a class=\"sharing-anchor sd-button share-more\" href=\"http:\/\/www.eloriente.net\/home\/?x=0&amp;y=0&amp;s=parque+e%C3%B3lico#\">Compartir<\/a><\/li>\n<li class=\"share-end\"><\/li>\n<\/ul>\n<div class=\"sharing-hidden\"><\/div>\n<\/div>\n<\/div>\n<\/div>\n<p class=\"postmeta\"><span class=\"meta_date\">mayo 7, 2014<\/span><\/p>\n<\/div>\n<div id=\"post-8255\" class=\"post-8255 post type-post status-publish format-standard has-post-thumbnail hentry category-entradas category-lo-mas-reciente category-municipios entry loop-default border_bottom_30\">\n<p class=\"entry_title\"><a title=\"Enlace Permanente a Crean polic\u00eda comunitaria contra proyecto e\u00f3lico en \u00c1lvaro Obreg\u00f3n\" href=\"http:\/\/www.eloriente.net\/home\/2013\/02\/11\/crean-policia-comunitaria-contra-proyecto-eolico-en-alvaro-obregon\/\" rel=\"bookmark\">Crean polic\u00eda comunitaria contra proyecto e\u00f3lico en \u00c1lvaro Obreg\u00f3n<\/a><\/p>\n<p><a href=\"http:\/\/www.eloriente.net\/home\/2013\/02\/11\/crean-policia-comunitaria-contra-proyecto-eolico-en-alvaro-obregon\/\" rel=\"bookmark\"><img decoding=\"async\" class=\"alignleft\" title=\"Crean polic\u00eda comunitaria contra proyecto e\u00f3lico en \u00c1lvaro Obreg\u00f3n\" src=\"http:\/\/www.eloriente.net\/home\/wp-content\/themes\/city-desk\/timthumb.php?src=http%3A%2F%2Fwww.eloriente.net%2Fhome%2Fwp-content%2Fuploads%2F2013%2F02%2Fasamblea-a%CC%81lvaro-obrego%CC%81n.jpg&amp;q=90&amp;w=160&amp;h=106&amp;zc=1\" alt=\"Crean polic\u00eda comunitaria contra proyecto e\u00f3lico en \u00c1lvaro Obreg\u00f3n\" \/><\/a>eloriente.net 11 de febrero de 2013 eloriente.net (Oaxaca, Oax.) 11 de febrero de 2013.- Unos 300 campesinos y pescadores de la comunidad \u00c1lvaro Obreg\u00f3n en el municipio de Juchit\u00e1n de Zaragoza, acordaron crear una polic\u00eda comunitaria para impedir el ingreso de la empresa Mare\u00f1a Renovables que pretende construir un parque e\u00f3lico en la barra Santa [\u2026]<\/p>\n<div class=\"sharedaddy sd-sharing-enabled\">\n<div class=\"robots-nocontent sd-block sd-social sd-social-icon-text sd-sharing\">\n<div class=\"sd-content\">\n<ul>\n<li><a class=\"sharing-anchor sd-button share-more\" href=\"http:\/\/www.eloriente.net\/home\/?x=0&amp;y=0&amp;s=parque+e%C3%B3lico#\">Compartir<\/a><\/li>\n<li class=\"share-end\"><\/li>\n<\/ul>\n<div class=\"sharing-hidden\"><\/div>\n<\/div>\n<\/div>\n<\/div>\n<p class=\"postmeta\"><span class=\"meta_date\">febrero 11, 2013<\/span><\/p>\n<\/div>\n<p>&nbsp;<\/p>\n<p>&nbsp;<\/p>\n\n\t\t\t  <div \n\t\t\t  \tclass = \"fb-comments\" \n\t\t\t  \tdata-href = \"http:\/\/www.eloriente.net\/home\/2014\/11\/24\/proyecto-de-eolica-del-sur-en-oaxaca\/\"\n\t\t\t  \tdata-numposts = \"10\"\n\t\t\t\tdata-colorscheme = \"dark\"\n\t\t\t\tdata-order-by = \"social\"\n\t\t\t\tdata-mobile=true>\n\t\t\t  <\/div>\n\t\t  <style>\n\t\t\t.fb_iframe_widget_fluid_desktop iframe {\n\t\t\t    width: 100% !important;\n\t\t\t}\n\t\t  <\/style>\n\t\t  ","protected":false},"excerpt":{"rendered":"<p>eloriente.net 24\/noviembre\/2014 La empresa E\u00f3lica del Sur, antes conocida como Mare\u00f1a Renovables, pretend\u00eda la construcci\u00f3n de un parque e\u00f3lico en la barra de Santa Teresa, municipio de San Dionisio del Mar. La historia comenz\u00f3 en 2006, cuando la trasnacional espa\u00f1ola Preneal, firm\u00f3 un contrato con Santa Mar\u00eda del Mar para instalar 30 aerogeneradores con 90 [&hellip;]<\/p>\n","protected":false},"author":1,"featured_media":34158,"comment_status":"open","ping_status":"open","sticky":false,"template":"","format":"standard","meta":{"_jetpack_memberships_contains_paid_content":false,"footnotes":""},"categories":[2434,32,10,23,464,21],"tags":[2856,3037,3038,3036],"class_list":["post-34157","post","type-post","status-publish","format-standard","has-post-thumbnail","hentry","category-lunesdepolitica","category-entradas","category-lo-mas-reciente","category-municipios","category-oaxaca-estados","category-politica-y-gobierno","tag-energia-eolica","tag-eolica-del-sur","tag-marena-renovables","tag-parque-eolico"],"jetpack_featured_media_url":"http:\/\/www.eloriente.net\/home\/wp-content\/uploads\/2014\/11\/E\u00f3lica.jpg","jetpack_sharing_enabled":true,"_links":{"self":[{"href":"http:\/\/www.eloriente.net\/home\/wp-json\/wp\/v2\/posts\/34157"}],"collection":[{"href":"http:\/\/www.eloriente.net\/home\/wp-json\/wp\/v2\/posts"}],"about":[{"href":"http:\/\/www.eloriente.net\/home\/wp-json\/wp\/v2\/types\/post"}],"author":[{"embeddable":true,"href":"http:\/\/www.eloriente.net\/home\/wp-json\/wp\/v2\/users\/1"}],"replies":[{"embeddable":true,"href":"http:\/\/www.eloriente.net\/home\/wp-json\/wp\/v2\/comments?post=34157"}],"version-history":[{"count":1,"href":"http:\/\/www.eloriente.net\/home\/wp-json\/wp\/v2\/posts\/34157\/revisions"}],"predecessor-version":[{"id":34159,"href":"http:\/\/www.eloriente.net\/home\/wp-json\/wp\/v2\/posts\/34157\/revisions\/34159"}],"wp:featuredmedia":[{"embeddable":true,"href":"http:\/\/www.eloriente.net\/home\/wp-json\/wp\/v2\/media\/34158"}],"wp:attachment":[{"href":"http:\/\/www.eloriente.net\/home\/wp-json\/wp\/v2\/media?parent=34157"}],"wp:term":[{"taxonomy":"category","embeddable":true,"href":"http:\/\/www.eloriente.net\/home\/wp-json\/wp\/v2\/categories?post=34157"},{"taxonomy":"post_tag","embeddable":true,"href":"http:\/\/www.eloriente.net\/home\/wp-json\/wp\/v2\/tags?post=34157"}],"curies":[{"name":"wp","href":"https:\/\/api.w.org\/{rel}","templated":true}]}}