{"id":34172,"date":"2014-11-25T00:00:07","date_gmt":"2014-11-25T06:00:07","guid":{"rendered":"http:\/\/www.eloriente.net\/home\/?p=34172"},"modified":"2014-11-24T11:57:15","modified_gmt":"2014-11-24T17:57:15","slug":"convocatoria-programa-de-verano-para-jovenes-cientificos-en-austria","status":"publish","type":"post","link":"http:\/\/www.eloriente.net\/home\/2014\/11\/25\/convocatoria-programa-de-verano-para-jovenes-cientificos-en-austria\/","title":{"rendered":"Convocatoria: Programa de Verano para J\u00f3venes Cient\u00edficos en Austria"},"content":{"rendered":"<p>(<a href=\"www.eloriente.net\" target=\"_blank\">www.eloriente.net<\/a>, Oaxaca, M\u00e9xico, 25 de noviembre\/2014).- Desde 1977, cada a\u00f1o, el <a href=\"http:\/\/www.iiasa.ac.at\/web\/home\/education\/yssp\/about.html\" target=\"_blank\">IIASA (International Institute for Applied Systems Analysis)<\/a>, Austria, ofrece el Programa de Verano para J\u00f3venes Cient\u00edficos (YSSP), con una duraci\u00f3n de 3 meses. Los j\u00f3venes seleccionados tienen la oportunidad de realizar investigaciones cuyos intereses corresponden con las investigaciones en curso del IIASA, relacionadas con la problem\u00e1tica sobre el medio ambiente global y el cambio econ\u00f3mico y social.<\/p>\n<p>El Programa de Verano da a los j\u00f3venes la oportunidad de avanzar en diversas investigaciones bajo la supervisi\u00f3n y apoyo de un cient\u00edfico experto del IIASA, adem\u00e1s de crear una red de contactos interesante. J\u00f3venes cient\u00edficos de todas partes del mundo son aptos para aplicar al programa, sin embargo, IIASA da prioridad a los ciudadanos de los pa\u00edses NMO (ver lista de pa\u00edses NMO en la p\u00e1gina web)<\/p>\n<p>Las \u00e1reas a investigar son las siguientes:<\/p>\n<ul>\n<li>Sistema de An\u00e1lisis Avanzado<\/li>\n<li>Energ\u00eda<\/li>\n<li>Evoluci\u00f3n y Ecolog\u00eda<\/li>\n<li>Sistemas Ecol\u00f3gicos y Gerencia<\/li>\n<li>Mitigaci\u00f3n de la Poluci\u00f3n y los Gases<\/li>\n<li>Poblaci\u00f3n Mundial<\/li>\n<li>Pol\u00edtica de Riesgo y Vulnerabilidad<\/li>\n<li>Transici\u00f3n a las Nuevas Tecnolog\u00edas<\/li>\n<li>Agua<\/li>\n<\/ul>\n<p>El Programa de Verano para J\u00f3venes Cient\u00edficos (YSSP) ofrece la oportunidad \u00fanica de:<\/p>\n<ul>\n<li>Avanzar en tu investigaci\u00f3n bajo la supervisi\u00f3n directa de un experimentado cient\u00edfico del IIASA<\/li>\n<li>Expandir tus intereses de investigaci\u00f3n al trabajar en el ambiente interdisciplinario e internacional del IIASA<\/li>\n<li>Construir contactos con la red mundial de trabajo del Instituto y establecer colaboraciones en el futuro<\/li>\n<\/ul>\n<p>Deber\u00edas aplicar si:<\/p>\n<ul>\n<li>Eres un estudiante graduados avanzados (alrededor de dos a\u00f1os antes de recibir Doctorado)<\/li>\n<li>Tu campo de estudio es compatible con las investigaciones actuales del Instituto<\/li>\n<li>Deseas explorar las implicaciones pol\u00edticas de tu trabajo<\/li>\n<li>Son bienvenidos los estudiantes de todo el mundo, aunque se prioriza a los ciudadanos o residentes de las Organizaciones Miembro Nacionales -M\u00e9xico, incluido- (<a href=\"http:\/\/www.iiasa.ac.at\/web\/home\/about\/nationalmembers\/National-Member-Organizations.en.html\" target=\"_blank\">NMO countries<\/a>).<\/li>\n<\/ul>\n<p>El registro para el programa 2015 se abri\u00f3 desde el 1 de octubre de 2014 y la fecha de cierre de convocatioria es el 12 de enero de 2015. Solo las aplicaciones completas recibidas antes del 12 de enero de 2015 antes de las 24:00 (CET) ser\u00e1n consideradas. Los candidatos ser\u00e1n informados el 10 de marzo de 2015.<\/p>\n<p>Hasta el d\u00eda de hoy, 1772 j\u00f3venes cient\u00edficos de 85 pa\u00edses han participado en el programa.<\/p>\n<p>Para aplicar, haz clic <a href=\"http:\/\/www.iiasa.ac.at\/limesurvey\/index.php\/326329\/lang-en\" target=\"_blank\">aqu\u00ed<\/a>.<\/p>\n<p><iframe loading=\"lazy\" src=\"\/\/www.youtube.com\/embed\/R4-o4YnDg2s\" width=\"560\" height=\"315\" frameborder=\"0\" allowfullscreen=\"allowfullscreen\"><\/iframe><\/p>\n<p><a href=\"http:\/\/www.eloriente.net\/home\/wp-content\/uploads\/2014\/11\/Estudiantes-IIASA.jpg\"><img loading=\"lazy\" decoding=\"async\" class=\"alignnone size-medium wp-image-34173\" src=\"http:\/\/www.eloriente.net\/home\/wp-content\/uploads\/2014\/11\/Estudiantes-IIASA-300x212.jpg\" alt=\"Estudiantes - IIASA\" width=\"300\" height=\"212\" srcset=\"http:\/\/www.eloriente.net\/home\/wp-content\/uploads\/2014\/11\/Estudiantes-IIASA-300x212.jpg 300w, http:\/\/www.eloriente.net\/home\/wp-content\/uploads\/2014\/11\/Estudiantes-IIASA.jpg 540w\" sizes=\"(max-width: 300px) 100vw, 300px\" \/><\/a><\/p>\n<p>Foto: <a href=\"http:\/\/www.iiasa.ac.at\/web\/home\/education\/yssp\/about.html\" target=\"_blank\">IIASA Young Scientists Summer Program<\/a><\/p>\n<p><strong>Entradas relacionadas:<\/strong><\/p>\n<div id=\"post-34071\" class=\"post-34071 post type-post status-publish format-standard has-post-thumbnail hentry category-cine category-convocatorias category-educacion-y-cultura category-entradas category-lo-mas-reciente category-medio-ambiente tag-convocatorias-2 tag-ecozine tag-festival-ecozine entry loop-default border_bottom_30\">\n<p class=\"entry_title\"><a title=\"Enlace Permanente a Convocatoria: Festival Ecozine 2015\" href=\"http:\/\/www.eloriente.net\/home\/2014\/11\/20\/convocatoria-festival-ecozine-2015\/\" rel=\"bookmark\">Convocatoria: Festival Ecozine 2015<\/a><\/p>\n<p><a href=\"http:\/\/www.eloriente.net\/home\/2014\/11\/20\/convocatoria-festival-ecozine-2015\/\" rel=\"bookmark\"><img decoding=\"async\" class=\"alignleft\" title=\"Convocatoria: Festival Ecozine 2015\" src=\"http:\/\/www.eloriente.net\/home\/wp-content\/themes\/city-desk\/timthumb.php?src=http%3A%2F%2Fwww.eloriente.net%2Fhome%2Fwp-content%2Fuploads%2F2014%2F11%2Flogo-color.jpg&amp;q=90&amp;w=160&amp;h=106&amp;zc=1\" alt=\"Convocatoria: Festival Ecozine 2015\" \/><\/a>eloriente.net 20\/noviembre\/2014 R\u00e9quiem Nuclear\u00a0es la cr\u00f3nica de un viaje que relata la historia de la energ\u00eda nuclear en Espa\u00f1a,\u00a0a trav\u00e9s de las experiencias y reflexiones de los primeros activistas antinucleares.\u00a0Es tambi\u00e9n un recorrido humano y sentimental por el padre, r\u00edo Ebro que vertebra la identidad de los territorios que atraviesa y de sus gentes. Y [\u2026]<\/p>\n<div class=\"sharedaddy sd-sharing-enabled\">\n<div class=\"robots-nocontent sd-block sd-social sd-social-icon-text sd-sharing\">\n<div class=\"sd-content\">\n<ul>\n<li><a class=\"sharing-anchor sd-button share-more\" href=\"http:\/\/www.eloriente.net\/home\/category\/convocatorias\/#\">Compartir<\/a><\/li>\n<li class=\"share-end\"><\/li>\n<\/ul>\n<div class=\"sharing-hidden\"><\/div>\n<\/div>\n<\/div>\n<\/div>\n<p class=\"postmeta\"><span class=\"meta_date\">noviembre 20, 2014<\/span><\/p>\n<\/div>\n<div id=\"post-33908\" class=\"post-33908 post type-post status-publish format-standard has-post-thumbnail hentry category-convocatorias category-educacion-y-cultura category-entradas category-lo-mas-reciente category-mexico-y-el-mundo tag-aguascalientes tag-bienal tag-grabados tag-jose-guadalupe-posada entry loop-default border_bottom_30\">\n<p class=\"entry_title\"><a title=\"Enlace Permanente a Convocatoria: Bienal Internacional de Grabado y Estampa\" href=\"http:\/\/www.eloriente.net\/home\/2014\/11\/13\/convocatoria-bienal-internacional-de-grabado-y-estampa\/\" rel=\"bookmark\">Convocatoria: Bienal Internacional de Grabado y Estampa<\/a><\/p>\n<p><a href=\"http:\/\/www.eloriente.net\/home\/2014\/11\/13\/convocatoria-bienal-internacional-de-grabado-y-estampa\/\" rel=\"bookmark\"><img decoding=\"async\" class=\"alignleft\" title=\"Convocatoria: Bienal Internacional de Grabado y Estampa\" src=\"http:\/\/www.eloriente.net\/home\/wp-content\/themes\/city-desk\/timthumb.php?src=http%3A%2F%2Fwww.eloriente.net%2Fhome%2Fwp-content%2Fuploads%2F2014%2F11%2FJos%C3%A9-Guadalupe-Posada-Razi-Marysol-Machay.jpg&amp;q=90&amp;w=160&amp;h=106&amp;zc=1\" alt=\"Convocatoria: Bienal Internacional de Grabado y Estampa\" \/><\/a>eloriente.net 13\/noviembre\/2014 Un artista popular, que no goz\u00f3 de la fama que tuvieron sus contempor\u00e1neos, pero el impulso brindado por Diego Rivera, inmortaliz\u00f3 a Jos\u00e9 Guadalupe Posada y a su obra La Catrina, orignalmente conocida como La Calavera Garbancera. Nacido en Aguascalientes el 2 de febrero de 1852, Posada fue aprendiz en el taller litogr\u00e1fico [\u2026]<\/p>\n<div class=\"sharedaddy sd-sharing-enabled\">\n<div class=\"robots-nocontent sd-block sd-social sd-social-icon-text sd-sharing\">\n<div class=\"sd-content\">\n<ul>\n<li><a class=\"sharing-anchor sd-button share-more\" href=\"http:\/\/www.eloriente.net\/home\/category\/convocatorias\/#\">Compartir<\/a><\/li>\n<li class=\"share-end\"><\/li>\n<\/ul>\n<div class=\"sharing-hidden\"><\/div>\n<\/div>\n<\/div>\n<\/div>\n<p class=\"postmeta\"><span class=\"meta_date\">noviembre 13, 2014<\/span><\/p>\n<\/div>\n<div id=\"post-33858\" class=\"post-33858 post type-post status-publish format-standard has-post-thumbnail hentry category-convocatorias category-educacion-y-cultura category-entradas category-lo-mas-reciente category-mexico-y-el-mundo category-universidades tag-beca tag-bern tag-berna tag-convocatoria tag-maestria tag-posgrado tag-suiza tag-universidad-de-berna entry loop-default border_bottom_30\">\n<p class=\"entry_title\"><a title=\"Enlace Permanente a Convocatoria: Estudia tu maestr\u00eda en la Universidad de Berna\" href=\"http:\/\/www.eloriente.net\/home\/2014\/11\/11\/convocatoria-estudia-tu-maestria-en-la-universidad-de-berna\/\" rel=\"bookmark\">Convocatoria: Estudia tu maestr\u00eda en la Universidad de Berna<\/a><\/p>\n<p><a href=\"http:\/\/www.eloriente.net\/home\/2014\/11\/11\/convocatoria-estudia-tu-maestria-en-la-universidad-de-berna\/\" rel=\"bookmark\"><img decoding=\"async\" class=\"alignleft\" title=\"Convocatoria: Estudia tu maestr\u00eda en la Universidad de Berna\" src=\"http:\/\/www.eloriente.net\/home\/wp-content\/themes\/city-desk\/timthumb.php?src=http%3A%2F%2Fwww.eloriente.net%2Fhome%2Fwp-content%2Fuploads%2F2014%2F11%2FBerna-Martin-Abegglen.jpg&amp;q=90&amp;w=160&amp;h=106&amp;zc=1\" alt=\"Convocatoria: Estudia tu maestr\u00eda en la Universidad de Berna\" \/><\/a>eloriente.net 11\/noviembre\/2014 \u201cEleg\u00ed Berna por el idioma, porque quer\u00eda practicar alem\u00e1n, Me encontr\u00e9 con una ciudad multicultural y cosmopolita donde conviven muchas lenguas diferentes y no supone un problema de integraci\u00f3n ni discriminaci\u00f3n, ni siquiera de identidad porque la identidad suiza es plural\u201d, relata Esther L\u00f3pez Garc\u00eda de Espa\u00f1a,\u00a0sobre su experiencia de estudiar en la [\u2026]<\/p>\n<div class=\"sharedaddy sd-sharing-enabled\">\n<div class=\"robots-nocontent sd-block sd-social sd-social-icon-text sd-sharing\">\n<div class=\"sd-content\">\n<ul>\n<li><a class=\"sharing-anchor sd-button share-more\" href=\"http:\/\/www.eloriente.net\/home\/category\/convocatorias\/#\">Compartir<\/a><\/li>\n<li class=\"share-end\"><\/li>\n<\/ul>\n<div class=\"sharing-hidden\"><\/div>\n<\/div>\n<\/div>\n<\/div>\n<p class=\"postmeta\"><span class=\"meta_date\">noviembre 11, 2014<\/span><\/p>\n<\/div>\n\n\t\t\t  <div \n\t\t\t  \tclass = \"fb-comments\" \n\t\t\t  \tdata-href = \"http:\/\/www.eloriente.net\/home\/2014\/11\/25\/convocatoria-programa-de-verano-para-jovenes-cientificos-en-austria\/\"\n\t\t\t  \tdata-numposts = \"10\"\n\t\t\t\tdata-colorscheme = \"dark\"\n\t\t\t\tdata-order-by = \"social\"\n\t\t\t\tdata-mobile=true>\n\t\t\t  <\/div>\n\t\t  <style>\n\t\t\t.fb_iframe_widget_fluid_desktop iframe {\n\t\t\t    width: 100% !important;\n\t\t\t}\n\t\t  <\/style>\n\t\t  ","protected":false},"excerpt":{"rendered":"<p>(www.eloriente.net, Oaxaca, M\u00e9xico, 25 de noviembre\/2014).- Desde 1977, cada a\u00f1o, el IIASA (International Institute for Applied Systems Analysis), Austria, ofrece el Programa de Verano para J\u00f3venes Cient\u00edficos (YSSP), con una duraci\u00f3n de 3 meses. Los j\u00f3venes seleccionados tienen la oportunidad de realizar investigaciones cuyos intereses corresponden con las investigaciones en curso del IIASA, relacionadas con [&hellip;]<\/p>\n","protected":false},"author":1,"featured_media":34173,"comment_status":"open","ping_status":"open","sticky":false,"template":"","format":"standard","meta":{"_jetpack_memberships_contains_paid_content":false,"footnotes":""},"categories":[26,18,32,10,24],"tags":[2128,2945,355,997,3043],"class_list":["post-34172","post","type-post","status-publish","format-standard","has-post-thumbnail","hentry","category-convocatorias","category-educacion-y-cultura","category-entradas","category-lo-mas-reciente","category-mexico-y-el-mundo","tag-austria","tag-beca","tag-ciencia","tag-convocatoria","tag-jovenes-cientificos"],"jetpack_featured_media_url":"http:\/\/www.eloriente.net\/home\/wp-content\/uploads\/2014\/11\/Estudiantes-IIASA.jpg","jetpack_sharing_enabled":true,"_links":{"self":[{"href":"http:\/\/www.eloriente.net\/home\/wp-json\/wp\/v2\/posts\/34172"}],"collection":[{"href":"http:\/\/www.eloriente.net\/home\/wp-json\/wp\/v2\/posts"}],"about":[{"href":"http:\/\/www.eloriente.net\/home\/wp-json\/wp\/v2\/types\/post"}],"author":[{"embeddable":true,"href":"http:\/\/www.eloriente.net\/home\/wp-json\/wp\/v2\/users\/1"}],"replies":[{"embeddable":true,"href":"http:\/\/www.eloriente.net\/home\/wp-json\/wp\/v2\/comments?post=34172"}],"version-history":[{"count":1,"href":"http:\/\/www.eloriente.net\/home\/wp-json\/wp\/v2\/posts\/34172\/revisions"}],"predecessor-version":[{"id":34174,"href":"http:\/\/www.eloriente.net\/home\/wp-json\/wp\/v2\/posts\/34172\/revisions\/34174"}],"wp:featuredmedia":[{"embeddable":true,"href":"http:\/\/www.eloriente.net\/home\/wp-json\/wp\/v2\/media\/34173"}],"wp:attachment":[{"href":"http:\/\/www.eloriente.net\/home\/wp-json\/wp\/v2\/media?parent=34172"}],"wp:term":[{"taxonomy":"category","embeddable":true,"href":"http:\/\/www.eloriente.net\/home\/wp-json\/wp\/v2\/categories?post=34172"},{"taxonomy":"post_tag","embeddable":true,"href":"http:\/\/www.eloriente.net\/home\/wp-json\/wp\/v2\/tags?post=34172"}],"curies":[{"name":"wp","href":"https:\/\/api.w.org\/{rel}","templated":true}]}}