{"id":34258,"date":"2014-11-27T11:33:02","date_gmt":"2014-11-27T17:33:02","guid":{"rendered":"http:\/\/www.eloriente.net\/home\/?p=34258"},"modified":"2014-11-27T11:33:02","modified_gmt":"2014-11-27T17:33:02","slug":"congreso-internacional-de-derecho-procesal-penal-en-la-uabjo","status":"publish","type":"post","link":"http:\/\/www.eloriente.net\/home\/2014\/11\/27\/congreso-internacional-de-derecho-procesal-penal-en-la-uabjo\/","title":{"rendered":"Congreso Internacional de Derecho Procesal Penal en la UABJO"},"content":{"rendered":"<p>(<a href=\"http:\/\/www.eloriente.net\/home\/\" target=\"_blank\">www.eloriente.net<\/a>\/<a href=\"www.uabjo.mx\" target=\"_blank\">UABJO<\/a>, M\u00e9xico, 27 de noviembre\/2014).-\u00a0Con la finalidad de establecer espacios de discusi\u00f3n acad\u00e9mica y profesional en torno a las experiencias que se han suscitado en Latinoam\u00e9rica y el mundo sobre el nuevo sistema penal, la Facultad de Derecho y Ciencias Sociales de la Universidad Aut\u00f3noma \u201cBenito Ju\u00e1rez\u201d de Oaxaca (FDyCS UABJO), organiz\u00f3 el Sexto Congreso Internacional Derecho Procesal Penal.<\/p>\n<p>La inauguraci\u00f3n del evento se realiz\u00f3 en el Patio del Edificio Central de la FDyCS y cont\u00f3 con la presencia de Alfredo Rodrigo Lagunas Rivera, Magistrado Presidente del Honorable Tribunal de Justicia del estado de Oaxaca; V\u00edctor Hugo Alejo Torres, Consejero Jur\u00eddico del Gobierno del Estado de Oaxaca; Mar\u00eda de los \u00c1ngeles Fromow Rangel, Titular de la Secretar\u00eda T\u00e9cnica del Consejo de Coordinaci\u00f3n para la Implementaci\u00f3n del Sistema de Justicia Penal; Eduardo Mart\u00ednez Helmes, Rector de la UABJO y Reynel V\u00e1squez Z\u00e1rate, Director de la FDyCS.<\/p>\n<p>En su mensaje de bienvenida, Mart\u00ednez Helmes destac\u00f3 la importancia de la realizaci\u00f3n de este tipo de actividades acad\u00e9micas, con lo cual, dijo \u201cse contribuye a impulsar sustancialmente la cultura jur\u00eddica en nuestra entidad y se pone en alto el nombre de la UABJO, como la M\u00e1xima Casa de Estudios en el Estado\u201d.<\/p>\n<p>Asimismo, se\u00f1al\u00f3 que la UABJO es una instituci\u00f3n consagrada al pensamiento libertario, herencia de su Rector supremo Don Benito Pablo Ju\u00e1rez Garc\u00eda, cuyo mayor legado para nuestro pa\u00eds, fue el haberse consagrado en la realizaci\u00f3n de la reforma liberal, en este sentido, se\u00f1al\u00f3 que \u201cEs clara la trascendencia y la importancia del derecho en la vida de nuestra sociedad, en cuanto que las normas que lo conforman, son la certeza de que los servidores p\u00fablicos, al cumplirlas, estar\u00e1n sirviendo como medio para el cumplimiento del derecho\u201d.<\/p>\n<p>Por su parte, el director de la FDyCS, Reynel V\u00e1squez Z\u00e1rate manifest\u00f3 que este evento representa la oportunidad para generar reflexiones y discusiones a partir de una mirada sobre el pensamiento jur\u00eddico latinoamericano y que permite articular el pensamiento jur\u00eddico global.<\/p>\n<p>Entre los ponentes invitados, quienes con su experiencia y conocimiento constituyen el hilo conductor del an\u00e1lisis y la reflexi\u00f3n al interior del Congreso, se encuentran Alejandro Decastro y Cristian Wolffh\u00fcgel de Colombia; Hugo Mu\u00f1oz y Umberto Montiglio de Chile; Edwin Duartes de Costa Rica; Claudio Puccinelli de Argentina, Jos\u00e9 Antonio Neyra de Per\u00fa y Martin Antonio Sabelli de Estados Unidos.<\/p>\n<p>El Congreso tambi\u00e9n cuenta con la participaci\u00f3n de ponentes locales, los cuales participar\u00e1n con tem\u00e1ticas como: Investigaci\u00f3n frente al C\u00f3digo Nacional de Procedimientos Penales, salidas alternas y ejecuci\u00f3n de funciones, valoraci\u00f3n de pruebas, audiencia inicial e intermedia, entre otros.<\/p>\n<p><a href=\"http:\/\/www.eloriente.net\/home\/wp-content\/uploads\/2014\/11\/27.jpg\"><img loading=\"lazy\" decoding=\"async\" class=\"alignnone size-medium wp-image-34259\" src=\"http:\/\/www.eloriente.net\/home\/wp-content\/uploads\/2014\/11\/27-300x186.jpg\" alt=\"27\" width=\"300\" height=\"186\" srcset=\"http:\/\/www.eloriente.net\/home\/wp-content\/uploads\/2014\/11\/27-300x186.jpg 300w, http:\/\/www.eloriente.net\/home\/wp-content\/uploads\/2014\/11\/27-1024x637.jpg 1024w\" sizes=\"(max-width: 300px) 100vw, 300px\" \/><\/a><\/p>\n<p>Foto: UABJO<\/p>\n<p><strong>Entradas relacionadas:<\/strong><\/p>\n<div id=\"post-34209\" class=\"post-34209 post type-post status-publish format-standard has-post-thumbnail hentry category-educacion-y-cultura category-entradas category-lo-mas-reciente category-oaxaca-estados category-universidades tag-uabjo entry loop-default border_bottom_30\">\n<p class=\"entry_title\"><a title=\"Enlace Permanente a XXXIV Aniversario de la Preparatoria N\u00ba 7\" href=\"http:\/\/www.eloriente.net\/home\/2014\/11\/26\/xxxiv-aniversario-de-la-preparatoria-no-7\/\" rel=\"bookmark\">XXXIV Aniversario de la Preparatoria N\u00ba 7<\/a><\/p>\n<p><a href=\"http:\/\/www.eloriente.net\/home\/2014\/11\/26\/xxxiv-aniversario-de-la-preparatoria-no-7\/\" rel=\"bookmark\"><img decoding=\"async\" class=\"alignleft\" title=\"XXXIV Aniversario de la Preparatoria N\u00ba 7\" src=\"http:\/\/www.eloriente.net\/home\/wp-content\/themes\/city-desk\/timthumb.php?src=http%3A%2F%2Fwww.eloriente.net%2Fhome%2Fwp-content%2Fuploads%2F2014%2F11%2F25.jpg&amp;q=90&amp;w=160&amp;h=106&amp;zc=1\" alt=\"XXXIV Aniversario de la Preparatoria N\u00ba 7\" \/><\/a>(eloriente.net\/UABJO, Oaxaca, M\u00e9xico, 26 de noviembre 2014). \u2013 Con actividades art\u00edsticas, culturales y educativas, la Escuela Preparatoria n\u00famero 7 de la Universidad Aut\u00f3noma \u201cBenito Ju\u00e1rez\u201d de Oaxaca (UABJO), celebra 34 a\u00f1os de su creaci\u00f3n, y como inicio present\u00f3 su acto protocolario encabezado por el rector Eduardo Mart\u00ednez Helmes. Acompa\u00f1ado por la directora de la Preparatoria [\u2026]<\/p>\n<div class=\"sharedaddy sd-sharing-enabled\">\n<div class=\"robots-nocontent sd-block sd-social sd-social-icon-text sd-sharing\">\n<div class=\"sd-content\">\n<ul>\n<li><a class=\"sharing-anchor sd-button share-more\" href=\"http:\/\/www.eloriente.net\/home\/tag\/uabjo\/#\">Compartir<\/a><\/li>\n<li class=\"share-end\"><\/li>\n<\/ul>\n<div class=\"sharing-hidden\"><\/div>\n<\/div>\n<\/div>\n<\/div>\n<p class=\"postmeta\"><span class=\"meta_date\">noviembre 26, 2014<\/span><\/p>\n<\/div>\n<div id=\"post-34068\" class=\"post-34068 post type-post status-publish format-standard has-post-thumbnail hentry category-comunicados-y-boletines category-educacion-y-cultura category-entradas category-lo-mas-reciente category-municipios category-oaxaca-estados category-universidades tag-plan-de-desarrollo-municipal tag-san-juan-del-estado tag-uabjo entry loop-default border_bottom_30\">\n<p class=\"entry_title\"><a title=\"Enlace Permanente a San Juan del Estado, desarrollo con sustento acad\u00e9mico\" href=\"http:\/\/www.eloriente.net\/home\/2014\/11\/19\/san-juan-del-estado-desarrollo-con-sustento-academico\/\" rel=\"bookmark\">San Juan del Estado, desarrollo con sustento acad\u00e9mico<\/a><\/p>\n<p><a href=\"http:\/\/www.eloriente.net\/home\/2014\/11\/19\/san-juan-del-estado-desarrollo-con-sustento-academico\/\" rel=\"bookmark\"><img decoding=\"async\" class=\"alignleft\" title=\"San Juan del Estado, desarrollo con sustento acad\u00e9mico\" src=\"http:\/\/www.eloriente.net\/home\/wp-content\/themes\/city-desk\/timthumb.php?src=http%3A%2F%2Fwww.eloriente.net%2Fhome%2Fwp-content%2Fuploads%2F2014%2F11%2F19.jpg&amp;q=90&amp;w=160&amp;h=106&amp;zc=1\" alt=\"San Juan del Estado, desarrollo con sustento acad\u00e9mico\" \/><\/a>eloriente.net \/ UABJO 19\/noviembre\/2014 El rector de la Universidad Aut\u00f3noma \u201cBenito Ju\u00e1rez\u201d de Oaxaca (UABJO), Eduardo Mart\u00ednez Helmes, acompa\u00f1ado de la directora de la Agencia de Desarrollo UABJO, Ana Luz Ramos Soto, entreg\u00f3 el Plan de Desarrollo Municipal elaborado por acad\u00e9micos de la instituci\u00f3n, al presidente de la comunidad de San Juan del Estado, Pedro [\u2026]<\/p>\n<div class=\"sharedaddy sd-sharing-enabled\">\n<div class=\"robots-nocontent sd-block sd-social sd-social-icon-text sd-sharing\">\n<div class=\"sd-content\">\n<ul>\n<li><a class=\"sharing-anchor sd-button share-more\" href=\"http:\/\/www.eloriente.net\/home\/tag\/uabjo\/#\">Compartir<\/a><\/li>\n<li class=\"share-end\"><\/li>\n<\/ul>\n<div class=\"sharing-hidden\"><\/div>\n<\/div>\n<\/div>\n<\/div>\n<p class=\"postmeta\"><span class=\"meta_date\">noviembre 19, 2014<\/span><\/p>\n<\/div>\n<div id=\"post-34023\" class=\"post-34023 post type-post status-publish format-standard has-post-thumbnail hentry category-comunicados-y-boletines category-educacion-y-cultura category-entradas category-lo-mas-reciente category-oaxaca-estados category-universidades tag-facultad-de-medicina tag-uabjo entry loop-default border_bottom_30\">\n<p class=\"entry_title\"><a title=\"Enlace Permanente a Tiempo de remodelaci\u00f3n para Medicina UABJO\" href=\"http:\/\/www.eloriente.net\/home\/2014\/11\/18\/tiempo-de-remodelacion-para-medicina-uabjo\/\" rel=\"bookmark\">Tiempo de remodelaci\u00f3n para Medicina UABJO<\/a><\/p>\n<p><a href=\"http:\/\/www.eloriente.net\/home\/2014\/11\/18\/tiempo-de-remodelacion-para-medicina-uabjo\/\" rel=\"bookmark\"><img decoding=\"async\" class=\"alignleft\" title=\"Tiempo de remodelaci\u00f3n para Medicina UABJO\" src=\"http:\/\/www.eloriente.net\/home\/wp-content\/themes\/city-desk\/timthumb.php?src=http%3A%2F%2Fwww.eloriente.net%2Fhome%2Fwp-content%2Fuploads%2F2014%2F11%2F181.jpg&amp;q=90&amp;w=160&amp;h=106&amp;zc=1\" alt=\"Tiempo de remodelaci\u00f3n para Medicina UABJO\" \/><\/a>eloriente.net \/ UABJO 18\/noviembre\/2014 Arrancan trabajos de infraestructura en la Facultad de Medicina de la UABJO \u2022 Durante 5 meses se trabajar\u00e1 intensamente en la remodelaci\u00f3n del inmueble Al dar inicio a la restauraci\u00f3n del Edificio Frontispicio de la Facultad de Medicina y Cirug\u00eda, el Gobernador Constitucional del Estado de Oaxaca, Gabino Cu\u00e9 Monteagudo y [\u2026]<\/p>\n<div class=\"sharedaddy sd-sharing-enabled\">\n<div class=\"robots-nocontent sd-block sd-social sd-social-icon-text sd-sharing\">\n<div class=\"sd-content\">\n<ul>\n<li><a class=\"sharing-anchor sd-button share-more\" href=\"http:\/\/www.eloriente.net\/home\/tag\/uabjo\/#\">Compartir<\/a><\/li>\n<li class=\"share-end\"><\/li>\n<\/ul>\n<div class=\"sharing-hidden\"><\/div>\n<\/div>\n<\/div>\n<\/div>\n<p class=\"postmeta\"><span class=\"meta_date\">noviembre 18, 2014<\/span><\/p>\n<\/div>\n\n\t\t\t  <div \n\t\t\t  \tclass = \"fb-comments\" \n\t\t\t  \tdata-href = \"http:\/\/www.eloriente.net\/home\/2014\/11\/27\/congreso-internacional-de-derecho-procesal-penal-en-la-uabjo\/\"\n\t\t\t  \tdata-numposts = \"10\"\n\t\t\t\tdata-colorscheme = \"dark\"\n\t\t\t\tdata-order-by = \"social\"\n\t\t\t\tdata-mobile=true>\n\t\t\t  <\/div>\n\t\t  <style>\n\t\t\t.fb_iframe_widget_fluid_desktop iframe {\n\t\t\t    width: 100% !important;\n\t\t\t}\n\t\t  <\/style>\n\t\t  ","protected":false},"excerpt":{"rendered":"<p>(www.eloriente.net\/UABJO, M\u00e9xico, 27 de noviembre\/2014).-\u00a0Con la finalidad de establecer espacios de discusi\u00f3n acad\u00e9mica y profesional en torno a las experiencias que se han suscitado en Latinoam\u00e9rica y el mundo sobre el nuevo sistema penal, la Facultad de Derecho y Ciencias Sociales de la Universidad Aut\u00f3noma \u201cBenito Ju\u00e1rez\u201d de Oaxaca (FDyCS UABJO), organiz\u00f3 el Sexto Congreso [&hellip;]<\/p>\n","protected":false},"author":1,"featured_media":34259,"comment_status":"open","ping_status":"open","sticky":false,"template":"","format":"standard","meta":{"_jetpack_memberships_contains_paid_content":false,"footnotes":""},"categories":[1588,18,32,10,464,31,84],"tags":[2977,2976,182],"class_list":["post-34258","post","type-post","status-publish","format-standard","has-post-thumbnail","hentry","category-comunicados-y-boletines","category-educacion-y-cultura","category-entradas","category-lo-mas-reciente","category-oaxaca-estados","category-principal","category-universidades","tag-congreso-internacional","tag-derecho-procesal-penal","tag-uabjo"],"jetpack_featured_media_url":"http:\/\/www.eloriente.net\/home\/wp-content\/uploads\/2014\/11\/27.jpg","jetpack_sharing_enabled":true,"_links":{"self":[{"href":"http:\/\/www.eloriente.net\/home\/wp-json\/wp\/v2\/posts\/34258"}],"collection":[{"href":"http:\/\/www.eloriente.net\/home\/wp-json\/wp\/v2\/posts"}],"about":[{"href":"http:\/\/www.eloriente.net\/home\/wp-json\/wp\/v2\/types\/post"}],"author":[{"embeddable":true,"href":"http:\/\/www.eloriente.net\/home\/wp-json\/wp\/v2\/users\/1"}],"replies":[{"embeddable":true,"href":"http:\/\/www.eloriente.net\/home\/wp-json\/wp\/v2\/comments?post=34258"}],"version-history":[{"count":1,"href":"http:\/\/www.eloriente.net\/home\/wp-json\/wp\/v2\/posts\/34258\/revisions"}],"predecessor-version":[{"id":34260,"href":"http:\/\/www.eloriente.net\/home\/wp-json\/wp\/v2\/posts\/34258\/revisions\/34260"}],"wp:featuredmedia":[{"embeddable":true,"href":"http:\/\/www.eloriente.net\/home\/wp-json\/wp\/v2\/media\/34259"}],"wp:attachment":[{"href":"http:\/\/www.eloriente.net\/home\/wp-json\/wp\/v2\/media?parent=34258"}],"wp:term":[{"taxonomy":"category","embeddable":true,"href":"http:\/\/www.eloriente.net\/home\/wp-json\/wp\/v2\/categories?post=34258"},{"taxonomy":"post_tag","embeddable":true,"href":"http:\/\/www.eloriente.net\/home\/wp-json\/wp\/v2\/tags?post=34258"}],"curies":[{"name":"wp","href":"https:\/\/api.w.org\/{rel}","templated":true}]}}