{"id":34264,"date":"2014-11-27T13:10:53","date_gmt":"2014-11-27T19:10:53","guid":{"rendered":"http:\/\/www.eloriente.net\/home\/?p=34264"},"modified":"2014-11-27T13:35:20","modified_gmt":"2014-11-27T19:35:20","slug":"epn-anuncia-medidas-especiales-para-oaxaca-guerrero-y-chiapas","status":"publish","type":"post","link":"http:\/\/www.eloriente.net\/home\/2014\/11\/27\/epn-anuncia-medidas-especiales-para-oaxaca-guerrero-y-chiapas\/","title":{"rendered":"@EPN anuncia medidas especiales para Oaxaca, Guerrero y Chiapas"},"content":{"rendered":"<p style=\"text-align: right;\">Por: Staff ELORIENTE.NET<\/p>\n<p>(www.eloriente.net, M\u00e9xico, 27 de noviembre de 2014).- El Presidente Pe\u00f1a Nieto anunci\u00f3 este d\u00eda un paquete de medidas para colaborar con los estados del sur, Oaxaca, Guerrero y Chiapas, a salir de su atraso hist\u00f3rico. \u00abSon los estados que se est\u00e1n quedando atr\u00e1s\u00bb.<\/p>\n<p>En el anuncio incluy\u00f3 los programas de infraestructura tanto carretera como hospitalaria que se encuentra ya en marcha, con una inversi\u00f3n de aproximadamente 195 mil millones de pesos.<\/p>\n<p>Adicionalmente, se\u00f1al\u00f3 que se crear\u00e1n nuevos polos de desarrollo industrial. En ello se incluye la creaci\u00f3n de 3 zonas econ\u00f3micas especiales, lo que se\u00f1al\u00f3 como hist\u00f3rico \u2014pues no existe antecedente en el pa\u00eds\u2014, mismas que estar\u00edan ubicadas en el corredor industrial interoce\u00e1nico de Salina Cruz; Puerto Chiapas y los municipios colindantes al Puerto de L\u00e1zaro C\u00e1rdenas.<\/p>\n<p>Las zonas econ\u00f3micas, dijo, aumentan la competitividad, facilitan el comercio exterior, promueven descuentos en impuestos y contribuciones, as\u00ed como marcos regulatorios especiales.<\/p>\n<p>Para estos tres estados, tambi\u00e9n habr\u00e1 trato especial para campesinos, con medidas para el campo; as\u00ed como un programa de empleo temporal que beneficiar\u00e1 a m\u00e1s de 3,000 familias, programas emergentes de impulso al campo con 4,000 millones de pesos para cr\u00e9ditos, repoblaci\u00f3n de cafetales, pavimentaci\u00f3n por 1,500 millones de pesos m\u00e1s, as\u00ed como medidas de apoyo fiscal para el Puerto de Acapulco.<\/p>\n<p>Cabe recordar que este paquete se anunci\u00f3 en el marco de la presentaci\u00f3n de las 10 medidas Por un M\u00e9xico en paz con justicia, unidad y desarrollo, este mediod\u00eda en Palacio Nacional, con la asistencia de los representantes de los 3 poderes de la Uni\u00f3n, Gobernadores y miembros del gabinete federal.<\/p>\n<p>A continuaci\u00f3n el mensaje \u00edntegro del Presidente Pe\u00f1a Nieto:<br \/>\n<iframe loading=\"lazy\" src=\"\/\/www.youtube.com\/embed\/kY86qNmZB2A\" width=\"560\" height=\"315\" frameborder=\"0\" allowfullscreen=\"allowfullscreen\"><\/iframe><\/p>\n<p><strong>OTRAS ENTRADAS:<\/strong><\/p>\n<div id=\"post-33620\" class=\"post-33620 post type-post status-publish format-standard has-post-thumbnail hentry category-adrian-ortiz-romero category-colaboradores category-entradas category-lo-mas-reciente category-politica-y-gobierno tag-ayotzinapa tag-iguala entry loop-default border_bottom_30\">\n<h2 class=\"entry_title\"><a title=\"Enlace Permanente a EPN no orden\u00f3 las desapariciones, pero s\u00ed es responsable\" href=\"http:\/\/www.eloriente.net\/home\/2014\/10\/31\/epn-no-ordeno-las-desapariciones-pero-si-es-responsable\/\" rel=\"bookmark\">EPN no orden\u00f3 las desapariciones, pero s\u00ed es responsable<\/a><\/h2>\n<p><a href=\"http:\/\/www.eloriente.net\/home\/2014\/10\/31\/epn-no-ordeno-las-desapariciones-pero-si-es-responsable\/\" rel=\"bookmark\"><img decoding=\"async\" class=\"alignleft\" title=\"EPN no orden\u00f3 las desapariciones, pero s\u00ed es responsable\" src=\"http:\/\/www.eloriente.net\/home\/wp-content\/themes\/city-desk\/timthumb.php?src=http%3A%2F%2Fwww.eloriente.net%2Fhome%2Fwp-content%2Fuploads%2F2013%2F01%2FEPNCom1-642x422.jpg&amp;q=90&amp;w=160&amp;h=106&amp;zc=1\" alt=\"EPN no orden\u00f3 las desapariciones, pero s\u00ed es responsable\" \/><\/a>eloriente.net 31\/octubre\/2014 Por Adri\u00e1n Ortiz Romero Los cr\u00edmenes de lesa humanidad no admiten jerarqu\u00edas A muchos sigue sin quedarles claro por qu\u00e9 si el gobierno del presidente Enrique Pe\u00f1a Nieto no orden\u00f3, ni ejecut\u00f3, ni consinti\u00f3, las detenciones-desapariciones de los 43 normalistas en Iguala el pasado 26 de septiembre, s\u00ed est\u00e1 obligado a responder por [\u2026]<\/p>\n<div class=\"sharedaddy sd-sharing-enabled\">\n<div class=\"robots-nocontent sd-block sd-social sd-social-icon-text sd-sharing\">\n<div class=\"sd-content\">\n<ul>\n<li><a class=\"sharing-anchor sd-button share-more\" href=\"http:\/\/www.eloriente.net\/home\/?x=0&amp;y=0&amp;s=EPN#\">Compartir <\/a><span class=\"meta_date\">octubre 31, 2014<\/span><\/li>\n<\/ul>\n<\/div>\n<\/div>\n<\/div>\n<\/div>\n<div id=\"post-32047\" class=\"post-32047 post type-post status-publish format-standard has-post-thumbnail hentry category-adrian-ortiz-romero category-colaboradores category-entradas category-lo-mas-reciente category-politica-y-gobierno tag-lunesdepolitica tag-adrian-ortiz-romero-2 entry loop-default border_bottom_30\">\n<h2 class=\"entry_title\"><a title=\"Enlace Permanente a Conflicto educativo en Oaxaca: bumerang para EPN\" href=\"http:\/\/www.eloriente.net\/home\/2014\/09\/08\/conflicto-educativo-en-oaxaca-bumerang-para-epn\/\" rel=\"bookmark\">Conflicto educativo en Oaxaca: bumerang para EPN<\/a><\/h2>\n<p><a href=\"http:\/\/www.eloriente.net\/home\/2014\/09\/08\/conflicto-educativo-en-oaxaca-bumerang-para-epn\/\" rel=\"bookmark\"><img decoding=\"async\" class=\"alignleft\" title=\"Conflicto educativo en Oaxaca: bumerang para EPN\" src=\"http:\/\/www.eloriente.net\/home\/wp-content\/themes\/city-desk\/timthumb.php?src=http%3A%2F%2Fwww.eloriente.net%2Fhome%2Fwp-content%2Fuploads%2F2013%2F02%2FAlgunos-derechos-reservados-por-alviseni-dinero.jpg&amp;q=90&amp;w=160&amp;h=106&amp;zc=1\" alt=\"Conflicto educativo en Oaxaca: bumerang para EPN\" \/><\/a>eloriente.net 8\/septiembre\/2014 D\u00e9ficit financiero, \u201cpapa caliente\u201d para SEP en 2015 El jueves pasado el gobierno del estado public\u00f3 un inusual comunicado en el que repasaba las circunstancias en que se dio el proceso de rezonificaci\u00f3n salarial de los trabajadores de la educaci\u00f3n en Oaxaca y, disimuladamente, le \u201canunciaba\u201d al gobierno federal el d\u00e9ficit y los [\u2026]<\/p>\n<div class=\"sharedaddy sd-sharing-enabled\">\n<div class=\"robots-nocontent sd-block sd-social sd-social-icon-text sd-sharing\">\n<div class=\"sd-content\">\n<ul>\n<li><a class=\"sharing-anchor sd-button share-more\" href=\"http:\/\/www.eloriente.net\/home\/?x=0&amp;y=0&amp;s=EPN#\">Compartir <\/a><span class=\"meta_date\">septiembre 8, 2014<\/span><\/li>\n<\/ul>\n<\/div>\n<\/div>\n<\/div>\n<\/div>\n<p>&nbsp;<\/p>\n\n\t\t\t  <div \n\t\t\t  \tclass = \"fb-comments\" \n\t\t\t  \tdata-href = \"http:\/\/www.eloriente.net\/home\/2014\/11\/27\/epn-anuncia-medidas-especiales-para-oaxaca-guerrero-y-chiapas\/\"\n\t\t\t  \tdata-numposts = \"10\"\n\t\t\t\tdata-colorscheme = \"dark\"\n\t\t\t\tdata-order-by = \"social\"\n\t\t\t\tdata-mobile=true>\n\t\t\t  <\/div>\n\t\t  <style>\n\t\t\t.fb_iframe_widget_fluid_desktop iframe {\n\t\t\t    width: 100% !important;\n\t\t\t}\n\t\t  <\/style>\n\t\t  ","protected":false},"excerpt":{"rendered":"<p>Por: Staff ELORIENTE.NET (www.eloriente.net, M\u00e9xico, 27 de noviembre de 2014).- El Presidente Pe\u00f1a Nieto anunci\u00f3 este d\u00eda un paquete de medidas para colaborar con los estados del sur, Oaxaca, Guerrero y Chiapas, a salir de su atraso hist\u00f3rico. \u00abSon los estados que se est\u00e1n quedando atr\u00e1s\u00bb. En el anuncio incluy\u00f3 los programas de infraestructura tanto [&hellip;]<\/p>\n","protected":false},"author":1,"featured_media":34268,"comment_status":"closed","ping_status":"closed","sticky":false,"template":"","format":"standard","meta":{"_jetpack_memberships_contains_paid_content":false,"footnotes":""},"categories":[6,22,49,32,63,2628,10,24,464,31],"tags":[],"class_list":["post-34264","post","type-post","status-publish","format-standard","has-post-thumbnail","hentry","category-canal-4-especiales","category-derechos-humanos","category-destacadas","category-entradas","category-estados","category-jalisco-estados","category-lo-mas-reciente","category-mexico-y-el-mundo","category-oaxaca-estados","category-principal"],"jetpack_featured_media_url":"http:\/\/www.eloriente.net\/home\/wp-content\/uploads\/2014\/11\/EPN-27noviembre2014-presidencia.png","jetpack_sharing_enabled":true,"_links":{"self":[{"href":"http:\/\/www.eloriente.net\/home\/wp-json\/wp\/v2\/posts\/34264"}],"collection":[{"href":"http:\/\/www.eloriente.net\/home\/wp-json\/wp\/v2\/posts"}],"about":[{"href":"http:\/\/www.eloriente.net\/home\/wp-json\/wp\/v2\/types\/post"}],"author":[{"embeddable":true,"href":"http:\/\/www.eloriente.net\/home\/wp-json\/wp\/v2\/users\/1"}],"replies":[{"embeddable":true,"href":"http:\/\/www.eloriente.net\/home\/wp-json\/wp\/v2\/comments?post=34264"}],"version-history":[{"count":2,"href":"http:\/\/www.eloriente.net\/home\/wp-json\/wp\/v2\/posts\/34264\/revisions"}],"predecessor-version":[{"id":34267,"href":"http:\/\/www.eloriente.net\/home\/wp-json\/wp\/v2\/posts\/34264\/revisions\/34267"}],"wp:featuredmedia":[{"embeddable":true,"href":"http:\/\/www.eloriente.net\/home\/wp-json\/wp\/v2\/media\/34268"}],"wp:attachment":[{"href":"http:\/\/www.eloriente.net\/home\/wp-json\/wp\/v2\/media?parent=34264"}],"wp:term":[{"taxonomy":"category","embeddable":true,"href":"http:\/\/www.eloriente.net\/home\/wp-json\/wp\/v2\/categories?post=34264"},{"taxonomy":"post_tag","embeddable":true,"href":"http:\/\/www.eloriente.net\/home\/wp-json\/wp\/v2\/tags?post=34264"}],"curies":[{"name":"wp","href":"https:\/\/api.w.org\/{rel}","templated":true}]}}