{"id":34315,"date":"2014-11-29T14:24:58","date_gmt":"2014-11-29T20:24:58","guid":{"rendered":"http:\/\/www.eloriente.net\/home\/?p=34315"},"modified":"2014-11-29T14:24:58","modified_gmt":"2014-11-29T20:24:58","slug":"los-retos-de-la-salud-en-oaxaca","status":"publish","type":"post","link":"http:\/\/www.eloriente.net\/home\/2014\/11\/29\/los-retos-de-la-salud-en-oaxaca\/","title":{"rendered":"Los Retos de la Salud en Oaxaca"},"content":{"rendered":"<p>eloriente.net \/ <a href=\"http:\/\/www.uabjo.mx\" target=\"_blank\">UABJO<\/a><\/p>\n<p>29\/noviembre\/2014<\/p>\n<p>El Instituto de Investigaciones Sociol\u00f3gicas de la Universidad Aut\u00f3noma \u201cBenito Ju\u00e1rez\u201d de Oaxaca (IISUABJO) a trav\u00e9s del \u00c1rea de Desarrollo Regional, present\u00f3 la conferencia \u201cLos Retos de la Salud en Oaxaca\u201d, como parte del ciclo \u201cOaxaca en el Debate Nacional\u201d.<\/p>\n<p>La conferencia, realizada en las instalaciones de la Biblioteca Francisco de Burgoa, corri\u00f3 a cargo del Dr. Mauricio Hern\u00e1ndez \u00c1vila, quien actualmente funge como Director General del Instituto Nacional de Salud P\u00fablica y cuenta con una destacada trayectoria profesional como miembro del Sistema Nacional de Investigadores (Nivel III).<\/p>\n<p>Hern\u00e1ndez \u00c1vila present\u00f3 un panorama de la atenci\u00f3n a la salud en nuestro estado y se\u00f1al\u00f3 que \u201cOaxaca se encuentra en la media de satisfacci\u00f3n de usuarios nacional, excepto por el rubro de tiempo de tr\u00e1mite, el cual es percibido como un problema importante\u201d.<\/p>\n<p>El especialista se\u00f1al\u00f3 que M\u00e9xico tiene indicadores por debajo de los pa\u00edses miembros de la Organizaci\u00f3n para la Cooperaci\u00f3n y Desarrollo Econ\u00f3mico (OCDE), con caracter\u00edsticas de desarrollo similares.<\/p>\n<p>Sin embargo, en el rubro de mortalidad materna el indicador expresa lo que calific\u00f3 como \u201cuno de los hechos m\u00e1s vergonzosos de la salud\u201d que es que una madre muera en un evento reproductivo y M\u00e9xico tiene tasas muy elevadas, principalmente entre la poblaci\u00f3n m\u00e1s desprotegida; a pesar de que este rubro ya tiene cobertura universal en nuestro pa\u00eds.<\/p>\n<p>\u201cNuestro pa\u00eds tiene un sistema de salud muy complejo y recursos limitados, por lo que es importante saber d\u00f3nde y c\u00f3mo debemos de invertir nuestros recursos, a fin de lograr un avance verdadero, que nos permita disminuir las brechas de desigualdad persistentes en la atenci\u00f3n a la salud y desligar los principales problemas de salud de la condici\u00f3n de marginaci\u00f3n y pobreza de quienes lo padecen\u201d.<\/p>\n<p>El ponente se\u00f1al\u00f3 que otro de los principales retos a vencer son los llamados \u201cproblemas emergentes\u201d los cuales constituyen serias amenazas para la viabilidad del sistema de salud mexicano, como son los estilos de vida no saludables y los factores de riesgo m\u00e1s importantes que afectan la salud de los mexicanos: tabaquismo, consumo de alcohol, dietas inadecuadas y actividad sedentaria.<br \/>\nEn este mismo rubro, en los \u00faltimos a\u00f1os se ha presentado con mayor frecuencia los problemas mentales relacionados con la violencia.<\/p>\n<p>\u201cSomos un pa\u00eds que gasta poco en salud, tan s\u00f3lo el 6.4% del PIB, cuando deber\u00edamos de estar gastando en promedio 7.5% u 8% del PIB; adem\u00e1s de que casi la mitad de este gasto lo hacen los ciudadanos de su bolsillo, principalmente por ciudadanos que no est\u00e1n satisfechos con la atenci\u00f3n a la salud p\u00fablica que reciben.\u201d<\/p>\n<p>La pr\u00f3xima conferencia del Ciclo Oaxaca en el Debate Nacional se realizar\u00e1 en la Biblioteca Francisco de Burgoa el pr\u00f3ximo 12 de diciembre y estar\u00e1 dictada por Jorge Casta\u00f1eda con el t\u00edtulo Autobiograf\u00eda de Jorge Casta\u00f1eda.<\/p>\n<p><a href=\"http:\/\/www.eloriente.net\/home\/wp-content\/uploads\/2014\/11\/291.jpg\"><img loading=\"lazy\" decoding=\"async\" class=\"alignnone size-medium wp-image-34316\" src=\"http:\/\/www.eloriente.net\/home\/wp-content\/uploads\/2014\/11\/291-300x203.jpg\" alt=\"29(1)\" width=\"300\" height=\"203\" srcset=\"http:\/\/www.eloriente.net\/home\/wp-content\/uploads\/2014\/11\/291-300x203.jpg 300w, http:\/\/www.eloriente.net\/home\/wp-content\/uploads\/2014\/11\/291-1024x694.jpg 1024w\" sizes=\"(max-width: 300px) 100vw, 300px\" \/><\/a><\/p>\n<p>Foto: UABJO<\/p>\n<p><strong>Entradas relacionadas:<\/strong><\/p>\n<div id=\"post-34258\" class=\"post-34258 post type-post status-publish format-standard has-post-thumbnail hentry category-comunicados-y-boletines category-educacion-y-cultura category-entradas category-lo-mas-reciente category-oaxaca-estados category-principal category-universidades tag-congreso-internacional tag-derecho-procesal-penal tag-uabjo entry loop-default border_bottom_30\">\n<p class=\"entry_title\"><a title=\"Enlace Permanente a Congreso Internacional de Derecho Procesal Penal en la UABJO\" href=\"http:\/\/www.eloriente.net\/home\/2014\/11\/27\/congreso-internacional-de-derecho-procesal-penal-en-la-uabjo\/\" rel=\"bookmark\">Congreso Internacional de Derecho Procesal Penal en la UABJO<\/a><\/p>\n<p><a href=\"http:\/\/www.eloriente.net\/home\/2014\/11\/27\/congreso-internacional-de-derecho-procesal-penal-en-la-uabjo\/\" rel=\"bookmark\"><img decoding=\"async\" class=\"alignleft\" title=\"Congreso Internacional de Derecho Procesal Penal en la UABJO\" src=\"http:\/\/www.eloriente.net\/home\/wp-content\/themes\/city-desk\/timthumb.php?src=http%3A%2F%2Fwww.eloriente.net%2Fhome%2Fwp-content%2Fuploads%2F2014%2F11%2F27.jpg&amp;q=90&amp;w=160&amp;h=106&amp;zc=1\" alt=\"Congreso Internacional de Derecho Procesal Penal en la UABJO\" \/><\/a>(www.eloriente.net\/UABJO, M\u00e9xico, 27 de noviembre\/2014).-\u00a0Con la finalidad de establecer espacios de discusi\u00f3n acad\u00e9mica y profesional en torno a las experiencias que se han suscitado en Latinoam\u00e9rica y el mundo sobre el nuevo sistema penal, la Facultad de Derecho y Ciencias Sociales de la Universidad Aut\u00f3noma \u201cBenito Ju\u00e1rez\u201d de Oaxaca (FDyCS UABJO), organiz\u00f3 el Sexto Congreso [\u2026]<\/p>\n<div class=\"sharedaddy sd-sharing-enabled\">\n<div class=\"robots-nocontent sd-block sd-social sd-social-icon-text sd-sharing\">\n<div class=\"sd-content\">\n<ul>\n<li><a class=\"sharing-anchor sd-button share-more\" href=\"http:\/\/www.eloriente.net\/home\/tag\/uabjo\/#\">Compartir<\/a><\/li>\n<li class=\"share-end\"><\/li>\n<\/ul>\n<div class=\"sharing-hidden\"><\/div>\n<\/div>\n<\/div>\n<\/div>\n<p class=\"postmeta\"><span class=\"meta_date\">noviembre 27, 2014<\/span><\/p>\n<\/div>\n<div id=\"post-34209\" class=\"post-34209 post type-post status-publish format-standard has-post-thumbnail hentry category-educacion-y-cultura category-entradas category-lo-mas-reciente category-oaxaca-estados category-universidades tag-uabjo entry loop-default border_bottom_30\">\n<p class=\"entry_title\"><a title=\"Enlace Permanente a XXXIV Aniversario de la Preparatoria N\u00ba 7\" href=\"http:\/\/www.eloriente.net\/home\/2014\/11\/26\/xxxiv-aniversario-de-la-preparatoria-no-7\/\" rel=\"bookmark\">XXXIV Aniversario de la Preparatoria N\u00ba 7<\/a><\/p>\n<p><a href=\"http:\/\/www.eloriente.net\/home\/2014\/11\/26\/xxxiv-aniversario-de-la-preparatoria-no-7\/\" rel=\"bookmark\"><img decoding=\"async\" class=\"alignleft\" title=\"XXXIV Aniversario de la Preparatoria N\u00ba 7\" src=\"http:\/\/www.eloriente.net\/home\/wp-content\/themes\/city-desk\/timthumb.php?src=http%3A%2F%2Fwww.eloriente.net%2Fhome%2Fwp-content%2Fuploads%2F2014%2F11%2F25.jpg&amp;q=90&amp;w=160&amp;h=106&amp;zc=1\" alt=\"XXXIV Aniversario de la Preparatoria N\u00ba 7\" \/><\/a>(eloriente.net\/UABJO, Oaxaca, M\u00e9xico, 26 de noviembre 2014). \u2013 Con actividades art\u00edsticas, culturales y educativas, la Escuela Preparatoria n\u00famero 7 de la Universidad Aut\u00f3noma \u201cBenito Ju\u00e1rez\u201d de Oaxaca (UABJO), celebra 34 a\u00f1os de su creaci\u00f3n, y como inicio present\u00f3 su acto protocolario encabezado por el rector Eduardo Mart\u00ednez Helmes. Acompa\u00f1ado por la directora de la Preparatoria [\u2026]<\/p>\n<div class=\"sharedaddy sd-sharing-enabled\">\n<div class=\"robots-nocontent sd-block sd-social sd-social-icon-text sd-sharing\">\n<div class=\"sd-content\">\n<ul>\n<li><a class=\"sharing-anchor sd-button share-more\" href=\"http:\/\/www.eloriente.net\/home\/tag\/uabjo\/#\">Compartir<\/a><\/li>\n<li class=\"share-end\"><\/li>\n<\/ul>\n<div class=\"sharing-hidden\"><\/div>\n<\/div>\n<\/div>\n<\/div>\n<p class=\"postmeta\"><span class=\"meta_date\">noviembre 26, 2014<\/span><\/p>\n<\/div>\n<div id=\"post-34068\" class=\"post-34068 post type-post status-publish format-standard has-post-thumbnail hentry category-comunicados-y-boletines category-educacion-y-cultura category-entradas category-lo-mas-reciente category-municipios category-oaxaca-estados category-universidades tag-plan-de-desarrollo-municipal tag-san-juan-del-estado tag-uabjo entry loop-default border_bottom_30\">\n<p class=\"entry_title\"><a title=\"Enlace Permanente a San Juan del Estado, desarrollo con sustento acad\u00e9mico\" href=\"http:\/\/www.eloriente.net\/home\/2014\/11\/19\/san-juan-del-estado-desarrollo-con-sustento-academico\/\" rel=\"bookmark\">San Juan del Estado, desarrollo con sustento acad\u00e9mico<\/a><\/p>\n<p><a href=\"http:\/\/www.eloriente.net\/home\/2014\/11\/19\/san-juan-del-estado-desarrollo-con-sustento-academico\/\" rel=\"bookmark\"><img decoding=\"async\" class=\"alignleft\" title=\"San Juan del Estado, desarrollo con sustento acad\u00e9mico\" src=\"http:\/\/www.eloriente.net\/home\/wp-content\/themes\/city-desk\/timthumb.php?src=http%3A%2F%2Fwww.eloriente.net%2Fhome%2Fwp-content%2Fuploads%2F2014%2F11%2F19.jpg&amp;q=90&amp;w=160&amp;h=106&amp;zc=1\" alt=\"San Juan del Estado, desarrollo con sustento acad\u00e9mico\" \/><\/a>eloriente.net \/ UABJO 19\/noviembre\/2014 El rector de la Universidad Aut\u00f3noma \u201cBenito Ju\u00e1rez\u201d de Oaxaca (UABJO), Eduardo Mart\u00ednez Helmes, acompa\u00f1ado de la directora de la Agencia de Desarrollo UABJO, Ana Luz Ramos Soto, entreg\u00f3 el Plan de Desarrollo Municipal elaborado por acad\u00e9micos de la instituci\u00f3n, al presidente de la comunidad de San Juan del Estado, Pedro [\u2026]<\/p>\n<div class=\"sharedaddy sd-sharing-enabled\">\n<div class=\"robots-nocontent sd-block sd-social sd-social-icon-text sd-sharing\">\n<div class=\"sd-content\">\n<ul>\n<li><a class=\"sharing-anchor sd-button share-more\" href=\"http:\/\/www.eloriente.net\/home\/tag\/uabjo\/#\">Compartir<\/a><\/li>\n<li class=\"share-end\"><\/li>\n<\/ul>\n<div class=\"sharing-hidden\"><\/div>\n<\/div>\n<\/div>\n<\/div>\n<p class=\"postmeta\"><span class=\"meta_date\">noviembre 19, 2014<\/span><\/p>\n<\/div>\n\n\t\t\t  <div \n\t\t\t  \tclass = \"fb-comments\" \n\t\t\t  \tdata-href = \"http:\/\/www.eloriente.net\/home\/2014\/11\/29\/los-retos-de-la-salud-en-oaxaca\/\"\n\t\t\t  \tdata-numposts = \"10\"\n\t\t\t\tdata-colorscheme = \"dark\"\n\t\t\t\tdata-order-by = \"social\"\n\t\t\t\tdata-mobile=true>\n\t\t\t  <\/div>\n\t\t  <style>\n\t\t\t.fb_iframe_widget_fluid_desktop iframe {\n\t\t\t    width: 100% !important;\n\t\t\t}\n\t\t  <\/style>\n\t\t  ","protected":false},"excerpt":{"rendered":"<p>eloriente.net \/ UABJO 29\/noviembre\/2014 El Instituto de Investigaciones Sociol\u00f3gicas de la Universidad Aut\u00f3noma \u201cBenito Ju\u00e1rez\u201d de Oaxaca (IISUABJO) a trav\u00e9s del \u00c1rea de Desarrollo Regional, present\u00f3 la conferencia \u201cLos Retos de la Salud en Oaxaca\u201d, como parte del ciclo \u201cOaxaca en el Debate Nacional\u201d. La conferencia, realizada en las instalaciones de la Biblioteca Francisco de [&hellip;]<\/p>\n","protected":false},"author":1,"featured_media":34316,"comment_status":"open","ping_status":"open","sticky":false,"template":"","format":"standard","meta":{"_jetpack_memberships_contains_paid_content":false,"footnotes":""},"categories":[1588,18,32,10,464,30,84],"tags":[144,182],"class_list":["post-34315","post","type-post","status-publish","format-standard","has-post-thumbnail","hentry","category-comunicados-y-boletines","category-educacion-y-cultura","category-entradas","category-lo-mas-reciente","category-oaxaca-estados","category-salud","category-universidades","tag-salud-2","tag-uabjo"],"jetpack_featured_media_url":"http:\/\/www.eloriente.net\/home\/wp-content\/uploads\/2014\/11\/291.jpg","jetpack_sharing_enabled":true,"_links":{"self":[{"href":"http:\/\/www.eloriente.net\/home\/wp-json\/wp\/v2\/posts\/34315"}],"collection":[{"href":"http:\/\/www.eloriente.net\/home\/wp-json\/wp\/v2\/posts"}],"about":[{"href":"http:\/\/www.eloriente.net\/home\/wp-json\/wp\/v2\/types\/post"}],"author":[{"embeddable":true,"href":"http:\/\/www.eloriente.net\/home\/wp-json\/wp\/v2\/users\/1"}],"replies":[{"embeddable":true,"href":"http:\/\/www.eloriente.net\/home\/wp-json\/wp\/v2\/comments?post=34315"}],"version-history":[{"count":1,"href":"http:\/\/www.eloriente.net\/home\/wp-json\/wp\/v2\/posts\/34315\/revisions"}],"predecessor-version":[{"id":34317,"href":"http:\/\/www.eloriente.net\/home\/wp-json\/wp\/v2\/posts\/34315\/revisions\/34317"}],"wp:featuredmedia":[{"embeddable":true,"href":"http:\/\/www.eloriente.net\/home\/wp-json\/wp\/v2\/media\/34316"}],"wp:attachment":[{"href":"http:\/\/www.eloriente.net\/home\/wp-json\/wp\/v2\/media?parent=34315"}],"wp:term":[{"taxonomy":"category","embeddable":true,"href":"http:\/\/www.eloriente.net\/home\/wp-json\/wp\/v2\/categories?post=34315"},{"taxonomy":"post_tag","embeddable":true,"href":"http:\/\/www.eloriente.net\/home\/wp-json\/wp\/v2\/tags?post=34315"}],"curies":[{"name":"wp","href":"https:\/\/api.w.org\/{rel}","templated":true}]}}