{"id":34366,"date":"2014-12-02T09:18:31","date_gmt":"2014-12-02T15:18:31","guid":{"rendered":"http:\/\/www.eloriente.net\/home\/?p=34366"},"modified":"2014-12-08T11:19:33","modified_gmt":"2014-12-08T17:19:33","slug":"arete-digital-reporte-sobre-gestion-cultural-diciembre-2014","status":"publish","type":"post","link":"http:\/\/www.eloriente.net\/home\/2014\/12\/02\/arete-digital-reporte-sobre-gestion-cultural-diciembre-2014\/","title":{"rendered":"Aret\u00e9 Digital: Reporte sobre gesti\u00f3n cultural, diciembre 2014"},"content":{"rendered":"<p>(<a href=\"http:\/\/www.eloriente.net\" target=\"_blank\">www.eloriente.net<\/a>, M\u00e9xico, 2 de diciembre\/2014).- La Asociaci\u00f3n Espa\u00f1ola de Gestores de Patrimonio Cultural (AEGPC) public\u00f3 su reporte mensual sobre gesti\u00f3n cultural, Aret\u00e9 Digital, diciembre\u00a02014, en el cual muestra una s\u00edntesis sobre las actividades, convocatorias, cursos, jornadas, congresos, seminarios y noticias de la instituci\u00f3n.<\/p>\n<p>En primer lugar, se destaca la nueva imagen de la p\u00e1gina web de la asociaci\u00f3n, alojada en\u00a0<a href=\"http:\/\/www.eloriente.net\/home\/2014\/11\/03\/arete-digital-reporte-sobre-gestion-cultural-noviembre-2014\/www.aegpc.org\" target=\"_blank\">www.aegpc.org<\/a> cambiando el contenido y dise\u00f1o para tecnolog\u00edas actuales, espec\u00edficamente para acceder sin problema v\u00eda tel\u00e9fonos inteligentes y otros dispositivos de navegaci\u00f3n.<\/p>\n<p>Otros contenidos incluyen informaci\u00f3n sobre convocatorias, destacando el Premio Internacional a la Innovaci\u00f3n Cultural por el Centro de Cultura Contempor\u00e1nea de Barcelona y \u00abLa Guarimba Internacional Film Fest\u00bb dirigido a los productores de ficci\u00f3n, animaci\u00f3n o documental.<\/p>\n<p>Un especial del reporte, es el Mapa del Patrimonio Musical en Espa\u00f1a, elaborado por el Instituto Nacional de las Artes Esc\u00e9nicas y la M\u00fasica (INAEM).<\/p>\n<p>Asimismo, presenta informaci\u00f3n sobre m\u00faltiples eventos culturales en Europa, oportunidades de becas para posgrado en otros pa\u00edses, entre varios temas m\u00e1s.<\/p>\n<p>ELORIENTE.NET pone a tu disposici\u00f3n el documento completo para su consulta:<\/p>\n<p><iframe loading=\"lazy\" src=\"\/\/e.issuu.com\/embed.html#5422719\/10398455\" width=\"525\" height=\"371\" frameborder=\"0\" allowfullscreen=\"allowfullscreen\"><\/iframe><\/p>\n<p><a href=\"http:\/\/www.eloriente.net\/home\/wp-content\/uploads\/2014\/12\/Guitarra-Flamenca-Emilio-del-Pacheco.jpg\"><img loading=\"lazy\" decoding=\"async\" class=\"alignnone size-medium wp-image-34367\" src=\"http:\/\/www.eloriente.net\/home\/wp-content\/uploads\/2014\/12\/Guitarra-Flamenca-Emilio-del-Pacheco-300x216.jpg\" alt=\"Guitarra Flamenca - Emilio del Pacheco\" width=\"300\" height=\"216\" srcset=\"http:\/\/www.eloriente.net\/home\/wp-content\/uploads\/2014\/12\/Guitarra-Flamenca-Emilio-del-Pacheco-300x216.jpg 300w, http:\/\/www.eloriente.net\/home\/wp-content\/uploads\/2014\/12\/Guitarra-Flamenca-Emilio-del-Pacheco.jpg 1024w\" sizes=\"(max-width: 300px) 100vw, 300px\" \/><\/a><\/p>\n<p>Foto:\u00a0<a class=\"owner-name truncate\" title=\"Ir a la galer\u00eda de Emilio del Prado\" href=\"https:\/\/www.flickr.com\/photos\/emiliodelprado\/\" data-track=\"attributionNameClick\" data-rapid_p=\"23\">Emilio del Prado<\/a>\u00a0&#8211;\u00a0<a href=\"https:\/\/creativecommons.org\/licenses\/by-sa\/2.0\/\">Algunos derechos reservados<\/a><\/p>\n<p><strong>Entradas relacionadas:<\/strong><\/p>\n<div id=\"post-33665\" class=\"post-33665 post type-post status-publish format-standard has-post-thumbnail hentry category-educacion-y-cultura category-entradas category-lo-mas-reciente tag-arete-digital tag-gestion-cultural entry loop-default border_bottom_30\">\n<p class=\"entry_title\"><a title=\"Enlace Permanente a Aret\u00e9 Digital: Reporte sobre gesti\u00f3n cultural, noviembre 2014\" href=\"http:\/\/www.eloriente.net\/home\/2014\/11\/03\/arete-digital-reporte-sobre-gestion-cultural-noviembre-2014\/\" rel=\"bookmark\">Aret\u00e9 Digital: Reporte sobre gesti\u00f3n cultural, noviembre 2014<\/a><\/p>\n<p><a href=\"http:\/\/www.eloriente.net\/home\/2014\/11\/03\/arete-digital-reporte-sobre-gestion-cultural-noviembre-2014\/\" rel=\"bookmark\"><img decoding=\"async\" class=\"alignleft\" title=\"Aret\u00e9 Digital: Reporte sobre gesti\u00f3n cultural, noviembre 2014\" src=\"http:\/\/www.eloriente.net\/home\/wp-content\/themes\/city-desk\/timthumb.php?src=http%3A%2F%2Fwww.eloriente.net%2Fhome%2Fwp-content%2Fuploads%2F2014%2F11%2FSagrada_Familia_01.jpg&amp;q=90&amp;w=160&amp;h=106&amp;zc=1\" alt=\"Aret\u00e9 Digital: Reporte sobre gesti\u00f3n cultural, noviembre 2014\" \/><\/a>eloriente.net 3\/noviembre\/2014 La Asociaci\u00f3n Espa\u00f1ola de Gestores de Patrimonio Cultural (AEGPC) public\u00f3 su reporte mensual sobre gesti\u00f3n cultural, Aret\u00e9 Digital, noviembre 2014, en el cual muestra una s\u00edntesis sobre las actividades, convocatorias, cursos, jornadas, congresos, seminarios y noticias de la instituci\u00f3n. En primer lugar, se destaca la nueva imagen de la p\u00e1gina web de la [\u2026]<\/p>\n<div class=\"sharedaddy sd-sharing-enabled\">\n<div class=\"robots-nocontent sd-block sd-social sd-social-icon-text sd-sharing\">\n<div class=\"sd-content\">\n<ul>\n<li><a class=\"sharing-anchor sd-button share-more\" href=\"http:\/\/www.eloriente.net\/home\/?x=0&amp;y=0&amp;s=aret%C3%A9+digital#\">Compartir<\/a><\/li>\n<li class=\"share-end\"><\/li>\n<\/ul>\n<div class=\"sharing-hidden\"><\/div>\n<\/div>\n<\/div>\n<\/div>\n<p class=\"postmeta\"><span class=\"meta_date\">noviembre 3, 2014<\/span><\/p>\n<\/div>\n<div id=\"post-32773\" class=\"post-32773 post type-post status-publish format-standard has-post-thumbnail hentry category-destacadas category-educacion-y-cultura category-entradas category-lo-mas-reciente category-mexico-y-el-mundo tag-arete-digital tag-espana tag-gestion-cultural entry loop-default border_bottom_30\">\n<p class=\"entry_title\"><a title=\"Enlace Permanente a Aret\u00e9 Digital publica su reporte mensual sobre gesti\u00f3n cultural, octubre 2014\" href=\"http:\/\/www.eloriente.net\/home\/2014\/10\/01\/arete-digital-publica-su-reporte-mensual-sobre-gestion-cultural-octubre-2014\/\" rel=\"bookmark\">Aret\u00e9 Digital publica su reporte mensual sobre gesti\u00f3n cultural, octubre 2014<\/a><\/p>\n<p><a href=\"http:\/\/www.eloriente.net\/home\/2014\/10\/01\/arete-digital-publica-su-reporte-mensual-sobre-gestion-cultural-octubre-2014\/\" rel=\"bookmark\"><img decoding=\"async\" class=\"alignleft\" title=\"Aret\u00e9 Digital publica su reporte mensual sobre gesti\u00f3n cultural, octubre 2014\" src=\"http:\/\/www.eloriente.net\/home\/wp-content\/themes\/city-desk\/timthumb.php?src=http%3A%2F%2Fwww.eloriente.net%2Fhome%2Fwp-content%2Fuploads%2F2014%2F10%2FCultura.jpg&amp;q=90&amp;w=160&amp;h=106&amp;zc=1\" alt=\"Aret\u00e9 Digital publica su reporte mensual sobre gesti\u00f3n cultural, octubre 2014\" \/><\/a>eloriente.net 1\/octubre\/2014 La Asociaci\u00f3n Espa\u00f1ola de Gestores de Patrimonio Cultural (AEGPC) public\u00f3 hoy su reporte mensual sobre gesti\u00f3n cultural, Aret\u00e9 Digital,\u00a0octubre 2014, en el cual muestra una s\u00edntesis sobre las actividades, convocatorias, cursos, jornadas, congresos, seminarios y noticias de la instituci\u00f3n, en las que se destaca un espacio para Renovaci\u00f3n, Innovaci\u00f3n y Cambio: El Patrimonio [\u2026]<\/p>\n<div class=\"sharedaddy sd-sharing-enabled\">\n<div class=\"robots-nocontent sd-block sd-social sd-social-icon-text sd-sharing\">\n<div class=\"sd-content\">\n<ul>\n<li><a class=\"sharing-anchor sd-button share-more\" href=\"http:\/\/www.eloriente.net\/home\/?x=0&amp;y=0&amp;s=aret%C3%A9+digital#\">Compartir<\/a><\/li>\n<li class=\"share-end\"><\/li>\n<\/ul>\n<div class=\"sharing-hidden\"><\/div>\n<\/div>\n<\/div>\n<\/div>\n<p class=\"postmeta\"><span class=\"meta_date\">octubre 1, 2014<\/span><\/p>\n<\/div>\n<div id=\"post-31790\" class=\"post-31790 post type-post status-publish format-standard has-post-thumbnail hentry category-destacadas category-educacion-y-cultura category-entradas category-lo-mas-reciente category-mexico-y-el-mundo tag-arete-digital entry loop-default border_bottom_30\">\n<p class=\"entry_title\"><a title=\"Enlace Permanente a Aret\u00e9 Digital publica su reporte mensual sobre gesti\u00f3n cultural, septiembre 2014\" href=\"http:\/\/www.eloriente.net\/home\/2014\/09\/02\/arete-digital-publica-su-reporte-mensual-sobre-gestion-cultural-septiembre-2014\/\" rel=\"bookmark\">Aret\u00e9 Digital publica su reporte mensual sobre gesti\u00f3n cultural, septiembre 2014<\/a><\/p>\n<p><a href=\"http:\/\/www.eloriente.net\/home\/2014\/09\/02\/arete-digital-publica-su-reporte-mensual-sobre-gestion-cultural-septiembre-2014\/\" rel=\"bookmark\"><img decoding=\"async\" class=\"alignleft\" title=\"Aret\u00e9 Digital publica su reporte mensual sobre gesti\u00f3n cultural, septiembre 2014\" src=\"http:\/\/www.eloriente.net\/home\/wp-content\/themes\/city-desk\/timthumb.php?src=http%3A%2F%2Fwww.eloriente.net%2Fhome%2Fwp-content%2Fuploads%2F2014%2F09%2FAret%C3%A9-Ismael-Valladolid-Torres.jpg&amp;q=90&amp;w=160&amp;h=106&amp;zc=1\" alt=\"Aret\u00e9 Digital publica su reporte mensual sobre gesti\u00f3n cultural, septiembre 2014\" \/><\/a>eloriente.net 2\/septiembre\/2014 La Asociaci\u00f3n Espa\u00f1ola de Gestores de Patrimonio Cultural (AEGPC) public\u00f3 hoy su reporte mensual sobre gesti\u00f3n cultural, Aret\u00e9 Digital,\u00a0julio 2014, en el cual muestra una s\u00edntesis sobre las actividades, convocatorias, cursos, jornadas, congresos, seminarios y noticias de la instituci\u00f3n, en las que se destaca la Convocatoria al Premio Uni\u00f3n Europea de Patrimonio Cultural [\u2026]<\/p>\n<div class=\"sharedaddy sd-sharing-enabled\">\n<div class=\"robots-nocontent sd-block sd-social sd-social-icon-text sd-sharing\">\n<div class=\"sd-content\">\n<ul>\n<li><a class=\"sharing-anchor sd-button share-more\" href=\"http:\/\/www.eloriente.net\/home\/?x=0&amp;y=0&amp;s=aret%C3%A9+digital#\">Compartir<\/a><\/li>\n<li class=\"share-end\"><\/li>\n<\/ul>\n<div class=\"sharing-hidden\"><\/div>\n<\/div>\n<\/div>\n<\/div>\n<p class=\"postmeta\"><span class=\"meta_date\">septiembre 2, 2014<\/span><\/p>\n<\/div>\n\n\t\t\t  <div \n\t\t\t  \tclass = \"fb-comments\" \n\t\t\t  \tdata-href = \"http:\/\/www.eloriente.net\/home\/2014\/12\/02\/arete-digital-reporte-sobre-gestion-cultural-diciembre-2014\/\"\n\t\t\t  \tdata-numposts = \"10\"\n\t\t\t\tdata-colorscheme = \"dark\"\n\t\t\t\tdata-order-by = \"social\"\n\t\t\t\tdata-mobile=true>\n\t\t\t  <\/div>\n\t\t  <style>\n\t\t\t.fb_iframe_widget_fluid_desktop iframe {\n\t\t\t    width: 100% !important;\n\t\t\t}\n\t\t  <\/style>\n\t\t  ","protected":false},"excerpt":{"rendered":"<p>(www.eloriente.net, M\u00e9xico, 2 de diciembre\/2014).- La Asociaci\u00f3n Espa\u00f1ola de Gestores de Patrimonio Cultural (AEGPC) public\u00f3 su reporte mensual sobre gesti\u00f3n cultural, Aret\u00e9 Digital, diciembre\u00a02014, en el cual muestra una s\u00edntesis sobre las actividades, convocatorias, cursos, jornadas, congresos, seminarios y noticias de la instituci\u00f3n. En primer lugar, se destaca la nueva imagen de la p\u00e1gina web [&hellip;]<\/p>\n","protected":false},"author":1,"featured_media":34367,"comment_status":"open","ping_status":"open","sticky":false,"template":"","format":"standard","meta":{"_jetpack_memberships_contains_paid_content":false,"footnotes":""},"categories":[26,18,32,35,10,24],"tags":[2559,1526],"class_list":["post-34366","post","type-post","status-publish","format-standard","has-post-thumbnail","hentry","category-convocatorias","category-educacion-y-cultura","category-entradas","category-secciones-oriente","category-lo-mas-reciente","category-mexico-y-el-mundo","tag-arete-digital","tag-gestion-cultural"],"jetpack_featured_media_url":"http:\/\/www.eloriente.net\/home\/wp-content\/uploads\/2014\/12\/Guitarra-Flamenca-Emilio-del-Pacheco.jpg","jetpack_sharing_enabled":true,"_links":{"self":[{"href":"http:\/\/www.eloriente.net\/home\/wp-json\/wp\/v2\/posts\/34366"}],"collection":[{"href":"http:\/\/www.eloriente.net\/home\/wp-json\/wp\/v2\/posts"}],"about":[{"href":"http:\/\/www.eloriente.net\/home\/wp-json\/wp\/v2\/types\/post"}],"author":[{"embeddable":true,"href":"http:\/\/www.eloriente.net\/home\/wp-json\/wp\/v2\/users\/1"}],"replies":[{"embeddable":true,"href":"http:\/\/www.eloriente.net\/home\/wp-json\/wp\/v2\/comments?post=34366"}],"version-history":[{"count":1,"href":"http:\/\/www.eloriente.net\/home\/wp-json\/wp\/v2\/posts\/34366\/revisions"}],"predecessor-version":[{"id":34368,"href":"http:\/\/www.eloriente.net\/home\/wp-json\/wp\/v2\/posts\/34366\/revisions\/34368"}],"wp:featuredmedia":[{"embeddable":true,"href":"http:\/\/www.eloriente.net\/home\/wp-json\/wp\/v2\/media\/34367"}],"wp:attachment":[{"href":"http:\/\/www.eloriente.net\/home\/wp-json\/wp\/v2\/media?parent=34366"}],"wp:term":[{"taxonomy":"category","embeddable":true,"href":"http:\/\/www.eloriente.net\/home\/wp-json\/wp\/v2\/categories?post=34366"},{"taxonomy":"post_tag","embeddable":true,"href":"http:\/\/www.eloriente.net\/home\/wp-json\/wp\/v2\/tags?post=34366"}],"curies":[{"name":"wp","href":"https:\/\/api.w.org\/{rel}","templated":true}]}}