{"id":34405,"date":"2014-12-03T10:47:22","date_gmt":"2014-12-03T16:47:22","guid":{"rendered":"http:\/\/www.eloriente.net\/home\/?p=34405"},"modified":"2014-12-03T10:47:50","modified_gmt":"2014-12-03T16:47:50","slug":"gobierno-federal-debe-explicar-la-unificacion-de-las-policias","status":"publish","type":"post","link":"http:\/\/www.eloriente.net\/home\/2014\/12\/03\/gobierno-federal-debe-explicar-la-unificacion-de-las-policias\/","title":{"rendered":"Gobierno federal debe explicar la unificaci\u00f3n de las polic\u00edas"},"content":{"rendered":"<p>Donde quedan los derechos ind\u00edgenas y el Convenio 169 de la OIT<\/p>\n<p>(www.eloriente.net, M\u00e9xico, 3 de diciembre 2014; por <a href=\"http:\/\/www.eloriente.net\/home\/category\/colaboradores\/adrian-ortiz-romero\/\" target=\"_blank\">Adri\u00e1n Ortiz Romero<\/a>).- Aunque parece un asunto muy local de una entidad como Oaxaca, el gobierno federal deber\u00eda responder a una pregunta en espec\u00edfico ante su propuesta de unificaci\u00f3n de las polic\u00edas municipales en una sola corporaci\u00f3n estatal, en entidades como la nuestra donde existen municipios de usos y costumbres: \u00bfC\u00f3mo har\u00e1n transitable su reforma si dichas comunidades prefieren continuar con sus propios esquemas de seguridad?<\/p>\n<p>En efecto, como bien sabemos, la semana pasada el presidente Enrique Pe\u00f1a Nieto propuso desaparecer a las corporaciones policiacas dependientes de los municipios en M\u00e9xico y crear en su lugar una sola corporaci\u00f3n policiaca estatal por cada entidad federativa. La propuesta recibi\u00f3 los aplausos de los presentes, quiz\u00e1 porque entre la concurrencia no hab\u00eda quien tuviera una visi\u00f3n distinta de la presidencial, o porque en ese momento nadie tom\u00f3 en cuenta que M\u00e9xico no es un pa\u00eds homog\u00e9neo, y que por eso aqu\u00ed la igualdad se funda justamente en el reconocimiento constitucional de las distintas minor\u00edas \u00e9tnicas que existen en el territorio nacional. Esas minor\u00edas tambi\u00e9n tienen derechos. Y es ah\u00ed donde se ve el primer gran choque entre la propuesta presidencial y la realidad.<\/p>\n<p>\u00bfDe qu\u00e9 hablamos? De que seg\u00fan la propia Constituci\u00f3n, y las leyes federales, hoy en d\u00eda la seguridad p\u00fablica es una funci\u00f3n a cargo de la federaci\u00f3n, el Distrito Federal, los estados y los municipios, que tiene como fines salvaguardar la integridad y derechos de las personas, as\u00ed como preservar las libertades, el orden y la paz p\u00fablicos y comprende la prevenci\u00f3n especial y general de los delitos, la investigaci\u00f3n para hacerla efectiva, la sanci\u00f3n de las infracciones administrativas, as\u00ed como la investigaci\u00f3n y la persecuci\u00f3n de los delitos y la reinserci\u00f3n social del individuo.<\/p>\n<p>Esto significa que en las tareas relacionadas con la seguridad p\u00fablica la Constituci\u00f3n no establece marcos de subordinaci\u00f3n ni de sujeci\u00f3n de un \u00e1mbito de gobierno hacia otro, sino que establece una clara relaci\u00f3n de coordinaci\u00f3n entre ellos, para las distintas tareas que se establecen en la \u00faltima parte del art\u00edculo 21 constitucional. Asimismo, en la mayor\u00eda de las leyes de las entidades federativas se establecen esos mismos marcos de coordinaci\u00f3n entre estado y municipios \u2014no podr\u00eda ser de otra forma, si la Constituci\u00f3n federal ya establece ese deber\u2014 pero adem\u00e1s ya existen los llamados \u201cmandos \u00fanicos\u201d a trav\u00e9s de los cuales el gobernador del estado tiene la facultad de disponer de las corporaciones municipales cuando la necesidad lo amerite.<\/p>\n<p>Frente a todo esto, la propuesta de crear polic\u00edas estatales \u00fanicas y desaparecer las polic\u00edas municipales, en realidad parece como la \u201cevoluci\u00f3n\u201d del mando \u00fanico y su consolidaci\u00f3n en una sola fuerza. El problema es que no en todos los estados de la rep\u00fablica existen corporaciones policiales municipales m\u00e1s o menos unificadas, y tampoco en todas las entidades federativas existen autoridades municipales uniformes, regidas \u00fanicamente por las normas emanadas del proceso legislativo, que no tomen en cuenta la costumbre o desarrollen su gobierno en base a sus sistemas normativos internos. Ese es el caso de Oaxaca, pero tambi\u00e9n de varias otras entidades federativas en donde el reconocimiento de sus pueblos originarios obligadamente llevar\u00eda esta discusi\u00f3n a otros \u00e1mbitos.<\/p>\n<p>\u00bfCu\u00e1les? Los de la necesidad no s\u00f3lo de que los poderes federales impongan a los pueblos determinaciones que involucren la desaparici\u00f3n de sus polic\u00edas municipales \u2014o de las corporaciones tradicionales de seguridad que existen en muchas comunidades, y que no son precisamente polic\u00edas municipales, sino cuerpos de topiles, vigilantes y dem\u00e1s\u2014, sino que \u00e9stos tengan la posibilidad de participar en ese tipo de decisiones y que vean satisfecho el derecho a la consulta que tienen a su favor seg\u00fan la legislaci\u00f3n internacional que M\u00e9xico ha aceptado como parte de su marco jur\u00eddico.<\/p>\n<p>DERECHO A LA CONSULTA<\/p>\n<p>El 5 de septiembre de 1990 el Estado mexicano ratific\u00f3 la adopci\u00f3n del contenido del Convenio de la Organizaci\u00f3n Internacional del Trabajo sobre Pueblos Ind\u00edgenas y Tribales en Pa\u00edses Independientes, conocido popularmente como Convenio 169 de la OIT. Los derechos que contiene ese tratado son fundamentales frente a una decisi\u00f3n de esta magnitud en nuestro pa\u00eds.<\/p>\n<p>\u00bfPor qu\u00e9?\u00a0Porque, concretamente, lo que busca el Convenio 169 es establecer medidas tendientes a garantizar el derecho de los pueblos ind\u00edgenas \u2014como entes colectivos\u2014 a mantener su integridad y formas de organizaci\u00f3n en los pa\u00edses donde se encuentran. Por eso, teniendo como marco la pluralidad de sistemas jur\u00eddicos \u2014como en el caso de M\u00e9xico\u2014 que pueden convivir en el mismo tiempo y espacio, dicho tratado establece los mecanismos a trav\u00e9s de los cuales los pueblos ind\u00edgenas sean respetados, considerados y tomados en cuenta en las decisiones que los involucran.<\/p>\n<p>Concretamente, el art\u00edculo 6 del Convenio 169 establece que al aplicar las disposiciones de dicho tratado, los gobiernos deber\u00e1n: a) consultar a los pueblos interesados mediante procedimientos apropiados y en particular a trav\u00e9s de sus instituciones representativas, cada vez que se prevean medidas legislativas o administrativas susceptibles de afectarles directamente; b) Establecer los medios a trav\u00e9s de los cuales los pueblos interesados puedan participar libremente (\u2026) en la adopci\u00f3n de decisiones en instituciones electivas y organismos administrativos y de otra \u00edndole responsables de pol\u00edticas y programas que les conciernan, y que las consultas llevadas a cabo en aplicaci\u00f3n de este Convenio deber\u00e1n efectuarse de buena fe y de una manera apropiada a las circunstancias, con la finalidad de llegar a un acuerdo o lograr el consentimiento acerca de las medidas propuestas (Apartado 2).<\/p>\n<p>PROPUESTA, A DEBATE<\/p>\n<p>Este tema ser\u00e1 fundamental: como la desaparici\u00f3n de las polic\u00edas municipales tambi\u00e9n involucra a pueblos ind\u00edgenas en varias entidades del pa\u00eds, \u00e9stos tienen el pleno derecho a ser consultados por ser esa una potencial medida legislativa susceptible de afectar directamente su modo de vida y sus disposiciones. Por esa raz\u00f3n, si esa iniciativa prospera ser\u00e1 s\u00f3lo a trav\u00e9s de la consideraci\u00f3n de la opini\u00f3n de las propias comunidades que exijan ser tomadas en cuenta. Esa es la parte de la representaci\u00f3n nacional que hoy no tiene ninguno de los partidos pol\u00edticos. Cientos de pueblos ind\u00edgenas en M\u00e9xico no est\u00e1n dispuestos, ni tienen por qu\u00e9 oponerse irracionalmente, pero tampoco aplaudirle inopinadamente al Presidente a\u00fan en su propio detrimento. Ya lo veremos en su momento.<\/p>\n<p><a href=\"http:\/\/www.eloriente.net\/home\/wp-content\/uploads\/2014\/11\/Consulta-Popular-Comit\u00e9-Melendre.jpg\"><img loading=\"lazy\" decoding=\"async\" class=\"alignnone size-medium wp-image-34155\" src=\"http:\/\/www.eloriente.net\/home\/wp-content\/uploads\/2014\/11\/Consulta-Popular-Comit\u00e9-Melendre-300x224.jpg\" alt=\"Consulta Popular - Comit\u00e9 Melendre\" width=\"300\" height=\"224\" srcset=\"http:\/\/www.eloriente.net\/home\/wp-content\/uploads\/2014\/11\/Consulta-Popular-Comit\u00e9-Melendre-300x224.jpg 300w, http:\/\/www.eloriente.net\/home\/wp-content\/uploads\/2014\/11\/Consulta-Popular-Comit\u00e9-Melendre.jpg 960w\" sizes=\"(max-width: 300px) 100vw, 300px\" \/><\/a><\/p>\n<p>Archivo El Oriente<\/p>\n<p><strong>Entradas relacionadas:<\/strong><\/p>\n<div id=\"post-34348\" class=\"post-34348 post type-post status-publish format-standard has-post-thumbnail hentry category-lunesdepolitica category-adrian-ortiz-romero category-colaboradores category-entradas category-lo-mas-reciente category-politica-y-gobierno tag-ayotzinapa tag-iguala entry loop-default border_bottom_30\">\n<p class=\"entry_title\"><a title=\"Enlace Permanente a EPN no orden\u00f3 desapariciones, pero es responsable\" href=\"http:\/\/www.eloriente.net\/home\/2014\/12\/01\/epn-no-ordeno-desapariciones-pero-es-responsable\/\" rel=\"bookmark\">EPN no orden\u00f3 desapariciones, pero es responsable<\/a><\/p>\n<p><a href=\"http:\/\/www.eloriente.net\/home\/2014\/12\/01\/epn-no-ordeno-desapariciones-pero-es-responsable\/\" rel=\"bookmark\"><img decoding=\"async\" class=\"alignleft\" title=\"EPN no orden\u00f3 desapariciones, pero es responsable\" src=\"http:\/\/www.eloriente.net\/home\/wp-content\/themes\/city-desk\/timthumb.php?src=http%3A%2F%2Fwww.eloriente.net%2Fhome%2Fwp-content%2Fuploads%2F2014%2F11%2FEPN-Mensaje-palacio-eloriente.net_.png&amp;q=90&amp;w=160&amp;h=106&amp;zc=1\" alt=\"EPN no orden\u00f3 desapariciones, pero es responsable\" \/><\/a>Una explicaci\u00f3n sobre la responsabilidad de estado (www.eloriente.net, M\u00e9xico, 1 de diciembre\/2014; por Adri\u00e1n Ortiz Romero).- Sigue pasando el tiempo y a muchos sigue sin quedarles claro por qu\u00e9 si el gobierno del presidente Enrique Pe\u00f1a Nieto no orden\u00f3, ni ejecut\u00f3, ni consinti\u00f3 las detenciones-desapariciones de los 43 normalistas en Iguala el pasado 26 de [\u2026]<\/p>\n<div class=\"toolbar-social\">\n<div class=\"social-widget\">\n<div id=\"sharing-widget\"><a class=\"button icon-share\">Compartir<\/a><span class=\"share-count\">1<\/span><\/div>\n<\/div>\n<\/div>\n<p class=\"postmeta\"><span class=\"meta_date\">diciembre 1, 2014<\/span><\/p>\n<\/div>\n<div id=\"post-34284\" class=\"post-34284 post type-post status-publish format-standard has-post-thumbnail hentry category-adrian-ortiz-romero category-colaboradores category-entradas category-lo-mas-reciente category-politica-y-gobierno tag-partidocracia tag-partidos-politicos entry loop-default border_bottom_30\">\n<p class=\"entry_title\"><a title=\"Enlace Permanente a Partidos ponen en vilo democracia representativa\" href=\"http:\/\/www.eloriente.net\/home\/2014\/11\/28\/partidos-ponen-en-vilo-democracia-representativa\/\" rel=\"bookmark\">Partidos ponen en vilo democracia representativa<\/a><\/p>\n<p><a href=\"http:\/\/www.eloriente.net\/home\/2014\/11\/28\/partidos-ponen-en-vilo-democracia-representativa\/\" rel=\"bookmark\"><img decoding=\"async\" class=\"alignleft\" title=\"Partidos ponen en vilo democracia representativa\" src=\"http:\/\/www.eloriente.net\/home\/wp-content\/themes\/city-desk\/timthumb.php?src=http%3A%2F%2Fwww.eloriente.net%2Fhome%2Fwp-content%2Fuploads%2F2014%2F11%2FPartidos-Pol%C3%ADticos.jpg&amp;q=90&amp;w=160&amp;h=106&amp;zc=1\" alt=\"Partidos ponen en vilo democracia representativa\" \/><\/a>eloriente.net 28\/noviembre\/2014 Por Adri\u00e1n Ortiz Romero Paradoja generada por el reino de partidocracia La crisis generada por la detenci\u00f3n-desaparici\u00f3n de los normalistas en Iguala puso en entredicho la eficacia del Estado, pero tambi\u00e9n en vilo la legitimidad de los partidos pol\u00edticos, y por ende a la democracia representativa. Este es un signo cr\u00edtico de retroceso [\u2026]<\/p>\n<div class=\"toolbar-social\">\n<div class=\"social-widget\">\n<div id=\"sharing-widget\"><a class=\"button icon-share\">Compartir<\/a><span class=\"share-count\">0<\/span><\/div>\n<\/div>\n<\/div>\n<p class=\"postmeta\"><span class=\"meta_date\">noviembre 28, 2014<\/span><\/p>\n<p class=\"postmeta\"><a title=\"Enlace Permanente a \u00bfPor qu\u00e9 la mayor\u00eda legislativa no aprueba la ley educativa?\" href=\"http:\/\/www.eloriente.net\/home\/2014\/11\/26\/por-que-la-mayoria-legislativa-no-aprueba-la-ley-educativa\/\" rel=\"bookmark\">\u00bfPor qu\u00e9 la mayor\u00eda legislativa no aprueba la ley educativa?<\/a><\/p>\n<\/div>\n<div id=\"post-34212\" class=\"post-34212 post type-post status-publish format-standard has-post-thumbnail hentry category-adrian-ortiz-romero category-colaboradores category-congreso-y-justicia category-entradas category-lo-mas-reciente category-oaxaca-estados category-politica-y-gobierno tag-congreso tag-diputados tag-ley-educativa entry loop-default border_bottom_30\"><a href=\"http:\/\/www.eloriente.net\/home\/2014\/11\/26\/por-que-la-mayoria-legislativa-no-aprueba-la-ley-educativa\/\" rel=\"bookmark\"><img decoding=\"async\" class=\"alignleft\" title=\"\u00bfPor qu\u00e9 la mayor\u00eda legislativa no aprueba la ley educativa?\" src=\"http:\/\/www.eloriente.net\/home\/wp-content\/themes\/city-desk\/timthumb.php?src=http%3A%2F%2Fwww.eloriente.net%2Fhome%2Fwp-content%2Fuploads%2F2014%2F06%2FDiputados-Por-Congreso1.jpg&amp;q=90&amp;w=160&amp;h=106&amp;zc=1\" alt=\"\u00bfPor qu\u00e9 la mayor\u00eda legislativa no aprueba la ley educativa?\" \/><\/a>(www.eloriente.net, M\u00e9xico, 26\u00a0de noviembre\/2014 por Adri\u00e1n Ortiz Romero) Diputados: zona de confort y frivolidad alientan pasividad Los diputados locales de Oaxaca deber\u00edan tener verg\u00fcenza de encontrarse inmersos en una crisis tan fr\u00edvola como la de la disputa por la integraci\u00f3n de la Mesa Directiva y las vendettas relacionadas con la inasistencia de la bancada priista [\u2026]<\/p>\n<div class=\"toolbar-social\">\n<div class=\"social-widget\">\n<div id=\"sharing-widget\"><a class=\"button icon-share\">Compartir<\/a><span class=\"share-count\">0<\/span><\/div>\n<\/div>\n<\/div>\n<p class=\"postmeta\"><span class=\"meta_date\">noviembre 26, 2014<\/span><\/p>\n<\/div>\n\n\t\t\t  <div \n\t\t\t  \tclass = \"fb-comments\" \n\t\t\t  \tdata-href = \"http:\/\/www.eloriente.net\/home\/2014\/12\/03\/gobierno-federal-debe-explicar-la-unificacion-de-las-policias\/\"\n\t\t\t  \tdata-numposts = \"10\"\n\t\t\t\tdata-colorscheme = \"dark\"\n\t\t\t\tdata-order-by = \"social\"\n\t\t\t\tdata-mobile=true>\n\t\t\t  <\/div>\n\t\t  <style>\n\t\t\t.fb_iframe_widget_fluid_desktop iframe {\n\t\t\t    width: 100% !important;\n\t\t\t}\n\t\t  <\/style>\n\t\t  ","protected":false},"excerpt":{"rendered":"<p>Donde quedan los derechos ind\u00edgenas y el Convenio 169 de la OIT (www.eloriente.net, M\u00e9xico, 3 de diciembre 2014; por Adri\u00e1n Ortiz Romero).- Aunque parece un asunto muy local de una entidad como Oaxaca, el gobierno federal deber\u00eda responder a una pregunta en espec\u00edfico ante su propuesta de unificaci\u00f3n de las polic\u00edas municipales en una sola [&hellip;]<\/p>\n","protected":false},"author":2,"featured_media":34155,"comment_status":"open","ping_status":"open","sticky":false,"template":"","format":"standard","meta":{"_jetpack_memberships_contains_paid_content":false,"footnotes":""},"categories":[38,11,32,10,464,21],"tags":[394,341],"class_list":["post-34405","post","type-post","status-publish","format-standard","has-post-thumbnail","hentry","category-adrian-ortiz-romero","category-colaboradores","category-entradas","category-lo-mas-reciente","category-oaxaca-estados","category-politica-y-gobierno","tag-consulta-popular","tag-policia"],"jetpack_featured_media_url":"http:\/\/www.eloriente.net\/home\/wp-content\/uploads\/2014\/11\/Consulta-Popular-Comit\u00e9-Melendre.jpg","jetpack_sharing_enabled":true,"_links":{"self":[{"href":"http:\/\/www.eloriente.net\/home\/wp-json\/wp\/v2\/posts\/34405"}],"collection":[{"href":"http:\/\/www.eloriente.net\/home\/wp-json\/wp\/v2\/posts"}],"about":[{"href":"http:\/\/www.eloriente.net\/home\/wp-json\/wp\/v2\/types\/post"}],"author":[{"embeddable":true,"href":"http:\/\/www.eloriente.net\/home\/wp-json\/wp\/v2\/users\/2"}],"replies":[{"embeddable":true,"href":"http:\/\/www.eloriente.net\/home\/wp-json\/wp\/v2\/comments?post=34405"}],"version-history":[{"count":1,"href":"http:\/\/www.eloriente.net\/home\/wp-json\/wp\/v2\/posts\/34405\/revisions"}],"predecessor-version":[{"id":34406,"href":"http:\/\/www.eloriente.net\/home\/wp-json\/wp\/v2\/posts\/34405\/revisions\/34406"}],"wp:featuredmedia":[{"embeddable":true,"href":"http:\/\/www.eloriente.net\/home\/wp-json\/wp\/v2\/media\/34155"}],"wp:attachment":[{"href":"http:\/\/www.eloriente.net\/home\/wp-json\/wp\/v2\/media?parent=34405"}],"wp:term":[{"taxonomy":"category","embeddable":true,"href":"http:\/\/www.eloriente.net\/home\/wp-json\/wp\/v2\/categories?post=34405"},{"taxonomy":"post_tag","embeddable":true,"href":"http:\/\/www.eloriente.net\/home\/wp-json\/wp\/v2\/tags?post=34405"}],"curies":[{"name":"wp","href":"https:\/\/api.w.org\/{rel}","templated":true}]}}